{"id":40872,"date":"2025-06-20T16:04:07","date_gmt":"2025-06-20T16:04:07","guid":{"rendered":"https:\/\/navegantesoceanicos.com\/?p=40872"},"modified":"2025-06-20T18:56:53","modified_gmt":"2025-06-20T18:56:53","slug":"women-the-wind-against-plastic-in-oceans-interview-with-laerke-kiana-alize","status":"publish","type":"post","link":"https:\/\/navegantesoceanicos.com\/en\/women-the-wind-against-plastic-in-oceans-interview-with-laerke-kiana-alize\/","title":{"rendered":"&#8220;Women &#038; the Wind&#8221; against plastic in the oceans, interview with L\u00e6rke, Kiana and Aliz\u00e9"},"content":{"rendered":"<p>[et_pb_section fb_built=&#8221;1&#8243; _builder_version=&#8221;4.27.4&#8243; _module_preset=&#8221;default&#8221; custom_padding=&#8221;11px||2px|||&#8221; global_colors_info=&#8221;{}&#8221;][et_pb_row _builder_version=&#8221;4.27.4&#8243; _module_preset=&#8221;default&#8221; custom_margin=&#8221;14px|auto||auto||&#8221; custom_padding=&#8221;9px||6px|||&#8221; global_colors_info=&#8221;{}&#8221;][et_pb_column type=&#8221;4_4&#8243; _builder_version=&#8221;4.27.4&#8243; _module_preset=&#8221;default&#8221; global_colors_info=&#8221;{}&#8221;][et_pb_text _builder_version=&#8221;4.27.4&#8243; _module_preset=&#8221;default&#8221; global_colors_info=&#8221;{}&#8221;]<\/p>\n<p style=\"text-align: center;\"><em><span style=\"color: #228715;\"><strong>&#8220;We are shocked by how waste travels through the oceans, carrying tons of plastic from one place to another\u201d<\/strong><\/span><\/em><\/p>\n<p style=\"text-align: center;\"><span style=\"color: #000000;\">The Seattle Coffee Museum and a theater and movie theater in Pennsylvania, United States, the Osada Molusiowka in Koszarawa, Poland, the Cale de Radoub in Toulouse, France, the REAG Belas Artes in S\u00e3o Paulo, Brazil, and the Las Barrancas Fishing and Nautical Club in Argentina, in different latitudes and regions of the world, have only one thing in common: throughout 2025, they screened a unique documentary, Women &amp; the Wind: Three Women, One Catamaran and the North Atlantic Ocean, directed by Aliz\u00e9 Jireh, with co-direction by Kiana Weltzien and L\u00e6rke Heilmann, which narrates the journey of three women aboard the Mara Noka, a 50-year-old wooden catamaran, crossing the North Atlantic to denounce the 14 million tons of plastic that end up in the ocean each year. <\/span><\/p>\n<p style=\"text-align: center;\"><span style=\"color: #000000;\">It all began a few years ago, in 2019 to be precise, when Kiana Weltzien, while sailing, observed the vast amount of waste and debris polluting the ocean. Kiana met L\u00e6rke in the Canary Islands, and together they conceived the project. Shortly after, Aliz\u00e9 joined the group and proposed making a film about their project. A little later than planned, due to the pandemic, cruise seasons, and ship repairs, in 2022, Kiana, Aliz\u00e9, and L\u00e6rke embarked on a voyage from Beaufort, North Carolina, to the Azores for almost thirty days, where they sought to document the presence of plastic waste carried by the Gulf Stream. The film about this entire journey has now been released and, with the wind in their favor, is making its way around the world.<\/span><\/p>\n<p style=\"text-align: center;\"><span style=\"color: #000000;\">On this voyage across the North Atlantic, the young women faced challenges such as a lack of wind, the occasional storm, the setbacks inherent in sailing, the calm seas, and living in a confined space among three virtual strangers, which led to a deep introspection about their relationship with nature and, of course, with themselves. The documentary film that brings together this encounter and this journey combines striking images of the ocean with a series of personal reflections, highlighting the two sides of the sea, with its beauty and its fury, in a profound connection with which these women challenged limits, their relationship with the sea, and their concern for the waste, of which only 0.5%\u2014they say\u2014is visible above the surface.<\/span><\/p>\n<h2><img decoding=\"async\" class=\"aligncenter\" src=\"https:\/\/navegantesoceanicos.com\/wp-content\/uploads\/2025\/06\/Women-the-wind-Kiana-Alize-Laerke-scaled.jpg\" alt=\"\" width=\"879\" height=\"518\" \/><\/h2>\n<h2 style=\"text-align: center;\"><span style=\"color: #0613a0;\"><strong><em>How dis this project come about? <\/em><\/strong><\/span><\/h2>\n<h2 style=\"text-align: center;\"><span style=\"color: #0613a0;\"><strong><em>How did you manage to pull it off?<\/em><\/strong><\/span><\/h2>\n<p><span style=\"color: rgba(0, 0, 0, 0.97);\"><span style=\"color: rgba(224, 43, 32, 0.97);\"><strong>\u2014(L\u00e6rke)<\/strong><\/span> The project began when Kiana and I met in the Canary Islands (where I was living at the time). From the very beginning, we hit it off and thought it would be interesting to do a project together, one that had a connection to the Atlantic Ocean because it was something that connected and inspired us. We were struck by how waste traveled through these seas, carrying tons of plastic from one side to the other, on currents, winds, and tides, all the way across the North Atlantic to the Caribbean itself. At first, we didn&#8217;t have any subsidies or budgets to do the project, but, at least in my case, I had a persistent feeling that I needed to do this even though it was fraught with challenges. So I decided to sell my car and my surfboard, traveled to the United States, and this whole new adventure began. I think, ultimately, what inspired and brought us together was the shared desire to live an adventure and create something bigger that would transcend ourselves. We both had that inner calling to undertake this project, but without having many details defined, just with the certainty that we needed to do it.<\/span><\/p>\n<h2 style=\"text-align: center;\"><span style=\"color: #060ea0;\"><strong><em>What happened in the United States when you traveled to meet Kiana? <\/em><\/strong><\/span><\/h2>\n<p><span style=\"color: #000000;\"><strong><span style=\"color: #e02b20;\">\u2014(L\u00e6rke)<\/span><\/strong> In the United States, it turned out that the boat we were counting on wasn&#8217;t in good enough condition to sail, so we ended up spending a whole year at the shipyard preparing and getting it ready. Then, when we finally finished the project of preparing the boat, we missed the first season to cross the Atlantic and then decided to try the second one. The idea was to do the crossing with other women, and that&#8217;s when we met Aliz\u00e9, because Kiana and she followed each other on Instagram. Kiana contacted her and asked her\u2014basically\u2014if she wanted to cross the Atlantic to make a film. She said yes, which was a really crazy answer for someone who&#8217;s never sailed before or doesn&#8217;t do it regularly. But yes, she said yes to crossing the Atlantic on that boat, without hesitation. I think that made me like her instantly because I knew that maybe she was as crazy as the two of us (laughs).<\/span><\/p>\n<h2 style=\"text-align: center;\"><span style=\"color: #091ca5;\"><strong><em>That&#8217;s what I wanted to ask you. I was very curious when you were young: how did you learn to sail and what knowledge did you have to undertake these types of voyages?? <\/em><\/strong><\/span><\/h2>\n<p><span style=\"color: #000000;\"><strong><span style=\"color: #e02b20;\">\u2014(Kiana)<\/span><\/strong> I learned to sail when I bought the Maranaca. I was very lucky to have gained two years of experience living aboard a boat much more rustic and simple than mine. And I learned from a man who sails very simply. His boat is called the Antong Java. But, essentially, I learned to sail once I bought the boat and got on it.<\/span><\/p>\n<p><span style=\"color: #000000;\"><strong><span style=\"color: #e02b20;\">\u2014(Aliz\u00e9)<\/span><\/strong> I&#8217;ve always had a fascination with sailing because I was born and raised in Santo Domingo, Dominican Republic, so my connection with the ocean is very deep. I&#8217;m a Scorpio, and I love water as an element. Also, at one point, I had a literal obsession with the ocean: I started dreaming a lot about boats. But, until that moment, no, I didn&#8217;t know anything about sailing, although I dreamed of learning it from a very young age, but for financial reasons, I was never able to attend any courses. When I grew up, other priorities arose, like starting my career as a photographer and filmmaker, so I focused on that.<\/span><\/p>\n<p><span style=\"color: #000000;\"><strong><span style=\"color: #e02b20;\">\u2014(L\u00e6rke)<\/span><\/strong> I don&#8217;t really think I know, but I feel very comfortable on boats. My parents have sailed all their lives, and we sailed a lot in Denmark when I was a kid, so I know how to feel on board a boat. However, before crossing the North Atlantic, I had no experience on long voyages like this, nor did I have any sailing skills.<\/span><\/p>\n<h2 style=\"text-align: center;\"><span style=\"color: #06129e;\"><strong><em>What was that first voyage from Beaufort to North Carolina like? What were you trying to prove on that route? <\/em><\/strong><\/span><\/h2>\n<p><span style=\"color: #000000;\"><strong><span style=\"color: #e02b20;\">\u2014(L\u00e6rke)<\/span><\/strong> The trip from St. Augustine to North Carolina was a bit of a test run, because we had just set up the rig, and before heading out to sea, we wanted to check how the boat was doing while sailing close to shore. We had a friend in North Carolina who would help us with the provisioning, with the intention of bringing fresh local vegetables for the entire voyage.<\/span><\/p>\n<h2 style=\"text-align: center;\"><span style=\"color: #000000;\"><strong><em> <img decoding=\"async\" class=\"aligncenter\" src=\"https:\/\/navegantesoceanicos.com\/wp-content\/uploads\/2025\/06\/Women-the-wind-Mara-Noka.jpg\" alt=\"\" width=\"928\" height=\"609\" \/><\/em><\/strong><\/span><\/h2>\n<h2 style=\"text-align: center;\"><span style=\"color: #000000;\"><span style=\"color: #0c0aa8;\"><strong><em>Who designed the boat?<\/em><\/strong><\/span><\/span><\/h2>\n<p><span style=\"color: rgba(0, 0, 0, 0.99);\"><strong><span style=\"color: rgba(224, 43, 32, 0.99);\">\u2014(All)<\/span><\/strong> Mara Noka&#8217;s design is a direct descendant of Wharram&#8217;s RONGO, the first catamaran to sail west to east across the North Atlantic. It was built in an era when safety and cruising efficiency were paramount, and little attention was paid to space and comfort. The boat&#8217;s design and lifestyle are primitive and revive the spirit of ancient navigators.<\/span><\/p>\n<h2 style=\"text-align: center;\"><span style=\"color: #0a1caa;\"><strong><em>What equipment did they have on board? Could you please explain what the ship was like, what year it was from, what its main features were, whether it had any instruments and what type. <\/em><\/strong><\/span><\/h2>\n<p><span style=\"color: rgba(0, 0, 0, 0.95);\"><strong><span style=\"color: rgba(224, 43, 32, 0.95);\">\u2014(All)<\/span><\/strong> The Mara Noka was built 50 years ago in Whitby, England. She is a classic NARAI design by James Wharram, considered the \u201cfather of multihulls.\u201d Made of nylon-covered plywood and tar-coated, after being wrecked in 1974, she spent most of her life in the Mediterranean Sea and eventually crossed the Atlantic to the jungles of Panama. The boat is propelled by the wind, supplemented only by an outboard motor when entering or leaving difficult areas. During the voyage, we used traditional navigation methods, combining the chartplotter with pencil and paper, sailing without depth sounder, radar, autopilot, or anemometer.<\/span><\/p>\n<h2><img decoding=\"async\" class=\"aligncenter\" src=\"https:\/\/navegantesoceanicos.com\/wp-content\/uploads\/2025\/06\/Women-the-wind-Alize.jpg\" alt=\"\" width=\"815\" height=\"536\" \/><\/h2>\n<h2 style=\"text-align: center;\"><span style=\"color: #000000;\"><span style=\"color: #091ba0;\"><strong><em>Aliz\u00e9, this was actually your first film: How many hours of filming did you get, and how did you have to combine them to capture that experience?<\/em><\/strong><\/span><\/span><\/h2>\n<p><span style=\"color: #000000;\"><strong><span style=\"color: #e02b20;\">\u2014(Aliz\u00e9)<\/span><\/strong> This is my first feature film: I said yes when I didn&#8217;t even know it was going to be such a big project. I didn&#8217;t know, above all, the amount of time and energy I would have to dedicate to it after the crossing itself. It was more than 100 hours of filming. It took us about three months to organize everything before handing it over to the editor. The editing time was about a year and a half. At first, we didn&#8217;t have much help; in fact, I bought my own equipment.<\/span><\/p>\n<h2 style=\"text-align: center;\"><span style=\"color: #0a21a8;\"><strong><em>What cameras did you have? <\/em><\/strong><\/span><\/h2>\n<p><span style=\"color: rgba(0, 0, 0, 0.99);\"><span style=\"color: rgba(224, 43, 32, 0.99);\"><strong>\u2014(Aliz\u00e9)<\/strong><\/span> I prepared with minimal equipment. To film, I brought a Panasonic GH5 with a 17.5-millimeter Voigtlander lens. I also had a drone, a tripod, and a shell. I always had the camera in hand, present, intuitively choosing the moments where I felt the image was possible. The camera helps me a lot to be aware of what&#8217;s happening, how it looks, how to compose the shot; I was attentive with my eyes and my heart.<\/span><\/p>\n<h2><img decoding=\"async\" class=\"aligncenter\" src=\"https:\/\/navegantesoceanicos.com\/wp-content\/uploads\/2025\/06\/Women-the-wind-Kiana-Laerke.jpg\" alt=\"\" width=\"886\" height=\"665\" \/><\/h2>\n<h2 style=\"text-align: center;\"><span style=\"color: #000000;\"><span style=\"color: #0a17ad;\"><strong><em>The project also includes an initiative that seeks to empower women to lead environmental conservation projects through adventure. Can you tell us a little more about this?<\/em><\/strong><\/span><\/span><\/h2>\n<p><span style=\"color: rgba(0, 0, 0, 0.94);\">\u2014(Kiana) The documentary is the flagship project of the Mujeres en el Viento Foundation, a nonprofit organization dedicated to supporting women-led environmental adventure projects, with a specific focus on new and high-risk projects, as they&#8217;re very difficult to fund. That was our experience trying to raise funds before the trip. We weren&#8217;t successful, but I think we ultimately raised $4,000, which was enough to cover food and plane tickets. And so, 50 percent of all profits from the film will remain with the foundation to support these other women&#8217;s projects.<\/span><\/p>\n<h2 style=\"text-align: center;\"><span style=\"color: #0819a0;\"><strong><em>The film had its world premiere on April 19th of this year, what happened since then? <\/em><\/strong><\/span><\/h2>\n<p><span style=\"color: #000000;\"><strong><span style=\"color: #e02b20;\">\u2014(Aliz\u00e9)<\/span><\/strong> The screenings are about the way we&#8217;ve been able to share the film, in communities, in clubs, or in movie theaters, in different cities around the world, so that people can come together and see it after so many years. The idea is to be able to connect, talk, and feel, genuinely, with all the people who supported this project and with the new ones we met along the way. It&#8217;s wonderful how much love and curiosity grows in the audience after seeing the film, to connect with oneself and also with nature. That&#8217;s essential for us as human beings.<\/span><\/p>\n<p><span style=\"color: #000000;\"><strong><span style=\"color: #e02b20;\">\u2014(Kiana)<\/span><\/strong> The film was an exhausting but very interesting and fun process. I&#8217;ve always enjoyed the filmmaking process on a much smaller scale, having made a couple of YouTube videos, but this was truly impressive: being able to witness how each member of the crew can bring their own creativity to bear on this project. Right now, I don&#8217;t think I&#8217;ll write a book like I had previously planned. I realize (or rather, accept) that there are parts of my story that I don&#8217;t necessarily want to share with the general public yet. I hope one day I will, but witnessing how much attention Women in the Wind has received as a project has made me much more aware of the consequences or what it really means to have so many people paying attention to what you do.<\/span><\/p>\n<p><span style=\"color: #000000;\"><strong><span style=\"color: #e02b20;\">\u2014(L\u00e6rke)<\/span><\/strong> We&#8217;ve been very lucky to be able to travel with the film. We toured France with the organization Around the Waves, with whom we were able to organize many screenings in small cinemas throughout France, where the audience stayed until the end to ask us questions. We&#8217;re now in Brazil, celebrating our latest world premiere in S\u00e3o Paulo, and we have some screenings planned at ParaTi, in a small public cinema in that city. Meanwhile, on this tour, we&#8217;ve also had a lot of community screenings, so we&#8217;ve opened the application process for people to organize their own screenings. We received over 100 applications, and there have already been over 100 screenings worldwide, which has been great. We&#8217;re now planning the next steps for the digital release and also looking at how to move forward from here to ensure the film reaches as many people as possible.<\/span><\/p>\n<h2 style=\"text-align: center;\"><span style=\"color: #091a9e;\"><strong><em>How can we work together to mitigate plastic pollution in the ocean?<\/em><\/strong><\/span><\/h2>\n<p><span style=\"color: #000000;\"><strong><span style=\"color: #e02b20;\">\u2014(L\u00e6rke)<\/span><\/strong> Personally, I&#8217;m going back to my work at the Clean Ocean Project. It&#8217;s a small NGO based in the Canary Islands. We work daily on beach cleanups and educating people about plastic waste pollution and coastal protection in general. So I&#8217;m going back to this work and looking at how we can combat ocean pollution. I think the first step is understanding that ocean pollution starts on land and that, as consumers, we all have power, although the most important change will have to come from large companies, governments, and legislation that regulates states. But to achieve this, as consumers, we have our small power: I think simply being aware of our own plastic consumption and trying to minimize it whenever possible is a big step. I also think we need to be aware of who the big polluters are and decide if we want to contribute by donating our money to those companies. I think that&#8217;s the most powerful tool we have. And then, yes, continuing to talk about the problem and participating in different solutions. We have many resources on our website, for example, and although it may seem overwhelming, I believe doing nothing isn&#8217;t the solution. Although it may seem impossible, at least I prefer to do something.<\/span><\/p>\n<h2 style=\"text-align: center;\"><span style=\"color: #0824a0;\"><strong><em>Aliz\u00e9, how did you decide to cross the Atlantic with two women you had barely met? <\/em><\/strong><\/span><\/h2>\n<p><span style=\"color: #000000;\"><span style=\"color: #e02b20;\"><strong>\u2014(Aliz\u00e9)<\/strong><\/span> During the pandemic, Kiana saw a photography project I did in Africa, found me, and started following me on Instagram. That&#8217;s how we started talking a bit. I really liked her vibe, which was that of a solo sailor. The communication was brief but still enough to spark an interest in getting to know each other. We met one afternoon in September 2021 when I went to visit her. At the time, we didn&#8217;t even talk about making a documentary, but I secretly wanted her to take me on her trip (even though the boat was still very run down and there were still a lot of repairs to be done). She talked about writing a book (because she&#8217;s a writer) and taking photographs. Then she had the idea of \u200b\u200bmaking a documentary about the experience of collecting plastics in the seas and denouncing this whole situation. All these ideas then transformed into a deeper search, which has to do with our connection to the ocean and how we are experiencing life in sync with nature. Then I traveled to Wilmington, North Carolina, in June 2022. So I&#8217;d only met Kiana twice, and that&#8217;s when I met L\u00e6rke. I try to use my intuition and never thought about the difficulty. Well, yes, I kind of thought, &#8220;Wow, I might die. I don&#8217;t know what I&#8217;m doing. The ocean is an immense creature and it scares me&#8221; (laughs). But then I understood the excitement of crossing an ocean and that this was a unique opportunity, so, you know, how could I say no? So, I thought, &#8220;It feels right, I want to do this, and I&#8217;m going for it.&#8221;<\/span><\/p>\n<p style=\"text-align: center;\"><span style=\"color: #000000;\">Below you can watch a trailer for the documentary &#8220;Women &amp; the Wind&#8221; on their YouTube channel.<\/span><\/p>\n<p>[\/et_pb_text][et_pb_divider divider_weight=&#8221;3px&#8221; _builder_version=&#8221;4.27.4&#8243; _module_preset=&#8221;default&#8221; global_colors_info=&#8221;{}&#8221;][\/et_pb_divider][\/et_pb_column][\/et_pb_row][et_pb_row column_structure=&#8221;1_5,3_5,1_5&#8243; _builder_version=&#8221;4.27.4&#8243; _module_preset=&#8221;default&#8221; global_colors_info=&#8221;{}&#8221;][et_pb_column type=&#8221;1_5&#8243; _builder_version=&#8221;4.27.4&#8243; _module_preset=&#8221;default&#8221; global_colors_info=&#8221;{}&#8221;][\/et_pb_column][et_pb_column type=&#8221;3_5&#8243; _builder_version=&#8221;4.27.4&#8243; _module_preset=&#8221;default&#8221; global_colors_info=&#8221;{}&#8221;][et_pb_video src=&#8221;https:\/\/youtu.be\/jOydodbdXWw&#8221; _builder_version=&#8221;4.27.4&#8243; _module_preset=&#8221;default&#8221; global_colors_info=&#8221;{}&#8221;][\/et_pb_video][\/et_pb_column][et_pb_column type=&#8221;1_5&#8243; _builder_version=&#8221;4.27.4&#8243; _module_preset=&#8221;default&#8221; global_colors_info=&#8221;{}&#8221;][\/et_pb_column][\/et_pb_row][et_pb_row _builder_version=&#8221;4.27.4&#8243; _module_preset=&#8221;default&#8221; global_colors_info=&#8221;{}&#8221; custom_padding=&#8221;22px|||||&#8221;][et_pb_column type=&#8221;4_4&#8243; _builder_version=&#8221;4.27.4&#8243; _module_preset=&#8221;default&#8221; global_colors_info=&#8221;{}&#8221;][et_pb_divider divider_weight=&#8221;3px&#8221; _builder_version=&#8221;4.27.4&#8243; _module_preset=&#8221;default&#8221; custom_margin=&#8221;||6px|||&#8221; global_colors_info=&#8221;{}&#8221;][\/et_pb_divider][et_pb_text admin_label=&#8221;Enlaces&#8221; _builder_version=&#8221;4.27.4&#8243; _module_preset=&#8221;default&#8221; global_colors_info=&#8221;{}&#8221;]<\/p>\n<p style=\"text-align: center;\"><span style=\"color: #000000;\"><strong>Links: <\/strong><\/span><\/p>\n<p style=\"text-align: center;\"><span style=\"color: #000000;\"><em>Women and the wind<\/em>: <strong><span style=\"color: #e02b20;\"><a style=\"color: #e02b20;\" href=\"https:\/\/www.womenandthewind.com\/\">https:\/\/www.womenandthewind.com\/<\/a><\/span><\/strong><\/span><\/p>\n<p style=\"text-align: center;\"><span style=\"color: #000000;\">IMDB: <span style=\"color: #e02b20;\"><strong><a style=\"color: #e02b20;\" href=\"https:\/\/www.imdb.com\/es\/title\/tt31830901\/\">https:\/\/www.imdb.com\/es\/title\/tt31830901\/<\/a><\/strong><\/span><\/span><\/p>\n<p>[\/et_pb_text][et_pb_divider divider_weight=&#8221;3px&#8221; _builder_version=&#8221;4.27.4&#8243; _module_preset=&#8221;default&#8221; custom_margin=&#8221;||17px|||&#8221; global_colors_info=&#8221;{}&#8221;][\/et_pb_divider][et_pb_text _builder_version=&#8221;4.27.4&#8243; _module_preset=&#8221;default&#8221; global_colors_info=&#8221;{}&#8221;]<\/p>\n<p style=\"text-align: center;\"><span style=\"color: rgba(0, 0, 0, 0.93);\">From &#8220;Navegantes Oce\u00e1nicos&#8221; we would like to thank Laerke, Kiana, and Aliz\u00e9, stars of &#8220;Women &amp; the Wind,&#8221; for their collaboration with this fascinating interview.<\/span><\/p>\n<p style=\"text-align: center;\"><span style=\"color: rgba(0, 0, 0, 0.93);\">Congratulations on your ocean voyage and the documentary &#8220;Women &amp; the Wind.&#8221; We wish you much success and luck in the future.<\/span><\/p>\n<p>[\/et_pb_text][et_pb_image src=&#8221;https:\/\/navegantesoceanicos.com\/wp-content\/uploads\/2025\/03\/ISSN-for-Navegantes-Oceanicos.png&#8221; title_text=&#8221;ISSN for Navegantes Oce\u00e1nicos&#8221; _builder_version=&#8221;4.27.4&#8243; _module_preset=&#8221;default&#8221; global_colors_info=&#8221;{}&#8221;][\/et_pb_image][\/et_pb_column][\/et_pb_row][\/et_pb_section]<\/p>\n","protected":false},"excerpt":{"rendered":"<p>L\u00e6rke, Kiana and Aliz\u00e9 embark on an ocean voyage on a vintage catamaran, documenting the presence of plastic waste in the ocean while also making the documentary &#8220;Women &#038; the Wind.&#8221; In this fascinating interview, they tell us how the project came about, the challenges they face, and their experiences at sea.<\/p>\n","protected":false},"author":831,"featured_media":40848,"comment_status":"open","ping_status":"open","sticky":false,"template":"","format":"standard","meta":{"_et_pb_use_builder":"on","_et_pb_old_content":"","_et_gb_content_width":"","footnotes":"","_wp_rev_ctl_limit":""},"categories":[107,83],"tags":[],"class_list":["post-40872","post","type-post","status-publish","format-standard","has-post-thumbnail","hentry","category-cuidar-mares-y-oceanos","category-entrevistas","et-has-post-format-content","et_post_format-et-post-format-standard"],"yoast_head":"<!-- This site is optimized with the Yoast SEO plugin v27.4 - https:\/\/yoast.com\/product\/yoast-seo-wordpress\/ -->\n<title>&quot;Women &amp; the Wind&quot; against plastic in the oceans, interview with L\u00e6rke, Kiana and Aliz\u00e9 - Navegantes Oce\u00e1nicos<\/title>\n<meta name=\"description\" content=\"Navegantes oce\u00e1nicos, web con contenidos para apasionados por la mar, tripulantes, regatistas, patrones o armadores.\" \/>\n<meta name=\"robots\" content=\"index, follow, max-snippet:-1, max-image-preview:large, max-video-preview:-1\" \/>\n<link rel=\"canonical\" href=\"https:\/\/navegantesoceanicos.com\/en\/women-the-wind-against-plastic-in-oceans-interview-with-laerke-kiana-alize\/\" \/>\n<meta property=\"og:locale\" content=\"en_US\" \/>\n<meta property=\"og:type\" content=\"article\" \/>\n<meta property=\"og:title\" content=\"&quot;Women &amp; the Wind&quot; against plastic in the oceans, interview with L\u00e6rke, Kiana and Aliz\u00e9 - Navegantes Oce\u00e1nicos\" \/>\n<meta property=\"og:description\" content=\"Navegantes oce\u00e1nicos, web con contenidos para apasionados por la mar, tripulantes, regatistas, patrones o armadores.\" \/>\n<meta property=\"og:url\" content=\"https:\/\/navegantesoceanicos.com\/en\/women-the-wind-against-plastic-in-oceans-interview-with-laerke-kiana-alize\/\" \/>\n<meta property=\"og:site_name\" content=\"Navegantes Oce\u00e1nicos\" \/>\n<meta property=\"article:publisher\" content=\"https:\/\/www.facebook.com\/Navegantes-Oce%c3%a1nicos-112578593494698\" \/>\n<meta property=\"article:published_time\" content=\"2025-06-20T16:04:07+00:00\" \/>\n<meta property=\"article:modified_time\" content=\"2025-06-20T18:56:53+00:00\" \/>\n<meta property=\"og:image\" content=\"https:\/\/navegantesoceanicos.com\/wp-content\/uploads\/2025\/06\/Women-the-wind.jpg\" \/>\n\t<meta property=\"og:image:width\" content=\"1100\" \/>\n\t<meta property=\"og:image:height\" content=\"826\" \/>\n\t<meta property=\"og:image:type\" content=\"image\/jpeg\" \/>\n<meta name=\"author\" content=\"Tamara Smerling\" \/>\n<meta name=\"twitter:label1\" content=\"Written by\" \/>\n\t<meta name=\"twitter:data1\" content=\"Tamara Smerling\" \/>\n\t<meta name=\"twitter:label2\" content=\"Est. reading time\" \/>\n\t<meta name=\"twitter:data2\" content=\"14 minutes\" \/>\n<script type=\"application\/ld+json\" class=\"yoast-schema-graph\">{\"@context\":\"https:\\\/\\\/schema.org\",\"@graph\":[{\"@type\":\"Article\",\"@id\":\"https:\\\/\\\/navegantesoceanicos.com\\\/en\\\/women-the-wind-against-plastic-in-oceans-interview-with-laerke-kiana-alize\\\/#article\",\"isPartOf\":{\"@id\":\"https:\\\/\\\/navegantesoceanicos.com\\\/en\\\/women-the-wind-against-plastic-in-oceans-interview-with-laerke-kiana-alize\\\/\"},\"author\":{\"name\":\"Tamara Smerling\",\"@id\":\"https:\\\/\\\/navegantesoceanicos.com\\\/en\\\/#\\\/schema\\\/person\\\/37ba732a8f452d99dd0f97716e4ab614\"},\"headline\":\"&#8220;Women &#038; the Wind&#8221; against plastic in the oceans, interview with L\u00e6rke, Kiana and Aliz\u00e9\",\"datePublished\":\"2025-06-20T16:04:07+00:00\",\"dateModified\":\"2025-06-20T18:56:53+00:00\",\"mainEntityOfPage\":{\"@id\":\"https:\\\/\\\/navegantesoceanicos.com\\\/en\\\/women-the-wind-against-plastic-in-oceans-interview-with-laerke-kiana-alize\\\/\"},\"wordCount\":3033,\"commentCount\":1,\"publisher\":{\"@id\":\"https:\\\/\\\/navegantesoceanicos.com\\\/en\\\/#organization\"},\"image\":{\"@id\":\"https:\\\/\\\/navegantesoceanicos.com\\\/en\\\/women-the-wind-against-plastic-in-oceans-interview-with-laerke-kiana-alize\\\/#primaryimage\"},\"thumbnailUrl\":\"https:\\\/\\\/navegantesoceanicos.com\\\/wp-content\\\/uploads\\\/2025\\\/06\\\/Women-the-wind.jpg\",\"articleSection\":[\"Cuidar mares y oc\u00e9anos\",\"Entrevistas\"],\"inLanguage\":\"en-US\",\"potentialAction\":[{\"@type\":\"CommentAction\",\"name\":\"Comment\",\"target\":[\"https:\\\/\\\/navegantesoceanicos.com\\\/en\\\/women-the-wind-against-plastic-in-oceans-interview-with-laerke-kiana-alize\\\/#respond\"]}]},{\"@type\":\"WebPage\",\"@id\":\"https:\\\/\\\/navegantesoceanicos.com\\\/en\\\/women-the-wind-against-plastic-in-oceans-interview-with-laerke-kiana-alize\\\/\",\"url\":\"https:\\\/\\\/navegantesoceanicos.com\\\/en\\\/women-the-wind-against-plastic-in-oceans-interview-with-laerke-kiana-alize\\\/\",\"name\":\"\\\"Women & the Wind\\\" against plastic in the oceans, interview with L\u00e6rke, Kiana and Aliz\u00e9 - Navegantes Oce\u00e1nicos\",\"isPartOf\":{\"@id\":\"https:\\\/\\\/navegantesoceanicos.com\\\/en\\\/#website\"},\"primaryImageOfPage\":{\"@id\":\"https:\\\/\\\/navegantesoceanicos.com\\\/en\\\/women-the-wind-against-plastic-in-oceans-interview-with-laerke-kiana-alize\\\/#primaryimage\"},\"image\":{\"@id\":\"https:\\\/\\\/navegantesoceanicos.com\\\/en\\\/women-the-wind-against-plastic-in-oceans-interview-with-laerke-kiana-alize\\\/#primaryimage\"},\"thumbnailUrl\":\"https:\\\/\\\/navegantesoceanicos.com\\\/wp-content\\\/uploads\\\/2025\\\/06\\\/Women-the-wind.jpg\",\"datePublished\":\"2025-06-20T16:04:07+00:00\",\"dateModified\":\"2025-06-20T18:56:53+00:00\",\"description\":\"Navegantes oce\u00e1nicos, web con contenidos para apasionados por la mar, tripulantes, regatistas, patrones o armadores.\",\"breadcrumb\":{\"@id\":\"https:\\\/\\\/navegantesoceanicos.com\\\/en\\\/women-the-wind-against-plastic-in-oceans-interview-with-laerke-kiana-alize\\\/#breadcrumb\"},\"inLanguage\":\"en-US\",\"potentialAction\":[{\"@type\":\"ReadAction\",\"target\":[\"https:\\\/\\\/navegantesoceanicos.com\\\/en\\\/women-the-wind-against-plastic-in-oceans-interview-with-laerke-kiana-alize\\\/\"]}]},{\"@type\":\"ImageObject\",\"inLanguage\":\"en-US\",\"@id\":\"https:\\\/\\\/navegantesoceanicos.com\\\/en\\\/women-the-wind-against-plastic-in-oceans-interview-with-laerke-kiana-alize\\\/#primaryimage\",\"url\":\"https:\\\/\\\/navegantesoceanicos.com\\\/wp-content\\\/uploads\\\/2025\\\/06\\\/Women-the-wind.jpg\",\"contentUrl\":\"https:\\\/\\\/navegantesoceanicos.com\\\/wp-content\\\/uploads\\\/2025\\\/06\\\/Women-the-wind.jpg\",\"width\":1100,\"height\":826,\"caption\":\"Women & the wind\"},{\"@type\":\"BreadcrumbList\",\"@id\":\"https:\\\/\\\/navegantesoceanicos.com\\\/en\\\/women-the-wind-against-plastic-in-oceans-interview-with-laerke-kiana-alize\\\/#breadcrumb\",\"itemListElement\":[{\"@type\":\"ListItem\",\"position\":1,\"name\":\"Portada\",\"item\":\"https:\\\/\\\/navegantesoceanicos.com\\\/en\\\/\"},{\"@type\":\"ListItem\",\"position\":2,\"name\":\"\u00abWomen &#038; the Wind\u00bb against plastic in the oceans, interview with L\u00e6rke, Kiana and Aliz\u00e9\"}]},{\"@type\":\"WebSite\",\"@id\":\"https:\\\/\\\/navegantesoceanicos.com\\\/en\\\/#website\",\"url\":\"https:\\\/\\\/navegantesoceanicos.com\\\/en\\\/\",\"name\":\"Navegantes Oce\u00e1nicos\",\"description\":\"Navegantes oce\u00e1nicos, te ayudamos a navegar, para navegantes, tripulantes, regatistas y armadores, escuela n\u00e1utica, libros on-line sobre t\u00e1cticas y equipamiento para la navegaci\u00f3n a vela, fondear, atracar, el manejo de las velas, electricidad a bordo, navegaci\u00f3n con mal tiempo, rutas oce\u00e1nicas y mucho m\u00e1s\",\"publisher\":{\"@id\":\"https:\\\/\\\/navegantesoceanicos.com\\\/en\\\/#organization\"},\"potentialAction\":[{\"@type\":\"SearchAction\",\"target\":{\"@type\":\"EntryPoint\",\"urlTemplate\":\"https:\\\/\\\/navegantesoceanicos.com\\\/en\\\/?s={search_term_string}\"},\"query-input\":{\"@type\":\"PropertyValueSpecification\",\"valueRequired\":true,\"valueName\":\"search_term_string\"}}],\"inLanguage\":\"en-US\"},{\"@type\":\"Organization\",\"@id\":\"https:\\\/\\\/navegantesoceanicos.com\\\/en\\\/#organization\",\"name\":\"Navegantes Oce\u00e1nicos\",\"url\":\"https:\\\/\\\/navegantesoceanicos.com\\\/en\\\/\",\"logo\":{\"@type\":\"ImageObject\",\"inLanguage\":\"en-US\",\"@id\":\"https:\\\/\\\/navegantesoceanicos.com\\\/en\\\/#\\\/schema\\\/logo\\\/image\\\/\",\"url\":\"https:\\\/\\\/navegantesoceanicos.com\\\/wp-content\\\/uploads\\\/2019\\\/12\\\/LOGO-NAVEGANTES-OCEANICOS.png\",\"contentUrl\":\"https:\\\/\\\/navegantesoceanicos.com\\\/wp-content\\\/uploads\\\/2019\\\/12\\\/LOGO-NAVEGANTES-OCEANICOS.png\",\"width\":1010,\"height\":814,\"caption\":\"Navegantes Oce\u00e1nicos\"},\"image\":{\"@id\":\"https:\\\/\\\/navegantesoceanicos.com\\\/en\\\/#\\\/schema\\\/logo\\\/image\\\/\"},\"sameAs\":[\"https:\\\/\\\/www.facebook.com\\\/Navegantes-Oce\u00e1nicos-112578593494698\",\"https:\\\/\\\/www.instagram.com\\\/navegantes_oceanicos\\\/?hl=es\",\"https:\\\/\\\/www.youtube.com\\\/channel\\\/UCXgDL_6xqE7rpdwNXRmzF_Q\\\/featured\"]},{\"@type\":\"Person\",\"@id\":\"https:\\\/\\\/navegantesoceanicos.com\\\/en\\\/#\\\/schema\\\/person\\\/37ba732a8f452d99dd0f97716e4ab614\",\"name\":\"Tamara Smerling\",\"image\":{\"@type\":\"ImageObject\",\"inLanguage\":\"en-US\",\"@id\":\"https:\\\/\\\/secure.gravatar.com\\\/avatar\\\/85347147d5847554923b12455c0c59277be52f9c3599a2e4af69d99571e94959?s=96&d=mm&r=g\",\"url\":\"https:\\\/\\\/secure.gravatar.com\\\/avatar\\\/85347147d5847554923b12455c0c59277be52f9c3599a2e4af69d99571e94959?s=96&d=mm&r=g\",\"contentUrl\":\"https:\\\/\\\/secure.gravatar.com\\\/avatar\\\/85347147d5847554923b12455c0c59277be52f9c3599a2e4af69d99571e94959?s=96&d=mm&r=g\",\"caption\":\"Tamara Smerling\"},\"url\":\"https:\\\/\\\/navegantesoceanicos.com\\\/en\\\/author\\\/tamaras\\\/\"}]}<\/script>\n<!-- \/ Yoast SEO plugin. -->","yoast_head_json":{"title":"\"Women & the Wind\" against plastic in the oceans, interview with L\u00e6rke, Kiana and Aliz\u00e9 - Navegantes Oce\u00e1nicos","description":"Navegantes oce\u00e1nicos, web con contenidos para apasionados por la mar, tripulantes, regatistas, patrones o armadores.","robots":{"index":"index","follow":"follow","max-snippet":"max-snippet:-1","max-image-preview":"max-image-preview:large","max-video-preview":"max-video-preview:-1"},"canonical":"https:\/\/navegantesoceanicos.com\/en\/women-the-wind-against-plastic-in-oceans-interview-with-laerke-kiana-alize\/","og_locale":"en_US","og_type":"article","og_title":"\"Women & the Wind\" against plastic in the oceans, interview with L\u00e6rke, Kiana and Aliz\u00e9 - Navegantes Oce\u00e1nicos","og_description":"Navegantes oce\u00e1nicos, web con contenidos para apasionados por la mar, tripulantes, regatistas, patrones o armadores.","og_url":"https:\/\/navegantesoceanicos.com\/en\/women-the-wind-against-plastic-in-oceans-interview-with-laerke-kiana-alize\/","og_site_name":"Navegantes Oce\u00e1nicos","article_publisher":"https:\/\/www.facebook.com\/Navegantes-Oce%c3%a1nicos-112578593494698","article_published_time":"2025-06-20T16:04:07+00:00","article_modified_time":"2025-06-20T18:56:53+00:00","og_image":[{"width":1100,"height":826,"url":"https:\/\/navegantesoceanicos.com\/wp-content\/uploads\/2025\/06\/Women-the-wind.jpg","type":"image\/jpeg"}],"author":"Tamara Smerling","twitter_misc":{"Written by":"Tamara Smerling","Est. reading time":"14 minutes"},"schema":{"@context":"https:\/\/schema.org","@graph":[{"@type":"Article","@id":"https:\/\/navegantesoceanicos.com\/en\/women-the-wind-against-plastic-in-oceans-interview-with-laerke-kiana-alize\/#article","isPartOf":{"@id":"https:\/\/navegantesoceanicos.com\/en\/women-the-wind-against-plastic-in-oceans-interview-with-laerke-kiana-alize\/"},"author":{"name":"Tamara Smerling","@id":"https:\/\/navegantesoceanicos.com\/en\/#\/schema\/person\/37ba732a8f452d99dd0f97716e4ab614"},"headline":"&#8220;Women &#038; the Wind&#8221; against plastic in the oceans, interview with L\u00e6rke, Kiana and Aliz\u00e9","datePublished":"2025-06-20T16:04:07+00:00","dateModified":"2025-06-20T18:56:53+00:00","mainEntityOfPage":{"@id":"https:\/\/navegantesoceanicos.com\/en\/women-the-wind-against-plastic-in-oceans-interview-with-laerke-kiana-alize\/"},"wordCount":3033,"commentCount":1,"publisher":{"@id":"https:\/\/navegantesoceanicos.com\/en\/#organization"},"image":{"@id":"https:\/\/navegantesoceanicos.com\/en\/women-the-wind-against-plastic-in-oceans-interview-with-laerke-kiana-alize\/#primaryimage"},"thumbnailUrl":"https:\/\/navegantesoceanicos.com\/wp-content\/uploads\/2025\/06\/Women-the-wind.jpg","articleSection":["Cuidar mares y oc\u00e9anos","Entrevistas"],"inLanguage":"en-US","potentialAction":[{"@type":"CommentAction","name":"Comment","target":["https:\/\/navegantesoceanicos.com\/en\/women-the-wind-against-plastic-in-oceans-interview-with-laerke-kiana-alize\/#respond"]}]},{"@type":"WebPage","@id":"https:\/\/navegantesoceanicos.com\/en\/women-the-wind-against-plastic-in-oceans-interview-with-laerke-kiana-alize\/","url":"https:\/\/navegantesoceanicos.com\/en\/women-the-wind-against-plastic-in-oceans-interview-with-laerke-kiana-alize\/","name":"\"Women & the Wind\" against plastic in the oceans, interview with L\u00e6rke, Kiana and Aliz\u00e9 - Navegantes Oce\u00e1nicos","isPartOf":{"@id":"https:\/\/navegantesoceanicos.com\/en\/#website"},"primaryImageOfPage":{"@id":"https:\/\/navegantesoceanicos.com\/en\/women-the-wind-against-plastic-in-oceans-interview-with-laerke-kiana-alize\/#primaryimage"},"image":{"@id":"https:\/\/navegantesoceanicos.com\/en\/women-the-wind-against-plastic-in-oceans-interview-with-laerke-kiana-alize\/#primaryimage"},"thumbnailUrl":"https:\/\/navegantesoceanicos.com\/wp-content\/uploads\/2025\/06\/Women-the-wind.jpg","datePublished":"2025-06-20T16:04:07+00:00","dateModified":"2025-06-20T18:56:53+00:00","description":"Navegantes oce\u00e1nicos, web con contenidos para apasionados por la mar, tripulantes, regatistas, patrones o armadores.","breadcrumb":{"@id":"https:\/\/navegantesoceanicos.com\/en\/women-the-wind-against-plastic-in-oceans-interview-with-laerke-kiana-alize\/#breadcrumb"},"inLanguage":"en-US","potentialAction":[{"@type":"ReadAction","target":["https:\/\/navegantesoceanicos.com\/en\/women-the-wind-against-plastic-in-oceans-interview-with-laerke-kiana-alize\/"]}]},{"@type":"ImageObject","inLanguage":"en-US","@id":"https:\/\/navegantesoceanicos.com\/en\/women-the-wind-against-plastic-in-oceans-interview-with-laerke-kiana-alize\/#primaryimage","url":"https:\/\/navegantesoceanicos.com\/wp-content\/uploads\/2025\/06\/Women-the-wind.jpg","contentUrl":"https:\/\/navegantesoceanicos.com\/wp-content\/uploads\/2025\/06\/Women-the-wind.jpg","width":1100,"height":826,"caption":"Women & the wind"},{"@type":"BreadcrumbList","@id":"https:\/\/navegantesoceanicos.com\/en\/women-the-wind-against-plastic-in-oceans-interview-with-laerke-kiana-alize\/#breadcrumb","itemListElement":[{"@type":"ListItem","position":1,"name":"Portada","item":"https:\/\/navegantesoceanicos.com\/en\/"},{"@type":"ListItem","position":2,"name":"\u00abWomen &#038; the Wind\u00bb against plastic in the oceans, interview with L\u00e6rke, Kiana and Aliz\u00e9"}]},{"@type":"WebSite","@id":"https:\/\/navegantesoceanicos.com\/en\/#website","url":"https:\/\/navegantesoceanicos.com\/en\/","name":"Navegantes Oce\u00e1nicos","description":"Navegantes oce\u00e1nicos, te ayudamos a navegar, para navegantes, tripulantes, regatistas y armadores, escuela n\u00e1utica, libros on-line sobre t\u00e1cticas y equipamiento para la navegaci\u00f3n a vela, fondear, atracar, el manejo de las velas, electricidad a bordo, navegaci\u00f3n con mal tiempo, rutas oce\u00e1nicas y mucho m\u00e1s","publisher":{"@id":"https:\/\/navegantesoceanicos.com\/en\/#organization"},"potentialAction":[{"@type":"SearchAction","target":{"@type":"EntryPoint","urlTemplate":"https:\/\/navegantesoceanicos.com\/en\/?s={search_term_string}"},"query-input":{"@type":"PropertyValueSpecification","valueRequired":true,"valueName":"search_term_string"}}],"inLanguage":"en-US"},{"@type":"Organization","@id":"https:\/\/navegantesoceanicos.com\/en\/#organization","name":"Navegantes Oce\u00e1nicos","url":"https:\/\/navegantesoceanicos.com\/en\/","logo":{"@type":"ImageObject","inLanguage":"en-US","@id":"https:\/\/navegantesoceanicos.com\/en\/#\/schema\/logo\/image\/","url":"https:\/\/navegantesoceanicos.com\/wp-content\/uploads\/2019\/12\/LOGO-NAVEGANTES-OCEANICOS.png","contentUrl":"https:\/\/navegantesoceanicos.com\/wp-content\/uploads\/2019\/12\/LOGO-NAVEGANTES-OCEANICOS.png","width":1010,"height":814,"caption":"Navegantes Oce\u00e1nicos"},"image":{"@id":"https:\/\/navegantesoceanicos.com\/en\/#\/schema\/logo\/image\/"},"sameAs":["https:\/\/www.facebook.com\/Navegantes-Oce\u00e1nicos-112578593494698","https:\/\/www.instagram.com\/navegantes_oceanicos\/?hl=es","https:\/\/www.youtube.com\/channel\/UCXgDL_6xqE7rpdwNXRmzF_Q\/featured"]},{"@type":"Person","@id":"https:\/\/navegantesoceanicos.com\/en\/#\/schema\/person\/37ba732a8f452d99dd0f97716e4ab614","name":"Tamara Smerling","image":{"@type":"ImageObject","inLanguage":"en-US","@id":"https:\/\/secure.gravatar.com\/avatar\/85347147d5847554923b12455c0c59277be52f9c3599a2e4af69d99571e94959?s=96&d=mm&r=g","url":"https:\/\/secure.gravatar.com\/avatar\/85347147d5847554923b12455c0c59277be52f9c3599a2e4af69d99571e94959?s=96&d=mm&r=g","contentUrl":"https:\/\/secure.gravatar.com\/avatar\/85347147d5847554923b12455c0c59277be52f9c3599a2e4af69d99571e94959?s=96&d=mm&r=g","caption":"Tamara Smerling"},"url":"https:\/\/navegantesoceanicos.com\/en\/author\/tamaras\/"}]}},"rttpg_featured_image_url":{"full":["https:\/\/navegantesoceanicos.com\/wp-content\/uploads\/2025\/06\/Women-the-wind.jpg",1100,826,false],"landscape":["https:\/\/navegantesoceanicos.com\/wp-content\/uploads\/2025\/06\/Women-the-wind.jpg",1100,826,false],"portraits":["https:\/\/navegantesoceanicos.com\/wp-content\/uploads\/2025\/06\/Women-the-wind.jpg",1100,826,false],"thumbnail":["https:\/\/navegantesoceanicos.com\/wp-content\/uploads\/2025\/06\/Women-the-wind-150x150.jpg",150,150,true],"medium":["https:\/\/navegantesoceanicos.com\/wp-content\/uploads\/2025\/06\/Women-the-wind-300x225.jpg",300,225,true],"large":["https:\/\/navegantesoceanicos.com\/wp-content\/uploads\/2025\/06\/Women-the-wind-1024x769.jpg",1024,769,true],"1536x1536":["https:\/\/navegantesoceanicos.com\/wp-content\/uploads\/2025\/06\/Women-the-wind.jpg",1100,826,false],"2048x2048":["https:\/\/navegantesoceanicos.com\/wp-content\/uploads\/2025\/06\/Women-the-wind.jpg",1100,826,false],"smart-post-landscape":["https:\/\/navegantesoceanicos.com\/wp-content\/uploads\/2025\/06\/Women-the-wind.jpg",759,570,false],"smart-post-portrait":["https:\/\/navegantesoceanicos.com\/wp-content\/uploads\/2025\/06\/Women-the-wind.jpg",600,451,false],"et-builder-post-main-image":["https:\/\/navegantesoceanicos.com\/wp-content\/uploads\/2025\/06\/Women-the-wind-400x250.jpg",400,250,true],"et-builder-post-main-image-fullwidth":["https:\/\/navegantesoceanicos.com\/wp-content\/uploads\/2025\/06\/Women-the-wind-1080x675.jpg",1080,675,true],"et-builder-portfolio-image":["https:\/\/navegantesoceanicos.com\/wp-content\/uploads\/2025\/06\/Women-the-wind-400x284.jpg",400,284,true],"et-builder-portfolio-image-single":["https:\/\/navegantesoceanicos.com\/wp-content\/uploads\/2025\/06\/Women-the-wind-1080x811.jpg",1080,811,true],"et-builder-gallery-image-portrait":["https:\/\/navegantesoceanicos.com\/wp-content\/uploads\/2025\/06\/Women-the-wind-400x516.jpg",400,516,true],"extra-image-huge":["https:\/\/navegantesoceanicos.com\/wp-content\/uploads\/2025\/06\/Women-the-wind-1100x768.jpg",1100,768,true],"extra-image-single-post":["https:\/\/navegantesoceanicos.com\/wp-content\/uploads\/2025\/06\/Women-the-wind-1100x640.jpg",1100,640,true],"extra-image-medium":["https:\/\/navegantesoceanicos.com\/wp-content\/uploads\/2025\/06\/Women-the-wind-627x376.jpg",627,376,true],"extra-image-small":["https:\/\/navegantesoceanicos.com\/wp-content\/uploads\/2025\/06\/Women-the-wind-440x264.jpg",440,264,true],"extra-image-square-medium":["https:\/\/navegantesoceanicos.com\/wp-content\/uploads\/2025\/06\/Women-the-wind-440x440.jpg",440,440,true],"extra-image-square-small":["https:\/\/navegantesoceanicos.com\/wp-content\/uploads\/2025\/06\/Women-the-wind-150x150.jpg",150,150,true],"woocommerce_thumbnail":["https:\/\/navegantesoceanicos.com\/wp-content\/uploads\/2025\/06\/Women-the-wind-300x225.jpg",300,225,true],"woocommerce_single":["https:\/\/navegantesoceanicos.com\/wp-content\/uploads\/2025\/06\/Women-the-wind-600x451.jpg",600,451,true],"woocommerce_gallery_thumbnail":["https:\/\/navegantesoceanicos.com\/wp-content\/uploads\/2025\/06\/Women-the-wind-100x100.jpg",100,100,true],"dgwt-wcas-product-suggestion":["https:\/\/navegantesoceanicos.com\/wp-content\/uploads\/2025\/06\/Women-the-wind-64x48.jpg",64,48,true]},"rttpg_author":{"display_name":"Tamara Smerling","author_link":"https:\/\/navegantesoceanicos.com\/en\/author\/tamaras\/"},"rttpg_comment":0,"rttpg_category":"<a href=\"https:\/\/navegantesoceanicos.com\/category\/cuidar-mares-y-oceanos\/\" rel=\"category tag\">Cuidar mares y oc\u00e9anos<\/a> <a href=\"https:\/\/navegantesoceanicos.com\/category\/entrevistas\/\" rel=\"category tag\">Entrevistas<\/a>","rttpg_excerpt":"L\u00e6rke, Kiana and Aliz\u00e9 embark on an ocean voyage on a vintage catamaran, documenting the presence of plastic waste in the ocean while also making the documentary \"Women & the Wind.\" In this fascinating interview, they tell us how the project came about, the challenges they face, and their experiences at sea.","_links":{"self":[{"href":"https:\/\/navegantesoceanicos.com\/en\/wp-json\/wp\/v2\/posts\/40872","targetHints":{"allow":["GET"]}}],"collection":[{"href":"https:\/\/navegantesoceanicos.com\/en\/wp-json\/wp\/v2\/posts"}],"about":[{"href":"https:\/\/navegantesoceanicos.com\/en\/wp-json\/wp\/v2\/types\/post"}],"author":[{"embeddable":true,"href":"https:\/\/navegantesoceanicos.com\/en\/wp-json\/wp\/v2\/users\/831"}],"replies":[{"embeddable":true,"href":"https:\/\/navegantesoceanicos.com\/en\/wp-json\/wp\/v2\/comments?post=40872"}],"version-history":[{"count":0,"href":"https:\/\/navegantesoceanicos.com\/en\/wp-json\/wp\/v2\/posts\/40872\/revisions"}],"wp:featuredmedia":[{"embeddable":true,"href":"https:\/\/navegantesoceanicos.com\/en\/wp-json\/wp\/v2\/media\/40848"}],"wp:attachment":[{"href":"https:\/\/navegantesoceanicos.com\/en\/wp-json\/wp\/v2\/media?parent=40872"}],"wp:term":[{"taxonomy":"category","embeddable":true,"href":"https:\/\/navegantesoceanicos.com\/en\/wp-json\/wp\/v2\/categories?post=40872"},{"taxonomy":"post_tag","embeddable":true,"href":"https:\/\/navegantesoceanicos.com\/en\/wp-json\/wp\/v2\/tags?post=40872"}],"curies":[{"name":"wp","href":"https:\/\/api.w.org\/{rel}","templated":true}]}}