{"id":42295,"date":"2025-09-17T22:39:25","date_gmt":"2025-09-17T22:39:25","guid":{"rendered":"https:\/\/navegantesoceanicos.com\/?p=42295"},"modified":"2025-09-19T08:05:27","modified_gmt":"2025-09-19T08:05:27","slug":"sailing-school-interview-with-lula-monjeau","status":"publish","type":"post","link":"https:\/\/navegantesoceanicos.com\/en\/sailing-school-interview-with-lula-monjeau\/","title":{"rendered":"Sailing school, interview with Lula Monjeau"},"content":{"rendered":"<p>[et_pb_section fb_built=&#8221;1&#8243; _builder_version=&#8221;4.27.4&#8243; _module_preset=&#8221;default&#8221; custom_padding=&#8221;7px||16px|||&#8221; global_colors_info=&#8221;{}&#8221;][et_pb_row _builder_version=&#8221;4.27.4&#8243; _module_preset=&#8221;default&#8221; global_colors_info=&#8221;{}&#8221;][et_pb_column type=&#8221;4_4&#8243; _builder_version=&#8221;4.27.4&#8243; _module_preset=&#8221;default&#8221; global_colors_info=&#8221;{}&#8221;][et_pb_text _builder_version=&#8221;4.27.4&#8243; _module_preset=&#8221;default&#8221; global_colors_info=&#8221;{}&#8221;]<\/p>\n<p style=\"text-align: center;\"><span style=\"color: #000000;\"><strong>Lula Monjeau: \u201cThe sailing school is the seed that allows us to do many other things\u201d<\/strong><\/span><\/p>\n<p>[\/et_pb_text][et_pb_divider divider_weight=&#8221;3px&#8221; _builder_version=&#8221;4.27.4&#8243; _module_preset=&#8221;default&#8221; custom_margin=&#8221;||6px|||&#8221; global_colors_info=&#8221;{}&#8221;][\/et_pb_divider][et_pb_text _builder_version=&#8221;4.27.4&#8243; _module_preset=&#8221;default&#8221; global_colors_info=&#8221;{}&#8221;]<\/p>\n<p style=\"text-align: center;\"><span style=\"color: #000000;\">A true family of sailors: that&#8217;s the first thing you think of when you meet Luc\u00eda Monjeau, daughter, granddaughter, and niece of captains who, aboard their sailboats of all types and sizes, sailed the seas and rivers, participated in regattas, and undertook voyages from the city of Mar del Plata, in the southern Buenos Aires Province, where, emerging from its cliffs and breakwaters, dolphins and sea lions mingle with the grand houses of an aristocratic past, the popular union-run hotels, countless fishing vessels, and the crashing waves of a perpetually active port.<\/span><\/p>\n<p style=\"text-align: center;\"><span style=\"color: #000000;\">In that same port, more precisely at one of its most emblematic institutions, the Mar del Plata Yacht Club, Lula\u2014as she is called\u2014began sailing in her early childhood. Her parents and uncles, meanwhile, were winning championships or training teams. However, with few other options available, from a young age she was terrified of sea lions (there are entire colonies in the port), but she bravely took to the water on her small sailboat, an Optimist dinghy, amidst the turquoise-green waves and the southeast winds:<\/span><\/p>\n<p style=\"text-align: center;\"><span style=\"color: #000000;\">\u201cWhen we were little, my twin sister and I were taken to a sports orientation school at the club, but they didn&#8217;t give us many options: in rowing you go backwards like a crab, swimming is very individualistic, tennis is no good either because you&#8217;re sweltering in the heat, but sailing is brilliant (she laughs). That&#8217;s why we both chose sailing at six years old. I think she enjoyed it because she was always more playful, while I was very competitive and demanding. Our first coach was Mat\u00edas Capizzano.\u201d<\/span><\/p>\n<p style=\"text-align: center;\"><span style=\"color: #000000;\">But the waves\u2014and the years\u2014passed. Lula&#8217;s father had studied Medicine but couldn&#8217;t finish his degree. Therefore, for her, as an adult, one way to continue that legacy was to become a doctor. She studied for four years at the National University of La Plata, but from halfway through her studies she had stomach problems. Her mother was adamant. \u201cLuc\u00eda, change your major if you\u2019re not happy.\u201d Shortly after, she met a girl who was studying architecture and became fascinated with blueprints and measurements for designing houses and buildings.<\/span><\/p>\n<p style=\"text-align: center;\"><span style=\"color: #000000;\">While studying architecture in the city of La Plata (about 60 kilometers south of Buenos Aires), she resumed her involvement in sailing, which she had stopped in 2001 due to the economic crisis in Argentina. From that time on, from her base in La Plata, she began coordinating the Adapted Sailing Foundation for girls and boys with disabilities and from low-income families.<\/span><\/p>\n<h1 style=\"text-align: center;\"><em><span style=\"color: #02087c;\">Interview with Lula Monjeau<\/span><\/em><\/h1>\n<p><img loading=\"lazy\" decoding=\"async\" class=\"aligncenter\" src=\"https:\/\/navegantesoceanicos.com\/wp-content\/uploads\/2025\/09\/Lula-Monjeau-clases-a-bordo.jpeg\" alt=\"\" width=\"495\" height=\"546\" \/><\/p>\n<h2 style=\"text-align: center;\"><em><strong style=\"color: #e02b20;\">What were those early years in navigation like?<\/strong><\/em><\/h2>\n<p><span style=\"color: rgba(0, 0, 0, 0.99);\">Although I was initially afraid because I had a real phobia of sea lions, when I was about 10 years old I started noticing that during the summer, young people from all over the country and the world came to Mar del Plata to participate in sailing regattas, and I became increasingly enthusiastic about it. I discovered that there was a whole world to explore, I started competing in championships, and I became more involved with the sailing community, not just on weekends, but also with my fellow club members. It was a community that I really enjoyed being part of.<\/span><\/p>\n<p><img loading=\"lazy\" decoding=\"async\" class=\"aligncenter\" src=\"https:\/\/navegantesoceanicos.com\/wp-content\/uploads\/2025\/09\/Lucia-Monjeau-vela-ligera.jpeg\" alt=\"\" width=\"559\" height=\"559\" \/><\/p>\n<p><span style=\"color: #000000;\">Later, when we were 14 or 15, my sister and I switched to the Europa class, but that class stopped being an Olympic event and eventually disappeared. We also tried Cadet and Laser, but we were too small and didn&#8217;t have many opportunities to continue. In 2001, the economic crisis hit very hard, we had to leave the club, and I stopped sailing.<\/span><\/p>\n<h2 style=\"text-align: center;\"><span style=\"color: #e02b20;\"><strong><em>How did you end up working in adapted sailing?<\/em><\/strong><\/span><\/h2>\n<p><span style=\"color: rgba(0, 0, 0, 0.96);\">During those years of crisis, I stopped sailing, but at 18 I moved to La Plata to study medicine. For the first time, I started to look at sailing from the outside; I missed it a little, and it even hurt a bit. I would occasionally go out on boats, but it wasn&#8217;t the same. But not long after, around the age of 22, I started coaching Optimist dinghy sailing again during the summers I spent in Mar del Plata. Around that time, I met a group from the Argentine Adapted Sailing Foundation, and then I began coordinating a similar program at the La Plata Yacht Club.<\/span><\/p>\n<p style=\"text-align: center;\"><span style=\"color: rgba(0, 0, 0, 0.96);\">&#8220;The Foundation was a turning point. Looking back, sailing meant, for me, arriving first, sailing alone, and following the rules. But after the Foundation, sailing began to mean changing the rules, arriving with others, and creating something new&#8221;.<\/span><\/p>\n<p><img loading=\"lazy\" decoding=\"async\" class=\"aligncenter\" src=\"https:\/\/navegantesoceanicos.com\/wp-content\/uploads\/2025\/09\/Lucia-Monjeau-en-familia.jpeg\" alt=\"\" width=\"720\" height=\"594\" \/><\/p>\n<h2 style=\"text-align: center;\"><span style=\"color: #e02b20;\"><strong><em>What did your task consist of?<\/em><\/strong><\/span><\/h2>\n<p><span style=\"color: #000000;\">That was also an important legacy, because my mother worked for many years as a special education teacher. It was like combining the legacies of the entire family: education, disability, and sailing. It was wonderful because it wasn&#8217;t about perfecting the technique, but rather about enabling everyone to go sailing. Most of the participants had some kind of disability, and they were also very poor.<\/span><\/p>\n<p><span style=\"color: #000000;\">So it was very important for them to gain self-confidence, to get out into the open air, to experience a different environment, to float on the water, and to have some fun: we had students in wheelchairs who sailed beautifully, a blind boy who taught us how to steer and orient ourselves according to the wind direction, and also students with Down syndrome or on the autism spectrum whose progress and development we witnessed firsthand\u2014it was truly amazing. It was a very beautiful experience that I had for many years.<\/span><\/p>\n<p><img loading=\"lazy\" decoding=\"async\" class=\"aligncenter\" src=\"https:\/\/navegantesoceanicos.com\/wp-content\/uploads\/2025\/09\/Lula-Monjeau-buceando.jpeg\" alt=\"\" width=\"744\" height=\"579\" \/><\/p>\n<h2 style=\"text-align: center;\"><span style=\"color: #e02b20;\"><strong><em>What happened next?<\/em><\/strong><\/span><\/h2>\n<p><span style=\"color: #000000;\">Until then, I didn&#8217;t know anyone who had taken up sailing purely for enjoyment, or who had taken a formal sailing course. For me, it seemed natural that you only sailed if you were born into a sailing family. But then I met a girl who had taken a sailing course in Quilmes and had become very enthusiastic about it, so we met at the Adapted Sailing Foundation. She became so passionate about it that she started studying and learned a great deal. We became very good friends, and later, she became my business partner, Enriqueta. After that, I graduated as an architect and moved to New Zealand to live there for a few years.<\/span><\/p>\n<h2 style=\"text-align: center;\"><span style=\"color: #e02b20;\"><strong><em>But they remained friends until today, right?<\/em><\/strong><\/span><\/h2>\n<p><span style=\"color: #000000;\">Yes, I remember that the first time we did something unrelated to sailing was when we got together to watch a movie: it was the documentary about Laura Dekker&#8217;s voyage, the youngest woman to sail around the world solo. The amazing thing is that something incredible happened to us this very week, related to that very topic!<\/span><\/p>\n<p><img loading=\"lazy\" decoding=\"async\" class=\"aligncenter\" src=\"https:\/\/navegantesoceanicos.com\/wp-content\/uploads\/2025\/09\/Lula-Monjeau-trabajo-en-equipo.jpeg\" alt=\"\" width=\"846\" height=\"635\" \/><\/p>\n<h2 style=\"text-align: center;\"><span style=\"color: #e02b20;\"><strong><em>How did they come to create their own school in Uruguay?<\/em><\/strong><\/span><\/h2>\n<p><span style=\"color: #000000;\">In New Zealand, I started dating a Uruguayan man, and in 2021 I moved to Montevideo. My friend came with me. Then we were offered jobs as Optimist and Laser sailing instructors at a sailing school in Colonia del Sacramento. We would travel there every Saturday and Sunday to train and give lessons to the kids. After that, we were offered the opportunity to teach on a keelboat, and we started our own sailing school. From there, we also began giving lessons in Punta del Este and Montevideo, using another small sailboat we acquired. Our goal was also to organize international regattas for students who could practice sailing on those boats.<\/span><\/p>\n<p><span style=\"color: #000000;\">The school is the foundation that has allowed us to do so many other things, and it embodies the philosophy of sailing that I wanted to promote: that anyone can do it, even if they haven&#8217;t always been part of that world.<\/span><\/p>\n<p><span style=\"color: #000000;\"><img loading=\"lazy\" decoding=\"async\" class=\"aligncenter\" src=\"https:\/\/navegantesoceanicos.com\/wp-content\/uploads\/2025\/09\/Lula-Monjeau-en-regata.jpeg\" alt=\"\" width=\"408\" height=\"725\" \/> \u00a0<\/span><\/p>\n<h2 style=\"text-align: center;\"><span style=\"color: #e02b20;\"><strong><em>Which races did they participate in?<\/em><\/strong><\/span><\/h2>\n<p><span style=\"color: #000000;\">The first one was Les Voiles de Saint-Tropez: we rented a Dufour 40 from a Uruguayan friend who keeps it in immaculate condition. From then on, we decided to participate in one or two regattas a year with our students. Later came the King&#8217;s Cup, the Barcolana\u2014with over 1,500 boats\u2014and the Venice Regatta, which was incredible because we sailed right up to St. Mark&#8217;s Square with our sails fully hoisted, which is the only time of year that&#8217;s allowed. That same year, some students from Uruguay bought a boat in Europe, and we sailed it from Cape Verde to Punta del Este.<\/span><\/p>\n<p><img loading=\"lazy\" decoding=\"async\" class=\"aligncenter\" src=\"https:\/\/navegantesoceanicos.com\/wp-content\/uploads\/2025\/09\/Lula-Monjeau-Rolex-Cup.jpeg\" alt=\"\" width=\"471\" height=\"707\" \/><\/p>\n<h2 style=\"text-align: center;\"><span style=\"color: #e02b20;\"><strong><em>Did they also hold regattas in Uruguay or Argentina?<\/em><\/strong><\/span><\/h2>\n<p><span style=\"color: rgba(0, 0, 0, 0.97);\">Yes, for the past five years we&#8217;ve participated in the Rolex Fastnet Race, which connects Buenos Aires to Punta del Este. We try to charter different boats depending on the number of students participating in the regatta: this year we had so many students that we managed to secure the &#8220;Tinto,&#8221; a beautiful 50-foot yacht. After the race, we went to the Caribbean, where we chartered a Lagoon catamaran and cruised around the islands for ten days. Now we&#8217;ve purchased a Hanse 42 in Germany, which will be available for the school starting in December.<\/span><\/p>\n<h2 style=\"text-align: center;\"><span style=\"color: #e02b20;\"><strong><em>And why did you tell me that some amazing things happened this week as well?<\/em><\/strong><\/span><\/h2>\n<p><span style=\"color: #000000;\">Because Enriqueta is bringing the boat we bought from Germany; she stopped in the Netherlands, where she&#8217;s exploring the canals with another part of our team and some of the course participants. Meanwhile, here in Uruguay, I received a message out of the blue from a man looking for some supplies for his boat\u2014someone had given him my phone number. I wasn&#8217;t entirely clear what he wanted, but when I looked up who he was, it turned out to be Laura Dekker&#8217;s father. I wrote to my partner to tell her who was in Uruguay, and that we had seen his daughter&#8217;s documentary and loved it. We couldn&#8217;t believe it! I don&#8217;t know, we talked on the phone with him for two hours, and then Enriqueta ran into Laura Dekker&#8217;s boat in the Netherlands, which was also traveling along that stretch of canals.<\/span><\/p>\n<p><img loading=\"lazy\" decoding=\"async\" class=\"aligncenter\" src=\"https:\/\/navegantesoceanicos.com\/wp-content\/uploads\/2025\/09\/Lula-Monjeau-a-toda-vela.jpeg\" alt=\"\" width=\"812\" height=\"590\" \/><\/p>\n<h2 style=\"text-align: center;\"><span style=\"color: #e02b20;\"><strong><em>So what happened? <\/em><\/strong><\/span><\/h2>\n<p><span style=\"color: rgba(0, 0, 0, 0.99);\">On the same day the father contacted me, he gave me his daughter&#8217;s phone number, and my friend went with our students to visit her on her boat, since she lives there with her husband, and we hadn&#8217;t known about it. They were actually returning to New Zealand. Meanwhile, I spent the entire week with the father, helping him take students out on his boat and enjoying barbecues with him: he was an incredible person, so simple, warm, and humble. I was completely captivated, especially since he built the boat himself. We ended up organizing talks for all the students. It was such a crazy coincidence, happening in different parts of the world. We couldn&#8217;t believe how chance and fate could bring us together on the same day with all this amazing story.<\/span><\/p>\n<p>[\/et_pb_text][et_pb_divider divider_weight=&#8221;3px&#8221; _builder_version=&#8221;4.27.4&#8243; _module_preset=&#8221;default&#8221; custom_margin=&#8221;||9px|||&#8221; global_colors_info=&#8221;{}&#8221;][\/et_pb_divider][et_pb_text admin_label=&#8221;Enlaces&#8221; _builder_version=&#8221;4.27.4&#8243; _module_preset=&#8221;default&#8221; custom_margin=&#8221;||11px|||&#8221; custom_padding=&#8221;||0px|||&#8221; global_colors_info=&#8221;{}&#8221;]<\/p>\n<h2 style=\"text-align: center;\"><span style=\"color: #07168c;\"><strong>Links:<\/strong><\/span><\/h2>\n<p style=\"text-align: center;\"><span style=\"color: #000000;\">Punta Yachting: <strong><span style=\"color: #e02b20;\"><a style=\"color: #e02b20;\" href=\"https:\/\/puntayachting.com\/\">https:\/\/puntayachting.com\/<\/a><\/span><\/strong><\/span><\/p>\n<p style=\"text-align: center;\"><span style=\"color: #000000;\">Punta Yachting IG: <strong><span style=\"color: #e02b20;\"><a style=\"color: #e02b20;\" href=\"https:\/\/www.instagram.com\/punta_yachting\/\">https:\/\/www.instagram.com\/punta_yachting\/<\/a><\/span><\/strong><\/span><\/p>\n<p>&nbsp;<\/p>\n<p>[\/et_pb_text][et_pb_divider divider_weight=&#8221;3px&#8221; _builder_version=&#8221;4.27.4&#8243; _module_preset=&#8221;default&#8221; custom_margin=&#8221;||9px|||&#8221; global_colors_info=&#8221;{}&#8221;][\/et_pb_divider][et_pb_text admin_label=&#8221;Agradecimiento&#8221; _builder_version=&#8221;4.27.4&#8243; _module_preset=&#8221;default&#8221; global_colors_info=&#8221;{}&#8221;]<\/p>\n<p style=\"text-align: center;\"><span style=\"color: #000000;\">From &#8220;Navegantes Oce\u00e1nicos (Bluewater Sailors)&#8221; we thank Lulu Monjeau for her contribution to this interesting interview, and we admire her drive and entrepreneurial spirit in the world of sailing.<\/span><\/p>\n<p style=\"text-align: center;\"><span style=\"color: #000000;\">We wish her all the best with her sailing school and fair winds for her future voyages.<\/span><\/p>\n<p>[\/et_pb_text][et_pb_divider divider_weight=&#8221;3px&#8221; _builder_version=&#8221;4.27.4&#8243; _module_preset=&#8221;default&#8221; custom_margin=&#8221;||9px|||&#8221; global_colors_info=&#8221;{}&#8221;][\/et_pb_divider][et_pb_image src=&#8221;https:\/\/navegantesoceanicos.com\/wp-content\/uploads\/2025\/03\/ISSN-for-Navegantes-Oceanicos.png&#8221; title_text=&#8221;ISSN for Navegantes Oce\u00e1nicos&#8221; _builder_version=&#8221;4.27.4&#8243; _module_preset=&#8221;default&#8221; global_colors_info=&#8221;{}&#8221;][\/et_pb_image][\/et_pb_column][\/et_pb_row][\/et_pb_section]<\/p>\n","protected":false},"excerpt":{"rendered":"<p>Interview with Lula Monjeau: &#8220;School is the seed that allows us to do many other things, and it fostered that perspective on navigation that I wanted to highlight: that anyone can do it, even if they haven&#8217;t always been part of this world.&#8221;<\/p>\n","protected":false},"author":831,"featured_media":42291,"comment_status":"open","ping_status":"open","sticky":false,"template":"","format":"standard","meta":{"_et_pb_use_builder":"on","_et_pb_old_content":"","_et_gb_content_width":"","footnotes":"","_wp_rev_ctl_limit":""},"categories":[135],"tags":[],"class_list":["post-42295","post","type-post","status-publish","format-standard","has-post-thumbnail","hentry","category-interviews","et-has-post-format-content","et_post_format-et-post-format-standard"],"yoast_head":"<!-- This site is optimized with the Yoast SEO plugin v27.4 - https:\/\/yoast.com\/product\/yoast-seo-wordpress\/ -->\n<title>Sailing school, interview with Lula Monjeau - Navegantes Oce\u00e1nicos<\/title>\n<meta name=\"description\" content=\"Navegantes oce\u00e1nicos, web con contenidos para apasionados por la mar, tripulantes, regatistas, patrones o armadores.\" \/>\n<meta name=\"robots\" content=\"index, follow, max-snippet:-1, max-image-preview:large, max-video-preview:-1\" \/>\n<link rel=\"canonical\" href=\"https:\/\/navegantesoceanicos.com\/en\/sailing-school-interview-with-lula-monjeau\/\" \/>\n<meta property=\"og:locale\" content=\"en_US\" \/>\n<meta property=\"og:type\" content=\"article\" \/>\n<meta property=\"og:title\" content=\"Sailing school, interview with Lula Monjeau - Navegantes Oce\u00e1nicos\" \/>\n<meta property=\"og:description\" content=\"Navegantes oce\u00e1nicos, web con contenidos para apasionados por la mar, tripulantes, regatistas, patrones o armadores.\" \/>\n<meta property=\"og:url\" content=\"https:\/\/navegantesoceanicos.com\/en\/sailing-school-interview-with-lula-monjeau\/\" \/>\n<meta property=\"og:site_name\" content=\"Navegantes Oce\u00e1nicos\" \/>\n<meta property=\"article:publisher\" content=\"https:\/\/www.facebook.com\/Navegantes-Oce%c3%a1nicos-112578593494698\" \/>\n<meta property=\"article:published_time\" content=\"2025-09-17T22:39:25+00:00\" \/>\n<meta property=\"article:modified_time\" content=\"2025-09-19T08:05:27+00:00\" \/>\n<meta property=\"og:image\" content=\"https:\/\/navegantesoceanicos.com\/wp-content\/uploads\/2025\/09\/Lula-Monjeau-escuela-navegacion.jpeg\" \/>\n\t<meta property=\"og:image:width\" content=\"2268\" \/>\n\t<meta property=\"og:image:height\" content=\"2215\" \/>\n\t<meta property=\"og:image:type\" content=\"image\/jpeg\" \/>\n<meta name=\"author\" content=\"Tamara Smerling\" \/>\n<meta name=\"twitter:label1\" content=\"Written by\" \/>\n\t<meta name=\"twitter:data1\" content=\"Tamara Smerling\" \/>\n\t<meta name=\"twitter:label2\" content=\"Est. reading time\" \/>\n\t<meta name=\"twitter:data2\" content=\"11 minutes\" \/>\n<script type=\"application\/ld+json\" class=\"yoast-schema-graph\">{\"@context\":\"https:\\\/\\\/schema.org\",\"@graph\":[{\"@type\":\"Article\",\"@id\":\"https:\\\/\\\/navegantesoceanicos.com\\\/en\\\/sailing-school-interview-with-lula-monjeau\\\/#article\",\"isPartOf\":{\"@id\":\"https:\\\/\\\/navegantesoceanicos.com\\\/en\\\/sailing-school-interview-with-lula-monjeau\\\/\"},\"author\":{\"name\":\"Tamara Smerling\",\"@id\":\"https:\\\/\\\/navegantesoceanicos.com\\\/en\\\/#\\\/schema\\\/person\\\/37ba732a8f452d99dd0f97716e4ab614\"},\"headline\":\"Sailing school, interview with Lula Monjeau\",\"datePublished\":\"2025-09-17T22:39:25+00:00\",\"dateModified\":\"2025-09-19T08:05:27+00:00\",\"mainEntityOfPage\":{\"@id\":\"https:\\\/\\\/navegantesoceanicos.com\\\/en\\\/sailing-school-interview-with-lula-monjeau\\\/\"},\"wordCount\":2096,\"commentCount\":0,\"publisher\":{\"@id\":\"https:\\\/\\\/navegantesoceanicos.com\\\/en\\\/#organization\"},\"image\":{\"@id\":\"https:\\\/\\\/navegantesoceanicos.com\\\/en\\\/sailing-school-interview-with-lula-monjeau\\\/#primaryimage\"},\"thumbnailUrl\":\"https:\\\/\\\/navegantesoceanicos.com\\\/wp-content\\\/uploads\\\/2025\\\/09\\\/Lula-Monjeau-escuela-navegacion.jpeg\",\"articleSection\":[\"Interviews\"],\"inLanguage\":\"en-US\",\"potentialAction\":[{\"@type\":\"CommentAction\",\"name\":\"Comment\",\"target\":[\"https:\\\/\\\/navegantesoceanicos.com\\\/en\\\/sailing-school-interview-with-lula-monjeau\\\/#respond\"]}]},{\"@type\":\"WebPage\",\"@id\":\"https:\\\/\\\/navegantesoceanicos.com\\\/en\\\/sailing-school-interview-with-lula-monjeau\\\/\",\"url\":\"https:\\\/\\\/navegantesoceanicos.com\\\/en\\\/sailing-school-interview-with-lula-monjeau\\\/\",\"name\":\"Sailing school, interview with Lula Monjeau - Navegantes Oce\u00e1nicos\",\"isPartOf\":{\"@id\":\"https:\\\/\\\/navegantesoceanicos.com\\\/en\\\/#website\"},\"primaryImageOfPage\":{\"@id\":\"https:\\\/\\\/navegantesoceanicos.com\\\/en\\\/sailing-school-interview-with-lula-monjeau\\\/#primaryimage\"},\"image\":{\"@id\":\"https:\\\/\\\/navegantesoceanicos.com\\\/en\\\/sailing-school-interview-with-lula-monjeau\\\/#primaryimage\"},\"thumbnailUrl\":\"https:\\\/\\\/navegantesoceanicos.com\\\/wp-content\\\/uploads\\\/2025\\\/09\\\/Lula-Monjeau-escuela-navegacion.jpeg\",\"datePublished\":\"2025-09-17T22:39:25+00:00\",\"dateModified\":\"2025-09-19T08:05:27+00:00\",\"description\":\"Navegantes oce\u00e1nicos, web con contenidos para apasionados por la mar, tripulantes, regatistas, patrones o armadores.\",\"breadcrumb\":{\"@id\":\"https:\\\/\\\/navegantesoceanicos.com\\\/en\\\/sailing-school-interview-with-lula-monjeau\\\/#breadcrumb\"},\"inLanguage\":\"en-US\",\"potentialAction\":[{\"@type\":\"ReadAction\",\"target\":[\"https:\\\/\\\/navegantesoceanicos.com\\\/en\\\/sailing-school-interview-with-lula-monjeau\\\/\"]}]},{\"@type\":\"ImageObject\",\"inLanguage\":\"en-US\",\"@id\":\"https:\\\/\\\/navegantesoceanicos.com\\\/en\\\/sailing-school-interview-with-lula-monjeau\\\/#primaryimage\",\"url\":\"https:\\\/\\\/navegantesoceanicos.com\\\/wp-content\\\/uploads\\\/2025\\\/09\\\/Lula-Monjeau-escuela-navegacion.jpeg\",\"contentUrl\":\"https:\\\/\\\/navegantesoceanicos.com\\\/wp-content\\\/uploads\\\/2025\\\/09\\\/Lula-Monjeau-escuela-navegacion.jpeg\",\"width\":2268,\"height\":2215},{\"@type\":\"BreadcrumbList\",\"@id\":\"https:\\\/\\\/navegantesoceanicos.com\\\/en\\\/sailing-school-interview-with-lula-monjeau\\\/#breadcrumb\",\"itemListElement\":[{\"@type\":\"ListItem\",\"position\":1,\"name\":\"Portada\",\"item\":\"https:\\\/\\\/navegantesoceanicos.com\\\/en\\\/\"},{\"@type\":\"ListItem\",\"position\":2,\"name\":\"Sailing school, interview with Lula Monjeau\"}]},{\"@type\":\"WebSite\",\"@id\":\"https:\\\/\\\/navegantesoceanicos.com\\\/en\\\/#website\",\"url\":\"https:\\\/\\\/navegantesoceanicos.com\\\/en\\\/\",\"name\":\"Navegantes Oce\u00e1nicos\",\"description\":\"Navegantes oce\u00e1nicos, te ayudamos a navegar, para navegantes, tripulantes, regatistas y armadores, escuela n\u00e1utica, libros on-line sobre t\u00e1cticas y equipamiento para la navegaci\u00f3n a vela, fondear, atracar, el manejo de las velas, electricidad a bordo, navegaci\u00f3n con mal tiempo, rutas oce\u00e1nicas y mucho m\u00e1s\",\"publisher\":{\"@id\":\"https:\\\/\\\/navegantesoceanicos.com\\\/en\\\/#organization\"},\"potentialAction\":[{\"@type\":\"SearchAction\",\"target\":{\"@type\":\"EntryPoint\",\"urlTemplate\":\"https:\\\/\\\/navegantesoceanicos.com\\\/en\\\/?s={search_term_string}\"},\"query-input\":{\"@type\":\"PropertyValueSpecification\",\"valueRequired\":true,\"valueName\":\"search_term_string\"}}],\"inLanguage\":\"en-US\"},{\"@type\":\"Organization\",\"@id\":\"https:\\\/\\\/navegantesoceanicos.com\\\/en\\\/#organization\",\"name\":\"Navegantes Oce\u00e1nicos\",\"url\":\"https:\\\/\\\/navegantesoceanicos.com\\\/en\\\/\",\"logo\":{\"@type\":\"ImageObject\",\"inLanguage\":\"en-US\",\"@id\":\"https:\\\/\\\/navegantesoceanicos.com\\\/en\\\/#\\\/schema\\\/logo\\\/image\\\/\",\"url\":\"https:\\\/\\\/navegantesoceanicos.com\\\/wp-content\\\/uploads\\\/2019\\\/12\\\/LOGO-NAVEGANTES-OCEANICOS.png\",\"contentUrl\":\"https:\\\/\\\/navegantesoceanicos.com\\\/wp-content\\\/uploads\\\/2019\\\/12\\\/LOGO-NAVEGANTES-OCEANICOS.png\",\"width\":1010,\"height\":814,\"caption\":\"Navegantes Oce\u00e1nicos\"},\"image\":{\"@id\":\"https:\\\/\\\/navegantesoceanicos.com\\\/en\\\/#\\\/schema\\\/logo\\\/image\\\/\"},\"sameAs\":[\"https:\\\/\\\/www.facebook.com\\\/Navegantes-Oce\u00e1nicos-112578593494698\",\"https:\\\/\\\/www.instagram.com\\\/navegantes_oceanicos\\\/?hl=es\",\"https:\\\/\\\/www.youtube.com\\\/channel\\\/UCXgDL_6xqE7rpdwNXRmzF_Q\\\/featured\"]},{\"@type\":\"Person\",\"@id\":\"https:\\\/\\\/navegantesoceanicos.com\\\/en\\\/#\\\/schema\\\/person\\\/37ba732a8f452d99dd0f97716e4ab614\",\"name\":\"Tamara Smerling\",\"image\":{\"@type\":\"ImageObject\",\"inLanguage\":\"en-US\",\"@id\":\"https:\\\/\\\/secure.gravatar.com\\\/avatar\\\/85347147d5847554923b12455c0c59277be52f9c3599a2e4af69d99571e94959?s=96&d=mm&r=g\",\"url\":\"https:\\\/\\\/secure.gravatar.com\\\/avatar\\\/85347147d5847554923b12455c0c59277be52f9c3599a2e4af69d99571e94959?s=96&d=mm&r=g\",\"contentUrl\":\"https:\\\/\\\/secure.gravatar.com\\\/avatar\\\/85347147d5847554923b12455c0c59277be52f9c3599a2e4af69d99571e94959?s=96&d=mm&r=g\",\"caption\":\"Tamara Smerling\"},\"url\":\"https:\\\/\\\/navegantesoceanicos.com\\\/en\\\/author\\\/tamaras\\\/\"}]}<\/script>\n<!-- \/ Yoast SEO plugin. -->","yoast_head_json":{"title":"Sailing school, interview with Lula Monjeau - Navegantes Oce\u00e1nicos","description":"Navegantes oce\u00e1nicos, web con contenidos para apasionados por la mar, tripulantes, regatistas, patrones o armadores.","robots":{"index":"index","follow":"follow","max-snippet":"max-snippet:-1","max-image-preview":"max-image-preview:large","max-video-preview":"max-video-preview:-1"},"canonical":"https:\/\/navegantesoceanicos.com\/en\/sailing-school-interview-with-lula-monjeau\/","og_locale":"en_US","og_type":"article","og_title":"Sailing school, interview with Lula Monjeau - Navegantes Oce\u00e1nicos","og_description":"Navegantes oce\u00e1nicos, web con contenidos para apasionados por la mar, tripulantes, regatistas, patrones o armadores.","og_url":"https:\/\/navegantesoceanicos.com\/en\/sailing-school-interview-with-lula-monjeau\/","og_site_name":"Navegantes Oce\u00e1nicos","article_publisher":"https:\/\/www.facebook.com\/Navegantes-Oce%c3%a1nicos-112578593494698","article_published_time":"2025-09-17T22:39:25+00:00","article_modified_time":"2025-09-19T08:05:27+00:00","og_image":[{"width":2268,"height":2215,"url":"https:\/\/navegantesoceanicos.com\/wp-content\/uploads\/2025\/09\/Lula-Monjeau-escuela-navegacion.jpeg","type":"image\/jpeg"}],"author":"Tamara Smerling","twitter_misc":{"Written by":"Tamara Smerling","Est. reading time":"11 minutes"},"schema":{"@context":"https:\/\/schema.org","@graph":[{"@type":"Article","@id":"https:\/\/navegantesoceanicos.com\/en\/sailing-school-interview-with-lula-monjeau\/#article","isPartOf":{"@id":"https:\/\/navegantesoceanicos.com\/en\/sailing-school-interview-with-lula-monjeau\/"},"author":{"name":"Tamara Smerling","@id":"https:\/\/navegantesoceanicos.com\/en\/#\/schema\/person\/37ba732a8f452d99dd0f97716e4ab614"},"headline":"Sailing school, interview with Lula Monjeau","datePublished":"2025-09-17T22:39:25+00:00","dateModified":"2025-09-19T08:05:27+00:00","mainEntityOfPage":{"@id":"https:\/\/navegantesoceanicos.com\/en\/sailing-school-interview-with-lula-monjeau\/"},"wordCount":2096,"commentCount":0,"publisher":{"@id":"https:\/\/navegantesoceanicos.com\/en\/#organization"},"image":{"@id":"https:\/\/navegantesoceanicos.com\/en\/sailing-school-interview-with-lula-monjeau\/#primaryimage"},"thumbnailUrl":"https:\/\/navegantesoceanicos.com\/wp-content\/uploads\/2025\/09\/Lula-Monjeau-escuela-navegacion.jpeg","articleSection":["Interviews"],"inLanguage":"en-US","potentialAction":[{"@type":"CommentAction","name":"Comment","target":["https:\/\/navegantesoceanicos.com\/en\/sailing-school-interview-with-lula-monjeau\/#respond"]}]},{"@type":"WebPage","@id":"https:\/\/navegantesoceanicos.com\/en\/sailing-school-interview-with-lula-monjeau\/","url":"https:\/\/navegantesoceanicos.com\/en\/sailing-school-interview-with-lula-monjeau\/","name":"Sailing school, interview with Lula Monjeau - Navegantes Oce\u00e1nicos","isPartOf":{"@id":"https:\/\/navegantesoceanicos.com\/en\/#website"},"primaryImageOfPage":{"@id":"https:\/\/navegantesoceanicos.com\/en\/sailing-school-interview-with-lula-monjeau\/#primaryimage"},"image":{"@id":"https:\/\/navegantesoceanicos.com\/en\/sailing-school-interview-with-lula-monjeau\/#primaryimage"},"thumbnailUrl":"https:\/\/navegantesoceanicos.com\/wp-content\/uploads\/2025\/09\/Lula-Monjeau-escuela-navegacion.jpeg","datePublished":"2025-09-17T22:39:25+00:00","dateModified":"2025-09-19T08:05:27+00:00","description":"Navegantes oce\u00e1nicos, web con contenidos para apasionados por la mar, tripulantes, regatistas, patrones o armadores.","breadcrumb":{"@id":"https:\/\/navegantesoceanicos.com\/en\/sailing-school-interview-with-lula-monjeau\/#breadcrumb"},"inLanguage":"en-US","potentialAction":[{"@type":"ReadAction","target":["https:\/\/navegantesoceanicos.com\/en\/sailing-school-interview-with-lula-monjeau\/"]}]},{"@type":"ImageObject","inLanguage":"en-US","@id":"https:\/\/navegantesoceanicos.com\/en\/sailing-school-interview-with-lula-monjeau\/#primaryimage","url":"https:\/\/navegantesoceanicos.com\/wp-content\/uploads\/2025\/09\/Lula-Monjeau-escuela-navegacion.jpeg","contentUrl":"https:\/\/navegantesoceanicos.com\/wp-content\/uploads\/2025\/09\/Lula-Monjeau-escuela-navegacion.jpeg","width":2268,"height":2215},{"@type":"BreadcrumbList","@id":"https:\/\/navegantesoceanicos.com\/en\/sailing-school-interview-with-lula-monjeau\/#breadcrumb","itemListElement":[{"@type":"ListItem","position":1,"name":"Portada","item":"https:\/\/navegantesoceanicos.com\/en\/"},{"@type":"ListItem","position":2,"name":"Sailing school, interview with Lula Monjeau"}]},{"@type":"WebSite","@id":"https:\/\/navegantesoceanicos.com\/en\/#website","url":"https:\/\/navegantesoceanicos.com\/en\/","name":"Navegantes Oce\u00e1nicos","description":"Navegantes oce\u00e1nicos, te ayudamos a navegar, para navegantes, tripulantes, regatistas y armadores, escuela n\u00e1utica, libros on-line sobre t\u00e1cticas y equipamiento para la navegaci\u00f3n a vela, fondear, atracar, el manejo de las velas, electricidad a bordo, navegaci\u00f3n con mal tiempo, rutas oce\u00e1nicas y mucho m\u00e1s","publisher":{"@id":"https:\/\/navegantesoceanicos.com\/en\/#organization"},"potentialAction":[{"@type":"SearchAction","target":{"@type":"EntryPoint","urlTemplate":"https:\/\/navegantesoceanicos.com\/en\/?s={search_term_string}"},"query-input":{"@type":"PropertyValueSpecification","valueRequired":true,"valueName":"search_term_string"}}],"inLanguage":"en-US"},{"@type":"Organization","@id":"https:\/\/navegantesoceanicos.com\/en\/#organization","name":"Navegantes Oce\u00e1nicos","url":"https:\/\/navegantesoceanicos.com\/en\/","logo":{"@type":"ImageObject","inLanguage":"en-US","@id":"https:\/\/navegantesoceanicos.com\/en\/#\/schema\/logo\/image\/","url":"https:\/\/navegantesoceanicos.com\/wp-content\/uploads\/2019\/12\/LOGO-NAVEGANTES-OCEANICOS.png","contentUrl":"https:\/\/navegantesoceanicos.com\/wp-content\/uploads\/2019\/12\/LOGO-NAVEGANTES-OCEANICOS.png","width":1010,"height":814,"caption":"Navegantes Oce\u00e1nicos"},"image":{"@id":"https:\/\/navegantesoceanicos.com\/en\/#\/schema\/logo\/image\/"},"sameAs":["https:\/\/www.facebook.com\/Navegantes-Oce\u00e1nicos-112578593494698","https:\/\/www.instagram.com\/navegantes_oceanicos\/?hl=es","https:\/\/www.youtube.com\/channel\/UCXgDL_6xqE7rpdwNXRmzF_Q\/featured"]},{"@type":"Person","@id":"https:\/\/navegantesoceanicos.com\/en\/#\/schema\/person\/37ba732a8f452d99dd0f97716e4ab614","name":"Tamara Smerling","image":{"@type":"ImageObject","inLanguage":"en-US","@id":"https:\/\/secure.gravatar.com\/avatar\/85347147d5847554923b12455c0c59277be52f9c3599a2e4af69d99571e94959?s=96&d=mm&r=g","url":"https:\/\/secure.gravatar.com\/avatar\/85347147d5847554923b12455c0c59277be52f9c3599a2e4af69d99571e94959?s=96&d=mm&r=g","contentUrl":"https:\/\/secure.gravatar.com\/avatar\/85347147d5847554923b12455c0c59277be52f9c3599a2e4af69d99571e94959?s=96&d=mm&r=g","caption":"Tamara Smerling"},"url":"https:\/\/navegantesoceanicos.com\/en\/author\/tamaras\/"}]}},"rttpg_featured_image_url":{"full":["https:\/\/navegantesoceanicos.com\/wp-content\/uploads\/2025\/09\/Lula-Monjeau-escuela-navegacion.jpeg",2268,2215,false],"landscape":["https:\/\/navegantesoceanicos.com\/wp-content\/uploads\/2025\/09\/Lula-Monjeau-escuela-navegacion.jpeg",2268,2215,false],"portraits":["https:\/\/navegantesoceanicos.com\/wp-content\/uploads\/2025\/09\/Lula-Monjeau-escuela-navegacion.jpeg",2268,2215,false],"thumbnail":["https:\/\/navegantesoceanicos.com\/wp-content\/uploads\/2025\/09\/Lula-Monjeau-escuela-navegacion-150x150.jpeg",150,150,true],"medium":["https:\/\/navegantesoceanicos.com\/wp-content\/uploads\/2025\/09\/Lula-Monjeau-escuela-navegacion-300x293.jpeg",300,293,true],"large":["https:\/\/navegantesoceanicos.com\/wp-content\/uploads\/2025\/09\/Lula-Monjeau-escuela-navegacion-1024x1000.jpeg",1024,1000,true],"1536x1536":["https:\/\/navegantesoceanicos.com\/wp-content\/uploads\/2025\/09\/Lula-Monjeau-escuela-navegacion-1536x1500.jpeg",1536,1500,true],"2048x2048":["https:\/\/navegantesoceanicos.com\/wp-content\/uploads\/2025\/09\/Lula-Monjeau-escuela-navegacion-2048x2000.jpeg",2048,2000,true],"smart-post-landscape":["https:\/\/navegantesoceanicos.com\/wp-content\/uploads\/2025\/09\/Lula-Monjeau-escuela-navegacion.jpeg",584,570,false],"smart-post-portrait":["https:\/\/navegantesoceanicos.com\/wp-content\/uploads\/2025\/09\/Lula-Monjeau-escuela-navegacion.jpeg",600,586,false],"et-builder-post-main-image":["https:\/\/navegantesoceanicos.com\/wp-content\/uploads\/2025\/09\/Lula-Monjeau-escuela-navegacion-400x250.jpeg",400,250,true],"et-builder-post-main-image-fullwidth":["https:\/\/navegantesoceanicos.com\/wp-content\/uploads\/2025\/09\/Lula-Monjeau-escuela-navegacion-1080x675.jpeg",1080,675,true],"et-builder-portfolio-image":["https:\/\/navegantesoceanicos.com\/wp-content\/uploads\/2025\/09\/Lula-Monjeau-escuela-navegacion-400x284.jpeg",400,284,true],"et-builder-portfolio-image-single":["https:\/\/navegantesoceanicos.com\/wp-content\/uploads\/2025\/09\/Lula-Monjeau-escuela-navegacion-1080x1055.jpeg",1080,1055,true],"et-builder-gallery-image-portrait":["https:\/\/navegantesoceanicos.com\/wp-content\/uploads\/2025\/09\/Lula-Monjeau-escuela-navegacion-400x516.jpeg",400,516,true],"extra-image-huge":["https:\/\/navegantesoceanicos.com\/wp-content\/uploads\/2025\/09\/Lula-Monjeau-escuela-navegacion-1280x768.jpeg",1280,768,true],"extra-image-single-post":["https:\/\/navegantesoceanicos.com\/wp-content\/uploads\/2025\/09\/Lula-Monjeau-escuela-navegacion-1280x640.jpeg",1280,640,true],"extra-image-medium":["https:\/\/navegantesoceanicos.com\/wp-content\/uploads\/2025\/09\/Lula-Monjeau-escuela-navegacion-627x376.jpeg",627,376,true],"extra-image-small":["https:\/\/navegantesoceanicos.com\/wp-content\/uploads\/2025\/09\/Lula-Monjeau-escuela-navegacion-440x264.jpeg",440,264,true],"extra-image-square-medium":["https:\/\/navegantesoceanicos.com\/wp-content\/uploads\/2025\/09\/Lula-Monjeau-escuela-navegacion-440x440.jpeg",440,440,true],"extra-image-square-small":["https:\/\/navegantesoceanicos.com\/wp-content\/uploads\/2025\/09\/Lula-Monjeau-escuela-navegacion-150x150.jpeg",150,150,true],"woocommerce_thumbnail":["https:\/\/navegantesoceanicos.com\/wp-content\/uploads\/2025\/09\/Lula-Monjeau-escuela-navegacion-300x293.jpeg",300,293,true],"woocommerce_single":["https:\/\/navegantesoceanicos.com\/wp-content\/uploads\/2025\/09\/Lula-Monjeau-escuela-navegacion-600x586.jpeg",600,586,true],"woocommerce_gallery_thumbnail":["https:\/\/navegantesoceanicos.com\/wp-content\/uploads\/2025\/09\/Lula-Monjeau-escuela-navegacion-100x100.jpeg",100,100,true],"dgwt-wcas-product-suggestion":["https:\/\/navegantesoceanicos.com\/wp-content\/uploads\/2025\/09\/Lula-Monjeau-escuela-navegacion-64x63.jpeg",64,63,true]},"rttpg_author":{"display_name":"Tamara Smerling","author_link":"https:\/\/navegantesoceanicos.com\/en\/author\/tamaras\/"},"rttpg_comment":0,"rttpg_category":"<a href=\"https:\/\/navegantesoceanicos.com\/en\/category\/interviews\/\" rel=\"category tag\">Interviews<\/a>","rttpg_excerpt":"Interview with Lula Monjeau: \"School is the seed that allows us to do many other things, and it fostered that perspective on navigation that I wanted to highlight: that anyone can do it, even if they haven't always been part of this world.\"","_links":{"self":[{"href":"https:\/\/navegantesoceanicos.com\/en\/wp-json\/wp\/v2\/posts\/42295","targetHints":{"allow":["GET"]}}],"collection":[{"href":"https:\/\/navegantesoceanicos.com\/en\/wp-json\/wp\/v2\/posts"}],"about":[{"href":"https:\/\/navegantesoceanicos.com\/en\/wp-json\/wp\/v2\/types\/post"}],"author":[{"embeddable":true,"href":"https:\/\/navegantesoceanicos.com\/en\/wp-json\/wp\/v2\/users\/831"}],"replies":[{"embeddable":true,"href":"https:\/\/navegantesoceanicos.com\/en\/wp-json\/wp\/v2\/comments?post=42295"}],"version-history":[{"count":0,"href":"https:\/\/navegantesoceanicos.com\/en\/wp-json\/wp\/v2\/posts\/42295\/revisions"}],"wp:featuredmedia":[{"embeddable":true,"href":"https:\/\/navegantesoceanicos.com\/en\/wp-json\/wp\/v2\/media\/42291"}],"wp:attachment":[{"href":"https:\/\/navegantesoceanicos.com\/en\/wp-json\/wp\/v2\/media?parent=42295"}],"wp:term":[{"taxonomy":"category","embeddable":true,"href":"https:\/\/navegantesoceanicos.com\/en\/wp-json\/wp\/v2\/categories?post=42295"},{"taxonomy":"post_tag","embeddable":true,"href":"https:\/\/navegantesoceanicos.com\/en\/wp-json\/wp\/v2\/tags?post=42295"}],"curies":[{"name":"wp","href":"https:\/\/api.w.org\/{rel}","templated":true}]}}