{"id":46497,"date":"2026-03-12T11:08:06","date_gmt":"2026-03-12T11:08:06","guid":{"rendered":"https:\/\/navegantesoceanicos.com\/el-viaje-de-sailing-martini-una-travesia-por-el-caribe-para-ir-detras-de-los-suenos\/"},"modified":"2026-03-12T20:12:45","modified_gmt":"2026-03-12T20:12:45","slug":"sailing-martinis-journey-a-caribbean-voyage-in-pursuit-of-dreams","status":"publish","type":"post","link":"https:\/\/navegantesoceanicos.com\/en\/sailing-martinis-journey-a-caribbean-voyage-in-pursuit-of-dreams\/","title":{"rendered":"Sailing Martini&#8217;s journey: a Caribbean voyage in pursuit of dreams"},"content":{"rendered":"<p>[et_pb_section fb_built=&#8221;1&#8243; _builder_version=&#8221;4.27.5&#8243; _module_preset=&#8221;default&#8221; custom_padding=&#8221;25px|||||&#8221; global_colors_info=&#8221;{}&#8221;][et_pb_row _builder_version=&#8221;4.27.5&#8243; _module_preset=&#8221;default&#8221; custom_padding=&#8221;12px||12px|||&#8221; global_colors_info=&#8221;{}&#8221;][et_pb_column type=&#8221;4_4&#8243; _builder_version=&#8221;4.27.5&#8243; _module_preset=&#8221;default&#8221; global_colors_info=&#8221;{}&#8221;][et_pb_text _builder_version=&#8221;4.27.5&#8243; _module_preset=&#8221;default&#8221; global_colors_info=&#8221;{}&#8221;]<\/p>\n<p style=\"text-align: center;\"><span style=\"color: #000000;\"><strong>An Argentinian couple, Mar\u00eda Minuto and Sebasti\u00e1n Spigolon, left their lives on land to sail the Caribbean: after a couple of years in San Blas, they ventured out to Baja California and plan\u2014in the future\u2014to reach Polynesia. Today, from the Gulf of Panama in the Pacific, they tell us how this adventure began with their three teenage children. <\/strong><\/span><\/p>\n<p>[\/et_pb_text][\/et_pb_column][\/et_pb_row][et_pb_row column_structure=&#8221;1_5,3_5,1_5&#8243; _builder_version=&#8221;4.27.5&#8243; _module_preset=&#8221;default&#8221; custom_padding=&#8221;||19px|||&#8221; global_colors_info=&#8221;{}&#8221;][et_pb_column type=&#8221;1_5&#8243; _builder_version=&#8221;4.27.5&#8243; _module_preset=&#8221;default&#8221; global_colors_info=&#8221;{}&#8221;][\/et_pb_column][et_pb_column type=&#8221;3_5&#8243; _builder_version=&#8221;4.27.5&#8243; _module_preset=&#8221;default&#8221; global_colors_info=&#8221;{}&#8221;][et_pb_image src=&#8221;https:\/\/navegantesoceanicos.com\/wp-content\/uploads\/2026\/03\/Pesca-en-dinghy.jpeg&#8221; _builder_version=&#8221;4.27.5&#8243; _module_preset=&#8221;default&#8221; global_colors_info=&#8221;{}&#8221;][\/et_pb_image][\/et_pb_column][et_pb_column type=&#8221;1_5&#8243; _builder_version=&#8221;4.27.5&#8243; _module_preset=&#8221;default&#8221; global_colors_info=&#8221;{}&#8221;][\/et_pb_column][\/et_pb_row][et_pb_row _builder_version=&#8221;4.27.5&#8243; _module_preset=&#8221;default&#8221; global_colors_info=&#8221;{}&#8221;][et_pb_column type=&#8221;4_4&#8243; _builder_version=&#8221;4.27.5&#8243; _module_preset=&#8221;default&#8221; global_colors_info=&#8221;{}&#8221;][et_pb_text _builder_version=&#8221;4.27.5&#8243; _module_preset=&#8221;default&#8221; global_colors_info=&#8221;{}&#8221;]<\/p>\n<p style=\"text-align: center;\"><span style=\"color: #000000;\">One day, Mar\u00eda Minuto and Sebasti\u00e1n Spigolon, an Argentinian couple with three teenage children, made a decision: when they turned 48, they would set sail around the world, using whatever savings they had and whatever boat they could afford at the time, no matter the cost. Work, raising children, their parents, an accident that changed everything, and COVID-19, which had sickened some friends, had pushed them to their limits: in short, life itself, with all its ups and downs. So, without waiting for that deadline, they decided they had to stop postponing their dreams until they no longer had the strength to drop anchor or raise a sail.<\/span><\/p>\n<p style=\"text-align: center;\"><span style=\"color: #000000;\">However, the plan was ultimately moved up a few years. The twins were older now, starting university. Their youngest daughter, Joaquina, was about to start high school. They all joined the adventure (although sometimes they would disembark in one port only to re-embark a few months later in the next). The transition meant spending some months at sea, others on land (when their work on the coast, a restaurant, during peak season allowed for these trips back and forth), until they finally decided to cast off and buy the big boat: a Beneteau Oceanis 473. The \u201cMartini\u201d.<\/span><\/p>\n<p style=\"text-align: center;\"><span style=\"color: #000000;\">\u201cWe\u2019re currently sailing through the Gulf of Panama. We\u2019re heading towards Costa Rica, past the famous Punta Mala, a region known for its very strong swells and wild waves. Luckily, we\u2019ve been sailing very well: we chose a window of wind that promises a comfortable crossing, and we\u2019re enjoying calm seas and a beautiful moon,\u201d they told Navegantes Oce\u00e1nicos one sunny morning from the coast where they anchored in the early hours of yesterday. They were surprised\u2014and amazed\u2014when they woke up, went up to the stern, and saw the mangrove landscape and the damp scent of the jungle wafting along the shore.<\/span><\/p>\n<p style=\"text-align: center;\"><span style=\"color: #000000;\">The plan for this voyage\u2014which they are undertaking in partnership with another family, El viaje del Bohemia\u2014includes continuing to the Sea of \u200b\u200bCortez, reaching Baja California, and, perhaps a few years later, crossing over to French Polynesia. \u201cOur youngest daughter is 16, she\u2019s in her last year of high school, and she might want to study Marine Biology in Baja California. She scuba dives, spearfishes, and also freedives. We\u2019ve already looked at some possible universities. That will also determine the timing of the trips we\u2019ll take in the coming years.\u201d<\/span><\/p>\n<p>[\/et_pb_text][\/et_pb_column][\/et_pb_row][et_pb_row column_structure=&#8221;1_5,3_5,1_5&#8243; _builder_version=&#8221;4.27.5&#8243; _module_preset=&#8221;default&#8221; custom_padding=&#8221;13px||13px|||&#8221; global_colors_info=&#8221;{}&#8221;][et_pb_column type=&#8221;1_5&#8243; _builder_version=&#8221;4.27.5&#8243; _module_preset=&#8221;default&#8221; global_colors_info=&#8221;{}&#8221;][\/et_pb_column][et_pb_column type=&#8221;3_5&#8243; _builder_version=&#8221;4.27.5&#8243; _module_preset=&#8221;default&#8221; global_colors_info=&#8221;{}&#8221;][et_pb_image src=&#8221;https:\/\/navegantesoceanicos.com\/wp-content\/uploads\/2026\/03\/Velero-Sailing-Martini.jpeg&#8221; _builder_version=&#8221;4.27.5&#8243; _module_preset=&#8221;default&#8221; global_colors_info=&#8221;{}&#8221;][\/et_pb_image][\/et_pb_column][et_pb_column type=&#8221;1_5&#8243; _builder_version=&#8221;4.27.5&#8243; _module_preset=&#8221;default&#8221; global_colors_info=&#8221;{}&#8221;][\/et_pb_column][\/et_pb_row][et_pb_row _builder_version=&#8221;4.27.5&#8243; _module_preset=&#8221;default&#8221; global_colors_info=&#8221;{}&#8221;][et_pb_column type=&#8221;4_4&#8243; _builder_version=&#8221;4.27.5&#8243; _module_preset=&#8221;default&#8221; global_colors_info=&#8221;{}&#8221;][et_pb_text admin_label=&#8221;Texto 1 y 2&#8243; _builder_version=&#8221;4.27.5&#8243; _module_preset=&#8221;default&#8221; global_colors_info=&#8221;{}&#8221;]<\/p>\n<h2 style=\"text-align: center;\"><span style=\"color: #081aa3;\"><strong><em>How did you begin sailing? What were your beginnings and what resources did you have?<\/em><\/strong><\/span><\/h2>\n<p><span style=\"color: #000000;\"><span style=\"color: #e02b20;\"><strong>(Sebasti\u00e1n)<\/strong><\/span><\/span><\/p>\n<p><span style=\"color: #000000;\">I was born in Mendoza and always worked as a mountain guide. I loved the sea and boats, but I didn&#8217;t have access to them (it&#8217;s a province at the foot of the Andes Mountains). Mar\u00eda is from Buenos Aires, but her family had a business in Caril\u00f3 (on the Argentine coast, in the Province of Buenos Aires). In fact, we met on a horseback riding trip, the Crossing of the Andes, where I was her guide. When we decided to be together and start a family, we moved to the coast to work in her family&#8217;s restaurant, because she had just graduated with a degree in economics.<\/span><\/p>\n<p><span style=\"color: #000000;\">Around that time, about 20 years ago, we started traveling from Pinamar to Mar del Plata (about 100 kilometers away) for her to take a sailing course. We also went back and forth to Mendoza in our small car with our three-year-old twins, Josefina and Mateo, until we had a very serious accident on the highway. Mar\u00eda survived by sheer luck; she was in very bad shape. At that point we abandoned the helmsman course, but we really liked diving and started traveling and connecting with it.<\/span><\/p>\n<h2 style=\"text-align: center;\"><span style=\"color: #081aa3;\"><strong><em>What happened next?<\/em><\/strong><\/span><\/h2>\n<p><span style=\"color: #000000;\"><strong><span style=\"color: #e02b20;\">(Sebasti\u00e1n)<\/span><\/strong> We always thought about getting back into sailing. At one point, I completed the course again, and in 2020, we bought a 26-foot sailboat that was moored in Mar del Plata. We would go back and forth on weekends, in the middle of winter, to sail. It was difficult.<\/span><\/p>\n<p><span style=\"color: #000000;\"><span style=\"color: #e02b20;\"><strong>(Mar\u00eda)<\/strong><\/span> Because we had the restaurant on the coast and worked the entire summer season, with those work hours we could only go sailing in the dead of winter. We were freezing.<\/span><\/p>\n<p><span style=\"color: #000000;\"><strong><span style=\"color: #e02b20;\">(Sebasti\u00e1n) <\/span><\/strong>The pandemic then brought the world to a standstill and allowed us to think about what we wanted to do. We were working so much, the restaurant was so all-consuming, every day, at any hour, that we set a date: we had said we were going to retire at 48, with what we had earned up to that point, because our youngest daughter was finishing high school. What we wanted was to make that youthful dream a reality, even though we saw the date approaching\u2026 (laughs). We didn&#8217;t want to be 60, save up the money, buy a boat, and then no longer be physically able to raise an anchor. Up until then, we had a conventional family, our business, a house on the coast of Argentina, with a desire to explore and travel, but the pandemic helped us make up our minds.<\/span><\/p>\n<p><span style=\"color: #000000;\">As soon as the borders reopened, we got a 34-foot boat in the Caribbean, and I called Mar\u00eda (whose mother was very ill, in an ambulance, with COVID). She didn&#8217;t even open the link I sent her and told me <\/span><span style=\"color: #000000;\">:<\/span><\/p>\n<p style=\"text-align: center;\"><span style=\"color: #000000;\"><em><strong><span style=\"color: #2a9118;\">\u201cYes, buy it, without hesitation. Let&#8217;s go\u201d<\/span><\/strong><\/em>. <\/span><\/p>\n<p><span style=\"color: #000000;\">It was the first boat we&#8217;d seen in San Blas that we liked, owned by a man from C\u00f3rdoba, who had just put it up for sale. We realized that we were going to spend much more time on board that boat than we had thought, even though at that time we were traveling back and forth depending on the season in Argentina.<\/span><\/p>\n<p>[\/et_pb_text][\/et_pb_column][\/et_pb_row][et_pb_row column_structure=&#8221;1_5,3_5,1_5&#8243; _builder_version=&#8221;4.27.5&#8243; _module_preset=&#8221;default&#8221; custom_padding=&#8221;11px||12px|||&#8221; global_colors_info=&#8221;{}&#8221;][et_pb_column type=&#8221;1_5&#8243; _builder_version=&#8221;4.27.5&#8243; _module_preset=&#8221;default&#8221; global_colors_info=&#8221;{}&#8221;][\/et_pb_column][et_pb_column type=&#8221;3_5&#8243; _builder_version=&#8221;4.27.5&#8243; _module_preset=&#8221;default&#8221; global_colors_info=&#8221;{}&#8221;][et_pb_image src=&#8221;https:\/\/navegantesoceanicos.com\/wp-content\/uploads\/2026\/03\/Achicando-sentinas.jpg&#8221; alt=&#8221;Achicando sentinas&#8221; title_text=&#8221;Sailing Martini. Achicando sentinas&#8221; _builder_version=&#8221;4.27.5&#8243; _module_preset=&#8221;default&#8221; global_colors_info=&#8221;{}&#8221;][\/et_pb_image][\/et_pb_column][et_pb_column type=&#8221;1_5&#8243; _builder_version=&#8221;4.27.5&#8243; _module_preset=&#8221;default&#8221; global_colors_info=&#8221;{}&#8221;][\/et_pb_column][\/et_pb_row][et_pb_row _builder_version=&#8221;4.27.5&#8243; _module_preset=&#8221;default&#8221; global_colors_info=&#8221;{}&#8221;][et_pb_column type=&#8221;4_4&#8243; _builder_version=&#8221;4.27.5&#8243; _module_preset=&#8221;default&#8221; global_colors_info=&#8221;{}&#8221;][et_pb_text admin_label=&#8221;Texto 3 , 4 y 5&#8243; _builder_version=&#8221;4.27.5&#8243; _module_preset=&#8221;default&#8221; global_colors_info=&#8221;{}&#8221;]<\/p>\n<h2 style=\"text-align: center;\"><span style=\"color: #091ca5;\"><strong><em>How did you come to own this new ship? What are its features?<\/em><\/strong><\/span><\/h2>\n<p><span style=\"color: #000000;\"><span style=\"color: #e02b20;\"><strong>(Mar\u00eda)<\/strong><\/span> Two years ago we went from Bocas del Toro to San Blas and, since the kids were finally spending a lot of time with us, surrounded by friends, we decided we needed a bigger boat to be able to travel and sail comfortably: in Panama we bought this sailboat.<\/span><\/p>\n<p><span style=\"color: #000000;\"><span style=\"color: #e02b20;\"><strong>(Sebasti\u00e1n)<\/strong> <\/span>Yes, we had been looking for boats in Spain or the United States, but then the opportunity arose to buy this boat, the Martini, which belonged to a friend of ours. At that time, we had been in San Blas for three years, and that&#8217;s why we also prepared it for charters. Along the way, we decided to sell our restaurant on the coast of Argentina. All the transitions we made over these five years finally led us here. Because everything from our goal of 48 years to the present was brought forward.<\/span><\/p>\n<h2 style=\"text-align: center;\"><span style=\"color: #0930a5;\"><strong><em>What elements do you consider essential for ocean voyages? What are the main qualities of this ship?<\/em><\/strong><\/span><\/h2>\n<p><span style=\"color: #000000;\"><strong><span style=\"color: #e02b20;\">(Sebasti\u00e1n) <\/span><\/strong>Safety, for me, is non-negotiable. I&#8217;m quite obsessive about everything; I study it in depth. I have a lot of experience in safety from the expeditions I&#8217;ve done in my profession, with weather conditions that must be taken into account both in the mountains and at sea. The preparation, the meteorology, the safety procedures, how to manage risks\u2014it&#8217;s all very similar.<\/span><\/p>\n<p><span style=\"color: #000000;\">The Martini is a 2004 Beneteau 473. In the two years since we bought it, we&#8217;ve dedicated ourselves to equipping it, knowing what we needed for crossings and what we expected from this boat: we changed the sails, bought a watermaker, and we really liked that the stern is open because we spend a lot of time on the water\u2014fishing, windfoiling, freediving, everything. It&#8217;s a very solid boat; it sails very well. Then, of course, there&#8217;s comfort. At one time, on our other sailboat, we&#8217;d collect rainwater, and you can live perfectly well, but obviously, adding comforts makes it better. But they are not a determining factor.<\/span><\/p>\n<h2 style=\"text-align: center;\"><span style=\"color: #0a2dad;\"><strong><em>What features does this ship have for this voyage?<\/em><\/strong><\/span><\/h2>\n<p><span style=\"color: #000000;\"><span style=\"color: #e02b20;\"><strong>(Mar\u00eda)<\/strong><\/span> It was a big change going from a 34-footer to a 47-footer. It moves less, everything is more comfortable. On the 34-footer, everything was manual; we didn&#8217;t even have an electric windlass. That boat was a great training ground. It was an &#8217;80s boat that sailed close-hauled a lot; it was built to heel over. It got really annoying with big waves. Now we feel like we&#8217;re on a cruise ship. We have four cabins, two bathrooms, a spacious stern, it&#8217;s super calm, and we feel very safe. Also, here in the Caribbean, if something breaks and you call someone, they tell you they&#8217;re coming tomorrow, but they don&#8217;t arrive for three months. You have to try to be self-sufficient with everything because one of our sails broke, and we had to sew it all over again with a generator and a small machine.<\/span><\/p>\n<p><span style=\"color: #000000;\"><strong><span style=\"color: #e02b20;\">(Sebasti\u00e1n)<\/span><\/strong> In the Southern Caribbean, we also learned a lot because it&#8217;s quite a rough sea. When the trade winds pick up and the waves are big, conditions become difficult. From the Colombian coast to Bocas del Toro, where we used to sail, there are large waves and cross currents, and strong winds. Another thing is that we&#8217;re quite obsessive about maintenance, which is essential for the isolated places we like to be: we did everything from the sunshades to the parasols, we updated the entire electrical system. They seem like very expensive things, but since we studied and did them ourselves, it&#8217;s not so bad. I think that having the tools and some knowledge gives you a lot of confidence and independence. Now that we&#8217;re back out on the water, we&#8217;ve seen that the boat is very well prepared and very comfortable for a pleasant sail.<\/span><\/p>\n<p>[\/et_pb_text][\/et_pb_column][\/et_pb_row][et_pb_row column_structure=&#8221;1_2,1_2&#8243; _builder_version=&#8221;4.27.5&#8243; _module_preset=&#8221;default&#8221; custom_padding=&#8221;14px|||||&#8221; global_colors_info=&#8221;{}&#8221;][et_pb_column type=&#8221;1_2&#8243; _builder_version=&#8221;4.27.5&#8243; _module_preset=&#8221;default&#8221; global_colors_info=&#8221;{}&#8221;][et_pb_video src=&#8221;https:\/\/navegantesoceanicos.com\/wp-content\/uploads\/2026\/03\/Trimado-al-anochecer.mov&#8221; _builder_version=&#8221;4.27.5&#8243; _module_preset=&#8221;default&#8221; global_colors_info=&#8221;{}&#8221;][\/et_pb_video][\/et_pb_column][et_pb_column type=&#8221;1_2&#8243; _builder_version=&#8221;4.27.5&#8243; _module_preset=&#8221;default&#8221; global_colors_info=&#8221;{}&#8221;][et_pb_video src=&#8221;https:\/\/navegantesoceanicos.com\/wp-content\/uploads\/2026\/03\/Vida-a-bordo-navegando.mov&#8221; _builder_version=&#8221;4.27.5&#8243; _module_preset=&#8221;default&#8221; global_colors_info=&#8221;{}&#8221;][\/et_pb_video][\/et_pb_column][\/et_pb_row][et_pb_row _builder_version=&#8221;4.27.5&#8243; _module_preset=&#8221;default&#8221; global_colors_info=&#8221;{}&#8221;][et_pb_column type=&#8221;4_4&#8243; _builder_version=&#8221;4.27.5&#8243; _module_preset=&#8221;default&#8221; global_colors_info=&#8221;{}&#8221;][et_pb_text admin_label=&#8221;Texto 6 y 7&#8243; _builder_version=&#8221;4.27.5&#8243; _module_preset=&#8221;default&#8221; global_colors_info=&#8221;{}&#8221;]<\/p>\n<h2 style=\"text-align: center;\"><span style=\"color: #0916a5;\"><strong><em>But you&#8217;ve surely had less happy experiences too.\u2026 <\/em><\/strong><\/span><\/h2>\n<p><span style=\"color: #000000;\"><strong><span style=\"color: #e02b20;\">(Sebasti\u00e1n)<\/span><\/strong> Yes, one night, while we were crossing the Panama Canal with all the big ships, our engine broke down. It was a classic problem with the filter and the diesel fuel, but we didn&#8217;t know that. There were three of us on board. We had a rough time at the time. Yesterday, for example, we were left without an autopilot, and now I don&#8217;t stress about it as much because we have more experience, or it&#8217;s more natural to figure out how to fix it so we can keep going. What we do know is that you have to have the engine and sails in good working order, and electricity and water. That&#8217;s essential. In the Caribbean, we didn&#8217;t have any major problems either, because where we were there aren&#8217;t hurricanes or high or low tides, but there are very violent storms with lightning (which is very common). We experienced nights with very strong electrical storms, where every boat was struck by lightning.<\/span><\/p>\n<p><span style=\"color: #000000;\"><span style=\"color: #e02b20;\"><strong>(Mar\u00eda)<\/strong><\/span> Having internet access all the time also changed things a lot for us. Because you can look up anything, even for security purposes.<\/span><\/p>\n<p><span style=\"color: #000000;\"><span style=\"color: #e02b20;\"><strong>(Sebasti\u00e1n)<\/strong><\/span> I think Starlink was a complete game-changer. Without it, I think we would have had to wait a bit longer, because we wouldn&#8217;t have had school or the communication with our children that&#8217;s so important at this stage when they&#8217;re on land. It would have been impossible without this possibility. I think it opened the door for many people to this kind of life\u2026<\/span><\/p>\n<h2 style=\"text-align: center;\"><span style=\"color: #0916a3;\"><strong><em>Is it an expensive life?<\/em><\/strong><\/span><\/h2>\n<p><span style=\"color: #000000;\"><span style=\"color: #e02b20;\"><strong>(Mar\u00eda)<\/strong><\/span> No, not at all. We live very frugally here; we don&#8217;t spend money on anything. Money isn&#8217;t that important. In fact, there are people sailing around the world for the second time in a tiny boat while others are doing it on a giant cruise ship. The cost of living is infinitely less than, for example, in a house with taxes, if you pay for school, the gym, the car, gas. We once did the math: if we left our house in the winter, we&#8217;d have enough to live on the boat without working at all. Obviously, we had that job during peak season, and we closed the shop to come here and sail for the whole winter. <\/span><\/p>\n<p><span style=\"color: #000000;\">Now we have to rethink how to continue without the restaurant and finance this rather austere lifestyle. In the city, we spend much more money than here, where there&#8217;s hardly anywhere to eat. For starters, you get sick more often on land (laughs). We also eat a lot of what&#8217;s available, what&#8217;s left over, what might go bad, not what we really want. Even a lot of what we catch. That&#8217;s why at some point you have to take a chance, not always just stay in the &#8220;let&#8217;s go&#8221; phase.<\/span><\/p>\n<p>[\/et_pb_text][\/et_pb_column][\/et_pb_row][et_pb_row column_structure=&#8221;1_5,3_5,1_5&#8243; _builder_version=&#8221;4.27.5&#8243; _module_preset=&#8221;default&#8221; custom_padding=&#8221;13px||13px|||&#8221; global_colors_info=&#8221;{}&#8221;][et_pb_column type=&#8221;1_5&#8243; _builder_version=&#8221;4.27.5&#8243; _module_preset=&#8221;default&#8221; global_colors_info=&#8221;{}&#8221;][\/et_pb_column][et_pb_column type=&#8221;3_5&#8243; _builder_version=&#8221;4.27.5&#8243; _module_preset=&#8221;default&#8221; global_colors_info=&#8221;{}&#8221;][et_pb_video src=&#8221;https:\/\/navegantesoceanicos.com\/wp-content\/uploads\/2026\/03\/Velero-Martini-navegando.mov&#8221; _builder_version=&#8221;4.27.5&#8243; _module_preset=&#8221;default&#8221; global_colors_info=&#8221;{}&#8221;][\/et_pb_video][\/et_pb_column][et_pb_column type=&#8221;1_5&#8243; _builder_version=&#8221;4.27.5&#8243; _module_preset=&#8221;default&#8221; global_colors_info=&#8221;{}&#8221;][\/et_pb_column][\/et_pb_row][et_pb_row _builder_version=&#8221;4.27.5&#8243; _module_preset=&#8221;default&#8221; global_colors_info=&#8221;{}&#8221;][et_pb_column type=&#8221;4_4&#8243; _builder_version=&#8221;4.27.5&#8243; _module_preset=&#8221;default&#8221; global_colors_info=&#8221;{}&#8221;][et_pb_text admin_label=&#8221;Texto 8 y 9&#8243; _builder_version=&#8221;4.27.5&#8243; _module_preset=&#8221;default&#8221; global_colors_info=&#8221;{}&#8221;]<\/p>\n<h2 style=\"text-align: center;\"><span style=\"color: #081fa3;\"><strong><em>What changes did you notice when crossing from the Atlantic to the Pacific? <\/em><\/strong><\/span><\/h2>\n<p><span style=\"color: #000000;\"><span style=\"color: #e02b20;\"><strong>(Sebasti\u00e1n) <\/strong><\/span>These days we&#8217;re blown away by all these changes, seeing everything for the first time, because it&#8217;s so different. The marine life: the landscape, the animals, the sea, the way we sail\u2014it&#8217;s truly beautiful. Two days ago we were on a dry island, with cacti, nothing, and now we&#8217;re on a coast teeming with mangroves, birds, and monkeys. We arrived last night and didn&#8217;t even know where we were; this morning we woke up and couldn&#8217;t. It&#8217;s all so gorgeous.<\/span><\/p>\n<p><span style=\"color: #000000;\">Three days ago we went to a freshwater river. I don&#8217;t know, it&#8217;s constantly changing. I realized last night that we were in the jungle because even the smell changed with the humidity. We tried it in the Balearic Islands now, after spending two months in Spain, but this is spectacular because we really love the wild, the tropical.<\/span><\/p>\n<h2 style=\"text-align: center;\"><span style=\"color: #000000;\"><span style=\"color: #09249e;\"><strong><em>Unlike other families who live and sail aboard boats with young children, you have teenage or young adult children, how do you handle this? <\/em><\/strong><\/span><\/span><\/h2>\n<p><span style=\"color: #000000;\"><strong><span style=\"color: #e02b20;\">(Mar\u00eda)\u00a0<\/span><\/strong><\/span><span style=\"color: #000000;\">At first, when we started, the kids were excited about the adventure. But in the beginning, it wasn&#8217;t so easy taking them out to sea without them complaining. The older ones were starting university, and with Joaquina, we&#8217;d ask for permission from school to take her for a month or two. We were constantly going back and forth. Two years ago, she started homeschooling because she loves marine life, but also because of her own typical teenage lifestyle. So she spends some time there and some time here, going on some trips with us and returning to Argentina at other times. We planned to keep it up until she was ready, because the plan was also to do it when they became independent. We didn&#8217;t want to be stuck watching movies at home (laughs).<\/span><\/p>\n<p><span style=\"color: #000000;\">However, everything fell into place and happened a bit faster than expected. It happened a little sooner than anticipated, almost five years of transitions, knowing that we&#8217;d have to abandon the plan if she didn&#8217;t want to continue this life on board or if she decided she wanted to study medicine. Now, for example, he traveled to be with his friends from his previous school at UPC (a celebration to commemorate the last first day of classes at school) and he put our house as the venue, meaning he asked me to arrive three days later to arrange everything (laughs).<\/span><\/p>\n<p><span style=\"color: #000000;\"><span style=\"color: #e02b20;\"><strong>(Sebasti\u00e1n)<\/strong><\/span> In the end, everyone ended up spending much more time with us than we initially expected, which is why we decided to expand the boat. In fact, Mateo is with us now, doing this leg of the trip. He&#8217;ll get off in southern Mexico or Costa Rica because he&#8217;s finishing university in Mar del Plata. Josefina is finishing university in Mendoza. Joaquina is 16 and finishing her last year of high school. Last year, she made a big point of wanting to go to her friends&#8217; quincea\u00f1eras, and her last first day of high school, understandably, was a bit chaotic. But at the same time, she really loves nature. Now she wants to study Marine Biology at university, which is why we were going to Baja California to see if we could spend a couple of years there until she settles in and then continue our own journey.<\/span><\/p>\n<p>[\/et_pb_text][\/et_pb_column][\/et_pb_row][et_pb_row column_structure=&#8221;2_5,3_5&#8243; _builder_version=&#8221;4.27.5&#8243; _module_preset=&#8221;default&#8221; global_colors_info=&#8221;{}&#8221;][et_pb_column type=&#8221;2_5&#8243; _builder_version=&#8221;4.27.5&#8243; _module_preset=&#8221;default&#8221; global_colors_info=&#8221;{}&#8221;][et_pb_image src=&#8221;https:\/\/navegantesoceanicos.com\/wp-content\/uploads\/2026\/03\/preparativos-scaled.jpeg&#8221; alt=&#8221;preparativos&#8221; title_text=&#8221;Sailing Martini. preparativos&#8221; _builder_version=&#8221;4.27.5&#8243; _module_preset=&#8221;default&#8221; global_colors_info=&#8221;{}&#8221;][\/et_pb_image][\/et_pb_column][et_pb_column type=&#8221;3_5&#8243; _builder_version=&#8221;4.27.5&#8243; _module_preset=&#8221;default&#8221; global_colors_info=&#8221;{}&#8221;][et_pb_image src=&#8221;https:\/\/navegantesoceanicos.com\/wp-content\/uploads\/2026\/03\/relax-a-bordo.jpeg&#8221; alt=&#8221;Screenshot&#8221; title_text=&#8221;Screenshot&#8221; _builder_version=&#8221;4.27.5&#8243; _module_preset=&#8221;default&#8221; global_colors_info=&#8221;{}&#8221;][\/et_pb_image][\/et_pb_column][\/et_pb_row][et_pb_row _builder_version=&#8221;4.27.5&#8243; _module_preset=&#8221;default&#8221; global_colors_info=&#8221;{}&#8221;][et_pb_column type=&#8221;4_4&#8243; _builder_version=&#8221;4.27.5&#8243; _module_preset=&#8221;default&#8221; global_colors_info=&#8221;{}&#8221;][et_pb_text admin_label=&#8221;Texto 10 y 11&#8243; _builder_version=&#8221;4.27.5&#8243; _module_preset=&#8221;default&#8221; global_colors_info=&#8221;{}&#8221;]<\/p>\n<h2 style=\"text-align: center;\"><span style=\"color: #0a12aa;\"><strong><em>So what would be the ideal situation for living on board with a family?<\/em><\/strong><\/span><\/h2>\n<p><span style=\"color: #000000;\"><span style=\"color: #e02b20;\"><strong>(Sebasti\u00e1n)\u00a0<\/strong><\/span><\/span><span style=\"color: #000000;\">Ideally, we would have had the younger children with us, because it&#8217;s true that we don&#8217;t see boats sailing with teenagers; they need their peers, their own space. Joaquina was always with older people or looking after the younger ones. Over the years, we&#8217;ve met many families with children in school, either virtually or in person, accustomed to life at sea, who live well on the boat, but who at 12 or 13 years old already want to go to school for social reasons. It&#8217;s vital. I was trying to remember what my last year of high school was like, and exactly, my whole world revolved around my friends and school.<\/span><\/p>\n<p><span style=\"color: #000000;\">(Mar\u00eda) I think she&#8217;s the one who guided us here. Now that she&#8217;s finishing high school, I think she has a clearer vision of what she wants to do. Just yesterday we spoke with her, who&#8217;s in Argentina until next month, because we were telling her that we saw whales and dolphins here, and she was saying, &#8220;I really want to be there.&#8221; She&#8217;s also a girl who spearfishes, does freediving, and for her, this whole life is ideal, because if she were another teenager, it wouldn&#8217;t flow so naturally.<\/span><span style=\"color: #000000;\">.<\/span><\/p>\n<h2 style=\"text-align: center;\"><span style=\"color: #070f9b;\"><strong><em>What are your next plans? Are you staying in Baja California?<\/em><\/strong><\/span><\/h2>\n<p><span style=\"color: #000000;\"><span style=\"color: #e02b20;\"><strong>(Sebasti\u00e1n)\u00a0<\/strong><\/span><\/span><span style=\"color: #000000;\">The plan is to go to Baja California and later, once Joaquina is settled here in a year or two, continue on to Polynesia. There&#8217;s a state university there that we want to apply to, because she also wanted to study Marine Biology, thinking about all the animals she&#8217;s seen here. They say Baja is very large, perfect for exploring, and also for building a community with other families and friends&#8217; boats that we&#8217;ve met over the years. We have to get there before May, which is when the hurricane season starts.<\/span><\/p>\n<p><span style=\"color: #000000;\">After that, we envision continuing to sail. We&#8217;d like (in a few years), if we have the opportunity or the possibility arises, to also have a catamaran so we can live on board full-time when we&#8217;re older. If I end up living there permanently, and it becomes my home, I think it will be more comfortable for sailing or anchoring that way. A few years ago, we didn&#8217;t have the time, the money, or the lifestyle: we got here by dreaming, and we have nothing to lose by thinking about these new possibilities.<\/span><\/p>\n<p>[\/et_pb_text][et_pb_image src=&#8221;https:\/\/navegantesoceanicos.com\/wp-content\/uploads\/2026\/03\/Velero-Martini.jpg&#8221; _builder_version=&#8221;4.27.5&#8243; _module_preset=&#8221;default&#8221; global_colors_info=&#8221;{}&#8221;][\/et_pb_image][\/et_pb_column][\/et_pb_row][et_pb_row _builder_version=&#8221;4.27.5&#8243; _module_preset=&#8221;default&#8221; global_colors_info=&#8221;{}&#8221;][et_pb_column type=&#8221;4_4&#8243; _builder_version=&#8221;4.27.5&#8243; _module_preset=&#8221;default&#8221; global_colors_info=&#8221;{}&#8221;][et_pb_text admin_label=&#8221;Texto enlaces&#8221; _builder_version=&#8221;4.27.5&#8243; _module_preset=&#8221;default&#8221; global_colors_info=&#8221;{}&#8221;]<\/p>\n<h2 style=\"text-align: center;\"><span style=\"color: #ff0000;\"><strong>Links: <\/strong><\/span><\/h2>\n<p style=\"text-align: center;\"><span style=\"color: #000000;\"><strong>Sailing Martini: <\/strong><a style=\"color: #000000;\" href=\"https:\/\/www.instagram.com\/sailing.martini\/\">https:\/\/www.instagram.com\/sailing.martini\/<\/a><\/span><\/p>\n<p>[\/et_pb_text][et_pb_divider divider_weight=&#8221;3px&#8221; _builder_version=&#8221;4.27.5&#8243; _module_preset=&#8221;default&#8221; global_colors_info=&#8221;{}&#8221;][\/et_pb_divider][et_pb_text admin_label=&#8221;Texto agradecimiento&#8221; _builder_version=&#8221;4.27.5&#8243; _module_preset=&#8221;default&#8221; global_colors_info=&#8221;{}&#8221;]<\/p>\n<p style=\"text-align: center;\"><span style=\"color: #000000;\">From &#8220;Navegantes Oce\u00e1nicos&#8221; we thank Mar\u00eda and Sebasti\u00e1n for their collaboration in this interesting interview, in which they shared their experiences of life aboard a sailboat with their Sailing Martini project.<\/span><\/p>\n<p style=\"text-align: center;\"><span style=\"color: #000000;\">Best of luck in the future, fair winds and following seas!<\/span><\/p>\n<p>[\/et_pb_text][et_pb_image src=&#8221;https:\/\/navegantesoceanicos.com\/wp-content\/uploads\/2025\/03\/ISSN-for-Navegantes-Oceanicos.png&#8221; title_text=&#8221;ISSN for Navegantes Oce\u00e1nicos&#8221; _builder_version=&#8221;4.27.5&#8243; _module_preset=&#8221;default&#8221; global_colors_info=&#8221;{}&#8221;][\/et_pb_image][\/et_pb_column][\/et_pb_row][\/et_pb_section]<\/p>\n","protected":false},"excerpt":{"rendered":"<p>An Argentinian couple, Mar\u00eda Minuto and Sebasti\u00e1n Spigolon, left their lives on land to sail the Caribbean: after a couple of years in San Blas, they ventured out to Baja California and plan\u2014in the future\u2014to reach Polynesia. Today, from the Gulf of Panama in the Pacific, they tell us how this adventure began with their three teenage children.<\/p>\n","protected":false},"author":831,"featured_media":46457,"comment_status":"open","ping_status":"open","sticky":false,"template":"","format":"standard","meta":{"_et_pb_use_builder":"on","_et_pb_old_content":"","_et_gb_content_width":"","footnotes":"","_wp_rev_ctl_limit":"2"},"categories":[135],"tags":[],"class_list":["post-46497","post","type-post","status-publish","format-standard","has-post-thumbnail","hentry","category-interviews","et-has-post-format-content","et_post_format-et-post-format-standard"],"yoast_head":"<!-- This site is optimized with the Yoast SEO plugin v27.5 - https:\/\/yoast.com\/product\/yoast-seo-wordpress\/ -->\n<title>Sailing Martini&#039;s journey: a Caribbean voyage in pursuit of dreams - Navegantes Oce\u00e1nicos<\/title>\n<meta name=\"description\" content=\"Navegantes oce\u00e1nicos, web con contenidos para apasionados por la mar, tripulantes, regatistas, patrones o armadores.\" \/>\n<meta name=\"robots\" content=\"index, follow, max-snippet:-1, max-image-preview:large, max-video-preview:-1\" \/>\n<link rel=\"canonical\" href=\"https:\/\/navegantesoceanicos.com\/en\/sailing-martinis-journey-a-caribbean-voyage-in-pursuit-of-dreams\/\" \/>\n<meta property=\"og:locale\" content=\"en_US\" \/>\n<meta property=\"og:type\" content=\"article\" \/>\n<meta property=\"og:title\" content=\"Sailing Martini&#039;s journey: a Caribbean voyage in pursuit of dreams - Navegantes Oce\u00e1nicos\" \/>\n<meta property=\"og:description\" content=\"Navegantes oce\u00e1nicos, web con contenidos para apasionados por la mar, tripulantes, regatistas, patrones o armadores.\" \/>\n<meta property=\"og:url\" content=\"https:\/\/navegantesoceanicos.com\/en\/sailing-martinis-journey-a-caribbean-voyage-in-pursuit-of-dreams\/\" \/>\n<meta property=\"og:site_name\" content=\"Navegantes Oce\u00e1nicos\" \/>\n<meta property=\"article:publisher\" content=\"https:\/\/www.facebook.com\/Navegantes-Oce%c3%a1nicos-112578593494698\" \/>\n<meta property=\"article:published_time\" content=\"2026-03-12T11:08:06+00:00\" \/>\n<meta property=\"article:modified_time\" content=\"2026-03-12T20:12:45+00:00\" \/>\n<meta property=\"og:image\" content=\"https:\/\/navegantesoceanicos.com\/wp-content\/uploads\/2026\/03\/Maria-y-Sebastian-scaled.jpeg\" \/>\n\t<meta property=\"og:image:width\" content=\"2560\" \/>\n\t<meta property=\"og:image:height\" content=\"1152\" \/>\n\t<meta property=\"og:image:type\" content=\"image\/jpeg\" \/>\n<meta name=\"author\" content=\"Tamara Smerling\" \/>\n<meta name=\"twitter:label1\" content=\"Written by\" \/>\n\t<meta name=\"twitter:data1\" content=\"Tamara Smerling\" \/>\n\t<meta name=\"twitter:label2\" content=\"Est. reading time\" \/>\n\t<meta name=\"twitter:data2\" content=\"17 minutes\" \/>\n<script type=\"application\/ld+json\" class=\"yoast-schema-graph\">{\"@context\":\"https:\\\/\\\/schema.org\",\"@graph\":[{\"@type\":\"Article\",\"@id\":\"https:\\\/\\\/navegantesoceanicos.com\\\/en\\\/sailing-martinis-journey-a-caribbean-voyage-in-pursuit-of-dreams\\\/#article\",\"isPartOf\":{\"@id\":\"https:\\\/\\\/navegantesoceanicos.com\\\/en\\\/sailing-martinis-journey-a-caribbean-voyage-in-pursuit-of-dreams\\\/\"},\"author\":{\"name\":\"Tamara Smerling\",\"@id\":\"https:\\\/\\\/navegantesoceanicos.com\\\/en\\\/#\\\/schema\\\/person\\\/37ba732a8f452d99dd0f97716e4ab614\"},\"headline\":\"Sailing Martini&#8217;s journey: a Caribbean voyage in pursuit of dreams\",\"datePublished\":\"2026-03-12T11:08:06+00:00\",\"dateModified\":\"2026-03-12T20:12:45+00:00\",\"mainEntityOfPage\":{\"@id\":\"https:\\\/\\\/navegantesoceanicos.com\\\/en\\\/sailing-martinis-journey-a-caribbean-voyage-in-pursuit-of-dreams\\\/\"},\"wordCount\":4296,\"commentCount\":0,\"publisher\":{\"@id\":\"https:\\\/\\\/navegantesoceanicos.com\\\/en\\\/#organization\"},\"image\":{\"@id\":\"https:\\\/\\\/navegantesoceanicos.com\\\/en\\\/sailing-martinis-journey-a-caribbean-voyage-in-pursuit-of-dreams\\\/#primaryimage\"},\"thumbnailUrl\":\"https:\\\/\\\/navegantesoceanicos.com\\\/wp-content\\\/uploads\\\/2026\\\/03\\\/Maria-y-Sebastian-scaled.jpeg\",\"articleSection\":[\"Interviews\"],\"inLanguage\":\"en-US\",\"potentialAction\":[{\"@type\":\"CommentAction\",\"name\":\"Comment\",\"target\":[\"https:\\\/\\\/navegantesoceanicos.com\\\/en\\\/sailing-martinis-journey-a-caribbean-voyage-in-pursuit-of-dreams\\\/#respond\"]}]},{\"@type\":\"WebPage\",\"@id\":\"https:\\\/\\\/navegantesoceanicos.com\\\/en\\\/sailing-martinis-journey-a-caribbean-voyage-in-pursuit-of-dreams\\\/\",\"url\":\"https:\\\/\\\/navegantesoceanicos.com\\\/en\\\/sailing-martinis-journey-a-caribbean-voyage-in-pursuit-of-dreams\\\/\",\"name\":\"Sailing Martini's journey: a Caribbean voyage in pursuit of dreams - Navegantes Oce\u00e1nicos\",\"isPartOf\":{\"@id\":\"https:\\\/\\\/navegantesoceanicos.com\\\/en\\\/#website\"},\"primaryImageOfPage\":{\"@id\":\"https:\\\/\\\/navegantesoceanicos.com\\\/en\\\/sailing-martinis-journey-a-caribbean-voyage-in-pursuit-of-dreams\\\/#primaryimage\"},\"image\":{\"@id\":\"https:\\\/\\\/navegantesoceanicos.com\\\/en\\\/sailing-martinis-journey-a-caribbean-voyage-in-pursuit-of-dreams\\\/#primaryimage\"},\"thumbnailUrl\":\"https:\\\/\\\/navegantesoceanicos.com\\\/wp-content\\\/uploads\\\/2026\\\/03\\\/Maria-y-Sebastian-scaled.jpeg\",\"datePublished\":\"2026-03-12T11:08:06+00:00\",\"dateModified\":\"2026-03-12T20:12:45+00:00\",\"description\":\"Navegantes oce\u00e1nicos, web con contenidos para apasionados por la mar, tripulantes, regatistas, patrones o armadores.\",\"breadcrumb\":{\"@id\":\"https:\\\/\\\/navegantesoceanicos.com\\\/en\\\/sailing-martinis-journey-a-caribbean-voyage-in-pursuit-of-dreams\\\/#breadcrumb\"},\"inLanguage\":\"en-US\",\"potentialAction\":[{\"@type\":\"ReadAction\",\"target\":[\"https:\\\/\\\/navegantesoceanicos.com\\\/en\\\/sailing-martinis-journey-a-caribbean-voyage-in-pursuit-of-dreams\\\/\"]}]},{\"@type\":\"ImageObject\",\"inLanguage\":\"en-US\",\"@id\":\"https:\\\/\\\/navegantesoceanicos.com\\\/en\\\/sailing-martinis-journey-a-caribbean-voyage-in-pursuit-of-dreams\\\/#primaryimage\",\"url\":\"https:\\\/\\\/navegantesoceanicos.com\\\/wp-content\\\/uploads\\\/2026\\\/03\\\/Maria-y-Sebastian-scaled.jpeg\",\"contentUrl\":\"https:\\\/\\\/navegantesoceanicos.com\\\/wp-content\\\/uploads\\\/2026\\\/03\\\/Maria-y-Sebastian-scaled.jpeg\",\"width\":2560,\"height\":1152},{\"@type\":\"BreadcrumbList\",\"@id\":\"https:\\\/\\\/navegantesoceanicos.com\\\/en\\\/sailing-martinis-journey-a-caribbean-voyage-in-pursuit-of-dreams\\\/#breadcrumb\",\"itemListElement\":[{\"@type\":\"ListItem\",\"position\":1,\"name\":\"Portada\",\"item\":\"https:\\\/\\\/navegantesoceanicos.com\\\/en\\\/\"},{\"@type\":\"ListItem\",\"position\":2,\"name\":\"Sailing Martini&#8217;s journey: a Caribbean voyage in pursuit of dreams\"}]},{\"@type\":\"WebSite\",\"@id\":\"https:\\\/\\\/navegantesoceanicos.com\\\/en\\\/#website\",\"url\":\"https:\\\/\\\/navegantesoceanicos.com\\\/en\\\/\",\"name\":\"Navegantes Oce\u00e1nicos\",\"description\":\"Navegantes oce\u00e1nicos, te ayudamos a navegar, para navegantes, tripulantes, regatistas y armadores, escuela n\u00e1utica, libros on-line sobre t\u00e1cticas y equipamiento para la navegaci\u00f3n a vela, fondear, atracar, el manejo de las velas, electricidad a bordo, navegaci\u00f3n con mal tiempo, rutas oce\u00e1nicas y mucho m\u00e1s\",\"publisher\":{\"@id\":\"https:\\\/\\\/navegantesoceanicos.com\\\/en\\\/#organization\"},\"potentialAction\":[{\"@type\":\"SearchAction\",\"target\":{\"@type\":\"EntryPoint\",\"urlTemplate\":\"https:\\\/\\\/navegantesoceanicos.com\\\/en\\\/?s={search_term_string}\"},\"query-input\":{\"@type\":\"PropertyValueSpecification\",\"valueRequired\":true,\"valueName\":\"search_term_string\"}}],\"inLanguage\":\"en-US\"},{\"@type\":\"Organization\",\"@id\":\"https:\\\/\\\/navegantesoceanicos.com\\\/en\\\/#organization\",\"name\":\"Navegantes Oce\u00e1nicos\",\"url\":\"https:\\\/\\\/navegantesoceanicos.com\\\/en\\\/\",\"logo\":{\"@type\":\"ImageObject\",\"inLanguage\":\"en-US\",\"@id\":\"https:\\\/\\\/navegantesoceanicos.com\\\/en\\\/#\\\/schema\\\/logo\\\/image\\\/\",\"url\":\"https:\\\/\\\/navegantesoceanicos.com\\\/wp-content\\\/uploads\\\/2019\\\/12\\\/LOGO-NAVEGANTES-OCEANICOS.png\",\"contentUrl\":\"https:\\\/\\\/navegantesoceanicos.com\\\/wp-content\\\/uploads\\\/2019\\\/12\\\/LOGO-NAVEGANTES-OCEANICOS.png\",\"width\":1010,\"height\":814,\"caption\":\"Navegantes Oce\u00e1nicos\"},\"image\":{\"@id\":\"https:\\\/\\\/navegantesoceanicos.com\\\/en\\\/#\\\/schema\\\/logo\\\/image\\\/\"},\"sameAs\":[\"https:\\\/\\\/www.facebook.com\\\/Navegantes-Oce\u00e1nicos-112578593494698\",\"https:\\\/\\\/www.instagram.com\\\/navegantes_oceanicos\\\/?hl=es\",\"https:\\\/\\\/www.youtube.com\\\/channel\\\/UCXgDL_6xqE7rpdwNXRmzF_Q\\\/featured\"]},{\"@type\":\"Person\",\"@id\":\"https:\\\/\\\/navegantesoceanicos.com\\\/en\\\/#\\\/schema\\\/person\\\/37ba732a8f452d99dd0f97716e4ab614\",\"name\":\"Tamara Smerling\",\"image\":{\"@type\":\"ImageObject\",\"inLanguage\":\"en-US\",\"@id\":\"https:\\\/\\\/secure.gravatar.com\\\/avatar\\\/85347147d5847554923b12455c0c59277be52f9c3599a2e4af69d99571e94959?s=96&d=mm&r=g\",\"url\":\"https:\\\/\\\/secure.gravatar.com\\\/avatar\\\/85347147d5847554923b12455c0c59277be52f9c3599a2e4af69d99571e94959?s=96&d=mm&r=g\",\"contentUrl\":\"https:\\\/\\\/secure.gravatar.com\\\/avatar\\\/85347147d5847554923b12455c0c59277be52f9c3599a2e4af69d99571e94959?s=96&d=mm&r=g\",\"caption\":\"Tamara Smerling\"},\"url\":\"https:\\\/\\\/navegantesoceanicos.com\\\/en\\\/author\\\/tamaras\\\/\"}]}<\/script>\n<!-- \/ Yoast SEO plugin. -->","yoast_head_json":{"title":"Sailing Martini's journey: a Caribbean voyage in pursuit of dreams - Navegantes Oce\u00e1nicos","description":"Navegantes oce\u00e1nicos, web con contenidos para apasionados por la mar, tripulantes, regatistas, patrones o armadores.","robots":{"index":"index","follow":"follow","max-snippet":"max-snippet:-1","max-image-preview":"max-image-preview:large","max-video-preview":"max-video-preview:-1"},"canonical":"https:\/\/navegantesoceanicos.com\/en\/sailing-martinis-journey-a-caribbean-voyage-in-pursuit-of-dreams\/","og_locale":"en_US","og_type":"article","og_title":"Sailing Martini's journey: a Caribbean voyage in pursuit of dreams - Navegantes Oce\u00e1nicos","og_description":"Navegantes oce\u00e1nicos, web con contenidos para apasionados por la mar, tripulantes, regatistas, patrones o armadores.","og_url":"https:\/\/navegantesoceanicos.com\/en\/sailing-martinis-journey-a-caribbean-voyage-in-pursuit-of-dreams\/","og_site_name":"Navegantes Oce\u00e1nicos","article_publisher":"https:\/\/www.facebook.com\/Navegantes-Oce%c3%a1nicos-112578593494698","article_published_time":"2026-03-12T11:08:06+00:00","article_modified_time":"2026-03-12T20:12:45+00:00","og_image":[{"width":2560,"height":1152,"url":"https:\/\/navegantesoceanicos.com\/wp-content\/uploads\/2026\/03\/Maria-y-Sebastian-scaled.jpeg","type":"image\/jpeg"}],"author":"Tamara Smerling","twitter_misc":{"Written by":"Tamara Smerling","Est. reading time":"17 minutes"},"schema":{"@context":"https:\/\/schema.org","@graph":[{"@type":"Article","@id":"https:\/\/navegantesoceanicos.com\/en\/sailing-martinis-journey-a-caribbean-voyage-in-pursuit-of-dreams\/#article","isPartOf":{"@id":"https:\/\/navegantesoceanicos.com\/en\/sailing-martinis-journey-a-caribbean-voyage-in-pursuit-of-dreams\/"},"author":{"name":"Tamara Smerling","@id":"https:\/\/navegantesoceanicos.com\/en\/#\/schema\/person\/37ba732a8f452d99dd0f97716e4ab614"},"headline":"Sailing Martini&#8217;s journey: a Caribbean voyage in pursuit of dreams","datePublished":"2026-03-12T11:08:06+00:00","dateModified":"2026-03-12T20:12:45+00:00","mainEntityOfPage":{"@id":"https:\/\/navegantesoceanicos.com\/en\/sailing-martinis-journey-a-caribbean-voyage-in-pursuit-of-dreams\/"},"wordCount":4296,"commentCount":0,"publisher":{"@id":"https:\/\/navegantesoceanicos.com\/en\/#organization"},"image":{"@id":"https:\/\/navegantesoceanicos.com\/en\/sailing-martinis-journey-a-caribbean-voyage-in-pursuit-of-dreams\/#primaryimage"},"thumbnailUrl":"https:\/\/navegantesoceanicos.com\/wp-content\/uploads\/2026\/03\/Maria-y-Sebastian-scaled.jpeg","articleSection":["Interviews"],"inLanguage":"en-US","potentialAction":[{"@type":"CommentAction","name":"Comment","target":["https:\/\/navegantesoceanicos.com\/en\/sailing-martinis-journey-a-caribbean-voyage-in-pursuit-of-dreams\/#respond"]}]},{"@type":"WebPage","@id":"https:\/\/navegantesoceanicos.com\/en\/sailing-martinis-journey-a-caribbean-voyage-in-pursuit-of-dreams\/","url":"https:\/\/navegantesoceanicos.com\/en\/sailing-martinis-journey-a-caribbean-voyage-in-pursuit-of-dreams\/","name":"Sailing Martini's journey: a Caribbean voyage in pursuit of dreams - Navegantes Oce\u00e1nicos","isPartOf":{"@id":"https:\/\/navegantesoceanicos.com\/en\/#website"},"primaryImageOfPage":{"@id":"https:\/\/navegantesoceanicos.com\/en\/sailing-martinis-journey-a-caribbean-voyage-in-pursuit-of-dreams\/#primaryimage"},"image":{"@id":"https:\/\/navegantesoceanicos.com\/en\/sailing-martinis-journey-a-caribbean-voyage-in-pursuit-of-dreams\/#primaryimage"},"thumbnailUrl":"https:\/\/navegantesoceanicos.com\/wp-content\/uploads\/2026\/03\/Maria-y-Sebastian-scaled.jpeg","datePublished":"2026-03-12T11:08:06+00:00","dateModified":"2026-03-12T20:12:45+00:00","description":"Navegantes oce\u00e1nicos, web con contenidos para apasionados por la mar, tripulantes, regatistas, patrones o armadores.","breadcrumb":{"@id":"https:\/\/navegantesoceanicos.com\/en\/sailing-martinis-journey-a-caribbean-voyage-in-pursuit-of-dreams\/#breadcrumb"},"inLanguage":"en-US","potentialAction":[{"@type":"ReadAction","target":["https:\/\/navegantesoceanicos.com\/en\/sailing-martinis-journey-a-caribbean-voyage-in-pursuit-of-dreams\/"]}]},{"@type":"ImageObject","inLanguage":"en-US","@id":"https:\/\/navegantesoceanicos.com\/en\/sailing-martinis-journey-a-caribbean-voyage-in-pursuit-of-dreams\/#primaryimage","url":"https:\/\/navegantesoceanicos.com\/wp-content\/uploads\/2026\/03\/Maria-y-Sebastian-scaled.jpeg","contentUrl":"https:\/\/navegantesoceanicos.com\/wp-content\/uploads\/2026\/03\/Maria-y-Sebastian-scaled.jpeg","width":2560,"height":1152},{"@type":"BreadcrumbList","@id":"https:\/\/navegantesoceanicos.com\/en\/sailing-martinis-journey-a-caribbean-voyage-in-pursuit-of-dreams\/#breadcrumb","itemListElement":[{"@type":"ListItem","position":1,"name":"Portada","item":"https:\/\/navegantesoceanicos.com\/en\/"},{"@type":"ListItem","position":2,"name":"Sailing Martini&#8217;s journey: a Caribbean voyage in pursuit of dreams"}]},{"@type":"WebSite","@id":"https:\/\/navegantesoceanicos.com\/en\/#website","url":"https:\/\/navegantesoceanicos.com\/en\/","name":"Navegantes Oce\u00e1nicos","description":"Navegantes oce\u00e1nicos, te ayudamos a navegar, para navegantes, tripulantes, regatistas y armadores, escuela n\u00e1utica, libros on-line sobre t\u00e1cticas y equipamiento para la navegaci\u00f3n a vela, fondear, atracar, el manejo de las velas, electricidad a bordo, navegaci\u00f3n con mal tiempo, rutas oce\u00e1nicas y mucho m\u00e1s","publisher":{"@id":"https:\/\/navegantesoceanicos.com\/en\/#organization"},"potentialAction":[{"@type":"SearchAction","target":{"@type":"EntryPoint","urlTemplate":"https:\/\/navegantesoceanicos.com\/en\/?s={search_term_string}"},"query-input":{"@type":"PropertyValueSpecification","valueRequired":true,"valueName":"search_term_string"}}],"inLanguage":"en-US"},{"@type":"Organization","@id":"https:\/\/navegantesoceanicos.com\/en\/#organization","name":"Navegantes Oce\u00e1nicos","url":"https:\/\/navegantesoceanicos.com\/en\/","logo":{"@type":"ImageObject","inLanguage":"en-US","@id":"https:\/\/navegantesoceanicos.com\/en\/#\/schema\/logo\/image\/","url":"https:\/\/navegantesoceanicos.com\/wp-content\/uploads\/2019\/12\/LOGO-NAVEGANTES-OCEANICOS.png","contentUrl":"https:\/\/navegantesoceanicos.com\/wp-content\/uploads\/2019\/12\/LOGO-NAVEGANTES-OCEANICOS.png","width":1010,"height":814,"caption":"Navegantes Oce\u00e1nicos"},"image":{"@id":"https:\/\/navegantesoceanicos.com\/en\/#\/schema\/logo\/image\/"},"sameAs":["https:\/\/www.facebook.com\/Navegantes-Oce\u00e1nicos-112578593494698","https:\/\/www.instagram.com\/navegantes_oceanicos\/?hl=es","https:\/\/www.youtube.com\/channel\/UCXgDL_6xqE7rpdwNXRmzF_Q\/featured"]},{"@type":"Person","@id":"https:\/\/navegantesoceanicos.com\/en\/#\/schema\/person\/37ba732a8f452d99dd0f97716e4ab614","name":"Tamara Smerling","image":{"@type":"ImageObject","inLanguage":"en-US","@id":"https:\/\/secure.gravatar.com\/avatar\/85347147d5847554923b12455c0c59277be52f9c3599a2e4af69d99571e94959?s=96&d=mm&r=g","url":"https:\/\/secure.gravatar.com\/avatar\/85347147d5847554923b12455c0c59277be52f9c3599a2e4af69d99571e94959?s=96&d=mm&r=g","contentUrl":"https:\/\/secure.gravatar.com\/avatar\/85347147d5847554923b12455c0c59277be52f9c3599a2e4af69d99571e94959?s=96&d=mm&r=g","caption":"Tamara Smerling"},"url":"https:\/\/navegantesoceanicos.com\/en\/author\/tamaras\/"}]}},"rttpg_featured_image_url":{"full":["https:\/\/navegantesoceanicos.com\/wp-content\/uploads\/2026\/03\/Maria-y-Sebastian-scaled.jpeg",2560,1152,false],"landscape":["https:\/\/navegantesoceanicos.com\/wp-content\/uploads\/2026\/03\/Maria-y-Sebastian-scaled.jpeg",2560,1152,false],"portraits":["https:\/\/navegantesoceanicos.com\/wp-content\/uploads\/2026\/03\/Maria-y-Sebastian-scaled.jpeg",2560,1152,false],"thumbnail":["https:\/\/navegantesoceanicos.com\/wp-content\/uploads\/2026\/03\/Maria-y-Sebastian-150x150.jpeg",150,150,true],"medium":["https:\/\/navegantesoceanicos.com\/wp-content\/uploads\/2026\/03\/Maria-y-Sebastian-300x135.jpeg",300,135,true],"large":["https:\/\/navegantesoceanicos.com\/wp-content\/uploads\/2026\/03\/Maria-y-Sebastian-1024x461.jpeg",1024,461,true],"1536x1536":["https:\/\/navegantesoceanicos.com\/wp-content\/uploads\/2026\/03\/Maria-y-Sebastian-1536x691.jpeg",1536,691,true],"2048x2048":["https:\/\/navegantesoceanicos.com\/wp-content\/uploads\/2026\/03\/Maria-y-Sebastian-2048x922.jpeg",2048,922,true],"smart-post-landscape":["https:\/\/navegantesoceanicos.com\/wp-content\/uploads\/2026\/03\/Maria-y-Sebastian-scaled.jpeg",870,392,false],"smart-post-portrait":["https:\/\/navegantesoceanicos.com\/wp-content\/uploads\/2026\/03\/Maria-y-Sebastian-scaled.jpeg",600,270,false],"et-builder-post-main-image":["https:\/\/navegantesoceanicos.com\/wp-content\/uploads\/2026\/03\/Maria-y-Sebastian-400x250.jpeg",400,250,true],"et-builder-post-main-image-fullwidth":["https:\/\/navegantesoceanicos.com\/wp-content\/uploads\/2026\/03\/Maria-y-Sebastian-1080x675.jpeg",1080,675,true],"et-builder-portfolio-image":["https:\/\/navegantesoceanicos.com\/wp-content\/uploads\/2026\/03\/Maria-y-Sebastian-400x284.jpeg",400,284,true],"et-builder-portfolio-image-single":["https:\/\/navegantesoceanicos.com\/wp-content\/uploads\/2026\/03\/Maria-y-Sebastian-1080x486.jpeg",1080,486,true],"et-builder-gallery-image-portrait":["https:\/\/navegantesoceanicos.com\/wp-content\/uploads\/2026\/03\/Maria-y-Sebastian-400x516.jpeg",400,516,true],"extra-image-huge":["https:\/\/navegantesoceanicos.com\/wp-content\/uploads\/2026\/03\/Maria-y-Sebastian-1280x768.jpeg",1280,768,true],"extra-image-single-post":["https:\/\/navegantesoceanicos.com\/wp-content\/uploads\/2026\/03\/Maria-y-Sebastian-1280x640.jpeg",1280,640,true],"extra-image-medium":["https:\/\/navegantesoceanicos.com\/wp-content\/uploads\/2026\/03\/Maria-y-Sebastian-627x376.jpeg",627,376,true],"extra-image-small":["https:\/\/navegantesoceanicos.com\/wp-content\/uploads\/2026\/03\/Maria-y-Sebastian-440x264.jpeg",440,264,true],"extra-image-square-medium":["https:\/\/navegantesoceanicos.com\/wp-content\/uploads\/2026\/03\/Maria-y-Sebastian-440x440.jpeg",440,440,true],"extra-image-square-small":["https:\/\/navegantesoceanicos.com\/wp-content\/uploads\/2026\/03\/Maria-y-Sebastian-150x150.jpeg",150,150,true],"woocommerce_thumbnail":["https:\/\/navegantesoceanicos.com\/wp-content\/uploads\/2026\/03\/Maria-y-Sebastian-300x135.jpeg",300,135,true],"woocommerce_single":["https:\/\/navegantesoceanicos.com\/wp-content\/uploads\/2026\/03\/Maria-y-Sebastian-600x270.jpeg",600,270,true],"woocommerce_gallery_thumbnail":["https:\/\/navegantesoceanicos.com\/wp-content\/uploads\/2026\/03\/Maria-y-Sebastian-100x100.jpeg",100,100,true],"dgwt-wcas-product-suggestion":["https:\/\/navegantesoceanicos.com\/wp-content\/uploads\/2026\/03\/Maria-y-Sebastian-64x29.jpeg",64,29,true]},"rttpg_author":{"display_name":"Tamara Smerling","author_link":"https:\/\/navegantesoceanicos.com\/en\/author\/tamaras\/"},"rttpg_comment":0,"rttpg_category":"<a href=\"https:\/\/navegantesoceanicos.com\/en\/category\/interviews\/\" rel=\"category tag\">Interviews<\/a>","rttpg_excerpt":"An Argentinian couple, Mar\u00eda Minuto and Sebasti\u00e1n Spigolon, left their lives on land to sail the Caribbean: after a couple of years in San Blas, they ventured out to Baja California and plan\u2014in the future\u2014to reach Polynesia. Today, from the Gulf of Panama in the Pacific, they tell us how this adventure began with their&hellip;","_links":{"self":[{"href":"https:\/\/navegantesoceanicos.com\/en\/wp-json\/wp\/v2\/posts\/46497","targetHints":{"allow":["GET"]}}],"collection":[{"href":"https:\/\/navegantesoceanicos.com\/en\/wp-json\/wp\/v2\/posts"}],"about":[{"href":"https:\/\/navegantesoceanicos.com\/en\/wp-json\/wp\/v2\/types\/post"}],"author":[{"embeddable":true,"href":"https:\/\/navegantesoceanicos.com\/en\/wp-json\/wp\/v2\/users\/831"}],"replies":[{"embeddable":true,"href":"https:\/\/navegantesoceanicos.com\/en\/wp-json\/wp\/v2\/comments?post=46497"}],"version-history":[{"count":2,"href":"https:\/\/navegantesoceanicos.com\/en\/wp-json\/wp\/v2\/posts\/46497\/revisions"}],"predecessor-version":[{"id":46510,"href":"https:\/\/navegantesoceanicos.com\/en\/wp-json\/wp\/v2\/posts\/46497\/revisions\/46510"}],"wp:featuredmedia":[{"embeddable":true,"href":"https:\/\/navegantesoceanicos.com\/en\/wp-json\/wp\/v2\/media\/46457"}],"wp:attachment":[{"href":"https:\/\/navegantesoceanicos.com\/en\/wp-json\/wp\/v2\/media?parent=46497"}],"wp:term":[{"taxonomy":"category","embeddable":true,"href":"https:\/\/navegantesoceanicos.com\/en\/wp-json\/wp\/v2\/categories?post=46497"},{"taxonomy":"post_tag","embeddable":true,"href":"https:\/\/navegantesoceanicos.com\/en\/wp-json\/wp\/v2\/tags?post=46497"}],"curies":[{"name":"wp","href":"https:\/\/api.w.org\/{rel}","templated":true}]}}