{"id":46576,"date":"2026-03-13T17:55:22","date_gmt":"2026-03-13T17:55:22","guid":{"rendered":"https:\/\/navegantesoceanicos.com\/el-camino-a-vela-2026-entrevista-a-federico-fernandez-trapa-fontan\/"},"modified":"2026-03-14T09:32:22","modified_gmt":"2026-03-14T09:32:22","slug":"sail-the-way-2026-interview-with-federico-fernandez-trapa-fontan","status":"publish","type":"post","link":"https:\/\/navegantesoceanicos.com\/en\/sail-the-way-2026-interview-with-federico-fernandez-trapa-fontan\/","title":{"rendered":"Sail the Way 2026, interview with Federico Fern\u00e1ndez-Trapa Font\u00e1n"},"content":{"rendered":"<p>[et_pb_section fb_built=&#8221;1&#8243; _builder_version=&#8221;4.27.5&#8243; _module_preset=&#8221;default&#8221; custom_padding=&#8221;13px|||||&#8221; global_colors_info=&#8221;{}&#8221;][et_pb_row _builder_version=&#8221;4.27.5&#8243; _module_preset=&#8221;default&#8221; custom_padding=&#8221;8px|||||&#8221; global_colors_info=&#8221;{}&#8221;][et_pb_column type=&#8221;4_4&#8243; _builder_version=&#8221;4.27.5&#8243; _module_preset=&#8221;default&#8221; global_colors_info=&#8221;{}&#8221;][et_pb_text _builder_version=&#8221;4.27.5&#8243; _module_preset=&#8221;default&#8221; global_colors_info=&#8221;{}&#8221;]<\/p>\n<p style=\"text-align: center;\"><span style=\"color: #000000;\">In June 2026, the eleventh edition of &#8220;El Camino a Vela&#8221; (The Way by Sail) will take place, where a group of 20 sailboats will sail in several stages from France (La Rochelle), along the entire northern coast of Spain, from Hondarribia to Padr\u00f3n, before completing the final kilometers on foot to Santiago de Compostela.<\/span><\/p>\n<p style=\"text-align: center;\"><span style=\"color: #000000;\">With the invaluable help of Federico Fern\u00e1ndez-Trapa Font\u00e1n, representative of Northmarinas, we will learn more about what this eleventh edition of &#8220;El Camino a Vela&#8221; entails and how it is planned to unfold.<\/span><\/p>\n<p>[\/et_pb_text][\/et_pb_column][\/et_pb_row][et_pb_row _builder_version=&#8221;4.27.5&#8243; _module_preset=&#8221;default&#8221; custom_padding=&#8221;16px||17px|||&#8221; global_colors_info=&#8221;{}&#8221;][et_pb_column type=&#8221;4_4&#8243; _builder_version=&#8221;4.27.5&#8243; _module_preset=&#8221;default&#8221; global_colors_info=&#8221;{}&#8221;][et_pb_image src=&#8221;https:\/\/navegantesoceanicos.com\/wp-content\/uploads\/2026\/03\/El-camino-en-vela-Visita.jpg&#8221; _builder_version=&#8221;4.27.5&#8243; _module_preset=&#8221;default&#8221; global_colors_info=&#8221;{}&#8221;][\/et_pb_image][\/et_pb_column][\/et_pb_row][et_pb_row _builder_version=&#8221;4.27.5&#8243; _module_preset=&#8221;default&#8221; custom_padding=&#8221;20px|||||&#8221; global_colors_info=&#8221;{}&#8221;][et_pb_column type=&#8221;4_4&#8243; _builder_version=&#8221;4.27.5&#8243; _module_preset=&#8221;default&#8221; global_colors_info=&#8221;{}&#8221;][et_pb_text admin_label=&#8221;Texto 1 y 2&#8243; _builder_version=&#8221;4.27.5&#8243; _module_preset=&#8221;default&#8221; inline_fonts=&#8221;Amaranth&#8221; global_colors_info=&#8221;{}&#8221;]<\/p>\n<h2 style=\"text-align: center;\"><span style=\"font-size: x-large;\"><strong><span style=\"color: #0916a3; font-family: Amaranth;\"><span style=\"line-height: 107%;\">How did the \u201cSail the Way\u201d project come about??<\/span><\/span><\/strong><\/span><\/h2>\n<p style=\"text-align: center;\"><span style=\"color: #000000;\">The project began in 2015, spearheaded by Northmarinas, with the aim of reviving a historic way to make the pilgrimage to Santiago: by sea. The following year, the Cathedral of Santiago officially recognized this route, establishing that sailors who complete at least 100 nautical miles and finish the journey on foot can receive the Compostela certificate.<\/span><\/p>\n<p style=\"text-align: center;\"><span style=\"color: #000000;\">Since then, we have organized an international voyage each year that combines sailing, culture, and the spirit of pilgrimage.<\/span><span style=\"color: #000000; font-family: Arial, sans-serif; font-size: large;\">.<\/span><\/p>\n<h2 class=\"Standard\" style=\"text-align: center;\" align=\"center\"><span style=\"font-size: x-large;\"><strong><span style=\"color: #0a17aa; font-family: Amaranth;\"><span style=\"line-height: 107%;\">What does the project consist of and how is it developed?<\/span><\/span><\/strong><\/span><\/h2>\n<p style=\"text-align: center;\"><span style=\"color: #000000;\">&#8220;The Camino by Sail&#8221; is a nautical journey that brings together sailors from different countries to travel the Camino de Santiago by sailboat. Over several weeks, they complete different stages along the Cantabrian and Galician coasts, stopping at various ports where cultural activities, crew gatherings, and sightseeing are organized.<\/span><\/p>\n<p style=\"text-align: center;\"><span style=\"color: #000000;\">It&#8217;s an experience that blends adventure, the sea, gastronomy, and heritage, always with the spirit of the Camino as its guiding principle.<\/span><\/p>\n<p>[\/et_pb_text][\/et_pb_column][\/et_pb_row][et_pb_row _builder_version=&#8221;4.27.5&#8243; _module_preset=&#8221;default&#8221; custom_padding=&#8221;14px||14px|||&#8221; global_colors_info=&#8221;{}&#8221;][et_pb_column type=&#8221;4_4&#8243; _builder_version=&#8221;4.27.5&#8243; _module_preset=&#8221;default&#8221; global_colors_info=&#8221;{}&#8221;][et_pb_image src=&#8221;https:\/\/navegantesoceanicos.com\/wp-content\/uploads\/2026\/03\/Visto-desde-tierra.jpg&#8221; _builder_version=&#8221;4.27.5&#8243; _module_preset=&#8221;default&#8221; global_colors_info=&#8221;{}&#8221;][\/et_pb_image][\/et_pb_column][\/et_pb_row][et_pb_row _builder_version=&#8221;4.27.5&#8243; _module_preset=&#8221;default&#8221; global_colors_info=&#8221;{}&#8221;][et_pb_column type=&#8221;4_4&#8243; _builder_version=&#8221;4.27.5&#8243; _module_preset=&#8221;default&#8221; global_colors_info=&#8221;{}&#8221;][et_pb_text admin_label=&#8221;Texto 3 y 4&#8243; _builder_version=&#8221;4.27.5&#8243; _module_preset=&#8221;default&#8221; inline_fonts=&#8221;Amaranth&#8221; global_colors_info=&#8221;{}&#8221;]<\/p>\n<p class=\"Standard\" style=\"text-align: center;\"><strong style=\"font-size: x-large;\"><span style=\"color: #0a21a8; font-family: Amaranth;\"><span style=\"line-height: 107%;\">What is \u201cNorthmarinas\u201d and what role does it play in \u201cSail the Way\u201d?<\/span><\/span><\/strong><\/p>\n<p style=\"text-align: center;\"><span style=\"color: #000000;\">Northmarinas is a non-profit association comprised of marinas, businesses, and organizations linked to the nautical sector in northern Spain. Its objective is to promote the development of sailing, boost maritime tourism, and connect the ports of the Cantabrian coast and Galicia through joint projects.<\/span><\/p>\n<p style=\"text-align: center;\"><span style=\"color: #000000;\">&#8220;Sail the Way&#8221; is one of its flagship projects and serves as a platform to promote maritime culture and nautical tourism, as well as to showcase the towns and villages along the route.<\/span><\/p>\n<h2 class=\"Standard\" align=\"center\"><span style=\"font-size: x-large;\"><strong><span style=\"color: #082fa5; font-family: Amaranth;\"><span style=\"line-height: 107%;\">What is the route and ports of call that you have planned for this 2026 edition?<\/span><\/span><\/strong><\/span><\/h2>\n<p style=\"text-align: center;\"><span style=\"color: #000000;\">The voyage will depart from the iconic port of La Rochelle, France, and travel along the northern coast of the Iberian Peninsula from the Basque Country to Galicia. After setting sail, the flotilla will make stops in various towns, including Hondarribia, Bermeo, Santurtzi, Laredo, Santander, Gij\u00f3n, and Avil\u00e9s.<\/span><\/p>\n<p style=\"text-align: center;\"><span style=\"color: #000000;\">Once in Galicia, the route continues through emblematic ports such as Ribadeo, Ferrol, A Coru\u00f1a, Mux\u00eda, Muros, A Pobra do Carami\u00f1al, and Vilagarc\u00eda de Arousa, before finishing in Padr\u00f3n and completing the final kilometers on foot to Santiago de Compostela.<\/span><\/p>\n<p>[\/et_pb_text][\/et_pb_column][\/et_pb_row][et_pb_row _builder_version=&#8221;4.27.5&#8243; _module_preset=&#8221;default&#8221; custom_padding=&#8221;17px|||||&#8221; global_colors_info=&#8221;{}&#8221;][et_pb_column type=&#8221;4_4&#8243; _builder_version=&#8221;4.27.5&#8243; _module_preset=&#8221;default&#8221; global_colors_info=&#8221;{}&#8221;][et_pb_image src=&#8221;https:\/\/navegantesoceanicos.com\/wp-content\/uploads\/2026\/03\/Ruta-de-Camino-a-vela-2025.png&#8221; admin_label=&#8221;Imagen ruta&#8221; _builder_version=&#8221;4.27.5&#8243; _module_preset=&#8221;default&#8221; global_colors_info=&#8221;{}&#8221;][\/et_pb_image][\/et_pb_column][\/et_pb_row][et_pb_row _builder_version=&#8221;4.27.5&#8243; _module_preset=&#8221;default&#8221; global_colors_info=&#8221;{}&#8221;][et_pb_column type=&#8221;4_4&#8243; _builder_version=&#8221;4.27.5&#8243; _module_preset=&#8221;default&#8221; global_colors_info=&#8221;{}&#8221;][et_pb_text admin_label=&#8221;Texto 5 y 6&#8243; _builder_version=&#8221;4.27.5&#8243; _module_preset=&#8221;default&#8221; inline_fonts=&#8221;Amaranth&#8221; global_colors_info=&#8221;{}&#8221;]<\/p>\n<p class=\"Standard\" style=\"text-align: center;\"><strong style=\"font-family: Amaranth; font-size: x-large;\"><span style=\"color: #0a2ca8;\"><span style=\"line-height: 107%;\">Are there any specific objectives for &#8220;Sail the Way&#8221; 2026? <\/span><\/span><\/strong><\/p>\n<p class=\"Standard\" style=\"text-align: center;\"><strong style=\"font-family: Amaranth; font-size: x-large;\"><span style=\"color: #0a2ca8;\"><span style=\"line-height: 107%;\">Does this eleventh edition promote any charitable aspects?<\/span><\/span><\/strong><\/p>\n<p style=\"text-align: center;\"><span style=\"color: #000000;\">This eleventh edition is particularly special because it seeks to reinforce something that has always been at the heart of the project: the connection between the ports, cities, and people who share the Camino by sea. Following the signing of the Collaboration Alliance between the towns along the route last year, the aim now is to foster cultural exchange and collaboration among the territories that make up this nautical journey.<\/span><\/p>\n<p style=\"text-align: center;\"><span style=\"color: #000000;\">Furthermore, the project maintains its charitable focus with the &#8220;Sailing Against ALS&#8221; initiative, which collects sailing miles to raise awareness of the fight against Amyotrophic Lateral Sclerosis and support the organizations that work with those affected and their families. Every mile sailed is also a gesture of commitment and solidarity.<\/span><\/p>\n<p style=\"text-align: center;\"><span style=\"color: #000000;\">You too can help collect miles against ALS \u2013 BIZUM: 03718<\/span><\/p>\n<h2 class=\"Standard\" style=\"text-align: center;\"><span style=\"font-family: Amaranth; font-weight: normal; font-size: x-large;\"><strong><span style=\"color: #0824a0;\"><span style=\"line-height: 107%;\">What type of sailboats usually participate in this nautical experience?<\/span><\/span><\/strong><\/span><\/h2>\n<p style=\"text-align: center;\"><span style=\"color: #000000;\">Participants are primarily cruising sailboats, private owners, sailing schools, and yacht charters. The fleet is typically very diverse, ranging from family boats to ocean-going sailboats equipped for long voyages. What matters is not so much the size of the boat as sharing the spirit of adventure, camaraderie, and pilgrimage that characterizes this journey.<\/span><\/p>\n<p style=\"text-align: center;\"><span style=\"color: #000000;\">The Northmarinas team takes care of every detail of this adventure and guarantees the safety of the voyage both at sea and on land, maintaining constant coordination with the authorities and entities responsible for maritime safety.<\/span><\/p>\n<p>[\/et_pb_text][\/et_pb_column][\/et_pb_row][et_pb_row _builder_version=&#8221;4.27.5&#8243; _module_preset=&#8221;default&#8221; custom_padding=&#8221;12px|||||&#8221; global_colors_info=&#8221;{}&#8221;][et_pb_column type=&#8221;4_4&#8243; _builder_version=&#8221;4.27.5&#8243; _module_preset=&#8221;default&#8221; global_colors_info=&#8221;{}&#8221;][et_pb_image src=&#8221;https:\/\/navegantesoceanicos.com\/wp-content\/uploads\/2026\/03\/El-camino-en-vela-ELA.jpg&#8221; admin_label=&#8221;Imagen&#8221; _builder_version=&#8221;4.27.5&#8243; _module_preset=&#8221;default&#8221; global_colors_info=&#8221;{}&#8221;][\/et_pb_image][\/et_pb_column][\/et_pb_row][et_pb_row _builder_version=&#8221;4.27.5&#8243; _module_preset=&#8221;default&#8221; custom_padding=&#8221;22px|||||&#8221; global_colors_info=&#8221;{}&#8221;][et_pb_column type=&#8221;4_4&#8243; _builder_version=&#8221;4.27.5&#8243; _module_preset=&#8221;default&#8221; global_colors_info=&#8221;{}&#8221;][et_pb_text admin_label=&#8221;Texto 7&#8243; _builder_version=&#8221;4.27.5&#8243; _module_preset=&#8221;default&#8221; inline_fonts=&#8221;Amaranth&#8221; global_colors_info=&#8221;{}&#8221;]<\/p>\n<p class=\"Standard\" style=\"text-align: center;\"><strong style=\"font-size: x-large;\"><span style=\"color: #0911a0; font-family: Amaranth;\"><span style=\"line-height: 107%;\">For those who are thinking of participating in the Camino a Vela 2026, how can they do so?<\/span><\/span><\/strong><\/p>\n<p style=\"text-align: center;\"><span style=\"color: #000000;\">Boat owners can register their own sailboat and join the flotilla through the website www.elcaminoavela.com. There are still some places available, but the registration period with a 40% discount ends on March 31st!<\/span><\/p>\n<p style=\"text-align: center;\"><span style=\"color: #000000;\">We encourage all sea enthusiasts to experience this sailing adventure in complete safety, where you can enjoy the sailing and the camaraderie without worrying about the organization and paperwork upon arrival in port.<\/span><\/p>\n<p style=\"text-align: center;\"><span style=\"color: #000000;\">You can also follow us on<\/span>: <strong><span style=\"color: #ff0000;\"><a style=\"color: #ff0000;\" href=\"https:\/\/www.instagram.com\/elcaminoavela\/\">https:\/\/www.instagram.com\/elcaminoavela\/<\/a><\/span><\/strong><\/p>\n<p style=\"text-align: center;\"><span style=\"color: #000000;\">To whet your appetite, you can watch this video:<\/span><\/p>\n<p>[\/et_pb_text][\/et_pb_column][\/et_pb_row][et_pb_row _builder_version=&#8221;4.27.5&#8243; _module_preset=&#8221;default&#8221; custom_padding=&#8221;||2px|||&#8221; global_colors_info=&#8221;{}&#8221;][et_pb_column type=&#8221;4_4&#8243; _builder_version=&#8221;4.27.5&#8243; _module_preset=&#8221;default&#8221; global_colors_info=&#8221;{}&#8221;][et_pb_video src=&#8221;https:\/\/www.youtube.com\/watch?v=p2WOSQ9Ff6I&#8221; admin_label=&#8221;V\u00eddeo&#8221; _builder_version=&#8221;4.27.5&#8243; _module_preset=&#8221;default&#8221; global_colors_info=&#8221;{}&#8221;][\/et_pb_video][et_pb_divider divider_weight=&#8221;3px&#8221; _builder_version=&#8221;4.27.5&#8243; _module_preset=&#8221;default&#8221; global_colors_info=&#8221;{}&#8221;][\/et_pb_divider][\/et_pb_column][\/et_pb_row][et_pb_row _builder_version=&#8221;4.27.5&#8243; _module_preset=&#8221;default&#8221; custom_padding=&#8221;11px|||||&#8221; global_colors_info=&#8221;{}&#8221;][et_pb_column type=&#8221;4_4&#8243; _builder_version=&#8221;4.27.5&#8243; _module_preset=&#8221;default&#8221; global_colors_info=&#8221;{}&#8221;][et_pb_text admin_label=&#8221;Texto 8&#8243; _builder_version=&#8221;4.27.5&#8243; _module_preset=&#8221;default&#8221; inline_fonts=&#8221;Amaranth&#8221; global_colors_info=&#8221;{}&#8221;]<\/p>\n<h2 class=\"Standard\" style=\"text-align: center;\" align=\"center\"><span style=\"font-size: x-large;\"><strong><span style=\"color: #0824a3; font-family: Amaranth;\"><span style=\"line-height: 107%;\">After eleven voyages and hundreds of miles traveled, what would you say to someone who hasn&#8217;t yet experienced &#8220;The Sailing Way&#8221;? Why is this experience worthwhile?<\/span><\/span><\/strong><\/span><\/h2>\n<p style=\"text-align: center;\"><span style=\"color: #000000;\">&#8220;Sail the Way&#8221;(El Camino a Vela) is much more than a nautical journey. It&#8217;s a different way to experience the Camino de Santiago, combining the adventure of sailing with the spirit of connection that has always characterized pilgrims. For several weeks, we share the sea, ports, cultures, and experiences with sailors from all over the world, discovering the northern coast of Spain from a unique perspective, always in good company.<\/span><\/p>\n<p style=\"text-align: center;\"><span style=\"color: #000000;\">Those who participate don&#8217;t just sail; they become part of a community that shares values \u200b\u200bsuch as camaraderie, respect for the sea, and a passion for discovery. That&#8217;s why we say that each edition not only adds miles on the water, but also stories and friendships that last long after the voyage ends. And that is, perhaps, the true essence of &#8220;Sail the Way&#8221;.<\/span><\/p>\n<p>[\/et_pb_text][\/et_pb_column][\/et_pb_row][et_pb_row _builder_version=&#8221;4.27.5&#8243; _module_preset=&#8221;default&#8221; custom_padding=&#8221;14px||9px|||&#8221; global_colors_info=&#8221;{}&#8221;][et_pb_column type=&#8221;4_4&#8243; _builder_version=&#8221;4.27.5&#8243; _module_preset=&#8221;default&#8221; global_colors_info=&#8221;{}&#8221;][et_pb_image src=&#8221;https:\/\/navegantesoceanicos.com\/wp-content\/uploads\/2026\/03\/El-camino-en-vela-salida-Bilbao.jpg&#8221; admin_label=&#8221;Imagen&#8221; _builder_version=&#8221;4.27.5&#8243; _module_preset=&#8221;default&#8221; global_colors_info=&#8221;{}&#8221;][\/et_pb_image][\/et_pb_column][\/et_pb_row][et_pb_row _builder_version=&#8221;4.27.5&#8243; _module_preset=&#8221;default&#8221; global_colors_info=&#8221;{}&#8221;][et_pb_column type=&#8221;4_4&#8243; _builder_version=&#8221;4.27.5&#8243; _module_preset=&#8221;default&#8221; global_colors_info=&#8221;{}&#8221;][et_pb_divider divider_weight=&#8221;3px&#8221; _builder_version=&#8221;4.27.5&#8243; _module_preset=&#8221;default&#8221; global_colors_info=&#8221;{}&#8221;][\/et_pb_divider][et_pb_text _builder_version=&#8221;4.27.5&#8243; _module_preset=&#8221;default&#8221; global_colors_info=&#8221;{}&#8221;]<\/p>\n<p style=\"text-align: center;\"><span style=\"color: #000000;\">From &#8220;Navegantes Oce\u00e1nicos&#8221; we thank Federico Fern\u00e1ndez-Trapa Font\u00e1n, representative of Northmarinas, for his collaboration in this interview and for sharing the 2026 Sail the Way with our readers.<\/span><\/p>\n<p style=\"text-align: center;\"><span style=\"color: #000000;\">Fair winds, best of luck on your crossing, and welcome to Santiago de Compostela.<\/span><\/p>\n<p>[\/et_pb_text][et_pb_divider divider_weight=&#8221;3px&#8221; _builder_version=&#8221;4.27.5&#8243; _module_preset=&#8221;default&#8221; global_colors_info=&#8221;{}&#8221;][\/et_pb_divider][\/et_pb_column][\/et_pb_row][et_pb_row column_structure=&#8221;1_2,1_2&#8243; _builder_version=&#8221;4.27.5&#8243; _module_preset=&#8221;default&#8221; custom_padding=&#8221;11px||10px|||&#8221; global_colors_info=&#8221;{}&#8221;][et_pb_column type=&#8221;1_2&#8243; _builder_version=&#8221;4.27.5&#8243; _module_preset=&#8221;default&#8221; global_colors_info=&#8221;{}&#8221;][et_pb_image src=&#8221;https:\/\/navegantesoceanicos.com\/wp-content\/uploads\/2026\/03\/Llegada-a-Santiago-Camino-a-vela.jpeg&#8221; _builder_version=&#8221;4.27.5&#8243; _module_preset=&#8221;default&#8221; global_colors_info=&#8221;{}&#8221;][\/et_pb_image][\/et_pb_column][et_pb_column type=&#8221;1_2&#8243; _builder_version=&#8221;4.27.5&#8243; _module_preset=&#8221;default&#8221; global_colors_info=&#8221;{}&#8221;][et_pb_image src=&#8221;https:\/\/navegantesoceanicos.com\/wp-content\/uploads\/2026\/03\/El-camino-en-vela-2025.jpg&#8221; _builder_version=&#8221;4.27.5&#8243; _module_preset=&#8221;default&#8221; global_colors_info=&#8221;{}&#8221;][\/et_pb_image][\/et_pb_column][\/et_pb_row][et_pb_row _builder_version=&#8221;4.27.5&#8243; _module_preset=&#8221;default&#8221; global_colors_info=&#8221;{}&#8221;][et_pb_column type=&#8221;4_4&#8243; _builder_version=&#8221;4.27.5&#8243; _module_preset=&#8221;default&#8221; global_colors_info=&#8221;{}&#8221;][et_pb_divider divider_weight=&#8221;3px&#8221; _builder_version=&#8221;4.27.5&#8243; _module_preset=&#8221;default&#8221; custom_margin=&#8221;||-2px|||&#8221; global_colors_info=&#8221;{}&#8221;][\/et_pb_divider][et_pb_image src=&#8221;https:\/\/navegantesoceanicos.com\/wp-content\/uploads\/2025\/03\/ISSN-for-Navegantes-Oceanicos.png&#8221; title_text=&#8221;ISSN for Navegantes Oce\u00e1nicos&#8221; _builder_version=&#8221;4.27.5&#8243; _module_preset=&#8221;default&#8221; global_colors_info=&#8221;{}&#8221;][\/et_pb_image][\/et_pb_column][\/et_pb_row][\/et_pb_section]<\/p>\n","protected":false},"excerpt":{"rendered":"<p>In June 2026, the eleventh edition of &#8220;El Camino a Vela&#8221; (Sail the Way) will take place, where a group of 20 sailboats will travel in several stages from France (La Rochelle), along the entire northern coast of Spain, from Hondarribia to Padr\u00f3n, before finishing on foot in Santiago de Compostela. With the invaluable help of Federico Fern\u00e1ndez-Trapa Font\u00e1n, we will learn what this edition of &#8220;El Camino a Vela&#8221; entails and how it is planned to unfold.<\/p>\n","protected":false},"author":2,"featured_media":46544,"comment_status":"open","ping_status":"open","sticky":false,"template":"","format":"standard","meta":{"_et_pb_use_builder":"on","_et_pb_old_content":"","_et_gb_content_width":"","footnotes":"","_wp_rev_ctl_limit":"2"},"categories":[135],"tags":[],"class_list":["post-46576","post","type-post","status-publish","format-standard","has-post-thumbnail","hentry","category-interviews","et-has-post-format-content","et_post_format-et-post-format-standard"],"yoast_head":"<!-- This site is optimized with the Yoast SEO plugin v27.4 - https:\/\/yoast.com\/product\/yoast-seo-wordpress\/ -->\n<title>Sail the Way 2026, interview with Federico Fern\u00e1ndez-Trapa Font\u00e1n - Navegantes Oce\u00e1nicos<\/title>\n<meta name=\"description\" content=\"Navegantes oce\u00e1nicos, web con contenidos para apasionados por la mar, tripulantes, regatistas, patrones o armadores.\" \/>\n<meta name=\"robots\" content=\"index, follow, max-snippet:-1, max-image-preview:large, max-video-preview:-1\" \/>\n<link rel=\"canonical\" href=\"https:\/\/navegantesoceanicos.com\/en\/sail-the-way-2026-interview-with-federico-fernandez-trapa-fontan\/\" \/>\n<meta property=\"og:locale\" content=\"en_US\" \/>\n<meta property=\"og:type\" content=\"article\" \/>\n<meta property=\"og:title\" content=\"Sail the Way 2026, interview with Federico Fern\u00e1ndez-Trapa Font\u00e1n - Navegantes Oce\u00e1nicos\" \/>\n<meta property=\"og:description\" content=\"Navegantes oce\u00e1nicos, web con contenidos para apasionados por la mar, tripulantes, regatistas, patrones o armadores.\" \/>\n<meta property=\"og:url\" content=\"https:\/\/navegantesoceanicos.com\/en\/sail-the-way-2026-interview-with-federico-fernandez-trapa-fontan\/\" \/>\n<meta property=\"og:site_name\" content=\"Navegantes Oce\u00e1nicos\" \/>\n<meta property=\"article:publisher\" content=\"https:\/\/www.facebook.com\/Navegantes-Oce%c3%a1nicos-112578593494698\" \/>\n<meta property=\"article:published_time\" content=\"2026-03-13T17:55:22+00:00\" \/>\n<meta property=\"article:modified_time\" content=\"2026-03-14T09:32:22+00:00\" \/>\n<meta property=\"og:image\" content=\"https:\/\/navegantesoceanicos.com\/wp-content\/uploads\/2026\/03\/Camino-a-Vela-2025.jpg\" \/>\n\t<meta property=\"og:image:width\" content=\"2560\" \/>\n\t<meta property=\"og:image:height\" content=\"1707\" \/>\n\t<meta property=\"og:image:type\" content=\"image\/jpeg\" \/>\n<meta name=\"author\" content=\"Juan Gonz\u00e1lez-Aller Lacalle\" \/>\n<meta name=\"twitter:label1\" content=\"Written by\" \/>\n\t<meta name=\"twitter:data1\" content=\"Juan Gonz\u00e1lez-Aller Lacalle\" \/>\n\t<meta name=\"twitter:label2\" content=\"Est. reading time\" \/>\n\t<meta name=\"twitter:data2\" content=\"7 minutes\" \/>\n<script type=\"application\/ld+json\" class=\"yoast-schema-graph\">{\"@context\":\"https:\\\/\\\/schema.org\",\"@graph\":[{\"@type\":\"Article\",\"@id\":\"https:\\\/\\\/navegantesoceanicos.com\\\/en\\\/sail-the-way-2026-interview-with-federico-fernandez-trapa-fontan\\\/#article\",\"isPartOf\":{\"@id\":\"https:\\\/\\\/navegantesoceanicos.com\\\/en\\\/sail-the-way-2026-interview-with-federico-fernandez-trapa-fontan\\\/\"},\"author\":{\"name\":\"Juan Gonz\u00e1lez-Aller Lacalle\",\"@id\":\"https:\\\/\\\/navegantesoceanicos.com\\\/en\\\/#\\\/schema\\\/person\\\/4efe3afaef12467194c46aa710898a5c\"},\"headline\":\"Sail the Way 2026, interview with Federico Fern\u00e1ndez-Trapa Font\u00e1n\",\"datePublished\":\"2026-03-13T17:55:22+00:00\",\"dateModified\":\"2026-03-14T09:32:22+00:00\",\"mainEntityOfPage\":{\"@id\":\"https:\\\/\\\/navegantesoceanicos.com\\\/en\\\/sail-the-way-2026-interview-with-federico-fernandez-trapa-fontan\\\/\"},\"wordCount\":1955,\"commentCount\":0,\"publisher\":{\"@id\":\"https:\\\/\\\/navegantesoceanicos.com\\\/en\\\/#organization\"},\"image\":{\"@id\":\"https:\\\/\\\/navegantesoceanicos.com\\\/en\\\/sail-the-way-2026-interview-with-federico-fernandez-trapa-fontan\\\/#primaryimage\"},\"thumbnailUrl\":\"https:\\\/\\\/navegantesoceanicos.com\\\/wp-content\\\/uploads\\\/2026\\\/03\\\/Camino-a-Vela-2025.jpg\",\"articleSection\":[\"Interviews\"],\"inLanguage\":\"en-US\",\"potentialAction\":[{\"@type\":\"CommentAction\",\"name\":\"Comment\",\"target\":[\"https:\\\/\\\/navegantesoceanicos.com\\\/en\\\/sail-the-way-2026-interview-with-federico-fernandez-trapa-fontan\\\/#respond\"]}]},{\"@type\":\"WebPage\",\"@id\":\"https:\\\/\\\/navegantesoceanicos.com\\\/en\\\/sail-the-way-2026-interview-with-federico-fernandez-trapa-fontan\\\/\",\"url\":\"https:\\\/\\\/navegantesoceanicos.com\\\/en\\\/sail-the-way-2026-interview-with-federico-fernandez-trapa-fontan\\\/\",\"name\":\"Sail the Way 2026, interview with Federico Fern\u00e1ndez-Trapa Font\u00e1n - Navegantes Oce\u00e1nicos\",\"isPartOf\":{\"@id\":\"https:\\\/\\\/navegantesoceanicos.com\\\/en\\\/#website\"},\"primaryImageOfPage\":{\"@id\":\"https:\\\/\\\/navegantesoceanicos.com\\\/en\\\/sail-the-way-2026-interview-with-federico-fernandez-trapa-fontan\\\/#primaryimage\"},\"image\":{\"@id\":\"https:\\\/\\\/navegantesoceanicos.com\\\/en\\\/sail-the-way-2026-interview-with-federico-fernandez-trapa-fontan\\\/#primaryimage\"},\"thumbnailUrl\":\"https:\\\/\\\/navegantesoceanicos.com\\\/wp-content\\\/uploads\\\/2026\\\/03\\\/Camino-a-Vela-2025.jpg\",\"datePublished\":\"2026-03-13T17:55:22+00:00\",\"dateModified\":\"2026-03-14T09:32:22+00:00\",\"description\":\"Navegantes oce\u00e1nicos, web con contenidos para apasionados por la mar, tripulantes, regatistas, patrones o armadores.\",\"breadcrumb\":{\"@id\":\"https:\\\/\\\/navegantesoceanicos.com\\\/en\\\/sail-the-way-2026-interview-with-federico-fernandez-trapa-fontan\\\/#breadcrumb\"},\"inLanguage\":\"en-US\",\"potentialAction\":[{\"@type\":\"ReadAction\",\"target\":[\"https:\\\/\\\/navegantesoceanicos.com\\\/en\\\/sail-the-way-2026-interview-with-federico-fernandez-trapa-fontan\\\/\"]}]},{\"@type\":\"ImageObject\",\"inLanguage\":\"en-US\",\"@id\":\"https:\\\/\\\/navegantesoceanicos.com\\\/en\\\/sail-the-way-2026-interview-with-federico-fernandez-trapa-fontan\\\/#primaryimage\",\"url\":\"https:\\\/\\\/navegantesoceanicos.com\\\/wp-content\\\/uploads\\\/2026\\\/03\\\/Camino-a-Vela-2025.jpg\",\"contentUrl\":\"https:\\\/\\\/navegantesoceanicos.com\\\/wp-content\\\/uploads\\\/2026\\\/03\\\/Camino-a-Vela-2025.jpg\",\"width\":2560,\"height\":1707},{\"@type\":\"BreadcrumbList\",\"@id\":\"https:\\\/\\\/navegantesoceanicos.com\\\/en\\\/sail-the-way-2026-interview-with-federico-fernandez-trapa-fontan\\\/#breadcrumb\",\"itemListElement\":[{\"@type\":\"ListItem\",\"position\":1,\"name\":\"Portada\",\"item\":\"https:\\\/\\\/navegantesoceanicos.com\\\/en\\\/\"},{\"@type\":\"ListItem\",\"position\":2,\"name\":\"Sail the Way 2026, interview with Federico Fern\u00e1ndez-Trapa Font\u00e1n\"}]},{\"@type\":\"WebSite\",\"@id\":\"https:\\\/\\\/navegantesoceanicos.com\\\/en\\\/#website\",\"url\":\"https:\\\/\\\/navegantesoceanicos.com\\\/en\\\/\",\"name\":\"Navegantes Oce\u00e1nicos\",\"description\":\"Navegantes oce\u00e1nicos, te ayudamos a navegar, para navegantes, tripulantes, regatistas y armadores, escuela n\u00e1utica, libros on-line sobre t\u00e1cticas y equipamiento para la navegaci\u00f3n a vela, fondear, atracar, el manejo de las velas, electricidad a bordo, navegaci\u00f3n con mal tiempo, rutas oce\u00e1nicas y mucho m\u00e1s\",\"publisher\":{\"@id\":\"https:\\\/\\\/navegantesoceanicos.com\\\/en\\\/#organization\"},\"potentialAction\":[{\"@type\":\"SearchAction\",\"target\":{\"@type\":\"EntryPoint\",\"urlTemplate\":\"https:\\\/\\\/navegantesoceanicos.com\\\/en\\\/?s={search_term_string}\"},\"query-input\":{\"@type\":\"PropertyValueSpecification\",\"valueRequired\":true,\"valueName\":\"search_term_string\"}}],\"inLanguage\":\"en-US\"},{\"@type\":\"Organization\",\"@id\":\"https:\\\/\\\/navegantesoceanicos.com\\\/en\\\/#organization\",\"name\":\"Navegantes Oce\u00e1nicos\",\"url\":\"https:\\\/\\\/navegantesoceanicos.com\\\/en\\\/\",\"logo\":{\"@type\":\"ImageObject\",\"inLanguage\":\"en-US\",\"@id\":\"https:\\\/\\\/navegantesoceanicos.com\\\/en\\\/#\\\/schema\\\/logo\\\/image\\\/\",\"url\":\"https:\\\/\\\/navegantesoceanicos.com\\\/wp-content\\\/uploads\\\/2019\\\/12\\\/LOGO-NAVEGANTES-OCEANICOS.png\",\"contentUrl\":\"https:\\\/\\\/navegantesoceanicos.com\\\/wp-content\\\/uploads\\\/2019\\\/12\\\/LOGO-NAVEGANTES-OCEANICOS.png\",\"width\":1010,\"height\":814,\"caption\":\"Navegantes Oce\u00e1nicos\"},\"image\":{\"@id\":\"https:\\\/\\\/navegantesoceanicos.com\\\/en\\\/#\\\/schema\\\/logo\\\/image\\\/\"},\"sameAs\":[\"https:\\\/\\\/www.facebook.com\\\/Navegantes-Oce\u00e1nicos-112578593494698\",\"https:\\\/\\\/www.instagram.com\\\/navegantes_oceanicos\\\/?hl=es\",\"https:\\\/\\\/www.youtube.com\\\/channel\\\/UCXgDL_6xqE7rpdwNXRmzF_Q\\\/featured\"]},{\"@type\":\"Person\",\"@id\":\"https:\\\/\\\/navegantesoceanicos.com\\\/en\\\/#\\\/schema\\\/person\\\/4efe3afaef12467194c46aa710898a5c\",\"name\":\"Juan Gonz\u00e1lez-Aller Lacalle\",\"image\":{\"@type\":\"ImageObject\",\"inLanguage\":\"en-US\",\"@id\":\"https:\\\/\\\/secure.gravatar.com\\\/avatar\\\/8262155dfd99d33a131c0b6f7c6d5b289bcc5a78eb8915b59699287a091367be?s=96&d=mm&r=g\",\"url\":\"https:\\\/\\\/secure.gravatar.com\\\/avatar\\\/8262155dfd99d33a131c0b6f7c6d5b289bcc5a78eb8915b59699287a091367be?s=96&d=mm&r=g\",\"contentUrl\":\"https:\\\/\\\/secure.gravatar.com\\\/avatar\\\/8262155dfd99d33a131c0b6f7c6d5b289bcc5a78eb8915b59699287a091367be?s=96&d=mm&r=g\",\"caption\":\"Juan Gonz\u00e1lez-Aller Lacalle\"},\"sameAs\":[\"https:\\\/\\\/navegantesoceanicos.com\"],\"url\":\"https:\\\/\\\/navegantesoceanicos.com\\\/en\\\/author\\\/juan-director\\\/\"}]}<\/script>\n<!-- \/ Yoast SEO plugin. -->","yoast_head_json":{"title":"Sail the Way 2026, interview with Federico Fern\u00e1ndez-Trapa Font\u00e1n - Navegantes Oce\u00e1nicos","description":"Navegantes oce\u00e1nicos, web con contenidos para apasionados por la mar, tripulantes, regatistas, patrones o armadores.","robots":{"index":"index","follow":"follow","max-snippet":"max-snippet:-1","max-image-preview":"max-image-preview:large","max-video-preview":"max-video-preview:-1"},"canonical":"https:\/\/navegantesoceanicos.com\/en\/sail-the-way-2026-interview-with-federico-fernandez-trapa-fontan\/","og_locale":"en_US","og_type":"article","og_title":"Sail the Way 2026, interview with Federico Fern\u00e1ndez-Trapa Font\u00e1n - Navegantes Oce\u00e1nicos","og_description":"Navegantes oce\u00e1nicos, web con contenidos para apasionados por la mar, tripulantes, regatistas, patrones o armadores.","og_url":"https:\/\/navegantesoceanicos.com\/en\/sail-the-way-2026-interview-with-federico-fernandez-trapa-fontan\/","og_site_name":"Navegantes Oce\u00e1nicos","article_publisher":"https:\/\/www.facebook.com\/Navegantes-Oce%c3%a1nicos-112578593494698","article_published_time":"2026-03-13T17:55:22+00:00","article_modified_time":"2026-03-14T09:32:22+00:00","og_image":[{"width":2560,"height":1707,"url":"https:\/\/navegantesoceanicos.com\/wp-content\/uploads\/2026\/03\/Camino-a-Vela-2025.jpg","type":"image\/jpeg"}],"author":"Juan Gonz\u00e1lez-Aller Lacalle","twitter_misc":{"Written by":"Juan Gonz\u00e1lez-Aller Lacalle","Est. reading time":"7 minutes"},"schema":{"@context":"https:\/\/schema.org","@graph":[{"@type":"Article","@id":"https:\/\/navegantesoceanicos.com\/en\/sail-the-way-2026-interview-with-federico-fernandez-trapa-fontan\/#article","isPartOf":{"@id":"https:\/\/navegantesoceanicos.com\/en\/sail-the-way-2026-interview-with-federico-fernandez-trapa-fontan\/"},"author":{"name":"Juan Gonz\u00e1lez-Aller Lacalle","@id":"https:\/\/navegantesoceanicos.com\/en\/#\/schema\/person\/4efe3afaef12467194c46aa710898a5c"},"headline":"Sail the Way 2026, interview with Federico Fern\u00e1ndez-Trapa Font\u00e1n","datePublished":"2026-03-13T17:55:22+00:00","dateModified":"2026-03-14T09:32:22+00:00","mainEntityOfPage":{"@id":"https:\/\/navegantesoceanicos.com\/en\/sail-the-way-2026-interview-with-federico-fernandez-trapa-fontan\/"},"wordCount":1955,"commentCount":0,"publisher":{"@id":"https:\/\/navegantesoceanicos.com\/en\/#organization"},"image":{"@id":"https:\/\/navegantesoceanicos.com\/en\/sail-the-way-2026-interview-with-federico-fernandez-trapa-fontan\/#primaryimage"},"thumbnailUrl":"https:\/\/navegantesoceanicos.com\/wp-content\/uploads\/2026\/03\/Camino-a-Vela-2025.jpg","articleSection":["Interviews"],"inLanguage":"en-US","potentialAction":[{"@type":"CommentAction","name":"Comment","target":["https:\/\/navegantesoceanicos.com\/en\/sail-the-way-2026-interview-with-federico-fernandez-trapa-fontan\/#respond"]}]},{"@type":"WebPage","@id":"https:\/\/navegantesoceanicos.com\/en\/sail-the-way-2026-interview-with-federico-fernandez-trapa-fontan\/","url":"https:\/\/navegantesoceanicos.com\/en\/sail-the-way-2026-interview-with-federico-fernandez-trapa-fontan\/","name":"Sail the Way 2026, interview with Federico Fern\u00e1ndez-Trapa Font\u00e1n - Navegantes Oce\u00e1nicos","isPartOf":{"@id":"https:\/\/navegantesoceanicos.com\/en\/#website"},"primaryImageOfPage":{"@id":"https:\/\/navegantesoceanicos.com\/en\/sail-the-way-2026-interview-with-federico-fernandez-trapa-fontan\/#primaryimage"},"image":{"@id":"https:\/\/navegantesoceanicos.com\/en\/sail-the-way-2026-interview-with-federico-fernandez-trapa-fontan\/#primaryimage"},"thumbnailUrl":"https:\/\/navegantesoceanicos.com\/wp-content\/uploads\/2026\/03\/Camino-a-Vela-2025.jpg","datePublished":"2026-03-13T17:55:22+00:00","dateModified":"2026-03-14T09:32:22+00:00","description":"Navegantes oce\u00e1nicos, web con contenidos para apasionados por la mar, tripulantes, regatistas, patrones o armadores.","breadcrumb":{"@id":"https:\/\/navegantesoceanicos.com\/en\/sail-the-way-2026-interview-with-federico-fernandez-trapa-fontan\/#breadcrumb"},"inLanguage":"en-US","potentialAction":[{"@type":"ReadAction","target":["https:\/\/navegantesoceanicos.com\/en\/sail-the-way-2026-interview-with-federico-fernandez-trapa-fontan\/"]}]},{"@type":"ImageObject","inLanguage":"en-US","@id":"https:\/\/navegantesoceanicos.com\/en\/sail-the-way-2026-interview-with-federico-fernandez-trapa-fontan\/#primaryimage","url":"https:\/\/navegantesoceanicos.com\/wp-content\/uploads\/2026\/03\/Camino-a-Vela-2025.jpg","contentUrl":"https:\/\/navegantesoceanicos.com\/wp-content\/uploads\/2026\/03\/Camino-a-Vela-2025.jpg","width":2560,"height":1707},{"@type":"BreadcrumbList","@id":"https:\/\/navegantesoceanicos.com\/en\/sail-the-way-2026-interview-with-federico-fernandez-trapa-fontan\/#breadcrumb","itemListElement":[{"@type":"ListItem","position":1,"name":"Portada","item":"https:\/\/navegantesoceanicos.com\/en\/"},{"@type":"ListItem","position":2,"name":"Sail the Way 2026, interview with Federico Fern\u00e1ndez-Trapa Font\u00e1n"}]},{"@type":"WebSite","@id":"https:\/\/navegantesoceanicos.com\/en\/#website","url":"https:\/\/navegantesoceanicos.com\/en\/","name":"Navegantes Oce\u00e1nicos","description":"Navegantes oce\u00e1nicos, te ayudamos a navegar, para navegantes, tripulantes, regatistas y armadores, escuela n\u00e1utica, libros on-line sobre t\u00e1cticas y equipamiento para la navegaci\u00f3n a vela, fondear, atracar, el manejo de las velas, electricidad a bordo, navegaci\u00f3n con mal tiempo, rutas oce\u00e1nicas y mucho m\u00e1s","publisher":{"@id":"https:\/\/navegantesoceanicos.com\/en\/#organization"},"potentialAction":[{"@type":"SearchAction","target":{"@type":"EntryPoint","urlTemplate":"https:\/\/navegantesoceanicos.com\/en\/?s={search_term_string}"},"query-input":{"@type":"PropertyValueSpecification","valueRequired":true,"valueName":"search_term_string"}}],"inLanguage":"en-US"},{"@type":"Organization","@id":"https:\/\/navegantesoceanicos.com\/en\/#organization","name":"Navegantes Oce\u00e1nicos","url":"https:\/\/navegantesoceanicos.com\/en\/","logo":{"@type":"ImageObject","inLanguage":"en-US","@id":"https:\/\/navegantesoceanicos.com\/en\/#\/schema\/logo\/image\/","url":"https:\/\/navegantesoceanicos.com\/wp-content\/uploads\/2019\/12\/LOGO-NAVEGANTES-OCEANICOS.png","contentUrl":"https:\/\/navegantesoceanicos.com\/wp-content\/uploads\/2019\/12\/LOGO-NAVEGANTES-OCEANICOS.png","width":1010,"height":814,"caption":"Navegantes Oce\u00e1nicos"},"image":{"@id":"https:\/\/navegantesoceanicos.com\/en\/#\/schema\/logo\/image\/"},"sameAs":["https:\/\/www.facebook.com\/Navegantes-Oce\u00e1nicos-112578593494698","https:\/\/www.instagram.com\/navegantes_oceanicos\/?hl=es","https:\/\/www.youtube.com\/channel\/UCXgDL_6xqE7rpdwNXRmzF_Q\/featured"]},{"@type":"Person","@id":"https:\/\/navegantesoceanicos.com\/en\/#\/schema\/person\/4efe3afaef12467194c46aa710898a5c","name":"Juan Gonz\u00e1lez-Aller Lacalle","image":{"@type":"ImageObject","inLanguage":"en-US","@id":"https:\/\/secure.gravatar.com\/avatar\/8262155dfd99d33a131c0b6f7c6d5b289bcc5a78eb8915b59699287a091367be?s=96&d=mm&r=g","url":"https:\/\/secure.gravatar.com\/avatar\/8262155dfd99d33a131c0b6f7c6d5b289bcc5a78eb8915b59699287a091367be?s=96&d=mm&r=g","contentUrl":"https:\/\/secure.gravatar.com\/avatar\/8262155dfd99d33a131c0b6f7c6d5b289bcc5a78eb8915b59699287a091367be?s=96&d=mm&r=g","caption":"Juan Gonz\u00e1lez-Aller Lacalle"},"sameAs":["https:\/\/navegantesoceanicos.com"],"url":"https:\/\/navegantesoceanicos.com\/en\/author\/juan-director\/"}]}},"rttpg_featured_image_url":{"full":["https:\/\/navegantesoceanicos.com\/wp-content\/uploads\/2026\/03\/Camino-a-Vela-2025.jpg",2560,1707,false],"landscape":["https:\/\/navegantesoceanicos.com\/wp-content\/uploads\/2026\/03\/Camino-a-Vela-2025.jpg",2560,1707,false],"portraits":["https:\/\/navegantesoceanicos.com\/wp-content\/uploads\/2026\/03\/Camino-a-Vela-2025.jpg",2560,1707,false],"thumbnail":["https:\/\/navegantesoceanicos.com\/wp-content\/uploads\/2026\/03\/Camino-a-Vela-2025-150x150.jpg",150,150,true],"medium":["https:\/\/navegantesoceanicos.com\/wp-content\/uploads\/2026\/03\/Camino-a-Vela-2025-300x200.jpg",300,200,true],"large":["https:\/\/navegantesoceanicos.com\/wp-content\/uploads\/2026\/03\/Camino-a-Vela-2025-1024x683.jpg",1024,683,true],"1536x1536":["https:\/\/navegantesoceanicos.com\/wp-content\/uploads\/2026\/03\/Camino-a-Vela-2025-1536x1024.jpg",1536,1024,true],"2048x2048":["https:\/\/navegantesoceanicos.com\/wp-content\/uploads\/2026\/03\/Camino-a-Vela-2025-2048x1366.jpg",2048,1366,true],"smart-post-landscape":["https:\/\/navegantesoceanicos.com\/wp-content\/uploads\/2026\/03\/Camino-a-Vela-2025.jpg",855,570,false],"smart-post-portrait":["https:\/\/navegantesoceanicos.com\/wp-content\/uploads\/2026\/03\/Camino-a-Vela-2025.jpg",600,400,false],"et-builder-post-main-image":["https:\/\/navegantesoceanicos.com\/wp-content\/uploads\/2026\/03\/Camino-a-Vela-2025-400x250.jpg",400,250,true],"et-builder-post-main-image-fullwidth":["https:\/\/navegantesoceanicos.com\/wp-content\/uploads\/2026\/03\/Camino-a-Vela-2025-1080x675.jpg",1080,675,true],"et-builder-portfolio-image":["https:\/\/navegantesoceanicos.com\/wp-content\/uploads\/2026\/03\/Camino-a-Vela-2025-400x284.jpg",400,284,true],"et-builder-portfolio-image-single":["https:\/\/navegantesoceanicos.com\/wp-content\/uploads\/2026\/03\/Camino-a-Vela-2025-1080x720.jpg",1080,720,true],"et-builder-gallery-image-portrait":["https:\/\/navegantesoceanicos.com\/wp-content\/uploads\/2026\/03\/Camino-a-Vela-2025-400x516.jpg",400,516,true],"extra-image-huge":["https:\/\/navegantesoceanicos.com\/wp-content\/uploads\/2026\/03\/Camino-a-Vela-2025-1280x768.jpg",1280,768,true],"extra-image-single-post":["https:\/\/navegantesoceanicos.com\/wp-content\/uploads\/2026\/03\/Camino-a-Vela-2025-1280x640.jpg",1280,640,true],"extra-image-medium":["https:\/\/navegantesoceanicos.com\/wp-content\/uploads\/2026\/03\/Camino-a-Vela-2025-627x376.jpg",627,376,true],"extra-image-small":["https:\/\/navegantesoceanicos.com\/wp-content\/uploads\/2026\/03\/Camino-a-Vela-2025-440x264.jpg",440,264,true],"extra-image-square-medium":["https:\/\/navegantesoceanicos.com\/wp-content\/uploads\/2026\/03\/Camino-a-Vela-2025-440x440.jpg",440,440,true],"extra-image-square-small":["https:\/\/navegantesoceanicos.com\/wp-content\/uploads\/2026\/03\/Camino-a-Vela-2025-150x150.jpg",150,150,true],"woocommerce_thumbnail":["https:\/\/navegantesoceanicos.com\/wp-content\/uploads\/2026\/03\/Camino-a-Vela-2025-300x200.jpg",300,200,true],"woocommerce_single":["https:\/\/navegantesoceanicos.com\/wp-content\/uploads\/2026\/03\/Camino-a-Vela-2025-600x400.jpg",600,400,true],"woocommerce_gallery_thumbnail":["https:\/\/navegantesoceanicos.com\/wp-content\/uploads\/2026\/03\/Camino-a-Vela-2025-100x100.jpg",100,100,true],"dgwt-wcas-product-suggestion":["https:\/\/navegantesoceanicos.com\/wp-content\/uploads\/2026\/03\/Camino-a-Vela-2025-64x43.jpg",64,43,true]},"rttpg_author":{"display_name":"Juan Gonz\u00e1lez-Aller Lacalle","author_link":"https:\/\/navegantesoceanicos.com\/en\/author\/juan-director\/"},"rttpg_comment":0,"rttpg_category":"<a href=\"https:\/\/navegantesoceanicos.com\/en\/category\/interviews\/\" rel=\"category tag\">Interviews<\/a>","rttpg_excerpt":"In June 2026, the eleventh edition of \"El Camino a Vela\" (Sail the Way) will take place, where a group of 20 sailboats will travel in several stages from France (La Rochelle), along the entire northern coast of Spain, from Hondarribia to Padr\u00f3n, before finishing on foot in Santiago de Compostela. With the invaluable help&hellip;","_links":{"self":[{"href":"https:\/\/navegantesoceanicos.com\/en\/wp-json\/wp\/v2\/posts\/46576","targetHints":{"allow":["GET"]}}],"collection":[{"href":"https:\/\/navegantesoceanicos.com\/en\/wp-json\/wp\/v2\/posts"}],"about":[{"href":"https:\/\/navegantesoceanicos.com\/en\/wp-json\/wp\/v2\/types\/post"}],"author":[{"embeddable":true,"href":"https:\/\/navegantesoceanicos.com\/en\/wp-json\/wp\/v2\/users\/2"}],"replies":[{"embeddable":true,"href":"https:\/\/navegantesoceanicos.com\/en\/wp-json\/wp\/v2\/comments?post=46576"}],"version-history":[{"count":2,"href":"https:\/\/navegantesoceanicos.com\/en\/wp-json\/wp\/v2\/posts\/46576\/revisions"}],"predecessor-version":[{"id":46587,"href":"https:\/\/navegantesoceanicos.com\/en\/wp-json\/wp\/v2\/posts\/46576\/revisions\/46587"}],"wp:featuredmedia":[{"embeddable":true,"href":"https:\/\/navegantesoceanicos.com\/en\/wp-json\/wp\/v2\/media\/46544"}],"wp:attachment":[{"href":"https:\/\/navegantesoceanicos.com\/en\/wp-json\/wp\/v2\/media?parent=46576"}],"wp:term":[{"taxonomy":"category","embeddable":true,"href":"https:\/\/navegantesoceanicos.com\/en\/wp-json\/wp\/v2\/categories?post=46576"},{"taxonomy":"post_tag","embeddable":true,"href":"https:\/\/navegantesoceanicos.com\/en\/wp-json\/wp\/v2\/tags?post=46576"}],"curies":[{"name":"wp","href":"https:\/\/api.w.org\/{rel}","templated":true}]}}