{"id":37234,"date":"2019-11-05T23:04:00","date_gmt":"2019-11-05T23:04:00","guid":{"rendered":"https:\/\/navegantesoceanicos.com\/calculo-consumo-electrico\/"},"modified":"2024-12-27T10:01:54","modified_gmt":"2024-12-27T10:01:54","slug":"calculo-consumo-eletricidade-a-bordo","status":"publish","type":"post","link":"https:\/\/navegantesoceanicos.com\/pt-pt\/calculo-consumo-eletricidade-a-bordo\/","title":{"rendered":"O c\u00e1lculo do consumo de eletricidade a bordo"},"content":{"rendered":"<p>[et_pb_section fb_built=&#8221;1&#8243; _builder_version=&#8221;4.16&#8243; custom_margin=&#8221;-25px|||||&#8221; custom_padding=&#8221;0px||0px|||&#8221; global_colors_info=&#8221;{}&#8221;][et_pb_row _builder_version=&#8221;4.26.0&#8243; background_size=&#8221;initial&#8221; background_position=&#8221;top_left&#8221; background_repeat=&#8221;repeat&#8221; width=&#8221;89.7%&#8221; min_height=&#8221;1581px&#8221; custom_margin=&#8221;||||false|false&#8221; custom_padding=&#8221;0px|0px||0px|false|false&#8221; global_colors_info=&#8221;{}&#8221;][et_pb_column type=&#8221;4_4&#8243; _builder_version=&#8221;4.16&#8243; custom_padding=&#8221;|||&#8221; global_colors_info=&#8221;{}&#8221; custom_padding__hover=&#8221;|||&#8221;][et_pb_text admin_label=&#8221;Texto&#8221; _builder_version=&#8221;4.27.4&#8243; background_size=&#8221;initial&#8221; background_position=&#8221;top_left&#8221; background_repeat=&#8221;repeat&#8221; min_height=&#8221;370px&#8221; custom_margin=&#8221;1px|||||&#8221; custom_padding=&#8221;17px||0px|||&#8221; inline_fonts=&#8221;Arial,Amaranth,Times New Roman,ABeeZee&#8221; global_colors_info=&#8221;{}&#8221;]<\/p>\n<h2><span style=\"font-size: x-large; color: rgba(0, 8, 175, 0.99);\"><strong><span style=\"font-family: Amaranth;\">Introdu\u00e7\u00e3o.<\/span><\/strong><\/span><\/h2>\n<p><span style=\"color: #000000;\">Um sistema el\u00e9trico bem concebido, equilibrado e robusto a bordo de um iate \u00e0 vela \u00e9 essencial. A grande maioria dos problemas a bordo s\u00e3o el\u00e9ctricos, e quem n\u00e3o ouviu por exemplo: as baterias est\u00e3o descarregadas, ou o guincho n\u00e3o funciona; e a causa \u00e9 geralmente uma m\u00e1 conce\u00e7\u00e3o ou uma falta de conhecimento do sistema el\u00e9trico a bordo.<\/span><\/p>\n<p><span style=\"color: #000000;\">Para navegar em seguran\u00e7a, s\u00f3 nos resta ter conhecimentos de eletricidade, em particular do sistema el\u00e9trico do nosso barco e dos seus componentes. Os sistemas el\u00e9ctricos a bordo s\u00e3o cada vez mais complexos, com v\u00e1rias fontes de produ\u00e7\u00e3o de energia (alternador, painel solar, gerador e\u00f3lico, etc.), baterias modernas, e com necessidades crescentes de consumo a bordo (mais equipamentos electr\u00f3nicos, piloto autom\u00e1tico, frigor\u00edfico, etc.).<\/span><\/p>\n<p><span style=\"color: #000000;\">Neste primeiro cap\u00edtulo do livro on-line \u201cELECTRICIDADE A BORDO\u201d, abordaremos o primeiro passo necess\u00e1rio para conceber o nosso sistema el\u00e9trico, que \u00e9 o c\u00e1lculo do consumo el\u00e9trico di\u00e1rio do nosso barco.<\/span><\/p>\n<p><img decoding=\"async\" class=\"size-medium aligncenter\" style=\"display: block; margin-left: auto; margin-right: auto;\" src=\"https:\/\/navegantesoceanicos.com\/wp-content\/uploads\/2019\/09\/cuadro-ele\u0301ctrico-PA-h.jpg\" alt=\"\" width=\"634\" height=\"372\" \/><\/p>\n<p style=\"text-align: center;\"><span style=\"color: rgba(0, 0, 0, 0.7); font-family: inherit; font-weight: normal;\">Figura: Cuadro el\u00e9ctrico de un velero<\/span><\/p>\n<h2><span style=\"color: rgba(8, 0, 170, 0.98); font-family: Amaranth;\"><b style=\"font-size: x-large; letter-spacing: 0.5px; text-transform: uppercase;\"><div class=\"ihc-locker-wrap\"><div  class='ihc_locker_3'><div  class='lk_wrapper'><\/div><div class='lock_content'><h2>Este contenido solo est\u00e1 disponible para subscriptores de navegantesoceanicos.com<\/h2>\n<p>Efec\u00fae <strong>Log In<\/strong> para desbloquear.<\/p>\n<\/div><div class='lock_buttons'>\n  <!-- Login Form - Start -->\n  <div class=\"ihc-login-form-wrap ihc-login-template-9\">\n      <form method=\"post\" id=\"ihc_login_form\">\n          <input type=\"hidden\" name=\"ihcaction\" value=\"login\" \/>\n          <input type=\"hidden\" name=\"ihc_login_nonce\" value=\"9aa6600f5f\" \/>\n\n          \n                    <!-- Username field -->\n          <div class=\"impu-form-line-fr\">\n              <i class=\"fa-ihc fa-username-ihc\"><\/i>\n              <input type=\"text\" value=\"\" name=\"log\" id=\"iump_login_username\" placeholder=\"Username\"\/>\n          <\/div>\n          <!-- End of username field -->\n          \n                    <!-- Password field -->\n          <div class=\"impu-form-line-fr\">\n              <i class=\"fa-ihc fa-pass-ihc\"><\/i>\n              <input type=\"password\" value=\"\" name=\"pwd\" id=\"iump_login_password\" placeholder=\"Password\"\/>\n              <span  class=\"ihc-hide-login-pw hide-if-no-js\" data-toggle=\"0\" aria-label=\"Show password\">\n              <span class=\"dashicons dashicons-visibility\" aria-hidden=\"true\"><\/span>\n                <\/span>\n          <\/div>\n          <!-- End of Password field -->\n          \n          \n          <!-- Remember me checkbox -->\n                    <div class=\"impu-remember-wrapper\">\n              <input type=\"checkbox\" value=\"forever\" name=\"rememberme\" class=\"impu-form-input-remember\" \/>\n              <span class=\"impu-form-label-fr impu-form-label-remember\">Manter sess\u00e3o<\/span>\n          <\/div>\n                    <!-- End of remember me --->\n\n                        <div class=\"impu-form-links-pass\"><a href=\"https:\/\/navegantesoceanicos.com\/iump-reset-password\/\">Lost your password?<\/a><\/div>\n          \n          <div class=\"ihc-clear\"><\/div>\n\n          <!-- captcha -->\n                    <!-- end of captcha -->\n\n          <!-- Submit bttn -->\n                        <div class=\"impu-form-line-fr impu-form-submit\">\n                  <input type=\"submit\" value=\"Log In\" name=\"Submit\"  class=\"button button-primary button-large\"\/>\n              <\/div>\n                    <!-- End of Submit bttn -->\n\n          <!-- Social -->\n                    <!-- End of Social -->\n\n          <!-- Additional links -->\n                        <div class=\"impu-form-links\">\n                  <div class=\"impu-form-links-reg\">Don&#039;t have an account?                      <a href=\"https:\/\/navegantesoceanicos.com\/iump-register\/\">Sign Up<\/a>\n                  <\/div>\n              <\/div>\n                    <!-- End of Aditional links -->\n\n      <\/form>\n  <\/div>\n\n  \n  <span class='ihc-js-login-data'\tdata-user_field='#iump_login_username' data-password_field='#iump_login_password' data-error_message='Por favor completa todos los campos requeridos!' ><\/span>\n  <!-- End of Login Form -->\n\n<\/div><\/div><\/div><\/b><\/span><\/h2>\n<p>[\/et_pb_text][\/et_pb_column][\/et_pb_row][et_pb_row _builder_version=&#8221;4.16&#8243; global_colors_info=&#8221;{}&#8221;][et_pb_column type=&#8221;4_4&#8243; _builder_version=&#8221;4.16&#8243; global_colors_info=&#8221;{}&#8221;][et_pb_image src=&#8221;https:\/\/navegantesoceanicos.com\/wp-content\/uploads\/2020\/03\/protecci\u00f3n-web-con-ISSN.jpg&#8221; _builder_version=&#8221;4.26.0&#8243; global_colors_info=&#8221;{}&#8221;][\/et_pb_image][\/et_pb_column][\/et_pb_row][\/et_pb_section]<\/p>\n","protected":false},"excerpt":{"rendered":"<p>Ter um sistema el\u00e9trico bem concebido, equilibrado e robusto a bordo de um iate \u00e0 vela \u00e9 essencial. Neste primeiro cap\u00edtulo do livro on-line ELECTRICIDADE A BORDO, abordaremos o primeiro passo necess\u00e1rio para esta conce\u00e7\u00e3o, que \u00e9 o c\u00e1lculo do consumo el\u00e9trico di\u00e1rio dos equipamentos a bordo.<\/p>\n","protected":false},"author":2,"featured_media":37236,"comment_status":"open","ping_status":"open","sticky":false,"template":"","format":"standard","meta":{"_et_pb_use_builder":"on","_et_pb_old_content":"<h2 align=\"justify\"><span style=\"color: #330099;\"><span style=\"font-family: Arial, sans-serif;\"><span style=\"font-size: large;\"><b>1.1. Introducci\u00f3n.<\/b><\/span><\/span><\/span><\/h2><p align=\"justify\"><span style=\"color: #000000;\"><span style=\"font-family: Arial, sans-serif;\">Disponer a bordo de un sistema el\u00e9ctrico bien dise\u00f1ado, equilibrado y robusto es fundamental. Una gran mayor\u00eda de los problemas a bordo son el\u00e9ctricos, y quien no ha escuchado por ejemplo: \u00a1se han descargado las bater\u00edas!, o \u00a1el chigre no funciona!; y la causa suele ser un mal dise\u00f1o o el desconocimiento del sistema el\u00e9ctrico a bordo.<\/span><\/span><\/p><p align=\"justify\"><span style=\"color: #000000;\"><span style=\"font-family: Arial, sans-serif;\">Para navegar con seguridad no nos queda mas remedio que tener conocimientos de electricidad, en particular del sistema el\u00e9ctrico de nuestro barco y de sus componentes. Los sistemas el\u00e9ctricos a bordo cada vez son mas complejos, con diversas fuentes de generaci\u00f3n de energ\u00eda (alternador, panel solar, generador e\u00f3lico, etc.), modernas bater\u00edas, y con cada vez mayores requisitos de consumo a bordo (m\u00e1s equipos electr\u00f3nicos, piloto autom\u00e1tico, nevera, etc.).<\/span><\/span><\/p><p align=\"justify\"><span style=\"color: #000000;\"><span style=\"font-family: Arial, sans-serif;\">En este primer capitulo del libro on-line \u201cElectricidad a bordo\u201d abordaremos el primer paso necesario para dise\u00f1ar nuestro sistema el\u00e9ctrico, y que es el calculo del consumo el\u00e9ctrico diario de nuestro barco. <\/span><\/span><\/p><h2 align=\"justify\"><span style=\"color: #330099;\"><span style=\"font-family: Arial, sans-serif;\"><span style=\"font-size: large;\"><b>1.2. C\u00e1lculos iniciales para dise\u00f1ar nuestro sistema el\u00e9ctrico.<\/b><\/span><\/span><\/span><\/h2><p align=\"justify\"><span style=\"color: #000000;\"><span style=\"font-family: Arial, sans-serif;\">El sistema el\u00e9ctrico principal del barco es normalmente el circuito de corriente continua (DC) de 12 Voltios, que est\u00e1 permanentemente funcionando y donde las fuentes de energ\u00eda cargan las bater\u00edas y en el que, a trav\u00e9s de un cuadro el\u00e9ctrico principal se distribuye el consumo a la mayor\u00eda de los equipos del barco. En algunos barcos el circuito principal es a 24 V o 48 V, pero es menos habitual, y los conceptos que veremos son igualmente validos.<\/span><\/span><\/p><div class=\"mceTemp\"><p><img class=\"size-medium wp-image-138 alignleft\" src=\"https:\/\/navegantesoceanicos.com\/wp-content\/uploads\/2019\/09\/nevera-PA-300x225.jpg\" alt=\"\" width=\"300\" height=\"225\" \/><\/p><\/div><p align=\"justify\"><span style=\"color: #000000;\"><span style=\"font-family: Arial, sans-serif;\">Adem\u00e1s, la mayor\u00eda de los barcos tienen un circuito independiente de corriente alterna de 220 Voltios, que se utiliza principalmente cuando estamos atracados, conect\u00e1ndonos a la corriente de tierra en el muelle. Tambi\u00e9n se puede usar en la mar, transformando la corriente de 12 V a 220 V a trav\u00e9s de un inversor o transformador. Hoy en d\u00eda, cada vez tenemos m\u00e1s dependencia de equipos que funcionan a 220 V tales como el m\u00f3vil, un microondas, etc. Mediante transformadores tambi\u00e9n se pueden tener algunos equipos alimentados a 24 V o 36 V.<\/span><\/span><\/p>","_et_gb_content_width":"","footnotes":"","_wp_rev_ctl_limit":""},"categories":[220],"tags":[],"class_list":["post-37234","post","type-post","status-publish","format-standard","has-post-thumbnail","hentry","category-eletricidade-a-bordo","et-has-post-format-content","et_post_format-et-post-format-standard"],"yoast_head":"<!-- This site is optimized with the Yoast SEO plugin v27.5 - https:\/\/yoast.com\/product\/yoast-seo-wordpress\/ -->\n<title>O c\u00e1lculo do consumo de eletricidade a bordo - Navegantes Oce\u00e1nicos<\/title>\n<meta name=\"description\" content=\"Navegantes oce\u00e1nicos es una web con contenidos para apasionados por la mar, tripulantes, regatistas, patrones o armadores, para conocer en profundidad la navegaci\u00f3n a vela, los barcos, el equipamiento y las t\u00e1cticas y t\u00e9cnicas de empleo en la mar.\" \/>\n<meta name=\"robots\" content=\"index, follow, max-snippet:-1, max-image-preview:large, max-video-preview:-1\" \/>\n<link rel=\"canonical\" href=\"https:\/\/navegantesoceanicos.com\/pt-pt\/calculo-consumo-eletricidade-a-bordo\/\" \/>\n<meta property=\"og:locale\" content=\"pt_PT\" \/>\n<meta property=\"og:type\" content=\"article\" \/>\n<meta property=\"og:title\" content=\"O c\u00e1lculo do consumo de eletricidade a bordo - Navegantes Oce\u00e1nicos\" \/>\n<meta property=\"og:description\" content=\"Navegantes oce\u00e1nicos es una web con contenidos para apasionados por la mar, tripulantes, regatistas, patrones o armadores, para conocer en profundidad la navegaci\u00f3n a vela, los barcos, el equipamiento y las t\u00e1cticas y t\u00e9cnicas de empleo en la mar.\" \/>\n<meta property=\"og:url\" content=\"https:\/\/navegantesoceanicos.com\/pt-pt\/calculo-consumo-eletricidade-a-bordo\/\" \/>\n<meta property=\"og:site_name\" content=\"Navegantes Oce\u00e1nicos\" \/>\n<meta property=\"article:publisher\" content=\"https:\/\/www.facebook.com\/Navegantes-Oce%c3%a1nicos-112578593494698\" \/>\n<meta property=\"article:published_time\" content=\"2019-11-05T23:04:00+00:00\" \/>\n<meta property=\"article:modified_time\" content=\"2024-12-27T10:01:54+00:00\" \/>\n<meta property=\"og:image\" content=\"https:\/\/navegantesoceanicos.com\/wp-content\/uploads\/2019\/09\/cuadro-ele\u0301ctrico-PA-h.jpg\" \/>\n\t<meta property=\"og:image:width\" content=\"634\" \/>\n\t<meta property=\"og:image:height\" content=\"372\" \/>\n\t<meta property=\"og:image:type\" content=\"image\/jpeg\" \/>\n<meta name=\"author\" content=\"Juan Gonz\u00e1lez-Aller Lacalle\" \/>\n<meta name=\"twitter:label1\" content=\"Escrito por\" \/>\n\t<meta name=\"twitter:data1\" content=\"Juan Gonz\u00e1lez-Aller Lacalle\" \/>\n\t<meta name=\"twitter:label2\" content=\"Tempo estimado de leitura\" \/>\n\t<meta name=\"twitter:data2\" content=\"8 minutos\" \/>\n<script type=\"application\/ld+json\" class=\"yoast-schema-graph\">{\"@context\":\"https:\\\/\\\/schema.org\",\"@graph\":[{\"@type\":\"Article\",\"@id\":\"https:\\\/\\\/navegantesoceanicos.com\\\/pt-pt\\\/calculo-consumo-eletricidade-a-bordo\\\/#article\",\"isPartOf\":{\"@id\":\"https:\\\/\\\/navegantesoceanicos.com\\\/pt-pt\\\/calculo-consumo-eletricidade-a-bordo\\\/\"},\"author\":{\"name\":\"Juan Gonz\u00e1lez-Aller Lacalle\",\"@id\":\"https:\\\/\\\/navegantesoceanicos.com\\\/pt-pt\\\/#\\\/schema\\\/person\\\/4efe3afaef12467194c46aa710898a5c\"},\"headline\":\"O c\u00e1lculo do consumo de eletricidade a bordo\",\"datePublished\":\"2019-11-05T23:04:00+00:00\",\"dateModified\":\"2024-12-27T10:01:54+00:00\",\"mainEntityOfPage\":{\"@id\":\"https:\\\/\\\/navegantesoceanicos.com\\\/pt-pt\\\/calculo-consumo-eletricidade-a-bordo\\\/\"},\"wordCount\":1650,\"commentCount\":0,\"publisher\":{\"@id\":\"https:\\\/\\\/navegantesoceanicos.com\\\/pt-pt\\\/#organization\"},\"image\":{\"@id\":\"https:\\\/\\\/navegantesoceanicos.com\\\/pt-pt\\\/calculo-consumo-eletricidade-a-bordo\\\/#primaryimage\"},\"thumbnailUrl\":\"https:\\\/\\\/navegantesoceanicos.com\\\/wp-content\\\/uploads\\\/2019\\\/09\\\/cuadro-ele\u0301ctrico-PA-h.jpg\",\"articleSection\":[\"eletricidade a bordo\"],\"inLanguage\":\"pt-PT\",\"potentialAction\":[{\"@type\":\"CommentAction\",\"name\":\"Comment\",\"target\":[\"https:\\\/\\\/navegantesoceanicos.com\\\/pt-pt\\\/calculo-consumo-eletricidade-a-bordo\\\/#respond\"]}]},{\"@type\":\"WebPage\",\"@id\":\"https:\\\/\\\/navegantesoceanicos.com\\\/pt-pt\\\/calculo-consumo-eletricidade-a-bordo\\\/\",\"url\":\"https:\\\/\\\/navegantesoceanicos.com\\\/pt-pt\\\/calculo-consumo-eletricidade-a-bordo\\\/\",\"name\":\"O c\u00e1lculo do consumo de eletricidade a bordo - Navegantes Oce\u00e1nicos\",\"isPartOf\":{\"@id\":\"https:\\\/\\\/navegantesoceanicos.com\\\/pt-pt\\\/#website\"},\"primaryImageOfPage\":{\"@id\":\"https:\\\/\\\/navegantesoceanicos.com\\\/pt-pt\\\/calculo-consumo-eletricidade-a-bordo\\\/#primaryimage\"},\"image\":{\"@id\":\"https:\\\/\\\/navegantesoceanicos.com\\\/pt-pt\\\/calculo-consumo-eletricidade-a-bordo\\\/#primaryimage\"},\"thumbnailUrl\":\"https:\\\/\\\/navegantesoceanicos.com\\\/wp-content\\\/uploads\\\/2019\\\/09\\\/cuadro-ele\u0301ctrico-PA-h.jpg\",\"datePublished\":\"2019-11-05T23:04:00+00:00\",\"dateModified\":\"2024-12-27T10:01:54+00:00\",\"description\":\"Navegantes oce\u00e1nicos es una web con contenidos para apasionados por la mar, tripulantes, regatistas, patrones o armadores, para conocer en profundidad la navegaci\u00f3n a vela, los barcos, el equipamiento y las t\u00e1cticas y t\u00e9cnicas de empleo en la mar.\",\"breadcrumb\":{\"@id\":\"https:\\\/\\\/navegantesoceanicos.com\\\/pt-pt\\\/calculo-consumo-eletricidade-a-bordo\\\/#breadcrumb\"},\"inLanguage\":\"pt-PT\",\"potentialAction\":[{\"@type\":\"ReadAction\",\"target\":[\"https:\\\/\\\/navegantesoceanicos.com\\\/pt-pt\\\/calculo-consumo-eletricidade-a-bordo\\\/\"]}]},{\"@type\":\"ImageObject\",\"inLanguage\":\"pt-PT\",\"@id\":\"https:\\\/\\\/navegantesoceanicos.com\\\/pt-pt\\\/calculo-consumo-eletricidade-a-bordo\\\/#primaryimage\",\"url\":\"https:\\\/\\\/navegantesoceanicos.com\\\/wp-content\\\/uploads\\\/2019\\\/09\\\/cuadro-ele\u0301ctrico-PA-h.jpg\",\"contentUrl\":\"https:\\\/\\\/navegantesoceanicos.com\\\/wp-content\\\/uploads\\\/2019\\\/09\\\/cuadro-ele\u0301ctrico-PA-h.jpg\",\"width\":634,\"height\":372},{\"@type\":\"BreadcrumbList\",\"@id\":\"https:\\\/\\\/navegantesoceanicos.com\\\/pt-pt\\\/calculo-consumo-eletricidade-a-bordo\\\/#breadcrumb\",\"itemListElement\":[{\"@type\":\"ListItem\",\"position\":1,\"name\":\"Portada\",\"item\":\"https:\\\/\\\/navegantesoceanicos.com\\\/pt-pt\\\/\"},{\"@type\":\"ListItem\",\"position\":2,\"name\":\"O c\u00e1lculo do consumo de eletricidade a bordo\"}]},{\"@type\":\"WebSite\",\"@id\":\"https:\\\/\\\/navegantesoceanicos.com\\\/pt-pt\\\/#website\",\"url\":\"https:\\\/\\\/navegantesoceanicos.com\\\/pt-pt\\\/\",\"name\":\"Navegantes Oce\u00e1nicos\",\"description\":\"Navegantes oce\u00e1nicos, te ayudamos a navegar, para navegantes, tripulantes, regatistas y armadores, escuela n\u00e1utica, libros on-line sobre t\u00e1cticas y equipamiento para la navegaci\u00f3n a vela, fondear, atracar, el manejo de las velas, electricidad a bordo, navegaci\u00f3n con mal tiempo, rutas oce\u00e1nicas y mucho m\u00e1s\",\"publisher\":{\"@id\":\"https:\\\/\\\/navegantesoceanicos.com\\\/pt-pt\\\/#organization\"},\"potentialAction\":[{\"@type\":\"SearchAction\",\"target\":{\"@type\":\"EntryPoint\",\"urlTemplate\":\"https:\\\/\\\/navegantesoceanicos.com\\\/pt-pt\\\/?s={search_term_string}\"},\"query-input\":{\"@type\":\"PropertyValueSpecification\",\"valueRequired\":true,\"valueName\":\"search_term_string\"}}],\"inLanguage\":\"pt-PT\"},{\"@type\":\"Organization\",\"@id\":\"https:\\\/\\\/navegantesoceanicos.com\\\/pt-pt\\\/#organization\",\"name\":\"Navegantes Oce\u00e1nicos\",\"url\":\"https:\\\/\\\/navegantesoceanicos.com\\\/pt-pt\\\/\",\"logo\":{\"@type\":\"ImageObject\",\"inLanguage\":\"pt-PT\",\"@id\":\"https:\\\/\\\/navegantesoceanicos.com\\\/pt-pt\\\/#\\\/schema\\\/logo\\\/image\\\/\",\"url\":\"https:\\\/\\\/navegantesoceanicos.com\\\/wp-content\\\/uploads\\\/2019\\\/12\\\/LOGO-NAVEGANTES-OCEANICOS.png\",\"contentUrl\":\"https:\\\/\\\/navegantesoceanicos.com\\\/wp-content\\\/uploads\\\/2019\\\/12\\\/LOGO-NAVEGANTES-OCEANICOS.png\",\"width\":1010,\"height\":814,\"caption\":\"Navegantes Oce\u00e1nicos\"},\"image\":{\"@id\":\"https:\\\/\\\/navegantesoceanicos.com\\\/pt-pt\\\/#\\\/schema\\\/logo\\\/image\\\/\"},\"sameAs\":[\"https:\\\/\\\/www.facebook.com\\\/Navegantes-Oce\u00e1nicos-112578593494698\",\"https:\\\/\\\/www.instagram.com\\\/navegantes_oceanicos\\\/?hl=es\",\"https:\\\/\\\/www.youtube.com\\\/channel\\\/UCXgDL_6xqE7rpdwNXRmzF_Q\\\/featured\"]},{\"@type\":\"Person\",\"@id\":\"https:\\\/\\\/navegantesoceanicos.com\\\/pt-pt\\\/#\\\/schema\\\/person\\\/4efe3afaef12467194c46aa710898a5c\",\"name\":\"Juan Gonz\u00e1lez-Aller Lacalle\",\"image\":{\"@type\":\"ImageObject\",\"inLanguage\":\"pt-PT\",\"@id\":\"https:\\\/\\\/secure.gravatar.com\\\/avatar\\\/8262155dfd99d33a131c0b6f7c6d5b289bcc5a78eb8915b59699287a091367be?s=96&d=mm&r=g\",\"url\":\"https:\\\/\\\/secure.gravatar.com\\\/avatar\\\/8262155dfd99d33a131c0b6f7c6d5b289bcc5a78eb8915b59699287a091367be?s=96&d=mm&r=g\",\"contentUrl\":\"https:\\\/\\\/secure.gravatar.com\\\/avatar\\\/8262155dfd99d33a131c0b6f7c6d5b289bcc5a78eb8915b59699287a091367be?s=96&d=mm&r=g\",\"caption\":\"Juan Gonz\u00e1lez-Aller Lacalle\"},\"sameAs\":[\"https:\\\/\\\/navegantesoceanicos.com\"],\"url\":\"https:\\\/\\\/navegantesoceanicos.com\\\/pt-pt\\\/author\\\/juan-director\\\/\"}]}<\/script>\n<!-- \/ Yoast SEO plugin. -->","yoast_head_json":{"title":"O c\u00e1lculo do consumo de eletricidade a bordo - Navegantes Oce\u00e1nicos","description":"Navegantes oce\u00e1nicos es una web con contenidos para apasionados por la mar, tripulantes, regatistas, patrones o armadores, para conocer en profundidad la navegaci\u00f3n a vela, los barcos, el equipamiento y las t\u00e1cticas y t\u00e9cnicas de empleo en la mar.","robots":{"index":"index","follow":"follow","max-snippet":"max-snippet:-1","max-image-preview":"max-image-preview:large","max-video-preview":"max-video-preview:-1"},"canonical":"https:\/\/navegantesoceanicos.com\/pt-pt\/calculo-consumo-eletricidade-a-bordo\/","og_locale":"pt_PT","og_type":"article","og_title":"O c\u00e1lculo do consumo de eletricidade a bordo - Navegantes Oce\u00e1nicos","og_description":"Navegantes oce\u00e1nicos es una web con contenidos para apasionados por la mar, tripulantes, regatistas, patrones o armadores, para conocer en profundidad la navegaci\u00f3n a vela, los barcos, el equipamiento y las t\u00e1cticas y t\u00e9cnicas de empleo en la mar.","og_url":"https:\/\/navegantesoceanicos.com\/pt-pt\/calculo-consumo-eletricidade-a-bordo\/","og_site_name":"Navegantes Oce\u00e1nicos","article_publisher":"https:\/\/www.facebook.com\/Navegantes-Oce%c3%a1nicos-112578593494698","article_published_time":"2019-11-05T23:04:00+00:00","article_modified_time":"2024-12-27T10:01:54+00:00","og_image":[{"width":634,"height":372,"url":"https:\/\/navegantesoceanicos.com\/wp-content\/uploads\/2019\/09\/cuadro-ele\u0301ctrico-PA-h.jpg","type":"image\/jpeg"}],"author":"Juan Gonz\u00e1lez-Aller Lacalle","twitter_misc":{"Escrito por":"Juan Gonz\u00e1lez-Aller Lacalle","Tempo estimado de leitura":"8 minutos"},"schema":{"@context":"https:\/\/schema.org","@graph":[{"@type":"Article","@id":"https:\/\/navegantesoceanicos.com\/pt-pt\/calculo-consumo-eletricidade-a-bordo\/#article","isPartOf":{"@id":"https:\/\/navegantesoceanicos.com\/pt-pt\/calculo-consumo-eletricidade-a-bordo\/"},"author":{"name":"Juan Gonz\u00e1lez-Aller Lacalle","@id":"https:\/\/navegantesoceanicos.com\/pt-pt\/#\/schema\/person\/4efe3afaef12467194c46aa710898a5c"},"headline":"O c\u00e1lculo do consumo de eletricidade a bordo","datePublished":"2019-11-05T23:04:00+00:00","dateModified":"2024-12-27T10:01:54+00:00","mainEntityOfPage":{"@id":"https:\/\/navegantesoceanicos.com\/pt-pt\/calculo-consumo-eletricidade-a-bordo\/"},"wordCount":1650,"commentCount":0,"publisher":{"@id":"https:\/\/navegantesoceanicos.com\/pt-pt\/#organization"},"image":{"@id":"https:\/\/navegantesoceanicos.com\/pt-pt\/calculo-consumo-eletricidade-a-bordo\/#primaryimage"},"thumbnailUrl":"https:\/\/navegantesoceanicos.com\/wp-content\/uploads\/2019\/09\/cuadro-ele\u0301ctrico-PA-h.jpg","articleSection":["eletricidade a bordo"],"inLanguage":"pt-PT","potentialAction":[{"@type":"CommentAction","name":"Comment","target":["https:\/\/navegantesoceanicos.com\/pt-pt\/calculo-consumo-eletricidade-a-bordo\/#respond"]}]},{"@type":"WebPage","@id":"https:\/\/navegantesoceanicos.com\/pt-pt\/calculo-consumo-eletricidade-a-bordo\/","url":"https:\/\/navegantesoceanicos.com\/pt-pt\/calculo-consumo-eletricidade-a-bordo\/","name":"O c\u00e1lculo do consumo de eletricidade a bordo - Navegantes Oce\u00e1nicos","isPartOf":{"@id":"https:\/\/navegantesoceanicos.com\/pt-pt\/#website"},"primaryImageOfPage":{"@id":"https:\/\/navegantesoceanicos.com\/pt-pt\/calculo-consumo-eletricidade-a-bordo\/#primaryimage"},"image":{"@id":"https:\/\/navegantesoceanicos.com\/pt-pt\/calculo-consumo-eletricidade-a-bordo\/#primaryimage"},"thumbnailUrl":"https:\/\/navegantesoceanicos.com\/wp-content\/uploads\/2019\/09\/cuadro-ele\u0301ctrico-PA-h.jpg","datePublished":"2019-11-05T23:04:00+00:00","dateModified":"2024-12-27T10:01:54+00:00","description":"Navegantes oce\u00e1nicos es una web con contenidos para apasionados por la mar, tripulantes, regatistas, patrones o armadores, para conocer en profundidad la navegaci\u00f3n a vela, los barcos, el equipamiento y las t\u00e1cticas y t\u00e9cnicas de empleo en la mar.","breadcrumb":{"@id":"https:\/\/navegantesoceanicos.com\/pt-pt\/calculo-consumo-eletricidade-a-bordo\/#breadcrumb"},"inLanguage":"pt-PT","potentialAction":[{"@type":"ReadAction","target":["https:\/\/navegantesoceanicos.com\/pt-pt\/calculo-consumo-eletricidade-a-bordo\/"]}]},{"@type":"ImageObject","inLanguage":"pt-PT","@id":"https:\/\/navegantesoceanicos.com\/pt-pt\/calculo-consumo-eletricidade-a-bordo\/#primaryimage","url":"https:\/\/navegantesoceanicos.com\/wp-content\/uploads\/2019\/09\/cuadro-ele\u0301ctrico-PA-h.jpg","contentUrl":"https:\/\/navegantesoceanicos.com\/wp-content\/uploads\/2019\/09\/cuadro-ele\u0301ctrico-PA-h.jpg","width":634,"height":372},{"@type":"BreadcrumbList","@id":"https:\/\/navegantesoceanicos.com\/pt-pt\/calculo-consumo-eletricidade-a-bordo\/#breadcrumb","itemListElement":[{"@type":"ListItem","position":1,"name":"Portada","item":"https:\/\/navegantesoceanicos.com\/pt-pt\/"},{"@type":"ListItem","position":2,"name":"O c\u00e1lculo do consumo de eletricidade a bordo"}]},{"@type":"WebSite","@id":"https:\/\/navegantesoceanicos.com\/pt-pt\/#website","url":"https:\/\/navegantesoceanicos.com\/pt-pt\/","name":"Navegantes Oce\u00e1nicos","description":"Navegantes oce\u00e1nicos, te ayudamos a navegar, para navegantes, tripulantes, regatistas y armadores, escuela n\u00e1utica, libros on-line sobre t\u00e1cticas y equipamiento para la navegaci\u00f3n a vela, fondear, atracar, el manejo de las velas, electricidad a bordo, navegaci\u00f3n con mal tiempo, rutas oce\u00e1nicas y mucho m\u00e1s","publisher":{"@id":"https:\/\/navegantesoceanicos.com\/pt-pt\/#organization"},"potentialAction":[{"@type":"SearchAction","target":{"@type":"EntryPoint","urlTemplate":"https:\/\/navegantesoceanicos.com\/pt-pt\/?s={search_term_string}"},"query-input":{"@type":"PropertyValueSpecification","valueRequired":true,"valueName":"search_term_string"}}],"inLanguage":"pt-PT"},{"@type":"Organization","@id":"https:\/\/navegantesoceanicos.com\/pt-pt\/#organization","name":"Navegantes Oce\u00e1nicos","url":"https:\/\/navegantesoceanicos.com\/pt-pt\/","logo":{"@type":"ImageObject","inLanguage":"pt-PT","@id":"https:\/\/navegantesoceanicos.com\/pt-pt\/#\/schema\/logo\/image\/","url":"https:\/\/navegantesoceanicos.com\/wp-content\/uploads\/2019\/12\/LOGO-NAVEGANTES-OCEANICOS.png","contentUrl":"https:\/\/navegantesoceanicos.com\/wp-content\/uploads\/2019\/12\/LOGO-NAVEGANTES-OCEANICOS.png","width":1010,"height":814,"caption":"Navegantes Oce\u00e1nicos"},"image":{"@id":"https:\/\/navegantesoceanicos.com\/pt-pt\/#\/schema\/logo\/image\/"},"sameAs":["https:\/\/www.facebook.com\/Navegantes-Oce\u00e1nicos-112578593494698","https:\/\/www.instagram.com\/navegantes_oceanicos\/?hl=es","https:\/\/www.youtube.com\/channel\/UCXgDL_6xqE7rpdwNXRmzF_Q\/featured"]},{"@type":"Person","@id":"https:\/\/navegantesoceanicos.com\/pt-pt\/#\/schema\/person\/4efe3afaef12467194c46aa710898a5c","name":"Juan Gonz\u00e1lez-Aller Lacalle","image":{"@type":"ImageObject","inLanguage":"pt-PT","@id":"https:\/\/secure.gravatar.com\/avatar\/8262155dfd99d33a131c0b6f7c6d5b289bcc5a78eb8915b59699287a091367be?s=96&d=mm&r=g","url":"https:\/\/secure.gravatar.com\/avatar\/8262155dfd99d33a131c0b6f7c6d5b289bcc5a78eb8915b59699287a091367be?s=96&d=mm&r=g","contentUrl":"https:\/\/secure.gravatar.com\/avatar\/8262155dfd99d33a131c0b6f7c6d5b289bcc5a78eb8915b59699287a091367be?s=96&d=mm&r=g","caption":"Juan Gonz\u00e1lez-Aller Lacalle"},"sameAs":["https:\/\/navegantesoceanicos.com"],"url":"https:\/\/navegantesoceanicos.com\/pt-pt\/author\/juan-director\/"}]}},"rttpg_featured_image_url":{"full":["https:\/\/navegantesoceanicos.com\/wp-content\/uploads\/2019\/09\/cuadro-ele\u0301ctrico-PA-h.jpg",634,372,false],"landscape":["https:\/\/navegantesoceanicos.com\/wp-content\/uploads\/2019\/09\/cuadro-ele\u0301ctrico-PA-h.jpg",634,372,false],"portraits":["https:\/\/navegantesoceanicos.com\/wp-content\/uploads\/2019\/09\/cuadro-ele\u0301ctrico-PA-h.jpg",634,372,false],"thumbnail":["https:\/\/navegantesoceanicos.com\/wp-content\/uploads\/2019\/09\/cuadro-ele\u0301ctrico-PA-h-150x150.jpg",150,150,true],"medium":["https:\/\/navegantesoceanicos.com\/wp-content\/uploads\/2019\/09\/cuadro-ele\u0301ctrico-PA-h-300x176.jpg",300,176,true],"large":["https:\/\/navegantesoceanicos.com\/wp-content\/uploads\/2019\/09\/cuadro-ele\u0301ctrico-PA-h.jpg",634,372,false],"1536x1536":["https:\/\/navegantesoceanicos.com\/wp-content\/uploads\/2019\/09\/cuadro-ele\u0301ctrico-PA-h.jpg",634,372,false],"2048x2048":["https:\/\/navegantesoceanicos.com\/wp-content\/uploads\/2019\/09\/cuadro-ele\u0301ctrico-PA-h.jpg",634,372,false],"smart-post-landscape":["https:\/\/navegantesoceanicos.com\/wp-content\/uploads\/2019\/09\/cuadro-ele\u0301ctrico-PA-h.jpg",634,372,false],"smart-post-portrait":["https:\/\/navegantesoceanicos.com\/wp-content\/uploads\/2019\/09\/cuadro-ele\u0301ctrico-PA-h.jpg",600,352,false],"et-builder-post-main-image":["https:\/\/navegantesoceanicos.com\/wp-content\/uploads\/2019\/09\/cuadro-ele\u0301ctrico-PA-h-400x250.jpg",400,250,true],"et-builder-post-main-image-fullwidth":["https:\/\/navegantesoceanicos.com\/wp-content\/uploads\/2019\/09\/cuadro-ele\u0301ctrico-PA-h.jpg",634,372,false],"et-builder-portfolio-image":["https:\/\/navegantesoceanicos.com\/wp-content\/uploads\/2019\/09\/cuadro-ele\u0301ctrico-PA-h-400x284.jpg",400,284,true],"et-builder-portfolio-image-single":["https:\/\/navegantesoceanicos.com\/wp-content\/uploads\/2019\/09\/cuadro-ele\u0301ctrico-PA-h.jpg",634,372,false],"et-builder-gallery-image-portrait":["https:\/\/navegantesoceanicos.com\/wp-content\/uploads\/2019\/09\/cuadro-ele\u0301ctrico-PA-h-400x372.jpg",400,372,true],"extra-image-huge":["https:\/\/navegantesoceanicos.com\/wp-content\/uploads\/2019\/09\/cuadro-ele\u0301ctrico-PA-h.jpg",634,372,false],"extra-image-single-post":["https:\/\/navegantesoceanicos.com\/wp-content\/uploads\/2019\/09\/cuadro-ele\u0301ctrico-PA-h.jpg",634,372,false],"extra-image-medium":["https:\/\/navegantesoceanicos.com\/wp-content\/uploads\/2019\/09\/cuadro-ele\u0301ctrico-PA-h-627x372.jpg",627,372,true],"extra-image-small":["https:\/\/navegantesoceanicos.com\/wp-content\/uploads\/2019\/09\/cuadro-ele\u0301ctrico-PA-h-440x264.jpg",440,264,true],"extra-image-square-medium":["https:\/\/navegantesoceanicos.com\/wp-content\/uploads\/2019\/09\/cuadro-ele\u0301ctrico-PA-h-440x372.jpg",440,372,true],"extra-image-square-small":["https:\/\/navegantesoceanicos.com\/wp-content\/uploads\/2019\/09\/cuadro-ele\u0301ctrico-PA-h-150x150.jpg",150,150,true],"woocommerce_thumbnail":["https:\/\/navegantesoceanicos.com\/wp-content\/uploads\/2019\/09\/cuadro-ele\u0301ctrico-PA-h-300x176.jpg",300,176,true],"woocommerce_single":["https:\/\/navegantesoceanicos.com\/wp-content\/uploads\/2019\/09\/cuadro-ele\u0301ctrico-PA-h-600x352.jpg",600,352,true],"woocommerce_gallery_thumbnail":["https:\/\/navegantesoceanicos.com\/wp-content\/uploads\/2019\/09\/cuadro-ele\u0301ctrico-PA-h-100x100.jpg",100,100,true],"dgwt-wcas-product-suggestion":["https:\/\/navegantesoceanicos.com\/wp-content\/uploads\/2019\/09\/cuadro-ele\u0301ctrico-PA-h.jpg",64,38,false]},"rttpg_author":{"display_name":"Juan Gonz\u00e1lez-Aller Lacalle","author_link":"https:\/\/navegantesoceanicos.com\/pt-pt\/author\/juan-director\/"},"rttpg_comment":0,"rttpg_category":"<a href=\"https:\/\/navegantesoceanicos.com\/pt-pt\/category\/eletricidade-a-bordo\/\" rel=\"category tag\">eletricidade a bordo<\/a>","rttpg_excerpt":"Ter um sistema el\u00e9trico bem concebido, equilibrado e robusto a bordo de um iate \u00e0 vela \u00e9 essencial. Neste primeiro cap\u00edtulo do livro on-line ELECTRICIDADE A BORDO, abordaremos o primeiro passo necess\u00e1rio para esta conce\u00e7\u00e3o, que \u00e9 o c\u00e1lculo do consumo el\u00e9trico di\u00e1rio dos equipamentos a bordo.","_links":{"self":[{"href":"https:\/\/navegantesoceanicos.com\/pt-pt\/wp-json\/wp\/v2\/posts\/37234","targetHints":{"allow":["GET"]}}],"collection":[{"href":"https:\/\/navegantesoceanicos.com\/pt-pt\/wp-json\/wp\/v2\/posts"}],"about":[{"href":"https:\/\/navegantesoceanicos.com\/pt-pt\/wp-json\/wp\/v2\/types\/post"}],"author":[{"embeddable":true,"href":"https:\/\/navegantesoceanicos.com\/pt-pt\/wp-json\/wp\/v2\/users\/2"}],"replies":[{"embeddable":true,"href":"https:\/\/navegantesoceanicos.com\/pt-pt\/wp-json\/wp\/v2\/comments?post=37234"}],"version-history":[{"count":0,"href":"https:\/\/navegantesoceanicos.com\/pt-pt\/wp-json\/wp\/v2\/posts\/37234\/revisions"}],"wp:featuredmedia":[{"embeddable":true,"href":"https:\/\/navegantesoceanicos.com\/pt-pt\/wp-json\/wp\/v2\/media\/37236"}],"wp:attachment":[{"href":"https:\/\/navegantesoceanicos.com\/pt-pt\/wp-json\/wp\/v2\/media?parent=37234"}],"wp:term":[{"taxonomy":"category","embeddable":true,"href":"https:\/\/navegantesoceanicos.com\/pt-pt\/wp-json\/wp\/v2\/categories?post=37234"},{"taxonomy":"post_tag","embeddable":true,"href":"https:\/\/navegantesoceanicos.com\/pt-pt\/wp-json\/wp\/v2\/tags?post=37234"}],"curies":[{"name":"wp","href":"https:\/\/api.w.org\/{rel}","templated":true}]}}