{"id":37327,"date":"2024-11-14T18:06:45","date_gmt":"2024-11-14T18:06:45","guid":{"rendered":"https:\/\/navegantesoceanicos.com\/el-caribe-espanol-entrevista-josian-morales\/"},"modified":"2024-12-27T17:52:18","modified_gmt":"2024-12-27T17:52:18","slug":"caribe-espanhol-entrevista-josian-morales","status":"publish","type":"post","link":"https:\/\/navegantesoceanicos.com\/pt-pt\/caribe-espanhol-entrevista-josian-morales\/","title":{"rendered":"O Caribe Espanhol, entrevista a Josi\u00e1n Morales"},"content":{"rendered":"<p>[et_pb_section fb_built=&#8221;1&#8243; _builder_version=&#8221;4.26.0&#8243; _module_preset=&#8221;default&#8221; custom_margin=&#8221;14px|||||&#8221; custom_padding=&#8221;7px||15px|||&#8221; global_colors_info=&#8221;{}&#8221;][et_pb_row _builder_version=&#8221;4.26.0&#8243; _module_preset=&#8221;default&#8221; custom_padding=&#8221;5px|||||&#8221; global_colors_info=&#8221;{}&#8221;][et_pb_column type=&#8221;4_4&#8243; _builder_version=&#8221;4.26.0&#8243; _module_preset=&#8221;default&#8221; global_colors_info=&#8221;{}&#8221;][et_pb_text _builder_version=&#8221;4.27.4&#8243; _module_preset=&#8221;default&#8221; inline_fonts=&#8221;Abel&#8221; global_colors_info=&#8221;{}&#8221;]<\/p>\n<p style=\"text-align: center;\"><span style=\"color: #000000;\">JOSIAN MORALES DE O\u00d1ATE, propriet\u00e1rio do veleiro \u201cBADUM\u201d, \u00e9 capit\u00e3o de iate e um experiente navegador oce\u00e2nico de 22.000 milhas. Josi\u00e1n \u00e9 Engenheiro Aeron\u00e1utico S\u00e9nior e piloto, tendo trabalhado na AISA, BOEING, CASA e AIRBUS; Al\u00e9m disso, fundou e \u00e9 vice-presidente da AGNYEE (Associa\u00e7\u00e3o dos Amigos dos Grandes Navegadores e Exploradores Espanh\u00f3is), membro da RAECY e fundador da \u201cNavegantes por la Historia\u201d.<\/span><\/p>\n<p style=\"text-align: center;\"><span style=\"color: #000000;\">Josi\u00e1n \u00e9 o principal promotor do projeto \u201cO Caribe Espanhol\u201d e no dia 9 de janeiro de 2025 pretende zarpar de Las Palmas de Gran Canaria em dire\u00e7\u00e3o ao Caribe e, depois de visitar v\u00e1rios portos de interesse hist\u00f3rico, regressar a Espanha no final de maio de 2025.<\/span><\/p>\n<p lang=\"es-ES-u-co-trad\"><img decoding=\"async\" class=\"aligncenter\" src=\"https:\/\/navegantesoceanicos.com\/wp-content\/uploads\/2024\/11\/Josian-Morales-de-Onate-navegante-oceanico.png\" alt=\"\" width=\"551\" height=\"402\" \/><\/p>\n<p lang=\"es-ES-u-co-trad\" style=\"text-align: center;\"><span style=\"font-size: large; color: #000000;\">Agradecemos antecipadamente ao Josi\u00e1n por partilhar o seu projeto com os nossos leitores nesta entrevista.<\/span><\/p>\n<h2 lang=\"es-ES-u-co-trad\" style=\"text-align: center;\"><span style=\"font-size: x-large; color: #071393;\">Josi\u00e1n, como come\u00e7ou a velejar? O que destacaria sobre o seu papel como navegante?<\/span><\/h2>\n<p style=\"text-align: center;\"><span style=\"color: #000000;\">F\u00e3 de aeromodelos desde jovem, piloto instrutor de planadores e piloto privado, \u00e9 sem d\u00favida uma boa base para compreender como optimizar o desempenho aerodin\u00e2mico das asas.<\/span><\/p>\n<p style=\"text-align: center;\"><span style=\"color: #000000;\">Velejador, por conta pr\u00f3pria, pois n\u00e3o recebi qualquer curso de vela em nenhuma Escola de Vela. Como muitos, h\u00e1 j\u00e1 algum tempo, comecei com uma prancha de Windsurf, depois velejei em bote com Vaurien, e depois fundei uma companhia de aluguer de cruzeiros (Rentamaran). Permitiu-me navegar em navios de cruzeiro, sem ser armador. E depois distribuidores de veleiros GibSea e, mais tarde, Dufour.<\/span><\/p>\n<p style=\"text-align: center;\"><span style=\"color: #000000;\">Como navegador destaco a prud\u00eancia e o conhecimento meteorol\u00f3gico como dois pilares para garantir que as navega\u00e7\u00f5es s\u00e3o de baixo risco e chegam a um bom porto. Al\u00e9m disso, \u00e9 importante conhecer bem o barco e o seu equipamento, ter uma boa tripula\u00e7\u00e3o e claro ter uma boa previs\u00e3o meteorol\u00f3gica e saber interpret\u00e1-la.<\/span><\/p>\n<p style=\"text-align: center;\"><span style=\"color: #000000;\">\u00c9 altamente desej\u00e1vel poder envolver toda a fam\u00edlia, esposa e filhos, para que participem nos planos de navega\u00e7\u00e3o. As crian\u00e7as e os seus amigos s\u00e3o um grupo ideal de tripulantes. \u00c9 muito importante incutir nos seus filhos o amor pela vela desde muito pequenos. No meu caso sinto-me muito sortudo porque a minha mulher \u00e9 uma grande mergulhadora e uma excelente cozinheira que adora velejar. Al\u00e9m disso, os quatro filhos s\u00e3o bons marinheiros, cada um com as suas prefer\u00eancias, e formam uma boa equipa quando podem sair juntos.<\/span><\/p>\n<h2 lang=\"es-ES-u-co-trad\" style=\"text-align: center;\"><span style=\"font-size: x-large;\"><strong><span style=\"color: #08188e;\">Como surgiu o projeto \u201cEl Caribe Espa\u00f1ol\u201d e em que consiste?<\/span><\/strong><\/span><\/h2>\n<p style=\"text-align: center;\"><span style=\"color: #000000;\">O interesse em divulgar a hist\u00f3ria de sucesso de Espanha leva a centrar-nos nas Cara\u00edbas, onde se concentram muitos dos sucessos da nossa Hist\u00f3ria do s\u00e9culo XVI.<\/span><\/p>\n<p style=\"text-align: center;\"><span style=\"color: #000000;\">Limitei-o a um m\u00e1ximo de 15 cidades das Cara\u00edbas\/Golfo do M\u00e9xico que tiveram uma influ\u00eancia relevante na nossa Hist\u00f3ria, e por ser complicado coordenar todas elas numa s\u00f3 viagem, foi dividido em tr\u00eas temporadas.<\/span><\/p>\n<p style=\"text-align: center;\"><span style=\"color: #000000;\">A cada temporada, uma flotilha de navios espanh\u00f3is atravessar\u00e1 o Atl\u00e2ntico e far\u00e1 um passeio visitando 5 cidades escolhidas pela sua import\u00e2ncia hist\u00f3rica. Esta primeira temporada de 2025 incluir\u00e1 as Grandes Antilhas: San Juan de Puerto Rico, Santo Domingo, Santiago de Cuba, Havana e San Agust\u00edn de la Florida.<\/span><\/p>\n<p style=\"text-align: center;\"><span style=\"color: #000000;\">A primeira cidade importante fundada pelos espanh\u00f3is \u00e9 Santo Domingo e a partir da\u00ed devido \u00e0 proximidade foram fundadas San Juan e Santiago de Cuba. Mais tarde, cerca de 60 anos depois, Havana tornou-se mais importante do que Santiago e tornou-se a capital de Cuba.<\/span><\/p>\n<p style=\"text-align: center;\"><span style=\"color: #000000;\">Iniciando j\u00e1 o caminho de regresso \u00e0 Pen\u00ednsula e antes de chegarem ao Cabo Hatteras (na costa leste dos EUA), para iniciarem a \u201ctravessia do Atl\u00e2ntico\u201d com o apoio da corrente do Golfo, os gale\u00f5es navegaram muito perto da costa desde La Fl\u00f3rida, para aproveitar a corrente. Esta proximidade com a costa tamb\u00e9m os tornou mais vulner\u00e1veis \u200b\u200baos inimigos de Castela e San Agust\u00edn foi fundada para dar cobertura e proteger a passagem dos gale\u00f5es que vinham de Havana ao longo da costa.<\/span><\/p>\n<p lang=\"es-ES-u-co-trad\" style=\"text-align: center;\"><img decoding=\"async\" class=\"aligncenter\" style=\"color: #000000; font-size: large;\" src=\"https:\/\/navegantesoceanicos.com\/wp-content\/uploads\/2024\/11\/Ruta-El-Caribe-espanol.png\" alt=\"\" width=\"649\" height=\"486\" \/><\/p>\n<h2 style=\"text-align: center;\"><span style=\"font-size: x-large;\"><strong><span style=\"color: #062184;\"><span lang=\"es-ES-u-co-trad\">Que rota vai seguir e que portos vai visitar nesta primeira temporada de \u201cEl Caribe Espa\u00f1ol\u201d?<\/span><\/span><\/strong><\/span><\/h2>\n<p style=\"text-align: center;\"><span style=\"color: #000000;\">A rota de travessia do Atl\u00e2ntico para o Ocidente \u00e9 a rota hist\u00f3rica cl\u00e1ssica de Las Palmas, Can\u00e1rias e at\u00e9 San Juan de Porto Rico. Navegaremos na \u00e9poca certa com os ventos al\u00edsios j\u00e1 formados. Depois de San Juan e antes de chegar a Santo Domingo atracaremos em Puerto Plata (norte da Rep\u00fablica Dominicana) para visitar a fortifica\u00e7\u00e3o de San Felipe que protegeu o porto principal nos seus prim\u00f3rdios.<\/span><\/p>\n<p style=\"text-align: center;\"><span style=\"color: #000000;\">Visitaremos Santo Domingo, a primeira capital das Cara\u00edbas. De seguida navegaremos para Santiago de Cuba, passando pela Jamaica. A sul da Ilha de Cuba chegaremos a Cienfuegos e visitaremos o castelo-fortaleza de Jagua que protegia a entrada da ba\u00eda.<\/span><\/p>\n<p style=\"text-align: center;\"><span style=\"color: #000000;\">Chegaremos para atracar na Marina de Hemingway, de onde visitaremos Havana.<\/span><\/p>\n<p style=\"text-align: center;\"><span style=\"color: #000000;\">De Havana navegaremos at\u00e9 ao extremo oeste das Bahamas para chegar a Stuart, na costa da Florida. Subiremos paralelamente \u00e0 costa da Florida at\u00e9 San Agust\u00edn e visitaremos o restaurado Castillo de San Marcos. A partir da\u00ed e em direc\u00e7\u00e3o a Este, iniciaremos a travessia de regresso, parando nas Bermudas e nos A\u00e7ores at\u00e9 chegarmos ao Cabo de S\u00e3o Vicente.<\/span><\/p>\n<p style=\"text-align: center;\"><span style=\"color: #000000;\">No total, ser\u00e3o pouco mais de 10.000 milhas em 5 meses.<\/span><\/p>\n<p><span style=\"color: #000000; font-size: large;\"><img decoding=\"async\" class=\" aligncenter\" src=\"https:\/\/navegantesoceanicos.com\/wp-content\/uploads\/2024\/11\/LOGO-NAVEGANTES-POR-LA-HISTORIA.png\" alt=\"\" width=\"340\" height=\"295\" \/><\/span><\/p>\n<h2 style=\"text-align: center;\"><span style=\"font-size: x-large; color: #041e91;\"><span lang=\"es-ES-u-co-trad\">Que colaboradores teve para este projeto entusiasmante?<\/span><\/span><\/h2>\n<p style=\"text-align: center;\"><span style=\"color: #000000;\">O projeto nasceu h\u00e1 dois anos e foi adiado at\u00e9 que as tripula\u00e7\u00f5es das oito etapas estivessem preparadas para garantir o regresso do BADUM ao seu porto de origem. O projecto Cara\u00edbas Espanholas baseia-se na organiza\u00e7\u00e3o \u201cNavegantes por la Historia\u201d (que actualmente \u00e9 um grupo de 87 membros que incorpora marinheiros e amigos da Hist\u00f3ria de Espanha) e conta com a colabora\u00e7\u00e3o principal da RAECY, e o apoio de o Instituto de Hist\u00f3ria e Cultura Naval (IHCN) da Marinha e a Web-Editorial e Escola Online \u201cNavegantes Oce\u00e2nicos\u201d.<\/span><\/p>\n<p style=\"text-align: center;\"><span style=\"color: #000000;\">Um grupo de volunt\u00e1rios da \u201cNavegantes Oce\u00e2nicos\u201d organiza o escrit\u00f3rio terrestre, que prestar\u00e1 apoio meteorol\u00f3gico e log\u00edstico.<\/span><\/p>\n<p><span style=\"color: #000000; font-size: large;\"> <img decoding=\"async\" class=\"size-medium aligncenter\" src=\"https:\/\/navegantesoceanicos.com\/wp-content\/uploads\/2024\/11\/2f.Mapa-Primeras-exploraciones-espanolas-en-EEUU.jpg\" alt=\"\" width=\"600\" height=\"448\" \/><\/span><\/p>\n<h2 style=\"text-align: center;\"><span style=\"font-size: x-large; color: #082e8e;\"><span lang=\"es-ES-u-co-trad\">O projecto <\/span><\/span><span style=\"color: #082e8e; font-size: x-large;\">\u201cEl Caribe Espa\u00f1ol\u201d<\/span><span style=\"color: #082e8e; font-size: x-large;\">\u00a0tem uma componente importante relacionada com a hist\u00f3ria. Como est\u00e1 planeada esta parte do projeto para ser desenvolvida?<\/span><\/h2>\n<p style=\"text-align: center;\"><span style=\"color: rgba(0, 0, 0, 0.99);\">O mais importante do Projeto s\u00e3o as 15 confer\u00eancias nos 15 portos.<\/span><\/p>\n<p style=\"text-align: center;\"><span style=\"color: rgba(0, 0, 0, 0.99);\">Cada um deles recupera um Her\u00f3i esquecido que queremos recuperar e divulgar os m\u00e9ritos que fez. As confer\u00eancias s\u00e3o organizadas por ordem de acordo com o percurso que o BADUM ir\u00e1 seguir em cada \u00e9poca.<\/span><\/p>\n<p style=\"text-align: center;\"><span style=\"color: rgba(0, 0, 0, 0.99);\">Em cada confer\u00eancia haver\u00e1 a oportunidade de entrevistar o orador e, com as transcri\u00e7\u00f5es das confer\u00eancias e as suas entrevistas, pretende-se editar um documento resumo da Hist\u00f3ria do Caribe Espanhol.<\/span><\/p>\n<p lang=\"es-ES-u-co-trad\"><span style=\"color: #000000; font-size: large;\"><img decoding=\"async\" class=\"aligncenter\" src=\"https:\/\/navegantesoceanicos.com\/wp-content\/uploads\/2024\/11\/Velero-BADUM.jpg\" alt=\"\" width=\"1048\" height=\"472\" \/><\/span><\/p>\n<h2 lang=\"es-ES-u-co-trad\" style=\"text-align: center;\"><span style=\"font-size: x-large; color: #071b8e;\">Para que os nossos leitores tenham uma ideia: pode contar-nos como \u00e9 o veleiro BADUM: qualidades de navegabilidade, habitabilidade, caracter\u00edsticas, etc.?<\/span><\/h2>\n<p style=\"text-align: center;\"><span style=\"color: #000000;\">O BADUM \u00e9 um BENETEAU FIRST 47.7, vers\u00e3o standard de 2000, e desde 2004 que tem vindo a ser melhorado em equipamento e mantido pelo actual propriet\u00e1rio. \u00c9 um cruzador r\u00e1pido que pode fazer m\u00e9dias de 7Kts com uma velocidade projetada de 8,6 n\u00f3s. Para suportar os ventos, possui um gennaker enrolado, uma vela oce\u00e2nica enrolada e uma genoa oce\u00e2nica enrolada. \u00c9 um barco espa\u00e7oso com tr\u00eas cabines, duas casas de banho e arruma\u00e7\u00e3o suficiente para os alimentos.<\/span><\/p>\n<p style=\"text-align: center;\"><span style=\"color: #000000;\">Possui eletr\u00f3nica de navega\u00e7\u00e3o digital B&amp;G completa. Possui um grande banco de oito baterias de 165Amp\/Hr. poder alimentar sempre toda a eletr\u00f3nica, os dois frigor\u00edficos, as luzes de navega\u00e7\u00e3o, o guincho el\u00e9trico, a sanita el\u00e9trica, o molinete da \u00e2ncora e o gerador de \u00e1gua, sem restri\u00e7\u00f5es. Al\u00e9m disso, dois pain\u00e9is solares de 110W cada para suportar e suavizar a carga do banco de baterias.<\/span><\/p>\n<p><img decoding=\"async\" class=\" aligncenter\" src=\"https:\/\/navegantesoceanicos.com\/wp-content\/uploads\/2024\/11\/Badum-Caribe-espanol.png\" alt=\"\" width=\"385\" height=\"385\" \/><\/p>\n<h2 style=\"text-align: center;\"><span style=\"color: #061d84; font-size: x-large;\"><span lang=\"es-ES-u-co-trad\">Como formou a tripula\u00e7\u00e3o do BADUM para esta aventura, \u00e9 permanente ou gira em portos diferentes?<\/span><\/span><\/h2>\n<p style=\"text-align: center;\"><span style=\"color: rgba(0, 0, 0, 0.99);\">A tripula\u00e7\u00e3o muda a cada etapa, exceto o capit\u00e3o que estar\u00e1 em todas as etapas. A sele\u00e7\u00e3o \u00e9 mais rigorosa para as etapas oce\u00e2nicas, uma vez que se procuram velejadores mais experientes para acrescentar valor nas tr\u00eas semanas que dura uma travessia.<\/span><\/p>\n<p style=\"text-align: center;\"><span style=\"color: rgba(0, 0, 0, 0.99);\">Em cada etapa, procuram-se tr\u00eas perfis, para al\u00e9m do capit\u00e3o: um tripulante que atua como segundo, no caso hipot\u00e9tico de ter de substituir o capit\u00e3o e ter de assumir o comando. Tripulante 3, um cozinheiro experiente que mant\u00e9m a tripula\u00e7\u00e3o bem alimentada para um bom desempenho. Crewman 4, um oficial m\u00e9dico que sabe cuidar da sa\u00fade dos tripulantes. Os tripulantes 5 e 6 podem ser generalistas com vontade de aprender e muita flexibilidade para se adaptarem \u00e0s v\u00e1rias condi\u00e7\u00f5es que possam surgir durante a viagem.<\/span><\/p>\n<h2 lang=\"es-ES-u-co-trad\"><img decoding=\"async\" class=\"aligncenter\" src=\"https:\/\/navegantesoceanicos.com\/wp-content\/uploads\/2024\/11\/Josian-scaled.jpg\" alt=\"\" width=\"383\" height=\"511\" \/><\/h2>\n<h2 lang=\"es-ES-u-co-trad\" style=\"text-align: center;\"><span style=\"font-size: x-large; color: #082889;\">Muito obrigado Josi\u00e1n pela entrevista, que permitir\u00e1 aos nossos leitores conhecer este interessante projeto. S\u00f3 me resta fazer a \u00faltima pergunta: quer acrescentar mais alguma coisa, esqueci-me de perguntar uma coisa?<\/span><\/h2>\n<p style=\"text-align: center;\"><span style=\"color: rgba(0, 0, 0, 0.95);\">Penso que \u00e9 um projeto muito entusiasmante e gostaria de vos encorajar antecipadamente a participar numa das temporadas.<\/span><\/p>\n<p style=\"text-align: center;\"><span style=\"color: rgba(0, 0, 0, 0.95);\">Incentivar os armadores a equiparem os seus barcos na categoria 1 e a reunirem a sua tripula\u00e7\u00e3o durante cada viagem.<\/span><\/p>\n<p>[\/et_pb_text][et_pb_divider divider_weight=&#8221;3px&#8221; _builder_version=&#8221;4.26.0&#8243; _module_preset=&#8221;default&#8221; custom_margin=&#8221;||8px|||&#8221; global_colors_info=&#8221;{}&#8221;][\/et_pb_divider][et_pb_text _builder_version=&#8221;4.27.4&#8243; _module_preset=&#8221;default&#8221; global_colors_info=&#8221;{}&#8221;]<\/p>\n<p style=\"text-align: center;\"><span style=\"color: #000000; font-size: large;\">De &#8220;Navegantes Oce\u00e2nicos&#8221; agradecemos ao Josi\u00e1n a sua colabora\u00e7\u00e3o nesta interessante entrevista e desejamos-lhe boa sorte e bons ventos neste emocionante projecto &#8220;El Caribe Espa\u00f1ol&#8221;.<\/span><\/p>\n<p>[\/et_pb_text][et_pb_image src=&#8221;https:\/\/navegantesoceanicos.com\/wp-content\/uploads\/2022\/09\/proteccion-web-con-ISSN.jpg&#8221; title_text=&#8221;protecci\u00f3n web con ISSN&#8221; _builder_version=&#8221;4.26.0&#8243; _module_preset=&#8221;default&#8221; global_colors_info=&#8221;{}&#8221;][\/et_pb_image][\/et_pb_column][\/et_pb_row][\/et_pb_section]<\/p>\n","protected":false},"excerpt":{"rendered":"<p>Entrevista a Josi\u00e1n, principal promotor do projeto \u201cEl Caribe Espa\u00f1ol\u201d, que no dia 9 de janeiro de 2025 pretende zarpar de Las Palmas de Gran Canaria a bordo do veleiro BADUM para as Cara\u00edbas, e, depois de visitar v\u00e1rios portos de interesse hist\u00f3rico, regressar a Espanha no final de maio de 2025.<\/p>\n","protected":false},"author":2,"featured_media":35399,"comment_status":"open","ping_status":"open","sticky":false,"template":"","format":"standard","meta":{"_et_pb_use_builder":"on","_et_pb_old_content":"","_et_gb_content_width":"","footnotes":"","_wp_rev_ctl_limit":""},"categories":[208],"tags":[],"class_list":["post-37327","post","type-post","status-publish","format-standard","has-post-thumbnail","hentry","category-entrevistas-com-os-navegantes","et-has-post-format-content","et_post_format-et-post-format-standard"],"yoast_head":"<!-- This site is optimized with the Yoast SEO plugin v27.5 - https:\/\/yoast.com\/product\/yoast-seo-wordpress\/ -->\n<title>O Caribe Espanhol, entrevista a Josi\u00e1n Morales - Navegantes Oce\u00e1nicos<\/title>\n<meta name=\"description\" content=\"Navegantes oce\u00e1nicos, web con contenidos para apasionados por la mar, tripulantes, regatistas, patrones o armadores.\" \/>\n<meta name=\"robots\" content=\"index, follow, max-snippet:-1, max-image-preview:large, max-video-preview:-1\" \/>\n<link rel=\"canonical\" href=\"https:\/\/navegantesoceanicos.com\/pt-pt\/caribe-espanhol-entrevista-josian-morales\/\" \/>\n<meta property=\"og:locale\" content=\"pt_PT\" \/>\n<meta property=\"og:type\" content=\"article\" \/>\n<meta property=\"og:title\" content=\"O Caribe Espanhol, entrevista a Josi\u00e1n Morales - Navegantes Oce\u00e1nicos\" \/>\n<meta property=\"og:description\" content=\"Navegantes oce\u00e1nicos, web con contenidos para apasionados por la mar, tripulantes, regatistas, patrones o armadores.\" \/>\n<meta property=\"og:url\" content=\"https:\/\/navegantesoceanicos.com\/pt-pt\/caribe-espanhol-entrevista-josian-morales\/\" \/>\n<meta property=\"og:site_name\" content=\"Navegantes Oce\u00e1nicos\" \/>\n<meta property=\"article:publisher\" content=\"https:\/\/www.facebook.com\/Navegantes-Oce%c3%a1nicos-112578593494698\" \/>\n<meta property=\"article:published_time\" content=\"2024-11-14T18:06:45+00:00\" \/>\n<meta property=\"article:modified_time\" content=\"2024-12-27T17:52:18+00:00\" \/>\n<meta property=\"og:image\" content=\"https:\/\/navegantesoceanicos.com\/wp-content\/uploads\/2024\/11\/Josian-Morales-de-Onate-y-El-Caribe-Espanol.png\" \/>\n\t<meta property=\"og:image:width\" content=\"749\" \/>\n\t<meta property=\"og:image:height\" content=\"433\" \/>\n\t<meta property=\"og:image:type\" content=\"image\/png\" \/>\n<meta name=\"author\" content=\"Juan Gonz\u00e1lez-Aller Lacalle\" \/>\n<meta name=\"twitter:label1\" content=\"Escrito por\" \/>\n\t<meta name=\"twitter:data1\" content=\"Juan Gonz\u00e1lez-Aller Lacalle\" \/>\n\t<meta name=\"twitter:label2\" content=\"Tempo estimado de leitura\" \/>\n\t<meta name=\"twitter:data2\" content=\"9 minutos\" \/>\n<script type=\"application\/ld+json\" class=\"yoast-schema-graph\">{\"@context\":\"https:\\\/\\\/schema.org\",\"@graph\":[{\"@type\":\"Article\",\"@id\":\"https:\\\/\\\/navegantesoceanicos.com\\\/pt-pt\\\/caribe-espanhol-entrevista-josian-morales\\\/#article\",\"isPartOf\":{\"@id\":\"https:\\\/\\\/navegantesoceanicos.com\\\/pt-pt\\\/caribe-espanhol-entrevista-josian-morales\\\/\"},\"author\":{\"name\":\"Juan Gonz\u00e1lez-Aller Lacalle\",\"@id\":\"https:\\\/\\\/navegantesoceanicos.com\\\/pt-pt\\\/#\\\/schema\\\/person\\\/4efe3afaef12467194c46aa710898a5c\"},\"headline\":\"O Caribe Espanhol, entrevista a Josi\u00e1n Morales\",\"datePublished\":\"2024-11-14T18:06:45+00:00\",\"dateModified\":\"2024-12-27T17:52:18+00:00\",\"mainEntityOfPage\":{\"@id\":\"https:\\\/\\\/navegantesoceanicos.com\\\/pt-pt\\\/caribe-espanhol-entrevista-josian-morales\\\/\"},\"wordCount\":1686,\"commentCount\":0,\"publisher\":{\"@id\":\"https:\\\/\\\/navegantesoceanicos.com\\\/pt-pt\\\/#organization\"},\"image\":{\"@id\":\"https:\\\/\\\/navegantesoceanicos.com\\\/pt-pt\\\/caribe-espanhol-entrevista-josian-morales\\\/#primaryimage\"},\"thumbnailUrl\":\"https:\\\/\\\/navegantesoceanicos.com\\\/wp-content\\\/uploads\\\/2024\\\/11\\\/Josian-Morales-de-Onate-y-El-Caribe-Espanol.png\",\"articleSection\":[\"entrevistas com os navegantes\"],\"inLanguage\":\"pt-PT\",\"potentialAction\":[{\"@type\":\"CommentAction\",\"name\":\"Comment\",\"target\":[\"https:\\\/\\\/navegantesoceanicos.com\\\/pt-pt\\\/caribe-espanhol-entrevista-josian-morales\\\/#respond\"]}]},{\"@type\":\"WebPage\",\"@id\":\"https:\\\/\\\/navegantesoceanicos.com\\\/pt-pt\\\/caribe-espanhol-entrevista-josian-morales\\\/\",\"url\":\"https:\\\/\\\/navegantesoceanicos.com\\\/pt-pt\\\/caribe-espanhol-entrevista-josian-morales\\\/\",\"name\":\"O Caribe Espanhol, entrevista a Josi\u00e1n Morales - Navegantes Oce\u00e1nicos\",\"isPartOf\":{\"@id\":\"https:\\\/\\\/navegantesoceanicos.com\\\/pt-pt\\\/#website\"},\"primaryImageOfPage\":{\"@id\":\"https:\\\/\\\/navegantesoceanicos.com\\\/pt-pt\\\/caribe-espanhol-entrevista-josian-morales\\\/#primaryimage\"},\"image\":{\"@id\":\"https:\\\/\\\/navegantesoceanicos.com\\\/pt-pt\\\/caribe-espanhol-entrevista-josian-morales\\\/#primaryimage\"},\"thumbnailUrl\":\"https:\\\/\\\/navegantesoceanicos.com\\\/wp-content\\\/uploads\\\/2024\\\/11\\\/Josian-Morales-de-Onate-y-El-Caribe-Espanol.png\",\"datePublished\":\"2024-11-14T18:06:45+00:00\",\"dateModified\":\"2024-12-27T17:52:18+00:00\",\"description\":\"Navegantes oce\u00e1nicos, web con contenidos para apasionados por la mar, tripulantes, regatistas, patrones o armadores.\",\"breadcrumb\":{\"@id\":\"https:\\\/\\\/navegantesoceanicos.com\\\/pt-pt\\\/caribe-espanhol-entrevista-josian-morales\\\/#breadcrumb\"},\"inLanguage\":\"pt-PT\",\"potentialAction\":[{\"@type\":\"ReadAction\",\"target\":[\"https:\\\/\\\/navegantesoceanicos.com\\\/pt-pt\\\/caribe-espanhol-entrevista-josian-morales\\\/\"]}]},{\"@type\":\"ImageObject\",\"inLanguage\":\"pt-PT\",\"@id\":\"https:\\\/\\\/navegantesoceanicos.com\\\/pt-pt\\\/caribe-espanhol-entrevista-josian-morales\\\/#primaryimage\",\"url\":\"https:\\\/\\\/navegantesoceanicos.com\\\/wp-content\\\/uploads\\\/2024\\\/11\\\/Josian-Morales-de-Onate-y-El-Caribe-Espanol.png\",\"contentUrl\":\"https:\\\/\\\/navegantesoceanicos.com\\\/wp-content\\\/uploads\\\/2024\\\/11\\\/Josian-Morales-de-Onate-y-El-Caribe-Espanol.png\",\"width\":749,\"height\":433,\"caption\":\"Josian Morales de O\u00f1ate El Caribe Espa\u00f1ol\"},{\"@type\":\"BreadcrumbList\",\"@id\":\"https:\\\/\\\/navegantesoceanicos.com\\\/pt-pt\\\/caribe-espanhol-entrevista-josian-morales\\\/#breadcrumb\",\"itemListElement\":[{\"@type\":\"ListItem\",\"position\":1,\"name\":\"Portada\",\"item\":\"https:\\\/\\\/navegantesoceanicos.com\\\/pt-pt\\\/\"},{\"@type\":\"ListItem\",\"position\":2,\"name\":\"O Caribe Espanhol, entrevista a Josi\u00e1n Morales\"}]},{\"@type\":\"WebSite\",\"@id\":\"https:\\\/\\\/navegantesoceanicos.com\\\/pt-pt\\\/#website\",\"url\":\"https:\\\/\\\/navegantesoceanicos.com\\\/pt-pt\\\/\",\"name\":\"Navegantes Oce\u00e1nicos\",\"description\":\"Navegantes oce\u00e1nicos, te ayudamos a navegar, para navegantes, tripulantes, regatistas y armadores, escuela n\u00e1utica, libros on-line sobre t\u00e1cticas y equipamiento para la navegaci\u00f3n a vela, fondear, atracar, el manejo de las velas, electricidad a bordo, navegaci\u00f3n con mal tiempo, rutas oce\u00e1nicas y mucho m\u00e1s\",\"publisher\":{\"@id\":\"https:\\\/\\\/navegantesoceanicos.com\\\/pt-pt\\\/#organization\"},\"potentialAction\":[{\"@type\":\"SearchAction\",\"target\":{\"@type\":\"EntryPoint\",\"urlTemplate\":\"https:\\\/\\\/navegantesoceanicos.com\\\/pt-pt\\\/?s={search_term_string}\"},\"query-input\":{\"@type\":\"PropertyValueSpecification\",\"valueRequired\":true,\"valueName\":\"search_term_string\"}}],\"inLanguage\":\"pt-PT\"},{\"@type\":\"Organization\",\"@id\":\"https:\\\/\\\/navegantesoceanicos.com\\\/pt-pt\\\/#organization\",\"name\":\"Navegantes Oce\u00e1nicos\",\"url\":\"https:\\\/\\\/navegantesoceanicos.com\\\/pt-pt\\\/\",\"logo\":{\"@type\":\"ImageObject\",\"inLanguage\":\"pt-PT\",\"@id\":\"https:\\\/\\\/navegantesoceanicos.com\\\/pt-pt\\\/#\\\/schema\\\/logo\\\/image\\\/\",\"url\":\"https:\\\/\\\/navegantesoceanicos.com\\\/wp-content\\\/uploads\\\/2019\\\/12\\\/LOGO-NAVEGANTES-OCEANICOS.png\",\"contentUrl\":\"https:\\\/\\\/navegantesoceanicos.com\\\/wp-content\\\/uploads\\\/2019\\\/12\\\/LOGO-NAVEGANTES-OCEANICOS.png\",\"width\":1010,\"height\":814,\"caption\":\"Navegantes Oce\u00e1nicos\"},\"image\":{\"@id\":\"https:\\\/\\\/navegantesoceanicos.com\\\/pt-pt\\\/#\\\/schema\\\/logo\\\/image\\\/\"},\"sameAs\":[\"https:\\\/\\\/www.facebook.com\\\/Navegantes-Oce\u00e1nicos-112578593494698\",\"https:\\\/\\\/www.instagram.com\\\/navegantes_oceanicos\\\/?hl=es\",\"https:\\\/\\\/www.youtube.com\\\/channel\\\/UCXgDL_6xqE7rpdwNXRmzF_Q\\\/featured\"]},{\"@type\":\"Person\",\"@id\":\"https:\\\/\\\/navegantesoceanicos.com\\\/pt-pt\\\/#\\\/schema\\\/person\\\/4efe3afaef12467194c46aa710898a5c\",\"name\":\"Juan Gonz\u00e1lez-Aller Lacalle\",\"image\":{\"@type\":\"ImageObject\",\"inLanguage\":\"pt-PT\",\"@id\":\"https:\\\/\\\/secure.gravatar.com\\\/avatar\\\/8262155dfd99d33a131c0b6f7c6d5b289bcc5a78eb8915b59699287a091367be?s=96&d=mm&r=g\",\"url\":\"https:\\\/\\\/secure.gravatar.com\\\/avatar\\\/8262155dfd99d33a131c0b6f7c6d5b289bcc5a78eb8915b59699287a091367be?s=96&d=mm&r=g\",\"contentUrl\":\"https:\\\/\\\/secure.gravatar.com\\\/avatar\\\/8262155dfd99d33a131c0b6f7c6d5b289bcc5a78eb8915b59699287a091367be?s=96&d=mm&r=g\",\"caption\":\"Juan Gonz\u00e1lez-Aller Lacalle\"},\"sameAs\":[\"https:\\\/\\\/navegantesoceanicos.com\"],\"url\":\"https:\\\/\\\/navegantesoceanicos.com\\\/pt-pt\\\/author\\\/juan-director\\\/\"}]}<\/script>\n<!-- \/ Yoast SEO plugin. -->","yoast_head_json":{"title":"O Caribe Espanhol, entrevista a Josi\u00e1n Morales - Navegantes Oce\u00e1nicos","description":"Navegantes oce\u00e1nicos, web con contenidos para apasionados por la mar, tripulantes, regatistas, patrones o armadores.","robots":{"index":"index","follow":"follow","max-snippet":"max-snippet:-1","max-image-preview":"max-image-preview:large","max-video-preview":"max-video-preview:-1"},"canonical":"https:\/\/navegantesoceanicos.com\/pt-pt\/caribe-espanhol-entrevista-josian-morales\/","og_locale":"pt_PT","og_type":"article","og_title":"O Caribe Espanhol, entrevista a Josi\u00e1n Morales - Navegantes Oce\u00e1nicos","og_description":"Navegantes oce\u00e1nicos, web con contenidos para apasionados por la mar, tripulantes, regatistas, patrones o armadores.","og_url":"https:\/\/navegantesoceanicos.com\/pt-pt\/caribe-espanhol-entrevista-josian-morales\/","og_site_name":"Navegantes Oce\u00e1nicos","article_publisher":"https:\/\/www.facebook.com\/Navegantes-Oce%c3%a1nicos-112578593494698","article_published_time":"2024-11-14T18:06:45+00:00","article_modified_time":"2024-12-27T17:52:18+00:00","og_image":[{"width":749,"height":433,"url":"https:\/\/navegantesoceanicos.com\/wp-content\/uploads\/2024\/11\/Josian-Morales-de-Onate-y-El-Caribe-Espanol.png","type":"image\/png"}],"author":"Juan Gonz\u00e1lez-Aller Lacalle","twitter_misc":{"Escrito por":"Juan Gonz\u00e1lez-Aller Lacalle","Tempo estimado de leitura":"9 minutos"},"schema":{"@context":"https:\/\/schema.org","@graph":[{"@type":"Article","@id":"https:\/\/navegantesoceanicos.com\/pt-pt\/caribe-espanhol-entrevista-josian-morales\/#article","isPartOf":{"@id":"https:\/\/navegantesoceanicos.com\/pt-pt\/caribe-espanhol-entrevista-josian-morales\/"},"author":{"name":"Juan Gonz\u00e1lez-Aller Lacalle","@id":"https:\/\/navegantesoceanicos.com\/pt-pt\/#\/schema\/person\/4efe3afaef12467194c46aa710898a5c"},"headline":"O Caribe Espanhol, entrevista a Josi\u00e1n Morales","datePublished":"2024-11-14T18:06:45+00:00","dateModified":"2024-12-27T17:52:18+00:00","mainEntityOfPage":{"@id":"https:\/\/navegantesoceanicos.com\/pt-pt\/caribe-espanhol-entrevista-josian-morales\/"},"wordCount":1686,"commentCount":0,"publisher":{"@id":"https:\/\/navegantesoceanicos.com\/pt-pt\/#organization"},"image":{"@id":"https:\/\/navegantesoceanicos.com\/pt-pt\/caribe-espanhol-entrevista-josian-morales\/#primaryimage"},"thumbnailUrl":"https:\/\/navegantesoceanicos.com\/wp-content\/uploads\/2024\/11\/Josian-Morales-de-Onate-y-El-Caribe-Espanol.png","articleSection":["entrevistas com os navegantes"],"inLanguage":"pt-PT","potentialAction":[{"@type":"CommentAction","name":"Comment","target":["https:\/\/navegantesoceanicos.com\/pt-pt\/caribe-espanhol-entrevista-josian-morales\/#respond"]}]},{"@type":"WebPage","@id":"https:\/\/navegantesoceanicos.com\/pt-pt\/caribe-espanhol-entrevista-josian-morales\/","url":"https:\/\/navegantesoceanicos.com\/pt-pt\/caribe-espanhol-entrevista-josian-morales\/","name":"O Caribe Espanhol, entrevista a Josi\u00e1n Morales - Navegantes Oce\u00e1nicos","isPartOf":{"@id":"https:\/\/navegantesoceanicos.com\/pt-pt\/#website"},"primaryImageOfPage":{"@id":"https:\/\/navegantesoceanicos.com\/pt-pt\/caribe-espanhol-entrevista-josian-morales\/#primaryimage"},"image":{"@id":"https:\/\/navegantesoceanicos.com\/pt-pt\/caribe-espanhol-entrevista-josian-morales\/#primaryimage"},"thumbnailUrl":"https:\/\/navegantesoceanicos.com\/wp-content\/uploads\/2024\/11\/Josian-Morales-de-Onate-y-El-Caribe-Espanol.png","datePublished":"2024-11-14T18:06:45+00:00","dateModified":"2024-12-27T17:52:18+00:00","description":"Navegantes oce\u00e1nicos, web con contenidos para apasionados por la mar, tripulantes, regatistas, patrones o armadores.","breadcrumb":{"@id":"https:\/\/navegantesoceanicos.com\/pt-pt\/caribe-espanhol-entrevista-josian-morales\/#breadcrumb"},"inLanguage":"pt-PT","potentialAction":[{"@type":"ReadAction","target":["https:\/\/navegantesoceanicos.com\/pt-pt\/caribe-espanhol-entrevista-josian-morales\/"]}]},{"@type":"ImageObject","inLanguage":"pt-PT","@id":"https:\/\/navegantesoceanicos.com\/pt-pt\/caribe-espanhol-entrevista-josian-morales\/#primaryimage","url":"https:\/\/navegantesoceanicos.com\/wp-content\/uploads\/2024\/11\/Josian-Morales-de-Onate-y-El-Caribe-Espanol.png","contentUrl":"https:\/\/navegantesoceanicos.com\/wp-content\/uploads\/2024\/11\/Josian-Morales-de-Onate-y-El-Caribe-Espanol.png","width":749,"height":433,"caption":"Josian Morales de O\u00f1ate El Caribe Espa\u00f1ol"},{"@type":"BreadcrumbList","@id":"https:\/\/navegantesoceanicos.com\/pt-pt\/caribe-espanhol-entrevista-josian-morales\/#breadcrumb","itemListElement":[{"@type":"ListItem","position":1,"name":"Portada","item":"https:\/\/navegantesoceanicos.com\/pt-pt\/"},{"@type":"ListItem","position":2,"name":"O Caribe Espanhol, entrevista a Josi\u00e1n Morales"}]},{"@type":"WebSite","@id":"https:\/\/navegantesoceanicos.com\/pt-pt\/#website","url":"https:\/\/navegantesoceanicos.com\/pt-pt\/","name":"Navegantes Oce\u00e1nicos","description":"Navegantes oce\u00e1nicos, te ayudamos a navegar, para navegantes, tripulantes, regatistas y armadores, escuela n\u00e1utica, libros on-line sobre t\u00e1cticas y equipamiento para la navegaci\u00f3n a vela, fondear, atracar, el manejo de las velas, electricidad a bordo, navegaci\u00f3n con mal tiempo, rutas oce\u00e1nicas y mucho m\u00e1s","publisher":{"@id":"https:\/\/navegantesoceanicos.com\/pt-pt\/#organization"},"potentialAction":[{"@type":"SearchAction","target":{"@type":"EntryPoint","urlTemplate":"https:\/\/navegantesoceanicos.com\/pt-pt\/?s={search_term_string}"},"query-input":{"@type":"PropertyValueSpecification","valueRequired":true,"valueName":"search_term_string"}}],"inLanguage":"pt-PT"},{"@type":"Organization","@id":"https:\/\/navegantesoceanicos.com\/pt-pt\/#organization","name":"Navegantes Oce\u00e1nicos","url":"https:\/\/navegantesoceanicos.com\/pt-pt\/","logo":{"@type":"ImageObject","inLanguage":"pt-PT","@id":"https:\/\/navegantesoceanicos.com\/pt-pt\/#\/schema\/logo\/image\/","url":"https:\/\/navegantesoceanicos.com\/wp-content\/uploads\/2019\/12\/LOGO-NAVEGANTES-OCEANICOS.png","contentUrl":"https:\/\/navegantesoceanicos.com\/wp-content\/uploads\/2019\/12\/LOGO-NAVEGANTES-OCEANICOS.png","width":1010,"height":814,"caption":"Navegantes Oce\u00e1nicos"},"image":{"@id":"https:\/\/navegantesoceanicos.com\/pt-pt\/#\/schema\/logo\/image\/"},"sameAs":["https:\/\/www.facebook.com\/Navegantes-Oce\u00e1nicos-112578593494698","https:\/\/www.instagram.com\/navegantes_oceanicos\/?hl=es","https:\/\/www.youtube.com\/channel\/UCXgDL_6xqE7rpdwNXRmzF_Q\/featured"]},{"@type":"Person","@id":"https:\/\/navegantesoceanicos.com\/pt-pt\/#\/schema\/person\/4efe3afaef12467194c46aa710898a5c","name":"Juan Gonz\u00e1lez-Aller Lacalle","image":{"@type":"ImageObject","inLanguage":"pt-PT","@id":"https:\/\/secure.gravatar.com\/avatar\/8262155dfd99d33a131c0b6f7c6d5b289bcc5a78eb8915b59699287a091367be?s=96&d=mm&r=g","url":"https:\/\/secure.gravatar.com\/avatar\/8262155dfd99d33a131c0b6f7c6d5b289bcc5a78eb8915b59699287a091367be?s=96&d=mm&r=g","contentUrl":"https:\/\/secure.gravatar.com\/avatar\/8262155dfd99d33a131c0b6f7c6d5b289bcc5a78eb8915b59699287a091367be?s=96&d=mm&r=g","caption":"Juan Gonz\u00e1lez-Aller Lacalle"},"sameAs":["https:\/\/navegantesoceanicos.com"],"url":"https:\/\/navegantesoceanicos.com\/pt-pt\/author\/juan-director\/"}]}},"rttpg_featured_image_url":{"full":["https:\/\/navegantesoceanicos.com\/wp-content\/uploads\/2024\/11\/Josian-Morales-de-Onate-y-El-Caribe-Espanol.png",749,433,false],"landscape":["https:\/\/navegantesoceanicos.com\/wp-content\/uploads\/2024\/11\/Josian-Morales-de-Onate-y-El-Caribe-Espanol.png",749,433,false],"portraits":["https:\/\/navegantesoceanicos.com\/wp-content\/uploads\/2024\/11\/Josian-Morales-de-Onate-y-El-Caribe-Espanol.png",749,433,false],"thumbnail":["https:\/\/navegantesoceanicos.com\/wp-content\/uploads\/2024\/11\/Josian-Morales-de-Onate-y-El-Caribe-Espanol-150x150.png",150,150,true],"medium":["https:\/\/navegantesoceanicos.com\/wp-content\/uploads\/2024\/11\/Josian-Morales-de-Onate-y-El-Caribe-Espanol-300x173.png",300,173,true],"large":["https:\/\/navegantesoceanicos.com\/wp-content\/uploads\/2024\/11\/Josian-Morales-de-Onate-y-El-Caribe-Espanol.png",749,433,false],"1536x1536":["https:\/\/navegantesoceanicos.com\/wp-content\/uploads\/2024\/11\/Josian-Morales-de-Onate-y-El-Caribe-Espanol.png",749,433,false],"2048x2048":["https:\/\/navegantesoceanicos.com\/wp-content\/uploads\/2024\/11\/Josian-Morales-de-Onate-y-El-Caribe-Espanol.png",749,433,false],"smart-post-landscape":["https:\/\/navegantesoceanicos.com\/wp-content\/uploads\/2024\/11\/Josian-Morales-de-Onate-y-El-Caribe-Espanol.png",749,433,false],"smart-post-portrait":["https:\/\/navegantesoceanicos.com\/wp-content\/uploads\/2024\/11\/Josian-Morales-de-Onate-y-El-Caribe-Espanol.png",600,347,false],"et-builder-post-main-image":["https:\/\/navegantesoceanicos.com\/wp-content\/uploads\/2024\/11\/Josian-Morales-de-Onate-y-El-Caribe-Espanol-400x250.png",400,250,true],"et-builder-post-main-image-fullwidth":["https:\/\/navegantesoceanicos.com\/wp-content\/uploads\/2024\/11\/Josian-Morales-de-Onate-y-El-Caribe-Espanol.png",749,433,false],"et-builder-portfolio-image":["https:\/\/navegantesoceanicos.com\/wp-content\/uploads\/2024\/11\/Josian-Morales-de-Onate-y-El-Caribe-Espanol-400x284.png",400,284,true],"et-builder-portfolio-image-single":["https:\/\/navegantesoceanicos.com\/wp-content\/uploads\/2024\/11\/Josian-Morales-de-Onate-y-El-Caribe-Espanol.png",749,433,false],"et-builder-gallery-image-portrait":["https:\/\/navegantesoceanicos.com\/wp-content\/uploads\/2024\/11\/Josian-Morales-de-Onate-y-El-Caribe-Espanol-400x433.png",400,433,true],"extra-image-huge":["https:\/\/navegantesoceanicos.com\/wp-content\/uploads\/2024\/11\/Josian-Morales-de-Onate-y-El-Caribe-Espanol.png",749,433,false],"extra-image-single-post":["https:\/\/navegantesoceanicos.com\/wp-content\/uploads\/2024\/11\/Josian-Morales-de-Onate-y-El-Caribe-Espanol.png",749,433,false],"extra-image-medium":["https:\/\/navegantesoceanicos.com\/wp-content\/uploads\/2024\/11\/Josian-Morales-de-Onate-y-El-Caribe-Espanol-627x376.png",627,376,true],"extra-image-small":["https:\/\/navegantesoceanicos.com\/wp-content\/uploads\/2024\/11\/Josian-Morales-de-Onate-y-El-Caribe-Espanol-440x264.png",440,264,true],"extra-image-square-medium":["https:\/\/navegantesoceanicos.com\/wp-content\/uploads\/2024\/11\/Josian-Morales-de-Onate-y-El-Caribe-Espanol-440x433.png",440,433,true],"extra-image-square-small":["https:\/\/navegantesoceanicos.com\/wp-content\/uploads\/2024\/11\/Josian-Morales-de-Onate-y-El-Caribe-Espanol-150x150.png",150,150,true],"woocommerce_thumbnail":["https:\/\/navegantesoceanicos.com\/wp-content\/uploads\/2024\/11\/Josian-Morales-de-Onate-y-El-Caribe-Espanol-300x173.png",300,173,true],"woocommerce_single":["https:\/\/navegantesoceanicos.com\/wp-content\/uploads\/2024\/11\/Josian-Morales-de-Onate-y-El-Caribe-Espanol-600x347.png",600,347,true],"woocommerce_gallery_thumbnail":["https:\/\/navegantesoceanicos.com\/wp-content\/uploads\/2024\/11\/Josian-Morales-de-Onate-y-El-Caribe-Espanol-100x100.png",100,100,true],"dgwt-wcas-product-suggestion":["https:\/\/navegantesoceanicos.com\/wp-content\/uploads\/2024\/11\/Josian-Morales-de-Onate-y-El-Caribe-Espanol-64x37.png",64,37,true]},"rttpg_author":{"display_name":"Juan Gonz\u00e1lez-Aller Lacalle","author_link":"https:\/\/navegantesoceanicos.com\/pt-pt\/author\/juan-director\/"},"rttpg_comment":0,"rttpg_category":"<a href=\"https:\/\/navegantesoceanicos.com\/pt-pt\/category\/entrevistas-com-os-navegantes\/\" rel=\"category tag\">entrevistas com os navegantes<\/a>","rttpg_excerpt":"Entrevista a Josi\u00e1n, principal promotor do projeto \u201cEl Caribe Espa\u00f1ol\u201d, que no dia 9 de janeiro de 2025 pretende zarpar de Las Palmas de Gran Canaria a bordo do veleiro BADUM para as Cara\u00edbas, e, depois de visitar v\u00e1rios portos de interesse hist\u00f3rico, regressar a Espanha no final de maio de 2025.","_links":{"self":[{"href":"https:\/\/navegantesoceanicos.com\/pt-pt\/wp-json\/wp\/v2\/posts\/37327","targetHints":{"allow":["GET"]}}],"collection":[{"href":"https:\/\/navegantesoceanicos.com\/pt-pt\/wp-json\/wp\/v2\/posts"}],"about":[{"href":"https:\/\/navegantesoceanicos.com\/pt-pt\/wp-json\/wp\/v2\/types\/post"}],"author":[{"embeddable":true,"href":"https:\/\/navegantesoceanicos.com\/pt-pt\/wp-json\/wp\/v2\/users\/2"}],"replies":[{"embeddable":true,"href":"https:\/\/navegantesoceanicos.com\/pt-pt\/wp-json\/wp\/v2\/comments?post=37327"}],"version-history":[{"count":0,"href":"https:\/\/navegantesoceanicos.com\/pt-pt\/wp-json\/wp\/v2\/posts\/37327\/revisions"}],"wp:featuredmedia":[{"embeddable":true,"href":"https:\/\/navegantesoceanicos.com\/pt-pt\/wp-json\/wp\/v2\/media\/35399"}],"wp:attachment":[{"href":"https:\/\/navegantesoceanicos.com\/pt-pt\/wp-json\/wp\/v2\/media?parent=37327"}],"wp:term":[{"taxonomy":"category","embeddable":true,"href":"https:\/\/navegantesoceanicos.com\/pt-pt\/wp-json\/wp\/v2\/categories?post=37327"},{"taxonomy":"post_tag","embeddable":true,"href":"https:\/\/navegantesoceanicos.com\/pt-pt\/wp-json\/wp\/v2\/tags?post=37327"}],"curies":[{"name":"wp","href":"https:\/\/api.w.org\/{rel}","templated":true}]}}