{"id":37339,"date":"2021-01-24T13:03:36","date_gmt":"2021-01-24T13:03:36","guid":{"rendered":"https:\/\/navegantesoceanicos.com\/david-ruiz-vuelta-al-mundo-a-bordo-del-thor-cinco\/"},"modified":"2024-12-27T19:10:12","modified_gmt":"2024-12-27T19:10:12","slug":"david-ruiz-volta-do-mundo-a-bordo-thor-cinco","status":"publish","type":"post","link":"https:\/\/navegantesoceanicos.com\/pt-pt\/david-ruiz-volta-do-mundo-a-bordo-thor-cinco\/","title":{"rendered":"David Ruiz, \u00e0 volta do mundo a bordo do Thor Cinco"},"content":{"rendered":"<p>[et_pb_section fb_built=&#8221;1&#8243; _builder_version=&#8221;4.16&#8243; min_height=&#8221;13237px&#8221; custom_margin=&#8221;-21px||-58px|||&#8221; custom_padding=&#8221;0px||0px|||&#8221; global_colors_info=&#8221;{}&#8221;][et_pb_row _builder_version=&#8221;4.16&#8243; custom_padding=&#8221;5px|||||&#8221; global_colors_info=&#8221;{}&#8221;][et_pb_column type=&#8221;4_4&#8243; _builder_version=&#8221;4.16&#8243; global_colors_info=&#8221;{}&#8221;][et_pb_image src=&#8221;https:\/\/navegantesoceanicos.com\/wp-content\/uploads\/2021\/01\/SIGUIENDO-AL-SOL.jpg&#8221; _builder_version=&#8221;4.26.0&#8243; custom_margin=&#8221;8px||3px|||&#8221; global_colors_info=&#8221;{}&#8221;][\/et_pb_image][et_pb_text _builder_version=&#8221;4.27.4&#8243; custom_margin=&#8221;1px|||||&#8221; custom_padding=&#8221;12px|||||&#8221; global_colors_info=&#8221;{}&#8221;]<\/p>\n<p style=\"text-align: center;\"><span style=\"color: #003366;\"><strong>David Ruiz, na proa do Thor Cinco, seguindo o Sol\u200b<\/strong><\/span><\/p>\n<p>[\/et_pb_text][\/et_pb_column][\/et_pb_row][et_pb_row _builder_version=&#8221;4.16&#8243; custom_padding=&#8221;7px|||||&#8221; global_colors_info=&#8221;{}&#8221;][et_pb_column type=&#8221;4_4&#8243; _builder_version=&#8221;4.16&#8243; global_colors_info=&#8221;{}&#8221;][et_pb_text _builder_version=&#8221;4.27.4&#8243; inline_fonts=&#8221;Times New Roman&#8221; global_colors_info=&#8221;{}&#8221;]<\/p>\n<p>\u200b<span style=\"color: #000000;\">DAVID RUIZ, propriet\u00e1rio do veleiro \u201cThor Cinco\u201d, \u00e9 um conceituado designer gr\u00e1fico e publicit\u00e1rio de Barcelona, \u200b\u200b\u200b\u200b\u200b\u200bque concluiu com sucesso uma viagem a solo \u00e0 vela \u00e0 volta do mundo, \u00e0 qual dedicou quatro anos.<\/span><\/p>\n<p><span style=\"color: #000000;\">Come\u00e7ou no mundo da vela fazendo parte da equipa optimista do Clube Mar\u00edtimo de Barcelona, \u200b\u200b\u200b\u200bmais tarde a sua paix\u00e3o pelo vento levou-o a praticar windsurf nas praias de Tarifa; e finalmente come\u00e7ou a navegar, tornando-se um navegador oce\u00e2nico experiente.<\/span><\/p>\n<p><span style=\"color: #000000;\">Adquiriu primeiro um veleiro RO 300, depois um First 36.7 e, desde 2007, \u00e9 propriet\u00e1rio de um ALUBAT Cigale14, o \u201cThor Cinco\u201d.David Ruiz atravessou o Atl\u00e2ntico cinco vezes, tr\u00eas delas sozinho; e participou em dois Grandes Pr\u00e9mios do Atl\u00e2ntico (2010 e 2014).<\/span><\/p>\n<p><span style=\"color: #000000;\">Para realizar esta \u00faltima aventura, David decide encerrar o seu atelier durante alguns anos, saindo da sua \u201czona de conforto\u201d, e embarca na navega\u00e7\u00e3o sem pressas, com tempo para desfrutar e observar a natureza.<\/span><\/p>\n<p><span style=\"color: #000000;\">A sua fam\u00edlia e amigos acompanhavam-no em alguns dos portos que visitava.<\/span><\/p>\n<p><span style=\"color: #000000;\">Inicia a sua aventura oce\u00e2nica sem um rumo definido, para acabar por dar a volta ao mundo, o sonho de qualquer navegante oce\u00e2nico.<\/span><\/p>\n<p>[\/et_pb_text][\/et_pb_column][\/et_pb_row][et_pb_row _builder_version=&#8221;4.16&#8243; custom_margin=&#8221;7px|auto||auto||&#8221; custom_padding=&#8221;11px||16px|||&#8221; global_colors_info=&#8221;{}&#8221;][et_pb_column type=&#8221;4_4&#8243; _builder_version=&#8221;4.16&#8243; global_colors_info=&#8221;{}&#8221;][et_pb_image src=&#8221;https:\/\/navegantesoceanicos.com\/wp-content\/uploads\/2021\/01\/breakfast-on-board.png&#8221; align=&#8221;center&#8221; _builder_version=&#8221;4.26.0&#8243; height=&#8221;603px&#8221; custom_margin=&#8221;||8px|||&#8221; global_colors_info=&#8221;{}&#8221;][\/et_pb_image][et_pb_text _builder_version=&#8221;4.27.4&#8243; custom_margin=&#8221;1px||-3px|||&#8221; custom_padding=&#8221;12px|||||&#8221; global_colors_info=&#8221;{}&#8221;]<\/p>\n<p style=\"text-align: center;\"><span style=\"color: #003366;\"><strong>David Ruiz, pequeno-almo\u00e7o a bordo\u200b Thor Cinco<\/strong><\/span><\/p>\n<p>[\/et_pb_text][\/et_pb_column][\/et_pb_row][et_pb_row _builder_version=&#8221;4.16&#8243; custom_padding=&#8221;11px||16px|||&#8221; global_colors_info=&#8221;{}&#8221;][et_pb_column type=&#8221;4_4&#8243; _builder_version=&#8221;4.16&#8243; global_colors_info=&#8221;{}&#8221;][et_pb_text _builder_version=&#8221;4.27.4&#8243; custom_margin=&#8221;-2px|||||&#8221; inline_fonts=&#8221;Times New Roman&#8221; global_colors_info=&#8221;{}&#8221;]<\/p>\n<p style=\"text-align: center;\"><span style=\"color: rgba(0, 0, 0, 0.9);\">Agradecemos desde j\u00e1 a DAVID RUIZ, amante do mar e do vento, por partilhar connosco a sua experi\u00eancia nesta entrevista.<\/span><\/p>\n<p>[\/et_pb_text][\/et_pb_column][\/et_pb_row][et_pb_row _builder_version=&#8221;4.16&#8243; custom_margin=&#8221;14px|auto||auto||&#8221; custom_padding=&#8221;12px||10px|||&#8221; global_colors_info=&#8221;{}&#8221;][et_pb_column type=&#8221;4_4&#8243; _builder_version=&#8221;4.16&#8243; global_colors_info=&#8221;{}&#8221;][et_pb_text _builder_version=&#8221;4.27.4&#8243; inline_fonts=&#8221;Times New Roman&#8221; global_colors_info=&#8221;{}&#8221;]<\/p>\n<h2 style=\"text-align: center;\"><strong style=\"color: rgba(224, 43, 32, 0.93); font-family: Amaranth; font-size: x-large;\">David: muitas milhas navegadas nos seus 4 anos \u00e0 volta do mundo.<br \/>\u00c9 mais do Atl\u00e2ntico, do Pac\u00edfico ou talvez do Oceano \u00cdndico?.<\/strong><\/h2>\n<p><span style=\"color: rgba(0, 0, 0, 0.97);\">Cada oceano inspira-me com coisas diferentes. O Atl\u00e2ntico significa a grande fuga, significa sair de casa e partir \u00e0 aventura, uma estrada para a liberdade. \u00c9 a\u00ed que o termo \u201cdeixar ir\u201d ganha o seu significado m\u00e1ximo.<\/span><\/p>\n<p><span style=\"color: rgba(0, 0, 0, 0.97);\">O Pac\u00edfico \u00e9 puro fasc\u00ednio, significa a concretiza\u00e7\u00e3o de um sonho.<\/span><\/p>\n<p><span style=\"color: rgba(0, 0, 0, 0.97);\">Navegar pelas mesmas \u00e1guas que Magalh\u00e3es, Cook, Blith&#8217;s Bounty ou Thor Heyerdall com o KonTiki, entre muitos outros navios e marinheiros famosos, o fizeram com tanta bravura e sofrimento, tem uma componente de romantismo que o torna algo muito especial, quase m\u00e1gico.<\/span><\/p>\n<p>[\/et_pb_text][\/et_pb_column][\/et_pb_row][et_pb_row _builder_version=&#8221;4.16&#8243; custom_padding=&#8221;15px||8px|||&#8221; global_colors_info=&#8221;{}&#8221;][et_pb_column type=&#8221;4_4&#8243; _builder_version=&#8221;4.16&#8243; global_colors_info=&#8221;{}&#8221;][et_pb_image src=&#8221;https:\/\/navegantesoceanicos.com\/wp-content\/uploads\/2021\/01\/FAKARAVA-scaled.jpg&#8221; align=&#8221;center&#8221; _builder_version=&#8221;4.26.0&#8243; height=&#8221;600px&#8221; custom_margin=&#8221;||7px|||&#8221; global_colors_info=&#8221;{}&#8221;][\/et_pb_image][et_pb_text _builder_version=&#8221;4.27.4&#8243; custom_margin=&#8221;1px|||||&#8221; custom_padding=&#8221;12px|||||&#8221; global_colors_info=&#8221;{}&#8221;]<\/p>\n<p style=\"text-align: center;\"><span style=\"color: #003366;\"><strong>Ilha de FAKARABA<\/strong><\/span><\/p>\n<p>[\/et_pb_text][\/et_pb_column][\/et_pb_row][et_pb_row _builder_version=&#8221;4.16&#8243; custom_margin=&#8221;14px|auto||auto||&#8221; custom_padding=&#8221;||8px|||&#8221; global_colors_info=&#8221;{}&#8221;][et_pb_column type=&#8221;4_4&#8243; _builder_version=&#8221;4.16&#8243; global_colors_info=&#8221;{}&#8221;][et_pb_text _builder_version=&#8221;4.27.4&#8243; custom_margin=&#8221;-20px|||||&#8221; inline_fonts=&#8221;Times New Roman&#8221; global_colors_info=&#8221;{}&#8221;]<\/p>\n<p><span style=\"color: #000000;\">\u00c9 pura emo\u00e7\u00e3o. Chegar por mar e navegar at\u00e9 \u00e0s m\u00edticas Ilhas do Sul, o que entendemos como para\u00edso, \u00e9 uma experi\u00eancia de vida que ficou para sempre gravada na minha mem\u00f3ria.<\/span><\/p>\n<p><span style=\"color: #000000;\">O Oceano \u00cdndico \u00e9 o que mais me inspira respeito, faz emergir todas as apreens\u00f5es. A rota do norte que atravessa a Indon\u00e9sia at\u00e9 Singapura e o Estreito de Malaca at\u00e9 \u00e0 Tail\u00e2ndia tem sido uma grande odisseia para mim devido a alguns problemas t\u00e9cnicos, entre muitas outras coisas que me aconteceram, fiquei \u00e0 merc\u00ea das correntes no Estreito de Malaca durante dois dias, sem vento, devido a uma avaria no motor, numa das zonas mais movimentadas do mundo e repleta de barcos de pesca a trabalhar.<\/span><\/p>\n<p>[\/et_pb_text][\/et_pb_column][\/et_pb_row][et_pb_row _builder_version=&#8221;4.16&#8243; min_height=&#8221;103px&#8221; custom_margin=&#8221;22px|auto||auto||&#8221; custom_padding=&#8221;0px||24px||false|false&#8221; global_colors_info=&#8221;{}&#8221;][et_pb_column type=&#8221;4_4&#8243; _builder_version=&#8221;4.16&#8243; global_colors_info=&#8221;{}&#8221;][et_pb_text _builder_version=&#8221;4.27.4&#8243; custom_margin=&#8221;3px||-11px|||&#8221; inline_fonts=&#8221;Georgia&#8221; global_colors_info=&#8221;{}&#8221;]<\/p>\n<h2 style=\"text-align: center;\"><strong style=\"color: rgba(224, 43, 32, 0.93); font-family: Amaranth; font-size: x-large;\"><span lang=\"es-ES-u-co-trad\">Descobriu diferentes pessoas, culturas, ambientes.<br \/>Algum pa\u00eds, ba\u00eda ou ilha especial onde voltar a aterrar?.<\/span><\/strong><\/h2>\n<p><span style=\"color: #000000;\">Vanuatu, qualquer das suas ilhas; especialmente Tana coroada por um espetacular vulc\u00e3o ativo que merece ser visitado.<\/span><\/p>\n<p><span style=\"color: #000000;\">Vanuatu fica longe de todos os lugares, a oeste das ilhas Fiji e a nordeste da Nova Caled\u00f3nia.H\u00e1 pouco turismo por isso n\u00e3o \u00e9 adulterado.<\/span><\/p>\n<p><span style=\"color: #000000;\">H\u00e1 pessoas satisfeitas e cidades bem organizadas, rodeadas de natureza, com grandes mercados e boas escolas.<\/span><\/p>\n<p>[\/et_pb_text][\/et_pb_column][\/et_pb_row][et_pb_row _builder_version=&#8221;4.16&#8243; min_height=&#8221;398px&#8221; custom_margin=&#8221;30px|auto||auto||&#8221; custom_padding=&#8221;0px||0px|0px|false|false&#8221; global_colors_info=&#8221;{}&#8221;][et_pb_column type=&#8221;4_4&#8243; _builder_version=&#8221;4.16&#8243; global_colors_info=&#8221;{}&#8221;][et_pb_image src=&#8221;https:\/\/navegantesoceanicos.com\/wp-content\/uploads\/2021\/01\/VANUATU.jpg&#8221; align=&#8221;center&#8221; _builder_version=&#8221;4.26.0&#8243; height=&#8221;600px&#8221; custom_margin=&#8221;3px||0px|||&#8221; custom_padding=&#8221;0px|||||&#8221; global_colors_info=&#8221;{}&#8221;][\/et_pb_image][et_pb_text _builder_version=&#8221;4.27.4&#8243; custom_margin=&#8221;1px|||||&#8221; custom_padding=&#8221;12px|||||&#8221; global_colors_info=&#8221;{}&#8221;]<\/p>\n<p style=\"text-align: center;\"><span style=\"color: #003366;\"><strong>Vanuatu<\/strong><\/span><\/p>\n<p>[\/et_pb_text][\/et_pb_column][\/et_pb_row][et_pb_row _builder_version=&#8221;4.16&#8243; custom_margin=&#8221;14px|auto||auto||&#8221; custom_padding=&#8221;2px||10px|||&#8221; global_colors_info=&#8221;{}&#8221;][et_pb_column type=&#8221;4_4&#8243; _builder_version=&#8221;4.16&#8243; global_colors_info=&#8221;{}&#8221;][et_pb_text _builder_version=&#8221;4.27.4&#8243; custom_margin=&#8221;20px|||||&#8221; global_colors_info=&#8221;{}&#8221;]<\/p>\n<p><span style=\"color: rgba(0, 0, 0, 0.93);\">Faz-me pensar como tudo poderia ter sido se, em vez de virarmos as costas \u00e0 natureza, tiv\u00e9ssemos sabido integrar nela as nossas vilas e cidades, construindo-as com a intelig\u00eancia e o devido respeito.<\/span><\/p>\n<p><span style=\"color: rgba(0, 0, 0, 0.93);\">O arquip\u00e9lago das Marquesas \u00e9 outro local a referir.Chegar a Hiva Oa ap\u00f3s 33 dias a navegar desde o Panam\u00e1 foi um dos momentos mais emocionantes da viagem.<\/span><\/p>\n<p>[\/et_pb_text][\/et_pb_column][\/et_pb_row][et_pb_row _builder_version=&#8221;4.16&#8243; custom_margin=&#8221;8px|auto||auto||&#8221; custom_padding=&#8221;7px||0px|||&#8221; global_colors_info=&#8221;{}&#8221;][et_pb_column type=&#8221;4_4&#8243; _builder_version=&#8221;4.16&#8243; global_colors_info=&#8221;{}&#8221;][et_pb_image src=&#8221;https:\/\/navegantesoceanicos.com\/wp-content\/uploads\/2021\/01\/HIVA-OA-scaled.jpg&#8221; _builder_version=&#8221;4.26.0&#8243; height=&#8221;602px&#8221; custom_margin=&#8221;4px||7px|||&#8221; global_colors_info=&#8221;{}&#8221;][\/et_pb_image][et_pb_text _builder_version=&#8221;4.27.4&#8243; custom_margin=&#8221;1px|||||&#8221; custom_padding=&#8221;12px|||||&#8221; global_colors_info=&#8221;{}&#8221;]<\/p>\n<p style=\"text-align: center;\"><span style=\"color: #003366;\"><strong>Isla de HIVA OA<\/strong><\/span><\/p>\n<p>[\/et_pb_text][\/et_pb_column][\/et_pb_row][et_pb_row _builder_version=&#8221;4.16&#8243; custom_margin=&#8221;20px|auto||auto||&#8221; custom_padding=&#8221;0px||0px|||&#8221; global_colors_info=&#8221;{}&#8221;][et_pb_column type=&#8221;4_4&#8243; _builder_version=&#8221;4.16&#8243; global_colors_info=&#8221;{}&#8221;][et_pb_text _builder_version=&#8221;4.27.4&#8243; custom_margin=&#8221;4px|||||&#8221; inline_fonts=&#8221;Georgia&#8221; global_colors_info=&#8221;{}&#8221;]<\/p>\n<p><span style=\"color: rgba(0, 0, 0, 0.92);\">Assim que a ilha surge no horizonte, os aromas das suas flores invadem-no, principalmente o da Tiar\u00e9 Tahiti, uma esp\u00e9cie aut\u00f3ctone que possui um perfume \u00fanico.<\/span><\/p>\n<p><span style=\"color: rgba(0, 0, 0, 0.92);\">A beleza destas ilhas, do meu ponto de vista, n\u00e3o tem concorr\u00eancia. Montanhas \u00edngremes de basalto que se erguem em fal\u00e9sias vertiginosas desde o mar at\u00e9 quase mil metros de altura, coroadas nos seus picos por nuvens. Selvas tropicais muito exuberantes, repletas de \u00e1rvores de fruto e de gente muito hospitaleira. Fatu Hiva \u00e9 uma das ilhas mais espetaculares, e Anaho Bay em Nuku Hiva \u00e9 outra das minhas preferidas, onde estive ancorado durante algumas semanas, partilhando a vida com as quatro fam\u00edlias que l\u00e1 vivem, no meio da natureza, sem estradas, ca\u00e7ando cabras e cultivando os seus jardins.<\/span><\/p>\n<p>[\/et_pb_text][\/et_pb_column][\/et_pb_row][et_pb_row _builder_version=&#8221;4.16&#8243; custom_margin=&#8221;26px|auto||auto||&#8221; custom_padding=&#8221;9px||13px|||&#8221; global_colors_info=&#8221;{}&#8221;][et_pb_column type=&#8221;4_4&#8243; _builder_version=&#8221;4.16&#8243; global_colors_info=&#8221;{}&#8221;][et_pb_text _builder_version=&#8221;4.27.4&#8243; inline_fonts=&#8221;Amaranth,Times New Roman&#8221; global_colors_info=&#8221;{}&#8221;]<\/p>\n<h2 style=\"text-align: center;\"><strong style=\"color: rgba(224, 43, 32, 0.94); font-family: Amaranth; font-size: x-large;\">Para que os nossos leitores tenham uma ideia do seu barco:<br \/>Pode dizer-nos como \u00e9 o veleiro THOR CINCO: qualidades de navegabilidade, caracter\u00edsticas, equipamento, etc.?.<\/strong><\/h2>\n<p><span style=\"color: rgba(0, 0, 0, 0.97);\">\u00c9 um veleiro de ligeira desloca\u00e7\u00e3o constru\u00eddo em alum\u00ednio pelo estaleiro Alubat. Desenho original de Jean Marie Finot em 1997. Reza a lenda que foi o barco que desenhou para si e para a sua fam\u00edlia e acabou por constru\u00ed-lo em s\u00e9rie. Com 14,6 metros de comprimento por 4,45 metros de largura e 2,20 metros de profundidade, o mais pequeno da saga Cigale. Est\u00e1 equipado com 2 dep\u00f3sitos de lastro, um de cada lado de popa, que s\u00e3o acionados com um simples sistema de v\u00e1lvulas, por in\u00e9rcia ou por bomba conforme a necessidade, permitindo colocar rapidamente at\u00e9 600 litros de \u00e1gua de cada lado para compensar o tombamento e assente bem o casco acima da \u00e1gua dependendo das condi\u00e7\u00f5es prevalecentes.<\/span><\/p>\n<p>[\/et_pb_text][\/et_pb_column][\/et_pb_row][et_pb_row _builder_version=&#8221;4.16&#8243; custom_margin=&#8221;22px|auto||auto||&#8221; custom_padding=&#8221;5px||5px|||&#8221; global_colors_info=&#8221;{}&#8221;][et_pb_column type=&#8221;4_4&#8243; _builder_version=&#8221;4.16&#8243; global_colors_info=&#8221;{}&#8221;][et_pb_image src=&#8221;https:\/\/navegantesoceanicos.com\/wp-content\/uploads\/2021\/01\/calma-.jpg&#8221; align=&#8221;center&#8221; _builder_version=&#8221;4.26.0&#8243; height=&#8221;603px&#8221; custom_margin=&#8221;5px||8px|||&#8221; global_colors_info=&#8221;{}&#8221;][\/et_pb_image][et_pb_text _builder_version=&#8221;4.27.4&#8243; min_height=&#8221;24px&#8221; custom_margin=&#8221;1px|||||&#8221; custom_padding=&#8221;12px|||||&#8221; global_colors_info=&#8221;{}&#8221;]<\/p>\n<p style=\"text-align: center;\"><span style=\"color: #003366;\"><strong>Thor Cinco, navegando com pouco vento<\/strong><\/span><\/p>\n<p>[\/et_pb_text][\/et_pb_column][\/et_pb_row][et_pb_row _builder_version=&#8221;4.16&#8243; custom_padding=&#8221;14px||11px|||&#8221; global_colors_info=&#8221;{}&#8221;][et_pb_column type=&#8221;4_4&#8243; _builder_version=&#8221;4.16&#8243; global_colors_info=&#8221;{}&#8221;][et_pb_text _builder_version=&#8221;4.27.4&#8243; custom_margin=&#8221;-2px|||||&#8221; custom_padding=&#8221;11px|||||&#8221; inline_fonts=&#8221;Amaranth,Times New Roman&#8221; global_colors_info=&#8221;{}&#8221;]<\/p>\n<p><span style=\"color: #000000;\">\u00c9 um desenho que na \u00e9poca avan\u00e7ou a tend\u00eancia atual dos barcos com casco plano e muita viga cortada na popa.Muito r\u00e1pido nos apoios, n\u00e3o \u00e9 dif\u00edcil coloc\u00e1-lo a 15 n\u00f3s, surfista, ideal para navega\u00e7\u00e3o oce\u00e2nica.<\/span><\/p>\n<p><span style=\"color: #000000;\">A manobra \u00e9 simples, e apesar do seu comprimento poder ser considerado excessivo para navegar sozinho, n\u00e3o representa qualquer problema para a realizar, e a seguran\u00e7a que transmite de agilidade e robustez n\u00e3o tem pre\u00e7o.<\/span><\/p>\n<p><span style=\"color: #000000;\">Sou a favor de equipar um barco com o m\u00ednimo necess\u00e1rio sem abdicar do essencial. Presumo que tudo acaba por se partir, por isso \u00e9 uma quest\u00e3o de ter o m\u00ednimo poss\u00edvel para se partir o m\u00ednimo poss\u00edvel. Muitas vezes penso que Moitissier e toda a sua gera\u00e7\u00e3o nem sequer tinham motor, por isso acho importante n\u00e3o enlouquecer com sofistica\u00e7\u00f5es desnecess\u00e1rias que acabar\u00e3o por se tornar dores de cabe\u00e7a. Os problemas t\u00e9cnicos s\u00e3o um dos grandes flagelos da navega\u00e7\u00e3o em todo o mundo. Conseguir pe\u00e7as de substitui\u00e7\u00e3o ou bons t\u00e9cnicos na maioria dos locais por onde navega pode destruir a sua paci\u00eancia, as suas finan\u00e7as e, em \u00faltima an\u00e1lise, a sua viagem.<\/span><\/p>\n<p><span style=\"color: #000000;\">Transporto uma plotter B&amp;G e 2 pilotos autom\u00e1ticos Raymarine. Um magn\u00edfico hidrogerador Whatt and Sea, que fornece toda a energia que necessito durante a navega\u00e7\u00e3o e 2 pain\u00e9is solares flex\u00edveis no bimini para ancoragem. O frigor\u00edfico \u00e9 standard, n\u00e3o tenho congelador nem m\u00e1quina de \u00e1gua, navegando sozinho n\u00e3o tenho problemas de espa\u00e7o para guardar \u00e1gua engarrafada, fora o dep\u00f3sito de 500 litros que o barco transporta. Para comunica\u00e7\u00f5es levo um r\u00e1dio BLU que nunca uso e o VHF. Um computador port\u00e1til e um telefone por sat\u00e9lite Iridium permitem-me receber e-mails e descarregar boletins meteorol\u00f3gicos.<\/span><\/p>\n<p>[\/et_pb_text][\/et_pb_column][\/et_pb_row][et_pb_row _builder_version=&#8221;4.16&#8243; custom_padding=&#8221;||5px|||&#8221; global_colors_info=&#8221;{}&#8221;][et_pb_column type=&#8221;4_4&#8243; _builder_version=&#8221;4.16&#8243; global_colors_info=&#8221;{}&#8221;][et_pb_image src=&#8221;https:\/\/navegantesoceanicos.com\/wp-content\/uploads\/2021\/01\/sailing-fast_-Pacific.png&#8221; align=&#8221;center&#8221; _builder_version=&#8221;4.26.0&#8243; height=&#8221;501px&#8221; custom_margin=&#8221;||1px|||&#8221; global_colors_info=&#8221;{}&#8221;][\/et_pb_image][et_pb_text _builder_version=&#8221;4.27.4&#8243; custom_margin=&#8221;1px|||||&#8221; custom_padding=&#8221;12px|||||&#8221; global_colors_info=&#8221;{}&#8221;]<\/p>\n<p style=\"text-align: center;\"><span style=\"color: #003366;\"><strong>Thor Cinco, navegando a toda a velocidade no Pac\u00edfico<\/strong><\/span><\/p>\n<p>[\/et_pb_text][\/et_pb_column][\/et_pb_row][et_pb_row _builder_version=&#8221;4.16&#8243; custom_margin=&#8221;7px|auto||auto||&#8221; custom_padding=&#8221;14px||20px|||&#8221; global_colors_info=&#8221;{}&#8221;][et_pb_column type=&#8221;4_4&#8243; _builder_version=&#8221;4.16&#8243; global_colors_info=&#8221;{}&#8221;][et_pb_text _builder_version=&#8221;4.27.4&#8243; custom_margin=&#8221;-10px|||||&#8221; custom_padding=&#8221;11px|||||&#8221; inline_fonts=&#8221;Amaranth,Times New Roman&#8221; global_colors_info=&#8221;{}&#8221;]<\/p>\n<p><span style=\"color: rgba(0, 0, 0, 0.98);\">O barco est\u00e1 equipado com um motor Volvo Md de 55 cv, que em mar calmo me d\u00e1 7,5 n\u00f3s; 1 dep\u00f3sito de 250 litros de gas\u00f3leo e outros 200 em bidons de pl\u00e1stico acondicionados em dois ba\u00fas de popa. De qualquer forma, a minha filosofia nesta viagem foi n\u00e3o ligar o motor at\u00e9 que a velocidade descesse abaixo dos dois n\u00f3s e reservar o motor para emerg\u00eancias e entradas no porto.<\/span><\/p>\n<p><span style=\"color: rgba(0, 0, 0, 0.98);\">Apaixonei-me pelo Cigale 14 desde o momento em que o vi em La Rochelle, h\u00e1 15 anos, e s\u00f3 voltei a adormecer um ano depois, dia em que consegui encomendar o meu.<\/span><\/p>\n<p>[\/et_pb_text][\/et_pb_column][\/et_pb_row][et_pb_row _builder_version=&#8221;4.16&#8243; custom_padding=&#8221;13px||11px|||&#8221; global_colors_info=&#8221;{}&#8221;][et_pb_column type=&#8221;4_4&#8243; _builder_version=&#8221;4.16&#8243; global_colors_info=&#8221;{}&#8221;][et_pb_text _builder_version=&#8221;4.27.4&#8243; custom_margin=&#8221;||-5px|||&#8221; inline_fonts=&#8221;Amaranth,Georgia&#8221; global_colors_info=&#8221;{}&#8221;]<\/p>\n<h2 style=\"text-align: center;\"><span style=\"font-size: x-large; font-family: Amaranth; font-weight: normal; color: rgba(224, 43, 32, 0.93);\"><strong>Falando em velejar. Devemos manter o sextante guardado ou devemos limpar o p\u00f3 e us\u00e1-lo?.<\/strong><\/span><\/h2>\n<p><span style=\"color: rgba(0, 0, 0, 0.97);\">A tecnologia torna tudo t\u00e3o f\u00e1cil para n\u00f3s que tirar o sextante se tornou um ato de romantismo.Hoje pode dar a volta ao mundo com o seu telem\u00f3vel.Isso depende de cada um.<\/span><\/p>\n<p><span style=\"color: rgba(0, 0, 0, 0.97);\">Em princ\u00edpio n\u00e3o se espera que algu\u00e9m desligue os sat\u00e9lites, embora da forma como as coisas andam ultimamente n\u00e3o seja imposs\u00edvel que isso aconte\u00e7a e todos n\u00f3s de repente nos encontraremos a tirar o p\u00f3 aos sextantes, a tra\u00e7ar rumos em cartas de papel e a sofrer de escorbuto.<\/span><\/p>\n<p>[\/et_pb_text][\/et_pb_column][\/et_pb_row][et_pb_row _builder_version=&#8221;4.16&#8243; custom_margin=&#8221;24px|auto||auto||&#8221; custom_padding=&#8221;12px||0px|||&#8221; global_colors_info=&#8221;{}&#8221;][et_pb_column type=&#8221;4_4&#8243; _builder_version=&#8221;4.16&#8243; global_colors_info=&#8221;{}&#8221;][et_pb_image src=&#8221;https:\/\/navegantesoceanicos.com\/wp-content\/uploads\/2021\/01\/COLOMBIA-scaled.jpg&#8221; align=&#8221;center&#8221; _builder_version=&#8221;4.26.0&#8243; height=&#8221;607px&#8221; custom_margin=&#8221;||5px|||&#8221; global_colors_info=&#8221;{}&#8221;][\/et_pb_image][et_pb_text _builder_version=&#8221;4.27.4&#8243; custom_margin=&#8221;1px|||||&#8221; custom_padding=&#8221;12px|||||&#8221; global_colors_info=&#8221;{}&#8221;]<\/p>\n<p style=\"text-align: center;\"><span style=\"color: #003366;\"><strong>Em Colombia<\/strong><\/span><\/p>\n<p>[\/et_pb_text][\/et_pb_column][\/et_pb_row][et_pb_row _builder_version=&#8221;4.16&#8243; custom_margin=&#8221;15px|auto||auto||&#8221; custom_padding=&#8221;||9px|||&#8221; global_colors_info=&#8221;{}&#8221;][et_pb_column type=&#8221;4_4&#8243; _builder_version=&#8221;4.16&#8243; global_colors_info=&#8221;{}&#8221;][et_pb_text _builder_version=&#8221;4.27.4&#8243; custom_margin=&#8221;-18px|||||&#8221; inline_fonts=&#8221;Amaranth&#8221; global_colors_info=&#8221;{}&#8221;]<\/p>\n<h2 style=\"text-align: center;\"><span style=\"font-size: x-large; font-family: Amaranth; font-weight: normal; color: rgba(224, 43, 32, 0.9);\"><strong>E continuamos a navegar, porque&#8230; Quantas horas dorme por dia no mar?.<\/strong><\/span><\/h2>\n<p><span style=\"color: rgba(0, 0, 0, 0.99);\">Eu diria que esta \u00e9 a coisa mais dif\u00edcil da navega\u00e7\u00e3o a solo. Normalmente numa viagem durmo entre 30 a 40 minutos seguidos no m\u00e1ximo. Dei uma vista de olhos ao ecr\u00e3 do plotter sincronizado com o telem\u00f3vel para observar o radar e o AIS e, se n\u00e3o houver not\u00edcias, continuo a dormir mais meia hora at\u00e9 o alarme voltar a tocar. O corpo acaba por se habituar a tudo. Por vezes as coisas complicam-se ou simplesmente passa por zonas com muito tr\u00e2nsito e acaba sem pregar olho. Assim, tento recuperar o sono durante o dia.<\/span><\/p>\n<p><span style=\"color: rgba(0, 0, 0, 0.99);\">Por norma, tento n\u00e3o estar mais de 40 horas seguidas sem dormir, pois verifiquei que, pelo menos no meu caso, a partir da\u00ed come\u00e7am as alucina\u00e7\u00f5es e p\u00f5em em perigo a navega\u00e7\u00e3o. J\u00e1 sofri muito isso ao atravessar a Indon\u00e9sia a caminho de Singapura e tamb\u00e9m no Estreito de Malaca, onde o tr\u00e1fego \u00e9 constante tanto por navios comerciais como pelas imensas frotas de barcos de pesca que est\u00e3o por todo o lado, a qualquer hora e muitos deles sem Ais. semeando o mar de redes mal marcadas. Dormir ali \u00e9 absolutamente imposs\u00edvel e obrigou-me a fazer viagens de, no m\u00e1ximo, dois dias e a procurar ancoradouros para descansar.<\/span><\/p>\n<p>[\/et_pb_text][\/et_pb_column][\/et_pb_row][et_pb_row _builder_version=&#8221;4.16&#8243; custom_padding=&#8221;23px||20px|||&#8221; global_colors_info=&#8221;{}&#8221;][et_pb_column type=&#8221;4_4&#8243; _builder_version=&#8221;4.16&#8243; global_colors_info=&#8221;{}&#8221;][et_pb_text _builder_version=&#8221;4.27.4&#8243; inline_fonts=&#8221;Amaranth&#8221; global_colors_info=&#8221;{}&#8221;]<\/p>\n<h2 style=\"text-align: center;\"><span style=\"font-size: x-large; font-family: Amaranth; font-weight: normal; color: rgba(224, 43, 32, 0.91);\"><strong>Agora vamos chegar a algo que parece muito bom. Por favor, fale-nos dos seus 2 anos nos Mares do Sul.<\/strong><\/span><\/h2>\n<p style=\"text-align: justify;\"><span style=\"color: rgba(0, 0, 0, 0.94);\">\u00c9 realmente a parte mais bonita da viagem. Pela sua componente rom\u00e2ntica, que j\u00e1 referi anteriormente, e porque chegar l\u00e1 com o seu pr\u00f3prio veleiro vindo da Europa \u00e9 uma dose de satisfa\u00e7\u00e3o, sente-se que o conseguiu.<\/span><\/p>\n<p>[\/et_pb_text][\/et_pb_column][\/et_pb_row][et_pb_row _builder_version=&#8221;4.16&#8243; custom_margin=&#8221;13px|auto||auto||&#8221; custom_padding=&#8221;7px||9px|||&#8221; global_colors_info=&#8221;{}&#8221;][et_pb_column type=&#8221;4_4&#8243; _builder_version=&#8221;4.16&#8243; global_colors_info=&#8221;{}&#8221;][et_pb_image src=&#8221;https:\/\/navegantesoceanicos.com\/wp-content\/uploads\/2021\/01\/TUAMOTUS-scaled.jpg&#8221; align=&#8221;center&#8221; _builder_version=&#8221;4.26.0&#8243; height=&#8221;600px&#8221; custom_margin=&#8221;||-3px|||&#8221; global_colors_info=&#8221;{}&#8221;][\/et_pb_image][et_pb_text _builder_version=&#8221;4.27.4&#8243; custom_margin=&#8221;1px|||||&#8221; custom_padding=&#8221;12px|||||&#8221; global_colors_info=&#8221;{}&#8221;]<\/p>\n<p style=\"text-align: center;\"><span style=\"color: #003366;\"><strong>Thor Cinco ancorado em TUAMOTUS<\/strong><\/span><\/p>\n<p>[\/et_pb_text][et_pb_text _builder_version=&#8221;4.27.4&#8243; inline_fonts=&#8221;Amaranth,Times New Roman&#8221; global_colors_info=&#8221;{}&#8221;]<\/p>\n<p><span style=\"color: #000000;\">Depois de sair das Marquesas, que, como tamb\u00e9m j\u00e1 disse, \u00e9 o local mais bonito onde j\u00e1 estive, ancorei nos Tuamotus, concretamente nos at\u00f3is Kauehi e Fakarava.<\/span><\/p>\n<p><span style=\"color: #000000;\">Isto \u00e9 outro mundo, h\u00e1 muito pouco turismo, a luz, as \u00e1guas, a vegeta\u00e7\u00e3o, os tubar\u00f5es que est\u00e3o por todo o lado, tudo \u00e9 exuberante.<\/span><\/p>\n<p>[\/et_pb_text][\/et_pb_column][\/et_pb_row][et_pb_row _builder_version=&#8221;4.16&#8243; custom_margin=&#8221;15px|auto||auto||&#8221; custom_padding=&#8221;||18px|||&#8221; global_colors_info=&#8221;{}&#8221;][et_pb_column type=&#8221;4_4&#8243; _builder_version=&#8221;4.16&#8243; global_colors_info=&#8221;{}&#8221;][et_pb_image src=&#8221;https:\/\/navegantesoceanicos.com\/wp-content\/uploads\/2021\/01\/MOOREA-SOCIET\u00c9-scaled.jpg&#8221; align=&#8221;center&#8221; _builder_version=&#8221;4.26.0&#8243; height=&#8221;604px&#8221; custom_margin=&#8221;-14px||9px|||&#8221; global_colors_info=&#8221;{}&#8221;][\/et_pb_image][et_pb_text _builder_version=&#8221;4.27.4&#8243; custom_margin=&#8221;1px|||||&#8221; custom_padding=&#8221;12px|||||&#8221; global_colors_info=&#8221;{}&#8221;]<\/p>\n<p style=\"text-align: center;\"><span style=\"color: #003366;\"><strong>Moorea Societ\u00e9<\/strong><\/span><\/p>\n<p>[\/et_pb_text][\/et_pb_column][\/et_pb_row][et_pb_row _builder_version=&#8221;4.16&#8243; custom_padding=&#8221;2px||15px|||&#8221; global_colors_info=&#8221;{}&#8221;][et_pb_column type=&#8221;4_4&#8243; _builder_version=&#8221;4.16&#8243; global_colors_info=&#8221;{}&#8221;][et_pb_text _builder_version=&#8221;4.27.4&#8243; inline_fonts=&#8221;Amaranth&#8221; global_colors_info=&#8221;{}&#8221;]<\/p>\n<p><span style=\"color: rgba(0, 0, 0, 0.95);\">As Ilhas Societ\u00e9 tamb\u00e9m s\u00e3o lind\u00edssimas, mas o turismo de luxo est\u00e1 muito estabelecido ali, como todos sabemos, e isso significa que se perde muita da magia que os outros arquip\u00e9lagos t\u00eam.<\/span><\/p>\n<p><span style=\"color: rgba(0, 0, 0, 0.95);\">O grupo de ilhas Vavau em Tonga \u00e9 outro local impressionante, navega-se pelo interior de uma rede de ilhas, cobertas de vegeta\u00e7\u00e3o, s\u00e3o os fiordes dos tr\u00f3picos.<\/span><\/p>\n<p><span style=\"color: rgba(0, 0, 0, 0.95);\">E depois h\u00e1 o Vanuatu com os seus vulc\u00f5es que j\u00e1 referi no in\u00edcio. Posso dizer que os Mares do Sul superaram todas as minhas expectativas.<\/span><\/p>\n<p>[\/et_pb_text][\/et_pb_column][\/et_pb_row][et_pb_row _builder_version=&#8221;4.16&#8243; custom_padding=&#8221;16px||18px|||&#8221; global_colors_info=&#8221;{}&#8221;][et_pb_column type=&#8221;4_4&#8243; _builder_version=&#8221;4.16&#8243; global_colors_info=&#8221;{}&#8221;][et_pb_text _builder_version=&#8221;4.27.4&#8243; inline_fonts=&#8221;Times New Roman&#8221; global_colors_info=&#8221;{}&#8221;]<\/p>\n<h2 style=\"text-align: center;\"><span style=\"font-size: x-large; font-family: Amaranth; font-weight: normal; color: rgba(224, 43, 32, 0.94);\"><strong><span lang=\"es-ES-u-co-trad\">Cinco travessias do Atl\u00e2ntico, tr\u00eas delas isoladamente. Qual foi o melhor?<\/span><\/strong><\/span><\/h2>\n<p><span style=\"color: #000000;\">O melhor foi o primeiro. Para al\u00e9m do que emocionalmente significa atravessar o Atl\u00e2ntico sozinho pela primeira vez, encontrei condi\u00e7\u00f5es imbat\u00edveis. Ventos al\u00edsios de constantes 15 n\u00f3s, sempre sol e apenas algumas chuvas j\u00e1 a chegar \u00e0s Cara\u00edbas. Uma navega\u00e7\u00e3o muito agrad\u00e1vel. A segunda vez foi no \u00e2mbito da regata Grand Prix, na categoria de solo, e foi complicada. A passagem de uma tempestade no Atl\u00e2ntico acabou por afetar toda a frota. O Bucanner, um navio m\u00edtico com 8 tripulantes, afundou e a sua tripula\u00e7\u00e3o foi resgatada por um navio de cruzeiro.<\/span><\/p>\n<p><span style=\"color: #000000;\">Parti os tend\u00f5es do bra\u00e7o esquerdo depois de perder o equil\u00edbrio ap\u00f3s o barco virar, e isso significou navegar dez dias at\u00e9 Santa L\u00facia em condi\u00e7\u00f5es bastante dif\u00edceis, com apenas um bra\u00e7o para manobrar o barco, muitas dores, tempo horr\u00edvel. e calmarias sem fim sob o nevoeiro. Ainda assim, devo dizer que cheguei \u00e0s Cara\u00edbas exultante por ver que conseguiria apenas superar as circunst\u00e2ncias.<\/span><\/p>\n<p><span style=\"color: #000000;\">A terceira vez foi durante esta viagem \u00e0 volta do mundo e tamb\u00e9m n\u00e3o foi f\u00e1cil. Os ventos al\u00edsios eram fortes, os aguaceiros eram cont\u00ednuos, o vento nunca descia abaixo dos 26 n\u00f3s, o que acabou por gerar ondas de 4 a 6 metros durante grande parte da travessia. At\u00e9 agora nada a objetar, pura adrenalina, mas a estas condi\u00e7\u00f5es juntaram-se alguns problemas t\u00e9cnicos que me levaram ao esgotamento f\u00edsico e, sobretudo, mental. Cheguei ao ponto de ficar sobrecarregado com os barulhos. \u00c9 a primeira vez que me sinto vulner\u00e1vel. Levei alguns dias a perceber que estava de volta ao controlo da situa\u00e7\u00e3o.<\/span><\/p>\n<p>[\/et_pb_text][\/et_pb_column][\/et_pb_row][et_pb_row _builder_version=&#8221;4.16&#8243; custom_padding=&#8221;22px||3px|||&#8221; global_colors_info=&#8221;{}&#8221;][et_pb_column type=&#8221;4_4&#8243; _builder_version=&#8221;4.16&#8243; global_colors_info=&#8221;{}&#8221;][et_pb_text _builder_version=&#8221;4.27.4&#8243; inline_fonts=&#8221;Amaranth&#8221; global_colors_info=&#8221;{}&#8221;]<\/p>\n<h2 style=\"text-align: center;\"><span style=\"font-size: x-large; color: rgba(224, 43, 32, 0.94);\"><strong><span style=\"font-family: Amaranth;\"><span lang=\"es-ES-u-co-trad\">Uma das situa\u00e7\u00f5es mais dif\u00edceis a bordo deve ser com mau tempo. Que t\u00e9cnicas, velas e equipamentos utiliza no THOR CINCO em caso de tempestade?.<\/span><\/span><\/strong><\/span><\/h2>\n<p>[\/et_pb_text][\/et_pb_column][\/et_pb_row][et_pb_row _builder_version=&#8221;4.16&#8243; custom_padding=&#8221;22px||15px|||&#8221; global_colors_info=&#8221;{}&#8221;][et_pb_column type=&#8221;4_4&#8243; _builder_version=&#8221;4.16&#8243; global_colors_info=&#8221;{}&#8221;][et_pb_text _builder_version=&#8221;4.27.4&#8243; inline_fonts=&#8221;Amaranth&#8221; global_colors_info=&#8221;{}&#8221;]<\/p>\n<p><span style=\"color: rgba(0, 0, 0, 0.97);\">O Thor \u00e9 um navio planador, pelo que a t\u00e9cnica adequada \u00e9 enfrentar a tempestade. A seguran\u00e7a est\u00e1 na velocidade.<\/span><\/p>\n<p><span style=\"color: rgba(0, 0, 0, 0.97);\">Uma pequena vela de estai e dois recifes na vela grande fazem o barco voar com ventos estabilizados de 30 n\u00f3s e mares formados. Levo velas Hydranet, um material duro, muito resistente e dur\u00e1vel.<\/span><\/p>\n<p style=\"text-align: center;\">\n<p>[\/et_pb_text][et_pb_image src=&#8221;https:\/\/navegantesoceanicos.com\/wp-content\/uploads\/2021\/01\/F8-EN-RUTA-A-TONGA-scaled.jpg&#8221; align=&#8221;center&#8221; _builder_version=&#8221;4.26.0&#8243; height=&#8221;604px&#8221; custom_margin=&#8221;||4px|||&#8221; global_colors_info=&#8221;{}&#8221;][\/et_pb_image][et_pb_text _builder_version=&#8221;4.27.4&#8243; custom_margin=&#8221;1px|||||&#8221; custom_padding=&#8221;12px|||||&#8221; global_colors_info=&#8221;{}&#8221;]<\/p>\n<p style=\"text-align: center;\"><span style=\"color: #003366;\"><strong>Thor Cinco navegando com For\u00e7a 8<\/strong><\/span><\/p>\n<p>[\/et_pb_text][\/et_pb_column][\/et_pb_row][et_pb_row _builder_version=&#8221;4.16&#8243; custom_margin=&#8221;-7px|auto||auto||&#8221; custom_padding=&#8221;17px||18px|||&#8221; global_colors_info=&#8221;{}&#8221;][et_pb_column type=&#8221;4_4&#8243; _builder_version=&#8221;4.16&#8243; global_colors_info=&#8221;{}&#8221;][et_pb_text _builder_version=&#8221;4.27.4&#8243; inline_fonts=&#8221;Amaranth&#8221; global_colors_info=&#8221;{}&#8221;]<\/p>\n<p><span style=\"color: rgba(0, 0, 0, 0.98);\">O barco nestas condi\u00e7\u00f5es est\u00e1 no seu elemento e as grandes emo\u00e7\u00f5es est\u00e3o garantidas. A partir daqui, se as coisas piorarem, tenho um terceiro recife e uma traqueia que me permite navegar relativamente bem com for\u00e7a 8 e at\u00e9 9. No final percebe-se que o barco resiste perfeitamente bem a estas condi\u00e7\u00f5es, e que aquele que deve suportar \u00e9 voc\u00ea. Voc\u00ea define o limite. Se tem tend\u00eancia a reduzir muito o farrapo, \u00e9 a\u00ed que as ondas come\u00e7am a brincar consigo e a vela pode come\u00e7ar a ser perigosa, por isso \u00e9 uma quest\u00e3o de segurar a press\u00e3o e correr o m\u00e1ximo que puder. Felizmente nunca me encontrei naquilo a que poder\u00edamos chamar situa\u00e7\u00f5es climat\u00e9ricas extremas.<\/span><\/p>\n<p>[\/et_pb_text][\/et_pb_column][\/et_pb_row][et_pb_row _builder_version=&#8221;4.16&#8243; custom_margin=&#8221;|auto|8px|auto||&#8221; custom_padding=&#8221;3px||18px|2px||&#8221; global_colors_info=&#8221;{}&#8221;][et_pb_column type=&#8221;4_4&#8243; _builder_version=&#8221;4.16&#8243; global_colors_info=&#8221;{}&#8221;][et_pb_text _builder_version=&#8221;4.27.4&#8243; custom_margin=&#8221;18px|||||&#8221; inline_fonts=&#8221;Times New Roman,Georgia&#8221; global_colors_info=&#8221;{}&#8221;]<\/p>\n<h2 style=\"text-align: center;\"><span style=\"color: rgba(224, 43, 32, 0.93);\"><strong style=\"font-family: Amaranth; font-size: x-large;\">David, na \u00faltima parte da volta ao mundo atravessas o Mar Vermelho, que \u00e9 uma zona perigosa para um veleiro. Alguma anedota a destacar?.<\/strong><\/span><\/h2>\n<p><span style=\"color: #000000;\">A etapa do Sri Lanka ao Djibuti, atravessando a \u00c1rea de Alto Risco atrav\u00e9s do Golfo de \u00c1den e do Corno de \u00c1frica at\u00e9 \u00e0 entrada do Mar Vermelho, representa uma press\u00e3o extra de stress devido \u00e0 quest\u00e3o dos piratas; No entanto, foi uma das etapas que mais gostei, primeiro pelas excepcionais condi\u00e7\u00f5es de vento que me levaram durante v\u00e1rios dias a disparar a mais de 12 n\u00f3s em m\u00e9dia desde as Maldivas, e segundo porque n\u00e3o tive o m\u00ednimo acidente.<\/span><\/p>\n<p><span style=\"color: #000000;\">\u00c9 impressionante ver os cargueiros que transitam em forma\u00e7\u00e3o de comboio em grupos de 6 ou 7 e avisam atrav\u00e9s do AIS que t\u00eam homens armados a bordo, mas tamb\u00e9m h\u00e1 avi\u00f5es de reconhecimento da coliga\u00e7\u00e3o internacional que patrulham a zona, e no final as a sensa\u00e7\u00e3o de seguran\u00e7a \u00e9 not\u00e1vel. Na verdade, segundo as minhas informa\u00e7\u00f5es, o \u00faltimo ataque a um veleiro ocorreu h\u00e1 tr\u00eas anos.<\/span><\/p>\n<p>[\/et_pb_text][\/et_pb_column][\/et_pb_row][et_pb_row _builder_version=&#8221;4.16&#8243; custom_padding=&#8221;0px||8px|2px||&#8221; global_colors_info=&#8221;{}&#8221;][et_pb_column type=&#8221;4_4&#8243; _builder_version=&#8221;4.16&#8243; global_colors_info=&#8221;{}&#8221;][et_pb_image src=&#8221;https:\/\/navegantesoceanicos.com\/wp-content\/uploads\/2021\/01\/CONFINADO_-MAR-ROJO.jpg&#8221; align=&#8221;center&#8221; _builder_version=&#8221;4.26.0&#8243; height=&#8221;599px&#8221; custom_margin=&#8221;8px||3px|||&#8221; global_colors_info=&#8221;{}&#8221;][\/et_pb_image][et_pb_text _builder_version=&#8221;4.27.4&#8243; custom_margin=&#8221;1px|||||&#8221; custom_padding=&#8221;12px|||||&#8221; global_colors_info=&#8221;{}&#8221;]<\/p>\n<p style=\"text-align: center;\"><span style=\"color: #003366;\"><strong>Confinado no Mar Rojo<\/strong><\/span><\/p>\n<p>[\/et_pb_text][\/et_pb_column][\/et_pb_row][et_pb_row _builder_version=&#8221;4.16&#8243; custom_padding=&#8221;4px||21px|||&#8221; global_colors_info=&#8221;{}&#8221;][et_pb_column type=&#8221;4_4&#8243; _builder_version=&#8221;4.16&#8243; global_colors_info=&#8221;{}&#8221;][et_pb_text _builder_version=&#8221;4.27.4&#8243; custom_margin=&#8221;13px|||||&#8221; inline_fonts=&#8221;Times New Roman&#8221; global_colors_info=&#8221;{}&#8221;]<\/p>\n<p><span style=\"color: rgba(0, 0, 0, 0.97);\">Sempre pensei que uma vez no Mar Rojo a aventura estava praticamente terminada. No entanto, e a t\u00edtulo de anedota desta \u00faltima etapa e at\u00e9 \u00e0 minha chegada a Barcelona em Setembro, comentarei que enquanto estava no Djibuti eclodiu a crise da Covid. Isto significou uma aventura extra at\u00e9 ao final da viagem.<\/span><\/p>\n<p><span style=\"color: rgba(0, 0, 0, 0.97);\">O Mediterr\u00e2neo e os portos fechados; problemas para me abastecer de alimentos&#8230; Fui expulso da Eritreia e do Sud\u00e3o por barcos de patrulha militar, e mais tarde da Gr\u00e9cia, onde estava prestes a acabar na pris\u00e3o por ter entrado ilegalmente na Turquia, apesar de ser cidad\u00e3o europeu.<\/span><\/p>\n<p>[\/et_pb_text][et_pb_image src=&#8221;https:\/\/navegantesoceanicos.com\/wp-content\/uploads\/2021\/01\/SUEZ.-ALDIVI-Y-THORCINCO-scaled.jpg&#8221; align=&#8221;center&#8221; _builder_version=&#8221;4.26.0&#8243; height=&#8221;600px&#8221; custom_margin=&#8221;10px||4px|||&#8221; custom_padding=&#8221;11px|||||&#8221; global_colors_info=&#8221;{}&#8221;][\/et_pb_image][et_pb_text _builder_version=&#8221;4.27.4&#8243; custom_margin=&#8221;1px|||||&#8221; custom_padding=&#8221;12px|||||&#8221; global_colors_info=&#8221;{}&#8221;]<\/p>\n<p style=\"text-align: center;\"><span style=\"color: #003366;\"><strong>Suez, Aldivi y Thor Cinco<\/strong><\/span><\/p>\n<p>[\/et_pb_text][et_pb_text _builder_version=&#8221;4.27.4&#8243; custom_margin=&#8221;-19px|||||&#8221; inline_fonts=&#8221;Times New Roman&#8221; global_colors_info=&#8221;{}&#8221;]<\/p>\n<p><span style=\"color: rgba(0, 0, 0, 0.94);\">Mas nem tudo foram problemas, no Egipto estive dois meses confinado num ancoradouro maravilhoso junto ao veleiro Aldivi dos meus amigos mexicanos, a primeira fam\u00edlia mexicana a navegar pelo mundo. A\u00ed conseguimos mantimentos, sempre \u00e0s escondidas \u00e0 noite, e pudemos desfrutar de mergulhos incr\u00edveis e praias desertas s\u00f3 para n\u00f3s.<\/span><\/p>\n<p><span style=\"color: rgba(0, 0, 0, 0.94);\">No final, acabou por ser mais uma grande experi\u00eancia de vida causada por circunst\u00e2ncias absolutamente sem precedentes.<\/span><\/p>\n<p>[\/et_pb_text][\/et_pb_column][\/et_pb_row][et_pb_row _builder_version=&#8221;4.16&#8243; custom_padding=&#8221;14px||16px|||&#8221; global_colors_info=&#8221;{}&#8221;][et_pb_column type=&#8221;4_4&#8243; _builder_version=&#8221;4.16&#8243; global_colors_info=&#8221;{}&#8221;][et_pb_text _builder_version=&#8221;4.27.4&#8243; inline_fonts=&#8221;Georgia&#8221; global_colors_info=&#8221;{}&#8221;]<\/p>\n<h2 style=\"text-align: center;\"><span style=\"font-size: x-large; font-family: Amaranth; font-weight: normal; color: rgba(224, 43, 32, 0.94);\"><strong><span lang=\"es-ES-u-co-trad\">Identifica-se com a frase de Mark Twain: \u201cO homem que vive plenamente est\u00e1 preparado para morrer a qualquer momento\u201d. Acho que \u00e9 uma \u00f3tima frase. <\/span><\/strong><\/span><\/h2>\n<h2 style=\"text-align: center;\"><span style=\"font-size: x-large; font-family: Amaranth; font-weight: normal; color: rgba(224, 43, 32, 0.94);\"><strong><span lang=\"es-ES-u-co-trad\">Viveu plenamente esses 4 anos ou sentiu falta de alguma coisa?.<\/span><\/strong><\/span><\/h2>\n<p><span style=\"color: rgba(0, 0, 0, 0.97);\">A verdadeira viagem navegando sozinho \u00e9 aquela que faz internamente. Percebi que a navega\u00e7\u00e3o por si s\u00f3 me atrai muito porque me obriga a estar presente em todos os momentos, e isso traduz-se em intensidade, em viver plenamente cada segundo e foi assim praticamente durante toda a viagem. Foram quatro anos no meio da natureza, a descobrir lugares incr\u00edveis e a viver experi\u00eancias extraordin\u00e1rias. Nesta situa\u00e7\u00e3o, a vida urbana e o que entendemos por conforto s\u00e3o facilmente esquecidos. Os valores mudam completamente e o mundo passa a ser percebido de uma forma diferente, muito mais l\u00f3gica e humana.<\/span><\/p>\n<p>[\/et_pb_text][\/et_pb_column][\/et_pb_row][et_pb_row _builder_version=&#8221;4.16&#8243; custom_padding=&#8221;5px||13px|||&#8221; global_colors_info=&#8221;{}&#8221;][et_pb_column type=&#8221;4_4&#8243; _builder_version=&#8221;4.16&#8243; global_colors_info=&#8221;{}&#8221;][et_pb_image src=&#8221;https:\/\/navegantesoceanicos.com\/wp-content\/uploads\/2021\/01\/NUEVA-ZELANDA-scaled.jpg&#8221; align=&#8221;center&#8221; _builder_version=&#8221;4.26.0&#8243; height=&#8221;600px&#8221; custom_margin=&#8221;8px||0px|||&#8221; global_colors_info=&#8221;{}&#8221;][\/et_pb_image][et_pb_text _builder_version=&#8221;4.27.4&#8243; custom_margin=&#8221;1px|||||&#8221; custom_padding=&#8221;12px|||||&#8221; global_colors_info=&#8221;{}&#8221;]<\/p>\n<p style=\"text-align: center;\"><span style=\"color: #003366;\"><strong>Nueva Zelanda<\/strong><\/span><\/p>\n<p>[\/et_pb_text][et_pb_text _builder_version=&#8221;4.27.4&#8243; inline_fonts=&#8221;Georgia&#8221; global_colors_info=&#8221;{}&#8221;]<\/p>\n<p style=\"text-align: justify;\"><span style=\"color: #000000;\">Mas o grande presente da viagem foi sentir a liberdade em letras mai\u00fasculas.Posso dizer que me senti verdadeiramente livre, e esse sentimento acaba por te levar a um estado de realiza\u00e7\u00e3o e satisfa\u00e7\u00e3o pessoal que te reconcilia com tudo e d\u00e1 sentido \u00e0 vida. E quando te sentes assim, morrer j\u00e1 n\u00e3o te preocupa, percebes isso pelo que \u00e9, algo normal que faz parte do jogo, da vida.<\/span><\/p>\n<p>[\/et_pb_text][\/et_pb_column][\/et_pb_row][et_pb_row _builder_version=&#8221;4.16&#8243; custom_margin=&#8221;16px|auto||auto||&#8221; custom_padding=&#8221;6px||12px|||&#8221; global_colors_info=&#8221;{}&#8221;][et_pb_column type=&#8221;4_4&#8243; _builder_version=&#8221;4.16&#8243; global_colors_info=&#8221;{}&#8221;][et_pb_text _builder_version=&#8221;4.27.4&#8243; global_colors_info=&#8221;{}&#8221;]<\/p>\n<h2 style=\"text-align: center;\"><strong style=\"color: rgba(224, 43, 32, 0.94); font-family: Amaranth; font-size: x-large;\"><span lang=\"es-ES-u-co-trad\">Esperamos que o seu livro sobre a sua viagem \u00e0 volta do mundo seja publicado em breve.<br \/>Quando \u00e9 a apresenta\u00e7\u00e3o?.<\/span><\/strong><\/h2>\n<p style=\"text-align: center;\"><span style=\"font-size: large; color: rgba(0, 0, 0, 0.9); font-family: inherit; font-weight: normal;\">Espero t\u00ea-lo pronto daqui a uns meses. <\/span><\/p>\n<h2 style=\"text-align: center;\"><span style=\"font-size: x-large; font-family: Amaranth; font-weight: normal; color: rgba(224, 43, 32, 0.92);\"><strong><span lang=\"es-ES-u-co-trad\">Devemos atracar o navio e desembarcar ou t\u00eam planos para voltar ao mar?.<\/span><\/strong><\/span><\/h2>\n<p><span style=\"color: rgba(0, 0, 0, 0.9);\">Neste momento o meu projeto est\u00e1 no terreno e n\u00e3o \u00e9 mais do que reiniciar o meu est\u00fadio criativo; um desafio que me motiva muito. Sinto-me como se tivesse 25 anos quando tudo tinha de ser feito. Esta desconex\u00e3o total permitiu-me reiniciar completamente, e regresso com novas ideias e com vontade de trabalhar numa profiss\u00e3o que quase poderia definir como o meu outro hobby. Algumas ideias andam a pairar na minha cabe\u00e7a sobre a pr\u00f3xima viagem, nunca deix\u00e1mos de sonhar, mas agora \u00e9 muito cedo para prever alguma coisa, preciso de mais dist\u00e2ncia. Para j\u00e1 acho que o Thor vai ter um merecido descanso pelo menos at\u00e9 ao Ver\u00e3o atracado em Port Ginesta.<\/span><\/p>\n<p>[\/et_pb_text][\/et_pb_column][\/et_pb_row][et_pb_row _builder_version=&#8221;4.16&#8243; custom_padding=&#8221;15px||19px|||&#8221; global_colors_info=&#8221;{}&#8221;][et_pb_column type=&#8221;4_4&#8243; _builder_version=&#8221;4.16&#8243; global_colors_info=&#8221;{}&#8221;][et_pb_text _builder_version=&#8221;4.27.4&#8243; inline_fonts=&#8221;Georgia,Amaranth&#8221; global_colors_info=&#8221;{}&#8221;]<\/p>\n<h2 style=\"text-align: center;\"><span style=\"font-size: x-large; color: rgba(224, 32, 22, 0.92);\"><strong><span size=\"4\" style=\"font-family: Amaranth;\"><span lang=\"es-ES-u-co-trad\">Uma \u00faltima coisa para terminar: O que \u00e9 que a solid\u00e3o te ensinou?.<\/span><\/span><\/strong><\/span><\/h2>\n<p><span style=\"color: #000000;\">Viajei sozinho, mas nunca me senti sozinho. A solid\u00e3o n\u00e3o depende de estar sozinho ou acompanhado, mas sim de um estado de esp\u00edrito. \u00c9 fundamental dar-se bem, caso contr\u00e1rio uma viagem destas n\u00e3o seria poss\u00edvel. A solid\u00e3o permite-lhe conhecer-se at\u00e9 aos cantos mais profundos da sua personalidade; \u00c9 um per\u00edodo de tempo em que o seu c\u00e9rebro flui sem interrup\u00e7\u00f5es de qualquer esp\u00e9cie e se estabelece um di\u00e1logo interno constante. Reflete muito, deduz e acaba por aprender.<\/span><\/p>\n<p>[\/et_pb_text][\/et_pb_column][\/et_pb_row][et_pb_row _builder_version=&#8221;4.16&#8243; custom_padding=&#8221;8px|||||&#8221; global_colors_info=&#8221;{}&#8221;][et_pb_column type=&#8221;4_4&#8243; _builder_version=&#8221;4.16&#8243; global_colors_info=&#8221;{}&#8221;][et_pb_text _builder_version=&#8221;4.27.4&#8243; custom_margin=&#8221;2px|||||&#8221; inline_fonts=&#8221;Georgia&#8221; global_colors_info=&#8221;{}&#8221;]<\/p>\n<p style=\"text-align: justify;\"><span style=\"color: rgba(0, 0, 0, 0.93);\">Tudo isto se traduz numa evolu\u00e7\u00e3o como pessoa. Enfrentar sozinho os contratempos que encontra ao longo da viagem h\u00e1 tanto tempo, onde todas as decis\u00f5es devem ser tomadas por si, e \u00e9 o respons\u00e1vel por tudo o que lhe acontece, d\u00e1-lhe uma grande solv\u00eancia e autoconfian\u00e7a.<\/span><\/p>\n<p>[\/et_pb_text][et_pb_image src=&#8221;https:\/\/navegantesoceanicos.com\/wp-content\/uploads\/2021\/01\/SAN-BERNARDO_-COLOMBIA-scaled.jpg&#8221; align=&#8221;center&#8221; _builder_version=&#8221;4.26.0&#8243; height=&#8221;604px&#8221; custom_margin=&#8221;||12px|||&#8221; global_colors_info=&#8221;{}&#8221;][\/et_pb_image][et_pb_text _builder_version=&#8221;4.16&#8243; custom_margin=&#8221;1px|||||&#8221; custom_padding=&#8221;12px|||||&#8221; global_colors_info=&#8221;{}&#8221;]<\/p>\n<p style=\"text-align: center;\"><span style=\"color: #003366;\"><strong>Fondeo en San Bernardo, Colombia<\/strong><\/span><\/p>\n<p>[\/et_pb_text][\/et_pb_column][\/et_pb_row][et_pb_row _builder_version=&#8221;4.16&#8243; custom_padding=&#8221;0px||0px|||&#8221; global_colors_info=&#8221;{}&#8221;][et_pb_column type=&#8221;4_4&#8243; _builder_version=&#8221;4.16&#8243; global_colors_info=&#8221;{}&#8221;][et_pb_text _builder_version=&#8221;4.27.4&#8243; min_height=&#8221;64px&#8221; custom_margin=&#8221;1px||||false|false&#8221; custom_padding=&#8221;0px|||||&#8221; inline_fonts=&#8221;Georgia&#8221; global_colors_info=&#8221;{}&#8221;]<\/p>\n<p style=\"text-align: center;\"><span style=\"color: #000000;\">Aprende-se a relativizar os problemas e realmente s\u00f3 se preocupa com o necess\u00e1rio; A serenidade acaba por se instalar e isso faz com que aproveite muito mais a vida porque a olha de cima.<\/span><\/p>\n<p>[\/et_pb_text][\/et_pb_column][\/et_pb_row][et_pb_row _builder_version=&#8221;4.16&#8243; custom_padding=&#8221;18px||0px|||&#8221; global_colors_info=&#8221;{}&#8221;][et_pb_column type=&#8221;4_4&#8243; _builder_version=&#8221;4.16&#8243; global_colors_info=&#8221;{}&#8221;][et_pb_divider _builder_version=&#8221;4.16&#8243; custom_padding=&#8221;||0px|||&#8221; global_colors_info=&#8221;{}&#8221;][\/et_pb_divider][\/et_pb_column][\/et_pb_row][et_pb_row _builder_version=&#8221;4.16&#8243; custom_padding=&#8221;18px||5px|||&#8221; global_colors_info=&#8221;{}&#8221;][et_pb_column type=&#8221;4_4&#8243; _builder_version=&#8221;4.16&#8243; global_colors_info=&#8221;{}&#8221;][et_pb_text _builder_version=&#8221;4.27.4&#8243; global_colors_info=&#8221;{}&#8221;]<\/p>\n<p style=\"text-align: center;\"><span style=\"font-size: large;\"><span style=\"color: rgba(0, 0, 0, 0.91);\">Pode visitar o blogue de David Ruiz no seguinte link:<\/span> <strong><em><span style=\"color: #ff0000;\"><a style=\"color: #ff0000;\" href=\"http:\/\/thorcinco.squarespace.com\/\">thorcinco.squarespace.com <\/a><\/span><\/em><\/strong><\/span><\/p>\n<p style=\"text-align: center;\"><span style=\"font-size: large;\"><span style=\"color: rgba(0, 0, 0, 0.89);\">Tamb\u00e9m o eu Instagram:<\/span> <strong><em><span style=\"color: #ff0000;\"><a style=\"color: #ff0000;\" href=\"https:\/\/www.instagram.com\/thorcinco\/?hl=es\">@thorcinco<\/a><\/span><\/em><\/strong><\/span><\/p>\n<p>[\/et_pb_text][et_pb_divider _builder_version=&#8221;4.16&#8243; custom_padding=&#8221;||0px|||&#8221; global_colors_info=&#8221;{}&#8221;][\/et_pb_divider][\/et_pb_column][\/et_pb_row][et_pb_row _builder_version=&#8221;4.16&#8243; custom_padding=&#8221;0px||0px|||&#8221; global_colors_info=&#8221;{}&#8221;][et_pb_column type=&#8221;4_4&#8243; _builder_version=&#8221;4.16&#8243; global_colors_info=&#8221;{}&#8221;][et_pb_text _builder_version=&#8221;4.27.4&#8243; custom_margin=&#8221;||28px|||&#8221; inline_fonts=&#8221;Georgia&#8221; global_colors_info=&#8221;{}&#8221;]<\/p>\n<p style=\"text-align: center;\"><span style=\"color: rgba(0, 0, 0, 0.9); font-family: inherit; font-weight: normal; font-size: large;\">Entrevista realizada por Santiago Iglesias de Paul<\/span><\/p>\n<p>[\/et_pb_text][et_pb_divider _builder_version=&#8221;4.16&#8243; custom_margin=&#8221;||14px|||&#8221; global_colors_info=&#8221;{}&#8221;][\/et_pb_divider][et_pb_text _builder_version=&#8221;4.27.4&#8243; custom_padding=&#8221;0px|||||&#8221; inline_fonts=&#8221;Georgia&#8221; global_colors_info=&#8221;{}&#8221;]<\/p>\n<p style=\"text-align: center;\"><span style=\"color: #000000;\">Da &#8220;Navegantes Oce\u00e2nicos&#8221; agradecemos a David Ruiz esta valiosa entrevista, que recomendamos pelo seu grande interesse a quem est\u00e1 a planear uma navega\u00e7\u00e3o oce\u00e2nica. Desejamos tamb\u00e9m ao David muita sorte nesta pr\u00f3xima etapa e na publica\u00e7\u00e3o do seu livro, que esperamos ver publicado em breve.<\/span><\/p>\n<p>[\/et_pb_text][et_pb_divider _builder_version=&#8221;4.16&#8243; custom_margin=&#8221;-3px|||||&#8221; global_colors_info=&#8221;{}&#8221;][\/et_pb_divider][\/et_pb_column][\/et_pb_row][et_pb_row _builder_version=&#8221;4.16&#8243; custom_margin=&#8221;|auto|5px|auto||&#8221; custom_padding=&#8221;0px||0px|||&#8221; global_colors_info=&#8221;{}&#8221;][et_pb_column type=&#8221;4_4&#8243; _builder_version=&#8221;4.16&#8243; global_colors_info=&#8221;{}&#8221;][et_pb_image src=&#8221;https:\/\/navegantesoceanicos.com\/wp-content\/uploads\/2020\/03\/protecci\u00f3n-web-con-ISSN.jpg&#8221; _builder_version=&#8221;4.16&#8243; global_colors_info=&#8221;{}&#8221;][\/et_pb_image][\/et_pb_column][\/et_pb_row][\/et_pb_section]<\/p>\n","protected":false},"excerpt":{"rendered":"<p>David Ruiz completou uma viagem a solo \u00e0 volta do mundo, na qual esteve quatro anos. Nesta entrevista aprofundada conta-nos a sua experi\u00eancia, os locais mais interessantes que visitou, anedotas, como o seu barco e equipamento, e os desafios de navegar sozinho, entre muitas outras coisas. Recomendo a leitura a todos os interessados \u200b\u200bem fazer uma longa viagem de barco.<\/p>\n","protected":false},"author":59,"featured_media":37340,"comment_status":"open","ping_status":"open","sticky":false,"template":"","format":"standard","meta":{"_et_pb_use_builder":"on","_et_pb_old_content":"","_et_gb_content_width":"","footnotes":"","_wp_rev_ctl_limit":""},"categories":[208],"tags":[],"class_list":["post-37339","post","type-post","status-publish","format-standard","has-post-thumbnail","hentry","category-entrevistas-com-os-navegantes","et-has-post-format-content","et_post_format-et-post-format-standard"],"yoast_head":"<!-- This site is optimized with the Yoast SEO plugin v27.5 - https:\/\/yoast.com\/product\/yoast-seo-wordpress\/ -->\n<title>David Ruiz, \u00e0 volta do mundo a bordo do Thor Cinco - Navegantes Oce\u00e1nicos<\/title>\n<meta name=\"description\" content=\"Navegantes oce\u00e1nicos, web con contenidos para apasionados por la mar, tripulantes, regatistas, patrones o armadores.\" \/>\n<meta name=\"robots\" content=\"index, follow, max-snippet:-1, max-image-preview:large, max-video-preview:-1\" \/>\n<link rel=\"canonical\" href=\"https:\/\/navegantesoceanicos.com\/pt-pt\/david-ruiz-volta-do-mundo-a-bordo-thor-cinco\/\" \/>\n<meta property=\"og:locale\" content=\"pt_PT\" \/>\n<meta property=\"og:type\" content=\"article\" \/>\n<meta property=\"og:title\" content=\"David Ruiz, \u00e0 volta do mundo a bordo do Thor Cinco - Navegantes Oce\u00e1nicos\" \/>\n<meta property=\"og:description\" content=\"Navegantes oce\u00e1nicos, web con contenidos para apasionados por la mar, tripulantes, regatistas, patrones o armadores.\" \/>\n<meta property=\"og:url\" content=\"https:\/\/navegantesoceanicos.com\/pt-pt\/david-ruiz-volta-do-mundo-a-bordo-thor-cinco\/\" \/>\n<meta property=\"og:site_name\" content=\"Navegantes Oce\u00e1nicos\" \/>\n<meta property=\"article:publisher\" content=\"https:\/\/www.facebook.com\/Navegantes-Oce%c3%a1nicos-112578593494698\" \/>\n<meta property=\"article:published_time\" content=\"2021-01-24T13:03:36+00:00\" \/>\n<meta property=\"article:modified_time\" content=\"2024-12-27T19:10:12+00:00\" \/>\n<meta property=\"og:image\" content=\"https:\/\/navegantesoceanicos.com\/wp-content\/uploads\/2021\/01\/SIGUIENDO-AL-SOL.jpg\" \/>\n\t<meta property=\"og:image:width\" content=\"2156\" \/>\n\t<meta property=\"og:image:height\" content=\"1204\" \/>\n\t<meta property=\"og:image:type\" content=\"image\/jpeg\" \/>\n<meta name=\"author\" content=\"Santiago Iglesias de Paul\" \/>\n<meta name=\"twitter:label1\" content=\"Escrito por\" \/>\n\t<meta name=\"twitter:data1\" content=\"Santiago Iglesias de Paul\" \/>\n\t<meta name=\"twitter:label2\" content=\"Tempo estimado de leitura\" \/>\n\t<meta name=\"twitter:data2\" content=\"19 minutos\" \/>\n<script type=\"application\/ld+json\" class=\"yoast-schema-graph\">{\"@context\":\"https:\\\/\\\/schema.org\",\"@graph\":[{\"@type\":\"Article\",\"@id\":\"https:\\\/\\\/navegantesoceanicos.com\\\/pt-pt\\\/david-ruiz-volta-do-mundo-a-bordo-thor-cinco\\\/#article\",\"isPartOf\":{\"@id\":\"https:\\\/\\\/navegantesoceanicos.com\\\/pt-pt\\\/david-ruiz-volta-do-mundo-a-bordo-thor-cinco\\\/\"},\"author\":{\"name\":\"Santiago Iglesias de Paul\",\"@id\":\"https:\\\/\\\/navegantesoceanicos.com\\\/pt-pt\\\/#\\\/schema\\\/person\\\/a0a3ce76d0ae8b28ec18d2d318d4d4fa\"},\"headline\":\"David Ruiz, \u00e0 volta do mundo a bordo do Thor Cinco\",\"datePublished\":\"2021-01-24T13:03:36+00:00\",\"dateModified\":\"2024-12-27T19:10:12+00:00\",\"mainEntityOfPage\":{\"@id\":\"https:\\\/\\\/navegantesoceanicos.com\\\/pt-pt\\\/david-ruiz-volta-do-mundo-a-bordo-thor-cinco\\\/\"},\"wordCount\":5936,\"commentCount\":0,\"publisher\":{\"@id\":\"https:\\\/\\\/navegantesoceanicos.com\\\/pt-pt\\\/#organization\"},\"image\":{\"@id\":\"https:\\\/\\\/navegantesoceanicos.com\\\/pt-pt\\\/david-ruiz-volta-do-mundo-a-bordo-thor-cinco\\\/#primaryimage\"},\"thumbnailUrl\":\"https:\\\/\\\/navegantesoceanicos.com\\\/wp-content\\\/uploads\\\/2021\\\/01\\\/SIGUIENDO-AL-SOL.jpg\",\"articleSection\":[\"entrevistas com os navegantes\"],\"inLanguage\":\"pt-PT\",\"potentialAction\":[{\"@type\":\"CommentAction\",\"name\":\"Comment\",\"target\":[\"https:\\\/\\\/navegantesoceanicos.com\\\/pt-pt\\\/david-ruiz-volta-do-mundo-a-bordo-thor-cinco\\\/#respond\"]}]},{\"@type\":\"WebPage\",\"@id\":\"https:\\\/\\\/navegantesoceanicos.com\\\/pt-pt\\\/david-ruiz-volta-do-mundo-a-bordo-thor-cinco\\\/\",\"url\":\"https:\\\/\\\/navegantesoceanicos.com\\\/pt-pt\\\/david-ruiz-volta-do-mundo-a-bordo-thor-cinco\\\/\",\"name\":\"David Ruiz, \u00e0 volta do mundo a bordo do Thor Cinco - Navegantes Oce\u00e1nicos\",\"isPartOf\":{\"@id\":\"https:\\\/\\\/navegantesoceanicos.com\\\/pt-pt\\\/#website\"},\"primaryImageOfPage\":{\"@id\":\"https:\\\/\\\/navegantesoceanicos.com\\\/pt-pt\\\/david-ruiz-volta-do-mundo-a-bordo-thor-cinco\\\/#primaryimage\"},\"image\":{\"@id\":\"https:\\\/\\\/navegantesoceanicos.com\\\/pt-pt\\\/david-ruiz-volta-do-mundo-a-bordo-thor-cinco\\\/#primaryimage\"},\"thumbnailUrl\":\"https:\\\/\\\/navegantesoceanicos.com\\\/wp-content\\\/uploads\\\/2021\\\/01\\\/SIGUIENDO-AL-SOL.jpg\",\"datePublished\":\"2021-01-24T13:03:36+00:00\",\"dateModified\":\"2024-12-27T19:10:12+00:00\",\"description\":\"Navegantes oce\u00e1nicos, web con contenidos para apasionados por la mar, tripulantes, regatistas, patrones o armadores.\",\"breadcrumb\":{\"@id\":\"https:\\\/\\\/navegantesoceanicos.com\\\/pt-pt\\\/david-ruiz-volta-do-mundo-a-bordo-thor-cinco\\\/#breadcrumb\"},\"inLanguage\":\"pt-PT\",\"potentialAction\":[{\"@type\":\"ReadAction\",\"target\":[\"https:\\\/\\\/navegantesoceanicos.com\\\/pt-pt\\\/david-ruiz-volta-do-mundo-a-bordo-thor-cinco\\\/\"]}]},{\"@type\":\"ImageObject\",\"inLanguage\":\"pt-PT\",\"@id\":\"https:\\\/\\\/navegantesoceanicos.com\\\/pt-pt\\\/david-ruiz-volta-do-mundo-a-bordo-thor-cinco\\\/#primaryimage\",\"url\":\"https:\\\/\\\/navegantesoceanicos.com\\\/wp-content\\\/uploads\\\/2021\\\/01\\\/SIGUIENDO-AL-SOL.jpg\",\"contentUrl\":\"https:\\\/\\\/navegantesoceanicos.com\\\/wp-content\\\/uploads\\\/2021\\\/01\\\/SIGUIENDO-AL-SOL.jpg\",\"width\":2156,\"height\":1204,\"caption\":\"SIGUIENDO AL SOL\"},{\"@type\":\"BreadcrumbList\",\"@id\":\"https:\\\/\\\/navegantesoceanicos.com\\\/pt-pt\\\/david-ruiz-volta-do-mundo-a-bordo-thor-cinco\\\/#breadcrumb\",\"itemListElement\":[{\"@type\":\"ListItem\",\"position\":1,\"name\":\"Portada\",\"item\":\"https:\\\/\\\/navegantesoceanicos.com\\\/pt-pt\\\/\"},{\"@type\":\"ListItem\",\"position\":2,\"name\":\"David Ruiz, \u00e0 volta do mundo a bordo do Thor Cinco\"}]},{\"@type\":\"WebSite\",\"@id\":\"https:\\\/\\\/navegantesoceanicos.com\\\/pt-pt\\\/#website\",\"url\":\"https:\\\/\\\/navegantesoceanicos.com\\\/pt-pt\\\/\",\"name\":\"Navegantes Oce\u00e1nicos\",\"description\":\"Navegantes oce\u00e1nicos, te ayudamos a navegar, para navegantes, tripulantes, regatistas y armadores, escuela n\u00e1utica, libros on-line sobre t\u00e1cticas y equipamiento para la navegaci\u00f3n a vela, fondear, atracar, el manejo de las velas, electricidad a bordo, navegaci\u00f3n con mal tiempo, rutas oce\u00e1nicas y mucho m\u00e1s\",\"publisher\":{\"@id\":\"https:\\\/\\\/navegantesoceanicos.com\\\/pt-pt\\\/#organization\"},\"potentialAction\":[{\"@type\":\"SearchAction\",\"target\":{\"@type\":\"EntryPoint\",\"urlTemplate\":\"https:\\\/\\\/navegantesoceanicos.com\\\/pt-pt\\\/?s={search_term_string}\"},\"query-input\":{\"@type\":\"PropertyValueSpecification\",\"valueRequired\":true,\"valueName\":\"search_term_string\"}}],\"inLanguage\":\"pt-PT\"},{\"@type\":\"Organization\",\"@id\":\"https:\\\/\\\/navegantesoceanicos.com\\\/pt-pt\\\/#organization\",\"name\":\"Navegantes Oce\u00e1nicos\",\"url\":\"https:\\\/\\\/navegantesoceanicos.com\\\/pt-pt\\\/\",\"logo\":{\"@type\":\"ImageObject\",\"inLanguage\":\"pt-PT\",\"@id\":\"https:\\\/\\\/navegantesoceanicos.com\\\/pt-pt\\\/#\\\/schema\\\/logo\\\/image\\\/\",\"url\":\"https:\\\/\\\/navegantesoceanicos.com\\\/wp-content\\\/uploads\\\/2019\\\/12\\\/LOGO-NAVEGANTES-OCEANICOS.png\",\"contentUrl\":\"https:\\\/\\\/navegantesoceanicos.com\\\/wp-content\\\/uploads\\\/2019\\\/12\\\/LOGO-NAVEGANTES-OCEANICOS.png\",\"width\":1010,\"height\":814,\"caption\":\"Navegantes Oce\u00e1nicos\"},\"image\":{\"@id\":\"https:\\\/\\\/navegantesoceanicos.com\\\/pt-pt\\\/#\\\/schema\\\/logo\\\/image\\\/\"},\"sameAs\":[\"https:\\\/\\\/www.facebook.com\\\/Navegantes-Oce\u00e1nicos-112578593494698\",\"https:\\\/\\\/www.instagram.com\\\/navegantes_oceanicos\\\/?hl=es\",\"https:\\\/\\\/www.youtube.com\\\/channel\\\/UCXgDL_6xqE7rpdwNXRmzF_Q\\\/featured\"]},{\"@type\":\"Person\",\"@id\":\"https:\\\/\\\/navegantesoceanicos.com\\\/pt-pt\\\/#\\\/schema\\\/person\\\/a0a3ce76d0ae8b28ec18d2d318d4d4fa\",\"name\":\"Santiago Iglesias de Paul\",\"image\":{\"@type\":\"ImageObject\",\"inLanguage\":\"pt-PT\",\"@id\":\"https:\\\/\\\/secure.gravatar.com\\\/avatar\\\/ca113d58aad7d2d824186e98c9a64c5b2ea7dc7faf968b3458c1df024aa8f9fc?s=96&d=mm&r=g\",\"url\":\"https:\\\/\\\/secure.gravatar.com\\\/avatar\\\/ca113d58aad7d2d824186e98c9a64c5b2ea7dc7faf968b3458c1df024aa8f9fc?s=96&d=mm&r=g\",\"contentUrl\":\"https:\\\/\\\/secure.gravatar.com\\\/avatar\\\/ca113d58aad7d2d824186e98c9a64c5b2ea7dc7faf968b3458c1df024aa8f9fc?s=96&d=mm&r=g\",\"caption\":\"Santiago Iglesias de Paul\"},\"url\":\"https:\\\/\\\/navegantesoceanicos.com\\\/pt-pt\\\/author\\\/santi\\\/\"}]}<\/script>\n<!-- \/ Yoast SEO plugin. -->","yoast_head_json":{"title":"David Ruiz, \u00e0 volta do mundo a bordo do Thor Cinco - Navegantes Oce\u00e1nicos","description":"Navegantes oce\u00e1nicos, web con contenidos para apasionados por la mar, tripulantes, regatistas, patrones o armadores.","robots":{"index":"index","follow":"follow","max-snippet":"max-snippet:-1","max-image-preview":"max-image-preview:large","max-video-preview":"max-video-preview:-1"},"canonical":"https:\/\/navegantesoceanicos.com\/pt-pt\/david-ruiz-volta-do-mundo-a-bordo-thor-cinco\/","og_locale":"pt_PT","og_type":"article","og_title":"David Ruiz, \u00e0 volta do mundo a bordo do Thor Cinco - Navegantes Oce\u00e1nicos","og_description":"Navegantes oce\u00e1nicos, web con contenidos para apasionados por la mar, tripulantes, regatistas, patrones o armadores.","og_url":"https:\/\/navegantesoceanicos.com\/pt-pt\/david-ruiz-volta-do-mundo-a-bordo-thor-cinco\/","og_site_name":"Navegantes Oce\u00e1nicos","article_publisher":"https:\/\/www.facebook.com\/Navegantes-Oce%c3%a1nicos-112578593494698","article_published_time":"2021-01-24T13:03:36+00:00","article_modified_time":"2024-12-27T19:10:12+00:00","og_image":[{"width":2156,"height":1204,"url":"https:\/\/navegantesoceanicos.com\/wp-content\/uploads\/2021\/01\/SIGUIENDO-AL-SOL.jpg","type":"image\/jpeg"}],"author":"Santiago Iglesias de Paul","twitter_misc":{"Escrito por":"Santiago Iglesias de Paul","Tempo estimado de leitura":"19 minutos"},"schema":{"@context":"https:\/\/schema.org","@graph":[{"@type":"Article","@id":"https:\/\/navegantesoceanicos.com\/pt-pt\/david-ruiz-volta-do-mundo-a-bordo-thor-cinco\/#article","isPartOf":{"@id":"https:\/\/navegantesoceanicos.com\/pt-pt\/david-ruiz-volta-do-mundo-a-bordo-thor-cinco\/"},"author":{"name":"Santiago Iglesias de Paul","@id":"https:\/\/navegantesoceanicos.com\/pt-pt\/#\/schema\/person\/a0a3ce76d0ae8b28ec18d2d318d4d4fa"},"headline":"David Ruiz, \u00e0 volta do mundo a bordo do Thor Cinco","datePublished":"2021-01-24T13:03:36+00:00","dateModified":"2024-12-27T19:10:12+00:00","mainEntityOfPage":{"@id":"https:\/\/navegantesoceanicos.com\/pt-pt\/david-ruiz-volta-do-mundo-a-bordo-thor-cinco\/"},"wordCount":5936,"commentCount":0,"publisher":{"@id":"https:\/\/navegantesoceanicos.com\/pt-pt\/#organization"},"image":{"@id":"https:\/\/navegantesoceanicos.com\/pt-pt\/david-ruiz-volta-do-mundo-a-bordo-thor-cinco\/#primaryimage"},"thumbnailUrl":"https:\/\/navegantesoceanicos.com\/wp-content\/uploads\/2021\/01\/SIGUIENDO-AL-SOL.jpg","articleSection":["entrevistas com os navegantes"],"inLanguage":"pt-PT","potentialAction":[{"@type":"CommentAction","name":"Comment","target":["https:\/\/navegantesoceanicos.com\/pt-pt\/david-ruiz-volta-do-mundo-a-bordo-thor-cinco\/#respond"]}]},{"@type":"WebPage","@id":"https:\/\/navegantesoceanicos.com\/pt-pt\/david-ruiz-volta-do-mundo-a-bordo-thor-cinco\/","url":"https:\/\/navegantesoceanicos.com\/pt-pt\/david-ruiz-volta-do-mundo-a-bordo-thor-cinco\/","name":"David Ruiz, \u00e0 volta do mundo a bordo do Thor Cinco - Navegantes Oce\u00e1nicos","isPartOf":{"@id":"https:\/\/navegantesoceanicos.com\/pt-pt\/#website"},"primaryImageOfPage":{"@id":"https:\/\/navegantesoceanicos.com\/pt-pt\/david-ruiz-volta-do-mundo-a-bordo-thor-cinco\/#primaryimage"},"image":{"@id":"https:\/\/navegantesoceanicos.com\/pt-pt\/david-ruiz-volta-do-mundo-a-bordo-thor-cinco\/#primaryimage"},"thumbnailUrl":"https:\/\/navegantesoceanicos.com\/wp-content\/uploads\/2021\/01\/SIGUIENDO-AL-SOL.jpg","datePublished":"2021-01-24T13:03:36+00:00","dateModified":"2024-12-27T19:10:12+00:00","description":"Navegantes oce\u00e1nicos, web con contenidos para apasionados por la mar, tripulantes, regatistas, patrones o armadores.","breadcrumb":{"@id":"https:\/\/navegantesoceanicos.com\/pt-pt\/david-ruiz-volta-do-mundo-a-bordo-thor-cinco\/#breadcrumb"},"inLanguage":"pt-PT","potentialAction":[{"@type":"ReadAction","target":["https:\/\/navegantesoceanicos.com\/pt-pt\/david-ruiz-volta-do-mundo-a-bordo-thor-cinco\/"]}]},{"@type":"ImageObject","inLanguage":"pt-PT","@id":"https:\/\/navegantesoceanicos.com\/pt-pt\/david-ruiz-volta-do-mundo-a-bordo-thor-cinco\/#primaryimage","url":"https:\/\/navegantesoceanicos.com\/wp-content\/uploads\/2021\/01\/SIGUIENDO-AL-SOL.jpg","contentUrl":"https:\/\/navegantesoceanicos.com\/wp-content\/uploads\/2021\/01\/SIGUIENDO-AL-SOL.jpg","width":2156,"height":1204,"caption":"SIGUIENDO AL SOL"},{"@type":"BreadcrumbList","@id":"https:\/\/navegantesoceanicos.com\/pt-pt\/david-ruiz-volta-do-mundo-a-bordo-thor-cinco\/#breadcrumb","itemListElement":[{"@type":"ListItem","position":1,"name":"Portada","item":"https:\/\/navegantesoceanicos.com\/pt-pt\/"},{"@type":"ListItem","position":2,"name":"David Ruiz, \u00e0 volta do mundo a bordo do Thor Cinco"}]},{"@type":"WebSite","@id":"https:\/\/navegantesoceanicos.com\/pt-pt\/#website","url":"https:\/\/navegantesoceanicos.com\/pt-pt\/","name":"Navegantes Oce\u00e1nicos","description":"Navegantes oce\u00e1nicos, te ayudamos a navegar, para navegantes, tripulantes, regatistas y armadores, escuela n\u00e1utica, libros on-line sobre t\u00e1cticas y equipamiento para la navegaci\u00f3n a vela, fondear, atracar, el manejo de las velas, electricidad a bordo, navegaci\u00f3n con mal tiempo, rutas oce\u00e1nicas y mucho m\u00e1s","publisher":{"@id":"https:\/\/navegantesoceanicos.com\/pt-pt\/#organization"},"potentialAction":[{"@type":"SearchAction","target":{"@type":"EntryPoint","urlTemplate":"https:\/\/navegantesoceanicos.com\/pt-pt\/?s={search_term_string}"},"query-input":{"@type":"PropertyValueSpecification","valueRequired":true,"valueName":"search_term_string"}}],"inLanguage":"pt-PT"},{"@type":"Organization","@id":"https:\/\/navegantesoceanicos.com\/pt-pt\/#organization","name":"Navegantes Oce\u00e1nicos","url":"https:\/\/navegantesoceanicos.com\/pt-pt\/","logo":{"@type":"ImageObject","inLanguage":"pt-PT","@id":"https:\/\/navegantesoceanicos.com\/pt-pt\/#\/schema\/logo\/image\/","url":"https:\/\/navegantesoceanicos.com\/wp-content\/uploads\/2019\/12\/LOGO-NAVEGANTES-OCEANICOS.png","contentUrl":"https:\/\/navegantesoceanicos.com\/wp-content\/uploads\/2019\/12\/LOGO-NAVEGANTES-OCEANICOS.png","width":1010,"height":814,"caption":"Navegantes Oce\u00e1nicos"},"image":{"@id":"https:\/\/navegantesoceanicos.com\/pt-pt\/#\/schema\/logo\/image\/"},"sameAs":["https:\/\/www.facebook.com\/Navegantes-Oce\u00e1nicos-112578593494698","https:\/\/www.instagram.com\/navegantes_oceanicos\/?hl=es","https:\/\/www.youtube.com\/channel\/UCXgDL_6xqE7rpdwNXRmzF_Q\/featured"]},{"@type":"Person","@id":"https:\/\/navegantesoceanicos.com\/pt-pt\/#\/schema\/person\/a0a3ce76d0ae8b28ec18d2d318d4d4fa","name":"Santiago Iglesias de Paul","image":{"@type":"ImageObject","inLanguage":"pt-PT","@id":"https:\/\/secure.gravatar.com\/avatar\/ca113d58aad7d2d824186e98c9a64c5b2ea7dc7faf968b3458c1df024aa8f9fc?s=96&d=mm&r=g","url":"https:\/\/secure.gravatar.com\/avatar\/ca113d58aad7d2d824186e98c9a64c5b2ea7dc7faf968b3458c1df024aa8f9fc?s=96&d=mm&r=g","contentUrl":"https:\/\/secure.gravatar.com\/avatar\/ca113d58aad7d2d824186e98c9a64c5b2ea7dc7faf968b3458c1df024aa8f9fc?s=96&d=mm&r=g","caption":"Santiago Iglesias de Paul"},"url":"https:\/\/navegantesoceanicos.com\/pt-pt\/author\/santi\/"}]}},"rttpg_featured_image_url":{"full":["https:\/\/navegantesoceanicos.com\/wp-content\/uploads\/2021\/01\/SIGUIENDO-AL-SOL.jpg",2156,1204,false],"landscape":["https:\/\/navegantesoceanicos.com\/wp-content\/uploads\/2021\/01\/SIGUIENDO-AL-SOL.jpg",2156,1204,false],"portraits":["https:\/\/navegantesoceanicos.com\/wp-content\/uploads\/2021\/01\/SIGUIENDO-AL-SOL.jpg",2156,1204,false],"thumbnail":["https:\/\/navegantesoceanicos.com\/wp-content\/uploads\/2021\/01\/SIGUIENDO-AL-SOL-150x150.jpg",150,150,true],"medium":["https:\/\/navegantesoceanicos.com\/wp-content\/uploads\/2021\/01\/SIGUIENDO-AL-SOL-300x168.jpg",300,168,true],"large":["https:\/\/navegantesoceanicos.com\/wp-content\/uploads\/2021\/01\/SIGUIENDO-AL-SOL-1024x572.jpg",1024,572,true],"1536x1536":["https:\/\/navegantesoceanicos.com\/wp-content\/uploads\/2021\/01\/SIGUIENDO-AL-SOL-1536x858.jpg",1536,858,true],"2048x2048":["https:\/\/navegantesoceanicos.com\/wp-content\/uploads\/2021\/01\/SIGUIENDO-AL-SOL-2048x1144.jpg",2048,1144,true],"smart-post-landscape":["https:\/\/navegantesoceanicos.com\/wp-content\/uploads\/2021\/01\/SIGUIENDO-AL-SOL.jpg",870,486,false],"smart-post-portrait":["https:\/\/navegantesoceanicos.com\/wp-content\/uploads\/2021\/01\/SIGUIENDO-AL-SOL.jpg",600,335,false],"et-builder-post-main-image":["https:\/\/navegantesoceanicos.com\/wp-content\/uploads\/2021\/01\/SIGUIENDO-AL-SOL-400x250.jpg",400,250,true],"et-builder-post-main-image-fullwidth":["https:\/\/navegantesoceanicos.com\/wp-content\/uploads\/2021\/01\/SIGUIENDO-AL-SOL-1080x675.jpg",1080,675,true],"et-builder-portfolio-image":["https:\/\/navegantesoceanicos.com\/wp-content\/uploads\/2021\/01\/SIGUIENDO-AL-SOL-400x284.jpg",400,284,true],"et-builder-portfolio-image-single":["https:\/\/navegantesoceanicos.com\/wp-content\/uploads\/2021\/01\/SIGUIENDO-AL-SOL-1080x603.jpg",1080,603,true],"et-builder-gallery-image-portrait":["https:\/\/navegantesoceanicos.com\/wp-content\/uploads\/2021\/01\/SIGUIENDO-AL-SOL-400x516.jpg",400,516,true],"extra-image-huge":["https:\/\/navegantesoceanicos.com\/wp-content\/uploads\/2021\/01\/SIGUIENDO-AL-SOL-1280x768.jpg",1280,768,true],"extra-image-single-post":["https:\/\/navegantesoceanicos.com\/wp-content\/uploads\/2021\/01\/SIGUIENDO-AL-SOL-1280x640.jpg",1280,640,true],"extra-image-medium":["https:\/\/navegantesoceanicos.com\/wp-content\/uploads\/2021\/01\/SIGUIENDO-AL-SOL-627x376.jpg",627,376,true],"extra-image-small":["https:\/\/navegantesoceanicos.com\/wp-content\/uploads\/2021\/01\/SIGUIENDO-AL-SOL-440x264.jpg",440,264,true],"extra-image-square-medium":["https:\/\/navegantesoceanicos.com\/wp-content\/uploads\/2021\/01\/SIGUIENDO-AL-SOL-440x440.jpg",440,440,true],"extra-image-square-small":["https:\/\/navegantesoceanicos.com\/wp-content\/uploads\/2021\/01\/SIGUIENDO-AL-SOL-150x150.jpg",150,150,true],"woocommerce_thumbnail":["https:\/\/navegantesoceanicos.com\/wp-content\/uploads\/2021\/01\/SIGUIENDO-AL-SOL-300x168.jpg",300,168,true],"woocommerce_single":["https:\/\/navegantesoceanicos.com\/wp-content\/uploads\/2021\/01\/SIGUIENDO-AL-SOL-600x335.jpg",600,335,true],"woocommerce_gallery_thumbnail":["https:\/\/navegantesoceanicos.com\/wp-content\/uploads\/2021\/01\/SIGUIENDO-AL-SOL-100x100.jpg",100,100,true],"dgwt-wcas-product-suggestion":["https:\/\/navegantesoceanicos.com\/wp-content\/uploads\/2021\/01\/SIGUIENDO-AL-SOL.jpg",64,36,false]},"rttpg_author":{"display_name":"Santiago Iglesias de Paul","author_link":"https:\/\/navegantesoceanicos.com\/pt-pt\/author\/santi\/"},"rttpg_comment":0,"rttpg_category":"<a href=\"https:\/\/navegantesoceanicos.com\/pt-pt\/category\/entrevistas-com-os-navegantes\/\" rel=\"category tag\">entrevistas com os navegantes<\/a>","rttpg_excerpt":"David Ruiz completou uma viagem a solo \u00e0 volta do mundo, na qual esteve quatro anos. Nesta entrevista aprofundada conta-nos a sua experi\u00eancia, os locais mais interessantes que visitou, anedotas, como o seu barco e equipamento, e os desafios de navegar sozinho, entre muitas outras coisas. Recomendo a leitura a todos os interessados \u200b\u200bem fazer&hellip;","_links":{"self":[{"href":"https:\/\/navegantesoceanicos.com\/pt-pt\/wp-json\/wp\/v2\/posts\/37339","targetHints":{"allow":["GET"]}}],"collection":[{"href":"https:\/\/navegantesoceanicos.com\/pt-pt\/wp-json\/wp\/v2\/posts"}],"about":[{"href":"https:\/\/navegantesoceanicos.com\/pt-pt\/wp-json\/wp\/v2\/types\/post"}],"author":[{"embeddable":true,"href":"https:\/\/navegantesoceanicos.com\/pt-pt\/wp-json\/wp\/v2\/users\/59"}],"replies":[{"embeddable":true,"href":"https:\/\/navegantesoceanicos.com\/pt-pt\/wp-json\/wp\/v2\/comments?post=37339"}],"version-history":[{"count":0,"href":"https:\/\/navegantesoceanicos.com\/pt-pt\/wp-json\/wp\/v2\/posts\/37339\/revisions"}],"wp:featuredmedia":[{"embeddable":true,"href":"https:\/\/navegantesoceanicos.com\/pt-pt\/wp-json\/wp\/v2\/media\/37340"}],"wp:attachment":[{"href":"https:\/\/navegantesoceanicos.com\/pt-pt\/wp-json\/wp\/v2\/media?parent=37339"}],"wp:term":[{"taxonomy":"category","embeddable":true,"href":"https:\/\/navegantesoceanicos.com\/pt-pt\/wp-json\/wp\/v2\/categories?post=37339"},{"taxonomy":"post_tag","embeddable":true,"href":"https:\/\/navegantesoceanicos.com\/pt-pt\/wp-json\/wp\/v2\/tags?post=37339"}],"curies":[{"name":"wp","href":"https:\/\/api.w.org\/{rel}","templated":true}]}}