{"id":37632,"date":"2025-01-03T18:38:20","date_gmt":"2025-01-03T18:38:20","guid":{"rendered":"https:\/\/navegantesoceanicos.com\/?p=37632"},"modified":"2025-01-03T18:55:13","modified_gmt":"2025-01-03T18:55:13","slug":"sailing-marlin-natural-equilibrium","status":"publish","type":"post","link":"https:\/\/navegantesoceanicos.com\/pt-pt\/sailing-marlin-natural-equilibrium\/","title":{"rendered":"Sailing Marlin. Natural Equilibrium"},"content":{"rendered":"<p>[et_pb_section fb_built=&#8221;1&#8243; admin_label=&#8221;section&#8221; _builder_version=&#8221;4.16&#8243; custom_margin=&#8221;-16px|||||&#8221; custom_padding=&#8221;6px||2px|||&#8221; global_colors_info=&#8221;{}&#8221;][et_pb_row admin_label=&#8221;row&#8221; _builder_version=&#8221;4.16&#8243; background_size=&#8221;initial&#8221; background_position=&#8221;top_left&#8221; background_repeat=&#8221;repeat&#8221; custom_padding=&#8221;4px|||||&#8221; global_colors_info=&#8221;{}&#8221;][et_pb_column type=&#8221;4_4&#8243; _builder_version=&#8221;4.16&#8243; custom_padding=&#8221;|||&#8221; global_colors_info=&#8221;{}&#8221; custom_padding__hover=&#8221;|||&#8221;][et_pb_text _builder_version=&#8221;4.27.4&#8243; _module_preset=&#8221;default&#8221; global_colors_info=&#8221;{}&#8221;]<\/p>\n<p style=\"text-align: center;\"><img decoding=\"async\" class=\"aligncenter\" src=\"https:\/\/navegantesoceanicos.com\/wp-content\/uploads\/2025\/01\/Travesia-Sicilia-Menorca-Sailing-marlin.jpg\" alt=\"\" width=\"552\" height=\"733\" \/><\/p>\n<p style=\"text-align: center;\"><span style=\"color: rgba(0, 0, 0, 0.9);\">Noa (Espanha) e Joseph (Alemanha) s\u00e3o grandes amantes da aventura e apaixonados pela vela. H\u00e1 pouco mais de um ano, deixaram para tr\u00e1s os seus empregos e o conforto da vida em terra para iniciarem a grande aventura da vida a bordo de um veleiro.<\/span><\/p>\n<p style=\"text-align: center;\"><span style=\"color: rgba(0, 0, 0, 0.9);\">J\u00e1 navegaram no seu veleiro por todo o Mediterr\u00e2neo, incluindo Cro\u00e1cia, Montenegro, Alb\u00e2nia, Gr\u00e9cia, It\u00e1lia e Espanha, entre outros pa\u00edses. Acabaram de iniciar a segunda etapa da travessia do Atl\u00e2ntico, partindo das Ilhas Can\u00e1rias para as Ilhas de Cabo Verde.<\/span><\/p>\n<p style=\"text-align: center;\"><span style=\"color: rgba(0, 0, 0, 0.9);\">Agradecemos a Noa e Joseph por partilharem connosco, nesta entrevista, a sua experi\u00eancia de vida a bordo nesta emocionante aventura e os projectos que t\u00eam na proa.<\/span><\/p>\n<p style=\"text-align: center;\"><img decoding=\"async\" class=\"aligncenter\" src=\"https:\/\/navegantesoceanicos.com\/wp-content\/uploads\/2025\/01\/NOa-Joseph-Sailing-Marlin.jpg\" alt=\"\" width=\"452\" height=\"452\" \/><\/p>\n<h2 style=\"text-align: center;\"><span style=\"color: #071c96;\"><strong>Como \u00e9 que se iniciou na vela e tinha alguma experi\u00eancia anterior quando come\u00e7ou esta aventura?<\/strong><\/span><\/h2>\n<p><span style=\"color: rgba(0, 0, 0, 0.94);\">Podemos dizer que ambos temos perfis muito diferentes como velejadores, embora tenhamos come\u00e7ado no mesmo barco e no mesmo s\u00edtio, mas com 19 anos de diferen\u00e7a: um bote de 5 metros no Lago Chiemsee, na Baviera (Alemanha).<\/span><\/p>\n<p><img decoding=\"async\" class=\"aligncenter\" src=\"https:\/\/navegantesoceanicos.com\/wp-content\/uploads\/2025\/01\/Sailboat-Libera.jpg\" alt=\"\" width=\"801\" height=\"532\" \/><\/p>\n<h2 style=\"text-align: center;\"><span style=\"color: #000000;\"><span style=\"color: #e02b20;\"><strong>Os in\u00edcios de Joseph:<\/strong><\/span> <\/span><\/h2>\n<p><span style=\"color: rgba(0, 0, 0, 0.96);\">Quando era crian\u00e7a (8 anos) sempre quis ter um c\u00e3o, mas os meus pais n\u00e3o estavam convencidos. Em vez disso, convenceram-me que seria muito melhor comprar um pequeno barco \u00e0 vela para a fam\u00edlia. Por alguma raz\u00e3o, concordei e os meus pais compraram um bote de 5 metros.<\/span><\/p>\n<p><span style=\"color: rgba(0, 0, 0, 0.96);\">A vela fascinou-me desde o primeiro dia e, apesar de os meus pais e irm\u00e3os s\u00f3 irem para a \u00e1gua para relaxar, eu sempre quis aprender coisas novas e, acima de tudo, velejar mais depressa.<\/span><\/p>\n<p><span style=\"color: rgba(0, 0, 0, 0.96);\">Quando tinha 14 anos, falei com algumas pessoas da zona para ver se podia participar em regatas. A minha motiva\u00e7\u00e3o e o meu fasc\u00ednio pela vela depressa me abriram a porta para velejar com v\u00e1rias equipas.<\/span><\/p>\n<p><span style=\"color: rgba(0, 0, 0, 0.96);\">Como a vela se tinha tornado a minha verdadeira paix\u00e3o, estabeleci como objetivo participar no maior n\u00famero poss\u00edvel de regatas e, mais tarde, tamb\u00e9m em sess\u00f5es de treino para melhorar as minhas capacidades. Aos 14 anos, tive a sorte de navegar com a tripula\u00e7\u00e3o de um iate do tipo Libera. Este barco, com 12 metros de comprimento e 8,50 metros de largura, tinha 14 pessoas a bordo, 13 das quais no trap\u00e9zio! Era um barco incr\u00edvel que, apesar do seu tamanho, podia ser navegado como um bote e todos os movimentos e manobras tinham de ser efectuados com extrema precis\u00e3o.<\/span><\/p>\n<p><span style=\"color: rgba(0, 0, 0, 0.96);\">Ao mesmo tempo, aproveitei todas as oportunidades para treinar e navegar em regatas com pequenos barcos como o 29er, o 18 p\u00e9s ou pequenos veleiros desportivos.<\/span><\/p>\n<p><img decoding=\"async\" class=\" aligncenter\" src=\"https:\/\/navegantesoceanicos.com\/wp-content\/uploads\/2025\/01\/IMMAC-ONE4ALL-2014.jpg\" alt=\"\" width=\"427\" height=\"641\" \/><\/p>\n<p><span style=\"color: #000000;\">Com o tempo, a vela tornou-se uma parte essencial da minha vida e decidi candidatar-me aos testes de sele\u00e7\u00e3o da Sailing Team Germany para integrar a equipa IMMAC ONE4ALL. Depois de passar nos testes, interrompi os meus estudos de engenharia mec\u00e2nica para me dedicar totalmente \u00e0 vela. Em 2013 e 2014, participei com sucesso em v\u00e1rias regatas nacionais e internacionais a bordo do ONE4ALL, um barco de 49 p\u00e9s com uma tripula\u00e7\u00e3o de 14 pessoas. A minha posi\u00e7\u00e3o no barco era a de proeiro e eu era tamb\u00e9m o capit\u00e3o do barco, respons\u00e1vel por toda a parte t\u00e9cnica do barco.<\/span><\/p>\n<p><span style=\"color: #000000;\">Ap\u00f3s este per\u00edodo de navega\u00e7\u00e3o intensiva, era altura de retomar os meus estudos e terminar a licenciatura e o mestrado. No entanto, a minha paix\u00e3o pela vela nunca esmoreceu, pelo que continuei a treinar outras equipas de regata e, juntos, celebr\u00e1mos muitos sucessos.<\/span><\/p>\n<p><span style=\"color: #000000;\">Ao longo dos anos, agora firmemente estabelecidos nas nossas carreiras profissionais, a Noa e eu tom\u00e1mos a decis\u00e3o de embarcar na maior aventura das nossas vidas: viver e viajar a bordo do nosso MARLIN.<\/span><\/p>\n<h2 style=\"text-align: center;\"><span style=\"color: #000000;\"><span style=\"color: #e02b20;\"><strong>Os in\u00edcios de Noa:<\/strong><\/span> <\/span><\/h2>\n<p><span style=\"color: #000000;\">Conheci o Joseph em Kiel, em 2013, durante o programa Erasmus na universidade. Embora a minha verdadeira paix\u00e3o tenha sido sempre a dan\u00e7a, conhecer o Joseph abriu-me novas oportunidades para aprender a velejar. Durante dois anos, vivendo perto do Lago Chiemsee, aproveitei muitos fins-de-semana para aprender com ele no barco que os seus pais tinham comprado 19 anos antes.<\/span><\/p>\n<p><span style=\"color: #000000;\">Embora tenhamos participado juntos nalgumas regatas locais, s\u00f3 depois da compra do nosso Marlin, em 2022, \u00e9 que comecei realmente a velejar no mar. Era algo completamente novo para mim. Desde ent\u00e3o, cada travessia tem sido uma nova experi\u00eancia e uma grande oportunidade de aprendizagem.<\/span><\/p>\n<p><span style=\"color: #000000;\">Para mim, a vela \u00e9 um desporto complexo que exige concentra\u00e7\u00e3o e sair da zona de conforto. O que mais me agrada \u00e9 a tranquilidade e a liberdade que adv\u00eam do contacto direto e constante com a natureza. Uma das coisas que mais valorizo na vela s\u00e3o as coisas que aprendo: as capacidades de navega\u00e7\u00e3o e de adapta\u00e7\u00e3o \u00e0s condi\u00e7\u00f5es vari\u00e1veis, bem como o crescimento pessoal que adv\u00e9m da vida a bordo. Todos os dias na \u00e1gua s\u00e3o \u00fanicos, o que torna a navega\u00e7\u00e3o interessante para mim.<\/span><\/p>\n<h2><img decoding=\"async\" class=\"aligncenter\" src=\"https:\/\/navegantesoceanicos.com\/wp-content\/uploads\/2025\/01\/Joseph-navegando-de-proel-en-varios-equipos.jpg\" alt=\"\" width=\"800\" height=\"530\" \/><\/h2>\n<h2 style=\"text-align: center;\"><span style=\"font-size: x-large;\"><strong style=\"color: #071399;\">Tem sido dif\u00edcil para si dar o salto para a grande mudan\u00e7a que representa viver num barco \u00e0 vela? O que \u00e9 que a vida a bordo lhe oferece de t\u00e3o especial?<\/strong><\/span><\/h2>\n<p><span style=\"color: #000000;\">A verdade \u00e9 que n\u00e3o demor\u00e1mos muito tempo a adaptar-nos a este novo modo de vida. Antes de vivermos a bordo, j\u00e1 t\u00ednhamos passado v\u00e1rios meses a viver numa carrinha que acamp\u00e1mos em 2019. Sab\u00edamos o que era viver num espa\u00e7o pequeno e tudo o que significa estar em contacto com a natureza. Quando come\u00e7\u00e1mos esta aventura, sab\u00edamos que tanto navegar como viver a bordo significava estar muito mais expostos \u00e0s limita\u00e7\u00f5es que a natureza imp\u00f5e, e que a vida seria mais lenta em compara\u00e7\u00e3o com o que est\u00e1vamos habituados em terra. Mas era exatamente isso que procur\u00e1vamos.<\/span><\/p>\n<p><span style=\"color: #000000;\">O que foi um grande passo para n\u00f3s, no entanto, foi abdicar completamente da nossa vida em terra. Para tornar a aventura financeiramente poss\u00edvel, tivemos de nos desfazer de todos os nossos pertences. Cancel\u00e1mos o nosso apartamento alugado e vendemos tudo o que n\u00e3o vinha a bordo. Foi um passo dif\u00edcil, pois significava abandonar completamente a nossa vida antiga para come\u00e7ar uma nova. Dizer adeus \u00e0 fam\u00edlia e aos amigos tamb\u00e9m n\u00e3o foi f\u00e1cil.<\/span><\/p>\n<p><span style=\"color: #000000;\">O que mais nos atrai nesta aventura a bordo \u00e9 a descoberta das dist\u00e2ncias entre pa\u00edses e continentes, bem como a descoberta de novas culturas e lugares. Nesta viagem, experiment\u00e1mos tamb\u00e9m uma evolu\u00e7\u00e3o a n\u00edvel pessoal. Em cada viagem, enfrentamos novos desafios, tanto a n\u00edvel individual como em equipa. Cada vez que chegamos a terra, celebramo-lo como uma grande conquista que nos fortalece imenso.<\/span><\/p>\n<h2><img decoding=\"async\" class=\" aligncenter\" src=\"https:\/\/navegantesoceanicos.com\/wp-content\/uploads\/2025\/01\/Cena-de-Navidad-en-Cabo-Verde-Mahi-Mahi.jpg\" alt=\"\" width=\"447\" height=\"707\" \/><\/h2>\n<h2 style=\"text-align: center;\">Que qualidades considera mais importantes para um velejador para navegar e viver num veleiro?<\/h2>\n<p><span style=\"color: #000000;\">Para poder aproveitar ao m\u00e1ximo o dia a bordo, \u00e9 essencial ser apaixonado pela aventura, uma vez que cada dia a bordo \u00e9 \u00fanico e cheio de surpresas. Deixemo-nos sempre testar, porque \u00e9 conveniente manter uma mentalidade aberta. Durante a viagem, vamos desenvolver a nossa capacidade de adapta\u00e7\u00e3o a novas situa\u00e7\u00f5es.<\/span><\/p>\n<p><span style=\"color: #000000;\">Consideramos tamb\u00e9m que o trabalho em equipa \u00e9 muito importante. A vida a bordo implica uma conviv\u00eancia constante e intensa. A confian\u00e7a e a comunica\u00e7\u00e3o m\u00fatuas fazem com que tudo funcione muito melhor, especialmente em momentos de stress ou dificuldade. Sem um bom entendimento e coopera\u00e7\u00e3o a bordo, a experi\u00eancia pode voltar a ser bastante complicada.<\/span><\/p>\n<p><span style=\"color: #000000;\">Para manter o barco em forma e resolver problemas inesperados, pode ser muito \u00fatil contar com pelo menos uma pessoa que tenha compet\u00eancias manuais e conhecimentos t\u00e9cnicos.<\/span><\/p>\n<p><span style=\"color: #000000;\">Por \u00faltimo, acreditamos que a organiza\u00e7\u00e3o e a capacidade de comunica\u00e7\u00e3o em diferentes l\u00ednguas s\u00e3o fundamentais. Ainda assim, h\u00e1 sempre muitas tarefas que coordenam a bordo, desde os aprovisionamentos ao planeamento das rotas e \u00e0 gest\u00e3o das tarefas do barco. A boa organiza\u00e7\u00e3o permite-nos evitar grandes surpresas e garantir a seguran\u00e7a e o sucesso das viagens, ao mesmo tempo que sabemos comunicar em v\u00e1rias l\u00ednguas os nossos resultados muito \u00fateis para interagir com pessoas de diferentes pa\u00edses.<\/span><\/p>\n<h2><img decoding=\"async\" class=\" aligncenter\" src=\"https:\/\/navegantesoceanicos.com\/wp-content\/uploads\/2025\/01\/velero-Marlin-en-Croacia.png\" alt=\"\" width=\"811\" height=\"456\" \/><\/h2>\n<h2 style=\"text-align: center;\">O processo de pesquisa do Velero foi f\u00e1cil? Alguma coisa dificultada? Como o encontrou? Quais s\u00e3o as qualidades destacadas do seu velho mundo?<\/h2>\n<p><span style=\"color: #000000;\">A procura de Velero n\u00e3o foi f\u00e1cil, uma vez que entre 2021 e 2022 o mercado de embarca\u00e7\u00f5es esteve praticamente vazio. Durante este tempo houve uma elevada procura que produziu um aumento de pre\u00e7os, o que converteu a compra num retorno. Descobri o Marlin anunciado numa plataforma online de an\u00fancios privados na Alemanha. A qualidade do an\u00fancio e as fotos foram descartadas pelo que pretende, o que o tornou menos apelativo e isso foi usado para nosso favor. Quando os visit\u00e1mos, o estado do barco era melhor do que imagin\u00e1vamos pela descri\u00e7\u00e3o do an\u00fancio. Claro que t\u00ednhamos trabalhos de renova\u00e7\u00e3o e melhorias para fazer, mas era claro para n\u00f3s que este era o compromisso que dev\u00edamos assumir se nos ajustar\u00edamos aos pressupostos dispon\u00edveis.<\/span><\/p>\n<p><span style=\"color: #000000;\">O barco \u00e9 um Jeanneau Sun Shine 38 de 1988 com uma constru\u00e7\u00e3o muito s\u00f3lida. O interior continua a ser feito de madeira maci\u00e7a e o casco \u00e9 laminado de fibra de vidro e maci\u00e7os de kevlar sem constru\u00e7\u00e3o em sandu\u00edche. A forma do casco foi copiada de um barco r\u00e1pido de regatas da \u00e9poca e foi constru\u00edda em s\u00e9rie como cruzeiro. El Sun Shine 38 \u00e9 um veludo relativamente leve e com uma grande superf\u00edcie v\u00e9lica. Isto nota-se especialmente quando muitos outros barcos navegam a motor enquanto n\u00f3s podemos continuar a navegar tranquilamente. Apesar do seu peso leve, sentimo-nos muito seguros em todas as condi\u00e7\u00f5es e sempre desfrut\u00e1mos das suas excelentes caracter\u00edsticas de navega\u00e7\u00e3o. Gost\u00e1mos especialmente da gran ba\u00f1era, que \u00e9 ainda maior gra\u00e7as \u00e0 ca\u00f1a del tim\u00f3n.<\/span><\/p>\n<h2><img decoding=\"async\" class=\"aligncenter\" src=\"https:\/\/navegantesoceanicos.com\/wp-content\/uploads\/2025\/01\/Fondeadero-precioso-en-Grecia.jpg\" alt=\"\" width=\"883\" height=\"505\" \/><\/h2>\n<h2 style=\"text-align: center;\">Hab\u00e9is navegados por muitos lugares do Mediterr\u00e2neo,<br \/>Qual \u00e9 o local onde mais gostou?\u00a0<\/h2>\n<p><span style=\"color: #000000;\">\u00c9 uma pergunta dif\u00edcil de responder, pois cada local que visitamos tem algo de especial. Quanto aos portos, n\u00e3o podemos opinar demasiado, porque durante os primeiros seis meses da nossa viagem, estuvimos sempre apaixonados. Solo atracamos no porto de Sali (Cro\u00e1cia) e no de Saranda (Alb\u00e2nia). Ambos s\u00e3o portos municipais e centrais, nos que nos aprovamos para fazer uma paragem curta e abastecermos de \u00e1gua.<\/span><\/p>\n<p><span style=\"color: #000000;\">Las islas Kornati (Cro\u00e1cia) nos cautivaron como destino natural. Tuvimos a terra de as visitar na \u00e9poca baixa, sem outros barcos e pessoas \u00e0 volta, o que para n\u00f3s era um aut\u00eantico para\u00edso.<\/span><\/p>\n<p><span style=\"color: #000000;\">No que diz respeito \u00e0 parte tradicional e cultural, a Sic\u00edlia \u00e9 um local que vale muito a pena visitar. Encantar-nos Siracusa e as ilhas E\u00f3licas. Um momento muito especial para n\u00f3s foi ver a erup\u00e7\u00e3o do vulc\u00e3o Etna enquanto naveg\u00e1vamos pela noite.<\/span><\/p>\n<p><span style=\"color: #000000;\">A parte mais aut\u00eantica do Mediterr\u00e2neo localiza-se na Alb\u00e2nia e no Montenegro. Al\u00e9m disso, Marruecos tamb\u00e9m nos deixou uma impress\u00e3o muito positiva. Excluindo a Ba\u00eda de Cotor no Montenegro, estes pa\u00edses n\u00e3o s\u00e3o especialmente interessantes para a navega\u00e7\u00e3o, mas conhecer a cultura e as tradi\u00e7\u00f5es destes destinos foram muito valiosos para n\u00f3s.<\/span><\/p>\n<h2><img decoding=\"async\" class=\"aligncenter\" src=\"https:\/\/navegantesoceanicos.com\/wp-content\/uploads\/2025\/01\/Islas-Kornati-en-Croacia.jpg\" alt=\"\" width=\"885\" height=\"498\" \/><\/h2>\n<h2 style=\"text-align: center;\"><span style=\"color: #0810a5;\"><strong>\u00c9 importante cuidar do ambiente m\u00e9dio e especialmente das \u00e1guas e dos oceanos.<br \/>O que pretende expressar com \u201c<\/strong><\/span><span style=\"color: #0810a5;\"><strong>Natural Equilibrium<\/strong><\/span><span style=\"color: #0810a5;\"><strong>?\u201d. J\u00e1 colaborou em algum projeto relacionado com o meio ambiente?<\/strong><\/span><\/h2>\n<p><span style=\"color: #000000;\">O principal objetivo da associa\u00e7\u00e3o NATURAL EQUILIBRIUM \u00e9 promover um estilo de vida em harmonia com a naturalidade e fomentar uma consci\u00eancia sustent\u00e1vel. Para isso, acreditamos que \u00e9 fundamental promover um modo de vida equilibrado, inspirando e motivando outros a viver de maneira consciente, tendo em conta os benef\u00edcios que nos trazem a naturalidade.<\/span><\/p>\n<p><span style=\"color: #000000;\">O primeiro projecto da associa\u00e7\u00e3o consistiu numa campanha de planta\u00e7\u00e3o de \u00e1rvores, levada a cabo na \u00c1ustria antes da nossa partida. Gra\u00e7as ao apoio de alguns indiv\u00edduos, podemos contribuir de forma significativa para a refloresta\u00e7\u00e3o de um bosque misto. En solo dos dias, plant\u00e1mos cerca de 300 \u00e1rvores.<\/span><\/p>\n<p><span style=\"color: #000000;\">Durante a viagem, tivemos a oportunidade de conversar com in\u00fameras pessoas locais sobre as condi\u00e7\u00f5es medioambientais e partilhar a import\u00e2ncia, ou em alguns casos, da falta de aten\u00e7\u00e3o, que \u00e9 um tema em diferentes pa\u00edses. Na Alb\u00e2nia e em Espanha, foram organizadas campanhas de reconhecimento de res\u00edduos com a participa\u00e7\u00e3o de pessoas da zona, com o objectivo de sensibilizar a popula\u00e7\u00e3o para os problemas reais do pl\u00e1stico.<\/span><\/p>\n<p><span style=\"color: #000000;\">Com o projeto Sailing Marlin tratamos de inspirar e conhecer outras pessoas para viver de uma forma conectada com a naturalidade. No pr\u00f3ximo ano, n\u00f3s gustar\u00edamos seguir levando a cabo projetos semelhantes no outro continente.<\/span><\/p>\n<h2><img decoding=\"async\" class=\"aligncenter\" src=\"https:\/\/navegantesoceanicos.com\/wp-content\/uploads\/2025\/01\/Ultimo-paso-del-refit-del-casco.jpeg\" alt=\"\" width=\"893\" height=\"502\" \/><\/h2>\n<h2 style=\"text-align: center;\">Imagine que um barco implica muitos trabalhos de manuten\u00e7\u00e3o,<br \/>Como organiza esses trabalhos? \u00bfFa\u00e7a voc\u00ea mesmo?<\/h2>\n<p><span style=\"color: #000000;\">Sim, um barco requer sempre um cuidado constante. Antes de iniciar a viagem, realiz\u00e1mos um extenso trabalho de restauro e equipamento para evitar complica\u00e7\u00f5es maiores durante a viagem. Desde abril que levamos a cabo revis\u00f5es e mantenimentos regulares, o que nos permitiu evitar repara\u00e7\u00f5es dispendiosas. Estamos muito satisfeitos com este procedimento, pois, desde que zarp\u00e1mos, n\u00e3o temos tido nada de importante. A maior parte dos trabalhos realizados foi para equipar o barco de caras no cruzeiro do Atl\u00e2ntico.<\/span><\/p>\n<p><span style=\"color: #000000;\">Estas revis\u00f5es peri\u00f3dicas permitiram-nos encontrar um bom equil\u00edbrio entre o tempo livre e o tempo dedicado \u00e0 manuten\u00e7\u00e3o do barco. En promedio, dedicamos 1-2 dias por semana a esta \u00e1rea.<\/span><\/p>\n<p><span style=\"color: #000000;\">Joseph \u00e9 o respons\u00e1vel principal da parte t\u00e9cnica. Gra\u00e7as \u00e0 sua forma\u00e7\u00e3o em Engenharia Mec\u00e2nica e, acima de tudo, \u00e0 sua vasta experi\u00eancia como t\u00e9cnico respons\u00e1vel noutros barcos, somos capazes de abordar qualquer problema e garantir uma manuten\u00e7\u00e3o adequada sem a necessidade de recorrer a ajuda externa. Esta abordagem n\u00e3o s\u00f3 nos permite reduzir custos, como tamb\u00e9m proporciona uma grande seguran\u00e7a, especialmente durante viagens longas, uma vez que conhecemos o nosso barco em detalhe e estamos preparados para enfrentar qualquer imprevisto.<\/span><\/p>\n<h2><img decoding=\"async\" class=\"aligncenter\" src=\"https:\/\/navegantesoceanicos.com\/wp-content\/uploads\/2025\/01\/Caos-antes-de-zarpar-desde-Lignano.jpg\" alt=\"\" width=\"784\" height=\"560\" \/><\/h2>\n<h2 style=\"text-align: center;\">Preparar um velero para a cruz do Atl\u00e2ntico n\u00e3o deve ser f\u00e1cil.<br \/>Que aspetos s\u00e3o os mais importantes? Algum conselho?<\/h2>\n<p><span style=\"color: #000000;\">Para n\u00f3s, o processo de prepara\u00e7\u00e3o do barco implicou algumas horas de trabalho e uma invers\u00e3o significativa no equipamento adequado.<\/span><\/p>\n<p><span style=\"color: #000000;\">Um dos aspetos mais importantes, que tamb\u00e9m aconselhamos a qualquer navegador que se enfrente em viagens longas, \u00e9 o piloto autom\u00e1tico, o mar el\u00e9trico ou o vento. No nosso caso, opt\u00e1mos por um sistema el\u00e9trico, que nos proporciona uma maior autonomia. Para n\u00f3s, o piloto autom\u00e1tico \u00e9 outro membro da tripula\u00e7\u00e3o que n\u00e3o precisa de comida e tampoco se queja.<\/span><\/p>\n<p><span style=\"color: #000000;\">O sistema el\u00e9trico \u00e9 outro ponto chave que nos permite ser autossuficiente quando h\u00e1 energia a bordo. Para tal, instal\u00e1mos baterias de l\u00edtio com 600 Ah e pain\u00e9is solares de 840 Wp.<\/span><\/p>\n<p><span style=\"color: #000000;\">O fornecimento de comida e bebida \u00e9 tamb\u00e9m fundamental. Durante a nossa est\u00e2ncia nas Can\u00e1rias, abastecemo-nos de tudo o que \u00e9 necess\u00e1rio, pois nas Cara\u00edbas a disponibilidade \u00e9 geralmente mais baixa e os pre\u00e7os mais elevados. Al\u00e9m disso, carregamos mais de 100 litros de \u00e1gua embotellada, somando os 360 litros que temos nos tanques. Mesmo alguns barcos contando com dessalinizadores, n\u00f3s, por raz\u00f5es de presun\u00e7\u00e3o, decidimos prescindir dela.<\/span><\/p>\n<p><span style=\"color: #000000;\">Em Espanha, realizamos uma revis\u00e3o completa do motor para garantir que tudo funciona corretamente.<\/span><\/p>\n<p><span style=\"color: #000000;\">Outro aspeto muito importante \u00e9 o equipamento de seguran\u00e7a. Investimos numa balsa salvavida homologada para dispositivos Offshore, EPIRB, MOB e chalecos salvavidas de alta qualidade.<\/span><\/p>\n<p><span style=\"color: #000000;\">Para a navega\u00e7\u00e3o, utilizamos cartas eletr\u00f3nicas que temos dispon\u00edveis nos nossos tablets. Al\u00e9m disso, o sinal AIS \u00e9 essencial para detetar outros barcos e ser detetado.<\/span><\/p>\n<p><span style=\"color: #000000;\">Al\u00e9m disso, temos Starlink a bordo, o que nos permite estar ligado \u00e0 internet e aceder a informa\u00e7\u00e3o meteorol\u00f3gica em tempo real.<\/span><\/p>\n<p><span style=\"color: #000000;\">\u00c9 crucial rever toda a jarra e as velas antes da viagem, e garantir o acesso \u00e0 Europa com pe\u00e7as de substitui\u00e7\u00e3o suficientes. Las pe\u00e7as no Caribe nem sempre est\u00e3o dispon\u00edveis, e os envios podem atrasar muito tempo.<\/span><\/p>\n<p><span style=\"color: #000000;\">E, com certeza, o mais importante \u00e9 navegar com uma tripula\u00e7\u00e3o de confian\u00e7a, com o que se tem experi\u00eancia pr\u00e9via. Isto \u00e9 essencial para enfrentar qualquer desafio com seguran\u00e7a e efic\u00e1cia.<\/span><\/p>\n<h2><img decoding=\"async\" class=\"aligncenter\" src=\"https:\/\/navegantesoceanicos.com\/wp-content\/uploads\/2025\/01\/Marlin-Crew-entrenamiento.jpg\" alt=\"\" width=\"667\" height=\"500\" \/><\/h2>\n<h2 style=\"text-align: center;\">Qual \u00e9 o plano de navega\u00e7\u00e3o tenis a curto plazo? \u00bfY a meio \/ largo plazo?<\/h2>\n<p><span style=\"color: rgba(0, 0, 0, 0.99);\">No final do prazo, a nossa abordagem principal est\u00e1 na prepara\u00e7\u00e3o para o cruzeiro do Atl\u00e2ntico. Encontramo-nos actualmente em Cabo Verde, a realizar as \u00faltimas revis\u00f5es e ajustes necess\u00e1rios, enquanto aguardamos pela janela meteorol\u00f3gica ideal para atravessar. Se as condi\u00e7\u00f5es o permitirem, temos previsto zarpar no dia 5 de janeiro.<\/span><\/p>\n<p><span style=\"color: rgba(0, 0, 0, 0.99);\">Em 2025, os ventos alisios levar-nos-\u00e3o para as ilhas Antilhas do Caribe, come\u00e7ando em Tobago e continuando para o norte, at\u00e9 pouco antes do in\u00edcio da temporada de furac\u00f5es, que suelen come\u00e7ar\u00e1 a finais de maio ou princ\u00edpios de junho. Durante a \u00e9poca dos furac\u00f5es, planeamos refugiar-nos na parte das Cara\u00edbas e continuaremos a navegar para a Col\u00f4mbia e o Panam\u00e1.<\/span><\/p>\n<p><span style=\"color: rgba(0, 0, 0, 0.99);\">Para 2026, ainda n\u00e3o temos planos definidos. Em princ\u00edpio, ponderamos a possibilidade de regressar \u00e0 Europa, mas estamos abertos a novas oportunidades e destinos.<\/span><\/p>\n<h2><img decoding=\"async\" class=\"aligncenter\" src=\"https:\/\/navegantesoceanicos.com\/wp-content\/uploads\/2025\/01\/NJ.jpg\" alt=\"\" width=\"456\" height=\"616\" \/><\/h2>\n<h2 style=\"text-align: center;\">Para terminar, esqueceu-se de perguntar algo? Quer adicionar algo mais?<br \/>Como podemos seguir a nossa aventura? (Enlaces a redes sociais).<\/h2>\n<p style=\"text-align: center;\"><span style=\"color: rgba(0, 0, 0, 0.98);\">Regozij\u00e1mo-nos muito por seguirmos a nossa aventura nas redes sociais.<\/span><\/p>\n<p style=\"text-align: center;\"><span style=\"color: rgba(0, 0, 0, 0.98);\">Estes s\u00e3o os nossos links:<\/span><\/p>\n<ul>\n<li><span style=\"color: #000000;\">Instagram: <strong><span style=\"color: #e02b20;\"><a style=\"color: #e02b20;\" href=\"https:\/\/www.instagram.com\/sailing.marlin\/\">https:\/\/www.instagram.com\/sailing.marlin\/<\/a><\/span><\/strong><\/span><\/li>\n<li><span style=\"color: #000000;\">Facebook: <span style=\"color: #e02b20;\"><strong><a style=\"color: #e02b20;\" href=\"https:\/\/www.facebook.com\/share\/3QLTgAAht43HfiEN\/?mibextid=LQQJ4d\">https:\/\/www.facebook.com\/share\/3QLTgAAht43HfiEN\/?mibextid=LQQJ4d<\/a><\/strong><\/span><\/span><\/li>\n<li><span style=\"color: #000000;\">TikTok: <span style=\"color: #e02b20;\"><strong><a style=\"color: #e02b20;\" href=\"https:\/\/www.tiktok.com\/@sailing.marlin\">https:\/\/www.tiktok.com\/@sailing.marlin<\/a><\/strong><\/span><\/span><\/li>\n<li><span style=\"color: #000000;\">P\u00e1gina web de NATURAL EQUILIBRIUM: <strong><span style=\"color: #e02b20;\"><a style=\"color: #e02b20;\" href=\"https:\/\/natural-equilibrium.com\/es\/\">Natural Equilibrium \u2013 The essential natural balance between people and nature<\/a><\/span><\/strong><\/span><\/li>\n<\/ul>\n<p style=\"text-align: center;\"><span style=\"color: rgba(0, 0, 0, 0.99);\">Para aqueles que desejam viver a experi\u00eancia em tempo real, organiz\u00e1mos tr\u00eas retransmiss\u00f5es en directo (Live Streams) durante o nosso cruzeiro no Atl\u00e2ntico. A primeira ser\u00e1 ao izar as velas no Mindelo, a segunda no meio do oceano, e a \u00faltima ao chegar \u00e0 ilha de Tobago. Cada sess\u00e3o ser\u00e1 realizada por Zoom e ter\u00e1 a dura\u00e7\u00e3o de uma hora. Falaremos em ingl\u00eas, mas, por suposto, poder\u00e1 fazer perguntas em espanhol.<\/span><\/p>\n<p style=\"text-align: center;\"><span style=\"color: rgba(0, 0, 0, 0.99);\">Nestas retransmiss\u00f5es, queremos mostrar como \u00e9 a vida em alta mar, abordando temas chave para a cruz do Atl\u00e2ntico: preparativos, mentalidade, retos, momentos especiais, li\u00e7\u00f5es aprendidas e muitos outros aspetos. Ser\u00e3o sess\u00f5es interativas em que responderemos a todas as quest\u00f5es sem filtros e segredos.<\/span><\/p>\n<p style=\"text-align: center;\"><span style=\"color: rgba(0, 0, 0, 0.99);\">Para participar, pode reservar o seu acesso \u00e0 transmiss\u00e3o em direto atrav\u00e9s deste link:<\/span><\/p>\n<p style=\"text-align: center;\"><span style=\"color: #000000;\"><a style=\"color: #000000;\" href=\"https:\/\/stan.store\/sailingmarlin\"><span style=\"color: #e02b20;\"><strong>https:\/\/stan.store\/sailingmarlin<\/strong><\/span><\/a><\/span><\/p>\n<p>[\/et_pb_text][et_pb_divider divider_weight=&#8221;3px&#8221; _builder_version=&#8221;4.27.4&#8243; _module_preset=&#8221;default&#8221; custom_margin=&#8221;||17px|||&#8221; global_colors_info=&#8221;{}&#8221;][\/et_pb_divider][et_pb_text _builder_version=&#8221;4.27.4&#8243; _module_preset=&#8221;default&#8221; global_colors_info=&#8221;{}&#8221;]<\/p>\n<p style=\"text-align: center;\"><span style=\"color: rgba(0, 0, 0, 0.94);\">Desde \u00abNavegantes Oce\u00e2nicos\u00bb que agradecemos \u00e0 Noa e ao Joseph a sua colabora\u00e7\u00e3o com esta interessante entrevista, que tenho a certeza que sirvo de modelo e inspira\u00e7\u00e3o para os navegantes que est\u00e3o a pensar dar o salto para a navega\u00e7\u00e3o oce\u00e2nica, e os desejos muito suerte e bons ventos nas pr\u00f3ximas pr\u00f3ximas aventuras!<\/span><\/p>\n<p style=\"text-align: center;\"><span style=\"color: rgba(0, 0, 0, 0.94);\">N\u00f3s seguiremos pelas redes sociais!<\/span><\/p>\n<p>[\/et_pb_text][et_pb_divider divider_weight=&#8221;3px&#8221; _builder_version=&#8221;4.27.4&#8243; _module_preset=&#8221;default&#8221; custom_margin=&#8221;||4px|||&#8221; global_colors_info=&#8221;{}&#8221;][\/et_pb_divider][et_pb_image src=&#8221;https:\/\/navegantesoceanicos.com\/wp-content\/uploads\/2022\/09\/proteccion-web-con-ISSN.jpg&#8221; title_text=&#8221;protecci\u00f3n web con ISSN&#8221; _builder_version=&#8221;4.27.4&#8243; _module_preset=&#8221;default&#8221; global_colors_info=&#8221;{}&#8221;][\/et_pb_image][\/et_pb_column][\/et_pb_row][\/et_pb_section]<\/p>\n","protected":false},"excerpt":{"rendered":"<p>Noa e Joseph s\u00e3o grandes pela vela. H\u00e1 pouco mais de um ano, deixaram para tr\u00e1s os seus empregos e o conforto da vida em terra para iniciarem a grande aventura da vida a bordo de um veleiro. Navegaram no seu veleiro por todo o Mediterr\u00e2neo e est\u00e3o agora a meio da aventura de atravessar o Atl\u00e2ntico \u00e0 vela. Nesta entrevista, partilham connosco a sua experi\u00eancia e os projectos que t\u00eam na proa.<\/p>\n","protected":false},"author":2,"featured_media":37587,"comment_status":"open","ping_status":"open","sticky":false,"template":"","format":"standard","meta":{"_et_pb_use_builder":"on","_et_pb_old_content":"","_et_gb_content_width":"","footnotes":"","_wp_rev_ctl_limit":""},"categories":[208,224],"tags":[],"class_list":["post-37632","post","type-post","status-publish","format-standard","has-post-thumbnail","hentry","category-entrevistas-com-os-navegantes","category-proyectos-oceanicos-pt-pt","et-has-post-format-content","et_post_format-et-post-format-standard"],"yoast_head":"<!-- This site is optimized with the Yoast SEO plugin v27.4 - https:\/\/yoast.com\/product\/yoast-seo-wordpress\/ -->\n<title>Sailing Marlin. Natural Equilibrium - Navegantes Oce\u00e1nicos<\/title>\n<meta name=\"description\" content=\"Navegantes Oce\u00e2nicos, web com conte\u00fados para amantes do mar, tripulantes, marinheiros, skippers ou armadores.\" \/>\n<meta name=\"robots\" content=\"index, follow, max-snippet:-1, max-image-preview:large, max-video-preview:-1\" \/>\n<link rel=\"canonical\" href=\"https:\/\/navegantesoceanicos.com\/pt-pt\/sailing-marlin-natural-equilibrium\/\" \/>\n<meta property=\"og:locale\" content=\"pt_PT\" \/>\n<meta property=\"og:type\" content=\"article\" \/>\n<meta property=\"og:title\" content=\"Sailing Marlin. Natural Equilibrium - Navegantes Oce\u00e1nicos\" \/>\n<meta property=\"og:description\" content=\"Navegantes Oce\u00e2nicos, web com conte\u00fados para amantes do mar, tripulantes, marinheiros, skippers ou armadores.\" \/>\n<meta property=\"og:url\" content=\"https:\/\/navegantesoceanicos.com\/pt-pt\/sailing-marlin-natural-equilibrium\/\" \/>\n<meta property=\"og:site_name\" content=\"Navegantes Oce\u00e1nicos\" \/>\n<meta property=\"article:publisher\" content=\"https:\/\/www.facebook.com\/Navegantes-Oce%c3%a1nicos-112578593494698\" \/>\n<meta property=\"article:published_time\" content=\"2025-01-03T18:38:20+00:00\" \/>\n<meta property=\"article:modified_time\" content=\"2025-01-03T18:55:13+00:00\" \/>\n<meta property=\"og:image\" content=\"https:\/\/navegantesoceanicos.com\/wp-content\/uploads\/2025\/01\/Sailing-Marling-Natural-Equilibrium.jpg\" \/>\n\t<meta property=\"og:image:width\" content=\"1000\" \/>\n\t<meta property=\"og:image:height\" content=\"1778\" \/>\n\t<meta property=\"og:image:type\" content=\"image\/jpeg\" \/>\n<meta name=\"author\" content=\"Juan Gonz\u00e1lez-Aller Lacalle\" \/>\n<meta name=\"twitter:label1\" content=\"Escrito por\" \/>\n\t<meta name=\"twitter:data1\" content=\"Juan Gonz\u00e1lez-Aller Lacalle\" \/>\n\t<meta name=\"twitter:label2\" content=\"Tempo estimado de leitura\" \/>\n\t<meta name=\"twitter:data2\" content=\"17 minutos\" \/>\n<script type=\"application\/ld+json\" class=\"yoast-schema-graph\">{\"@context\":\"https:\\\/\\\/schema.org\",\"@graph\":[{\"@type\":\"Article\",\"@id\":\"https:\\\/\\\/navegantesoceanicos.com\\\/pt-pt\\\/sailing-marlin-natural-equilibrium\\\/#article\",\"isPartOf\":{\"@id\":\"https:\\\/\\\/navegantesoceanicos.com\\\/pt-pt\\\/sailing-marlin-natural-equilibrium\\\/\"},\"author\":{\"name\":\"Juan Gonz\u00e1lez-Aller Lacalle\",\"@id\":\"https:\\\/\\\/navegantesoceanicos.com\\\/pt-pt\\\/#\\\/schema\\\/person\\\/4efe3afaef12467194c46aa710898a5c\"},\"headline\":\"Sailing Marlin. Natural Equilibrium\",\"datePublished\":\"2025-01-03T18:38:20+00:00\",\"dateModified\":\"2025-01-03T18:55:13+00:00\",\"mainEntityOfPage\":{\"@id\":\"https:\\\/\\\/navegantesoceanicos.com\\\/pt-pt\\\/sailing-marlin-natural-equilibrium\\\/\"},\"wordCount\":3397,\"commentCount\":0,\"publisher\":{\"@id\":\"https:\\\/\\\/navegantesoceanicos.com\\\/pt-pt\\\/#organization\"},\"image\":{\"@id\":\"https:\\\/\\\/navegantesoceanicos.com\\\/pt-pt\\\/sailing-marlin-natural-equilibrium\\\/#primaryimage\"},\"thumbnailUrl\":\"https:\\\/\\\/navegantesoceanicos.com\\\/wp-content\\\/uploads\\\/2025\\\/01\\\/Fondeadero-precioso-en-Grecia.jpg\",\"articleSection\":[\"entrevistas com os navegantes\",\"Proyectos oce\u00e1nicos\"],\"inLanguage\":\"pt-PT\",\"potentialAction\":[{\"@type\":\"CommentAction\",\"name\":\"Comment\",\"target\":[\"https:\\\/\\\/navegantesoceanicos.com\\\/pt-pt\\\/sailing-marlin-natural-equilibrium\\\/#respond\"]}]},{\"@type\":\"WebPage\",\"@id\":\"https:\\\/\\\/navegantesoceanicos.com\\\/pt-pt\\\/sailing-marlin-natural-equilibrium\\\/\",\"url\":\"https:\\\/\\\/navegantesoceanicos.com\\\/pt-pt\\\/sailing-marlin-natural-equilibrium\\\/\",\"name\":\"Sailing Marlin. Natural Equilibrium - Navegantes Oce\u00e1nicos\",\"isPartOf\":{\"@id\":\"https:\\\/\\\/navegantesoceanicos.com\\\/pt-pt\\\/#website\"},\"primaryImageOfPage\":{\"@id\":\"https:\\\/\\\/navegantesoceanicos.com\\\/pt-pt\\\/sailing-marlin-natural-equilibrium\\\/#primaryimage\"},\"image\":{\"@id\":\"https:\\\/\\\/navegantesoceanicos.com\\\/pt-pt\\\/sailing-marlin-natural-equilibrium\\\/#primaryimage\"},\"thumbnailUrl\":\"https:\\\/\\\/navegantesoceanicos.com\\\/wp-content\\\/uploads\\\/2025\\\/01\\\/Fondeadero-precioso-en-Grecia.jpg\",\"datePublished\":\"2025-01-03T18:38:20+00:00\",\"dateModified\":\"2025-01-03T18:55:13+00:00\",\"description\":\"Navegantes Oce\u00e2nicos, web com conte\u00fados para amantes do mar, tripulantes, marinheiros, skippers ou armadores.\",\"breadcrumb\":{\"@id\":\"https:\\\/\\\/navegantesoceanicos.com\\\/pt-pt\\\/sailing-marlin-natural-equilibrium\\\/#breadcrumb\"},\"inLanguage\":\"pt-PT\",\"potentialAction\":[{\"@type\":\"ReadAction\",\"target\":[\"https:\\\/\\\/navegantesoceanicos.com\\\/pt-pt\\\/sailing-marlin-natural-equilibrium\\\/\"]}]},{\"@type\":\"ImageObject\",\"inLanguage\":\"pt-PT\",\"@id\":\"https:\\\/\\\/navegantesoceanicos.com\\\/pt-pt\\\/sailing-marlin-natural-equilibrium\\\/#primaryimage\",\"url\":\"https:\\\/\\\/navegantesoceanicos.com\\\/wp-content\\\/uploads\\\/2025\\\/01\\\/Fondeadero-precioso-en-Grecia.jpg\",\"contentUrl\":\"https:\\\/\\\/navegantesoceanicos.com\\\/wp-content\\\/uploads\\\/2025\\\/01\\\/Fondeadero-precioso-en-Grecia.jpg\",\"width\":1049,\"height\":600,\"caption\":\"Fondeadero en Grecia\"},{\"@type\":\"BreadcrumbList\",\"@id\":\"https:\\\/\\\/navegantesoceanicos.com\\\/pt-pt\\\/sailing-marlin-natural-equilibrium\\\/#breadcrumb\",\"itemListElement\":[{\"@type\":\"ListItem\",\"position\":1,\"name\":\"Portada\",\"item\":\"https:\\\/\\\/navegantesoceanicos.com\\\/pt-pt\\\/\"},{\"@type\":\"ListItem\",\"position\":2,\"name\":\"Sailing Marlin. Natural Equilibrium\"}]},{\"@type\":\"WebSite\",\"@id\":\"https:\\\/\\\/navegantesoceanicos.com\\\/pt-pt\\\/#website\",\"url\":\"https:\\\/\\\/navegantesoceanicos.com\\\/pt-pt\\\/\",\"name\":\"Navegantes Oce\u00e1nicos\",\"description\":\"Navegantes oce\u00e1nicos, te ayudamos a navegar, para navegantes, tripulantes, regatistas y armadores, escuela n\u00e1utica, libros on-line sobre t\u00e1cticas y equipamiento para la navegaci\u00f3n a vela, fondear, atracar, el manejo de las velas, electricidad a bordo, navegaci\u00f3n con mal tiempo, rutas oce\u00e1nicas y mucho m\u00e1s\",\"publisher\":{\"@id\":\"https:\\\/\\\/navegantesoceanicos.com\\\/pt-pt\\\/#organization\"},\"potentialAction\":[{\"@type\":\"SearchAction\",\"target\":{\"@type\":\"EntryPoint\",\"urlTemplate\":\"https:\\\/\\\/navegantesoceanicos.com\\\/pt-pt\\\/?s={search_term_string}\"},\"query-input\":{\"@type\":\"PropertyValueSpecification\",\"valueRequired\":true,\"valueName\":\"search_term_string\"}}],\"inLanguage\":\"pt-PT\"},{\"@type\":\"Organization\",\"@id\":\"https:\\\/\\\/navegantesoceanicos.com\\\/pt-pt\\\/#organization\",\"name\":\"Navegantes Oce\u00e1nicos\",\"url\":\"https:\\\/\\\/navegantesoceanicos.com\\\/pt-pt\\\/\",\"logo\":{\"@type\":\"ImageObject\",\"inLanguage\":\"pt-PT\",\"@id\":\"https:\\\/\\\/navegantesoceanicos.com\\\/pt-pt\\\/#\\\/schema\\\/logo\\\/image\\\/\",\"url\":\"https:\\\/\\\/navegantesoceanicos.com\\\/wp-content\\\/uploads\\\/2019\\\/12\\\/LOGO-NAVEGANTES-OCEANICOS.png\",\"contentUrl\":\"https:\\\/\\\/navegantesoceanicos.com\\\/wp-content\\\/uploads\\\/2019\\\/12\\\/LOGO-NAVEGANTES-OCEANICOS.png\",\"width\":1010,\"height\":814,\"caption\":\"Navegantes Oce\u00e1nicos\"},\"image\":{\"@id\":\"https:\\\/\\\/navegantesoceanicos.com\\\/pt-pt\\\/#\\\/schema\\\/logo\\\/image\\\/\"},\"sameAs\":[\"https:\\\/\\\/www.facebook.com\\\/Navegantes-Oce\u00e1nicos-112578593494698\",\"https:\\\/\\\/www.instagram.com\\\/navegantes_oceanicos\\\/?hl=es\",\"https:\\\/\\\/www.youtube.com\\\/channel\\\/UCXgDL_6xqE7rpdwNXRmzF_Q\\\/featured\"]},{\"@type\":\"Person\",\"@id\":\"https:\\\/\\\/navegantesoceanicos.com\\\/pt-pt\\\/#\\\/schema\\\/person\\\/4efe3afaef12467194c46aa710898a5c\",\"name\":\"Juan Gonz\u00e1lez-Aller Lacalle\",\"image\":{\"@type\":\"ImageObject\",\"inLanguage\":\"pt-PT\",\"@id\":\"https:\\\/\\\/secure.gravatar.com\\\/avatar\\\/8262155dfd99d33a131c0b6f7c6d5b289bcc5a78eb8915b59699287a091367be?s=96&d=mm&r=g\",\"url\":\"https:\\\/\\\/secure.gravatar.com\\\/avatar\\\/8262155dfd99d33a131c0b6f7c6d5b289bcc5a78eb8915b59699287a091367be?s=96&d=mm&r=g\",\"contentUrl\":\"https:\\\/\\\/secure.gravatar.com\\\/avatar\\\/8262155dfd99d33a131c0b6f7c6d5b289bcc5a78eb8915b59699287a091367be?s=96&d=mm&r=g\",\"caption\":\"Juan Gonz\u00e1lez-Aller Lacalle\"},\"sameAs\":[\"https:\\\/\\\/navegantesoceanicos.com\"],\"url\":\"https:\\\/\\\/navegantesoceanicos.com\\\/pt-pt\\\/author\\\/juan-director\\\/\"}]}<\/script>\n<!-- \/ Yoast SEO plugin. -->","yoast_head_json":{"title":"Sailing Marlin. Natural Equilibrium - Navegantes Oce\u00e1nicos","description":"Navegantes Oce\u00e2nicos, web com conte\u00fados para amantes do mar, tripulantes, marinheiros, skippers ou armadores.","robots":{"index":"index","follow":"follow","max-snippet":"max-snippet:-1","max-image-preview":"max-image-preview:large","max-video-preview":"max-video-preview:-1"},"canonical":"https:\/\/navegantesoceanicos.com\/pt-pt\/sailing-marlin-natural-equilibrium\/","og_locale":"pt_PT","og_type":"article","og_title":"Sailing Marlin. Natural Equilibrium - Navegantes Oce\u00e1nicos","og_description":"Navegantes Oce\u00e2nicos, web com conte\u00fados para amantes do mar, tripulantes, marinheiros, skippers ou armadores.","og_url":"https:\/\/navegantesoceanicos.com\/pt-pt\/sailing-marlin-natural-equilibrium\/","og_site_name":"Navegantes Oce\u00e1nicos","article_publisher":"https:\/\/www.facebook.com\/Navegantes-Oce%c3%a1nicos-112578593494698","article_published_time":"2025-01-03T18:38:20+00:00","article_modified_time":"2025-01-03T18:55:13+00:00","og_image":[{"width":1000,"height":1778,"url":"https:\/\/navegantesoceanicos.com\/wp-content\/uploads\/2025\/01\/Sailing-Marling-Natural-Equilibrium.jpg","type":"image\/jpeg"}],"author":"Juan Gonz\u00e1lez-Aller Lacalle","twitter_misc":{"Escrito por":"Juan Gonz\u00e1lez-Aller Lacalle","Tempo estimado de leitura":"17 minutos"},"schema":{"@context":"https:\/\/schema.org","@graph":[{"@type":"Article","@id":"https:\/\/navegantesoceanicos.com\/pt-pt\/sailing-marlin-natural-equilibrium\/#article","isPartOf":{"@id":"https:\/\/navegantesoceanicos.com\/pt-pt\/sailing-marlin-natural-equilibrium\/"},"author":{"name":"Juan Gonz\u00e1lez-Aller Lacalle","@id":"https:\/\/navegantesoceanicos.com\/pt-pt\/#\/schema\/person\/4efe3afaef12467194c46aa710898a5c"},"headline":"Sailing Marlin. Natural Equilibrium","datePublished":"2025-01-03T18:38:20+00:00","dateModified":"2025-01-03T18:55:13+00:00","mainEntityOfPage":{"@id":"https:\/\/navegantesoceanicos.com\/pt-pt\/sailing-marlin-natural-equilibrium\/"},"wordCount":3397,"commentCount":0,"publisher":{"@id":"https:\/\/navegantesoceanicos.com\/pt-pt\/#organization"},"image":{"@id":"https:\/\/navegantesoceanicos.com\/pt-pt\/sailing-marlin-natural-equilibrium\/#primaryimage"},"thumbnailUrl":"https:\/\/navegantesoceanicos.com\/wp-content\/uploads\/2025\/01\/Fondeadero-precioso-en-Grecia.jpg","articleSection":["entrevistas com os navegantes","Proyectos oce\u00e1nicos"],"inLanguage":"pt-PT","potentialAction":[{"@type":"CommentAction","name":"Comment","target":["https:\/\/navegantesoceanicos.com\/pt-pt\/sailing-marlin-natural-equilibrium\/#respond"]}]},{"@type":"WebPage","@id":"https:\/\/navegantesoceanicos.com\/pt-pt\/sailing-marlin-natural-equilibrium\/","url":"https:\/\/navegantesoceanicos.com\/pt-pt\/sailing-marlin-natural-equilibrium\/","name":"Sailing Marlin. Natural Equilibrium - Navegantes Oce\u00e1nicos","isPartOf":{"@id":"https:\/\/navegantesoceanicos.com\/pt-pt\/#website"},"primaryImageOfPage":{"@id":"https:\/\/navegantesoceanicos.com\/pt-pt\/sailing-marlin-natural-equilibrium\/#primaryimage"},"image":{"@id":"https:\/\/navegantesoceanicos.com\/pt-pt\/sailing-marlin-natural-equilibrium\/#primaryimage"},"thumbnailUrl":"https:\/\/navegantesoceanicos.com\/wp-content\/uploads\/2025\/01\/Fondeadero-precioso-en-Grecia.jpg","datePublished":"2025-01-03T18:38:20+00:00","dateModified":"2025-01-03T18:55:13+00:00","description":"Navegantes Oce\u00e2nicos, web com conte\u00fados para amantes do mar, tripulantes, marinheiros, skippers ou armadores.","breadcrumb":{"@id":"https:\/\/navegantesoceanicos.com\/pt-pt\/sailing-marlin-natural-equilibrium\/#breadcrumb"},"inLanguage":"pt-PT","potentialAction":[{"@type":"ReadAction","target":["https:\/\/navegantesoceanicos.com\/pt-pt\/sailing-marlin-natural-equilibrium\/"]}]},{"@type":"ImageObject","inLanguage":"pt-PT","@id":"https:\/\/navegantesoceanicos.com\/pt-pt\/sailing-marlin-natural-equilibrium\/#primaryimage","url":"https:\/\/navegantesoceanicos.com\/wp-content\/uploads\/2025\/01\/Fondeadero-precioso-en-Grecia.jpg","contentUrl":"https:\/\/navegantesoceanicos.com\/wp-content\/uploads\/2025\/01\/Fondeadero-precioso-en-Grecia.jpg","width":1049,"height":600,"caption":"Fondeadero en Grecia"},{"@type":"BreadcrumbList","@id":"https:\/\/navegantesoceanicos.com\/pt-pt\/sailing-marlin-natural-equilibrium\/#breadcrumb","itemListElement":[{"@type":"ListItem","position":1,"name":"Portada","item":"https:\/\/navegantesoceanicos.com\/pt-pt\/"},{"@type":"ListItem","position":2,"name":"Sailing Marlin. Natural Equilibrium"}]},{"@type":"WebSite","@id":"https:\/\/navegantesoceanicos.com\/pt-pt\/#website","url":"https:\/\/navegantesoceanicos.com\/pt-pt\/","name":"Navegantes Oce\u00e1nicos","description":"Navegantes oce\u00e1nicos, te ayudamos a navegar, para navegantes, tripulantes, regatistas y armadores, escuela n\u00e1utica, libros on-line sobre t\u00e1cticas y equipamiento para la navegaci\u00f3n a vela, fondear, atracar, el manejo de las velas, electricidad a bordo, navegaci\u00f3n con mal tiempo, rutas oce\u00e1nicas y mucho m\u00e1s","publisher":{"@id":"https:\/\/navegantesoceanicos.com\/pt-pt\/#organization"},"potentialAction":[{"@type":"SearchAction","target":{"@type":"EntryPoint","urlTemplate":"https:\/\/navegantesoceanicos.com\/pt-pt\/?s={search_term_string}"},"query-input":{"@type":"PropertyValueSpecification","valueRequired":true,"valueName":"search_term_string"}}],"inLanguage":"pt-PT"},{"@type":"Organization","@id":"https:\/\/navegantesoceanicos.com\/pt-pt\/#organization","name":"Navegantes Oce\u00e1nicos","url":"https:\/\/navegantesoceanicos.com\/pt-pt\/","logo":{"@type":"ImageObject","inLanguage":"pt-PT","@id":"https:\/\/navegantesoceanicos.com\/pt-pt\/#\/schema\/logo\/image\/","url":"https:\/\/navegantesoceanicos.com\/wp-content\/uploads\/2019\/12\/LOGO-NAVEGANTES-OCEANICOS.png","contentUrl":"https:\/\/navegantesoceanicos.com\/wp-content\/uploads\/2019\/12\/LOGO-NAVEGANTES-OCEANICOS.png","width":1010,"height":814,"caption":"Navegantes Oce\u00e1nicos"},"image":{"@id":"https:\/\/navegantesoceanicos.com\/pt-pt\/#\/schema\/logo\/image\/"},"sameAs":["https:\/\/www.facebook.com\/Navegantes-Oce\u00e1nicos-112578593494698","https:\/\/www.instagram.com\/navegantes_oceanicos\/?hl=es","https:\/\/www.youtube.com\/channel\/UCXgDL_6xqE7rpdwNXRmzF_Q\/featured"]},{"@type":"Person","@id":"https:\/\/navegantesoceanicos.com\/pt-pt\/#\/schema\/person\/4efe3afaef12467194c46aa710898a5c","name":"Juan Gonz\u00e1lez-Aller Lacalle","image":{"@type":"ImageObject","inLanguage":"pt-PT","@id":"https:\/\/secure.gravatar.com\/avatar\/8262155dfd99d33a131c0b6f7c6d5b289bcc5a78eb8915b59699287a091367be?s=96&d=mm&r=g","url":"https:\/\/secure.gravatar.com\/avatar\/8262155dfd99d33a131c0b6f7c6d5b289bcc5a78eb8915b59699287a091367be?s=96&d=mm&r=g","contentUrl":"https:\/\/secure.gravatar.com\/avatar\/8262155dfd99d33a131c0b6f7c6d5b289bcc5a78eb8915b59699287a091367be?s=96&d=mm&r=g","caption":"Juan Gonz\u00e1lez-Aller Lacalle"},"sameAs":["https:\/\/navegantesoceanicos.com"],"url":"https:\/\/navegantesoceanicos.com\/pt-pt\/author\/juan-director\/"}]}},"rttpg_featured_image_url":{"full":["https:\/\/navegantesoceanicos.com\/wp-content\/uploads\/2025\/01\/Fondeadero-precioso-en-Grecia.jpg",1049,600,false],"landscape":["https:\/\/navegantesoceanicos.com\/wp-content\/uploads\/2025\/01\/Fondeadero-precioso-en-Grecia.jpg",1049,600,false],"portraits":["https:\/\/navegantesoceanicos.com\/wp-content\/uploads\/2025\/01\/Fondeadero-precioso-en-Grecia.jpg",1049,600,false],"thumbnail":["https:\/\/navegantesoceanicos.com\/wp-content\/uploads\/2025\/01\/Fondeadero-precioso-en-Grecia-150x150.jpg",150,150,true],"medium":["https:\/\/navegantesoceanicos.com\/wp-content\/uploads\/2025\/01\/Fondeadero-precioso-en-Grecia-300x172.jpg",300,172,true],"large":["https:\/\/navegantesoceanicos.com\/wp-content\/uploads\/2025\/01\/Fondeadero-precioso-en-Grecia-1024x586.jpg",1024,586,true],"1536x1536":["https:\/\/navegantesoceanicos.com\/wp-content\/uploads\/2025\/01\/Fondeadero-precioso-en-Grecia.jpg",1049,600,false],"2048x2048":["https:\/\/navegantesoceanicos.com\/wp-content\/uploads\/2025\/01\/Fondeadero-precioso-en-Grecia.jpg",1049,600,false],"smart-post-landscape":["https:\/\/navegantesoceanicos.com\/wp-content\/uploads\/2025\/01\/Fondeadero-precioso-en-Grecia.jpg",870,498,false],"smart-post-portrait":["https:\/\/navegantesoceanicos.com\/wp-content\/uploads\/2025\/01\/Fondeadero-precioso-en-Grecia.jpg",600,343,false],"et-builder-post-main-image":["https:\/\/navegantesoceanicos.com\/wp-content\/uploads\/2025\/01\/Fondeadero-precioso-en-Grecia-400x250.jpg",400,250,true],"et-builder-post-main-image-fullwidth":["https:\/\/navegantesoceanicos.com\/wp-content\/uploads\/2025\/01\/Fondeadero-precioso-en-Grecia.jpg",1049,600,false],"et-builder-portfolio-image":["https:\/\/navegantesoceanicos.com\/wp-content\/uploads\/2025\/01\/Fondeadero-precioso-en-Grecia-400x284.jpg",400,284,true],"et-builder-portfolio-image-single":["https:\/\/navegantesoceanicos.com\/wp-content\/uploads\/2025\/01\/Fondeadero-precioso-en-Grecia.jpg",1049,600,false],"et-builder-gallery-image-portrait":["https:\/\/navegantesoceanicos.com\/wp-content\/uploads\/2025\/01\/Fondeadero-precioso-en-Grecia-400x516.jpg",400,516,true],"extra-image-huge":["https:\/\/navegantesoceanicos.com\/wp-content\/uploads\/2025\/01\/Fondeadero-precioso-en-Grecia.jpg",1049,600,false],"extra-image-single-post":["https:\/\/navegantesoceanicos.com\/wp-content\/uploads\/2025\/01\/Fondeadero-precioso-en-Grecia.jpg",1049,600,false],"extra-image-medium":["https:\/\/navegantesoceanicos.com\/wp-content\/uploads\/2025\/01\/Fondeadero-precioso-en-Grecia-627x376.jpg",627,376,true],"extra-image-small":["https:\/\/navegantesoceanicos.com\/wp-content\/uploads\/2025\/01\/Fondeadero-precioso-en-Grecia-440x264.jpg",440,264,true],"extra-image-square-medium":["https:\/\/navegantesoceanicos.com\/wp-content\/uploads\/2025\/01\/Fondeadero-precioso-en-Grecia-440x440.jpg",440,440,true],"extra-image-square-small":["https:\/\/navegantesoceanicos.com\/wp-content\/uploads\/2025\/01\/Fondeadero-precioso-en-Grecia-150x150.jpg",150,150,true],"woocommerce_thumbnail":["https:\/\/navegantesoceanicos.com\/wp-content\/uploads\/2025\/01\/Fondeadero-precioso-en-Grecia-300x172.jpg",300,172,true],"woocommerce_single":["https:\/\/navegantesoceanicos.com\/wp-content\/uploads\/2025\/01\/Fondeadero-precioso-en-Grecia-600x343.jpg",600,343,true],"woocommerce_gallery_thumbnail":["https:\/\/navegantesoceanicos.com\/wp-content\/uploads\/2025\/01\/Fondeadero-precioso-en-Grecia-100x100.jpg",100,100,true],"dgwt-wcas-product-suggestion":["https:\/\/navegantesoceanicos.com\/wp-content\/uploads\/2025\/01\/Fondeadero-precioso-en-Grecia-64x37.jpg",64,37,true]},"rttpg_author":{"display_name":"Juan Gonz\u00e1lez-Aller Lacalle","author_link":"https:\/\/navegantesoceanicos.com\/pt-pt\/author\/juan-director\/"},"rttpg_comment":0,"rttpg_category":"<a href=\"https:\/\/navegantesoceanicos.com\/pt-pt\/category\/entrevistas-com-os-navegantes\/\" rel=\"category tag\">entrevistas com os navegantes<\/a> <a href=\"https:\/\/navegantesoceanicos.com\/pt-pt\/category\/proyectos-oceanicos-pt-pt\/\" rel=\"category tag\">Proyectos oce\u00e1nicos<\/a>","rttpg_excerpt":"Noa e Joseph s\u00e3o grandes pela vela. H\u00e1 pouco mais de um ano, deixaram para tr\u00e1s os seus empregos e o conforto da vida em terra para iniciarem a grande aventura da vida a bordo de um veleiro. Navegaram no seu veleiro por todo o Mediterr\u00e2neo e est\u00e3o agora a meio da aventura de atravessar&hellip;","_links":{"self":[{"href":"https:\/\/navegantesoceanicos.com\/pt-pt\/wp-json\/wp\/v2\/posts\/37632","targetHints":{"allow":["GET"]}}],"collection":[{"href":"https:\/\/navegantesoceanicos.com\/pt-pt\/wp-json\/wp\/v2\/posts"}],"about":[{"href":"https:\/\/navegantesoceanicos.com\/pt-pt\/wp-json\/wp\/v2\/types\/post"}],"author":[{"embeddable":true,"href":"https:\/\/navegantesoceanicos.com\/pt-pt\/wp-json\/wp\/v2\/users\/2"}],"replies":[{"embeddable":true,"href":"https:\/\/navegantesoceanicos.com\/pt-pt\/wp-json\/wp\/v2\/comments?post=37632"}],"version-history":[{"count":0,"href":"https:\/\/navegantesoceanicos.com\/pt-pt\/wp-json\/wp\/v2\/posts\/37632\/revisions"}],"wp:featuredmedia":[{"embeddable":true,"href":"https:\/\/navegantesoceanicos.com\/pt-pt\/wp-json\/wp\/v2\/media\/37587"}],"wp:attachment":[{"href":"https:\/\/navegantesoceanicos.com\/pt-pt\/wp-json\/wp\/v2\/media?parent=37632"}],"wp:term":[{"taxonomy":"category","embeddable":true,"href":"https:\/\/navegantesoceanicos.com\/pt-pt\/wp-json\/wp\/v2\/categories?post=37632"},{"taxonomy":"post_tag","embeddable":true,"href":"https:\/\/navegantesoceanicos.com\/pt-pt\/wp-json\/wp\/v2\/tags?post=37632"}],"curies":[{"name":"wp","href":"https:\/\/api.w.org\/{rel}","templated":true}]}}