{"id":39401,"date":"2025-04-02T06:04:42","date_gmt":"2025-04-02T06:04:42","guid":{"rendered":"https:\/\/navegantesoceanicos.com\/en-accion-por-el-mar-entrevista-a-luis-martin\/"},"modified":"2025-04-02T07:07:24","modified_gmt":"2025-04-02T07:07:24","slug":"en-accion-por-el-mar-entrevista-luis-martin","status":"publish","type":"post","link":"https:\/\/navegantesoceanicos.com\/pt-pt\/en-accion-por-el-mar-entrevista-luis-martin\/","title":{"rendered":"\u201cEn Acci\u00f3n por el Mar\u201d, entrevista com Luis  Mart\u00edn"},"content":{"rendered":"<p>[et_pb_section fb_built=&#8221;1&#8243; _builder_version=&#8221;4.27.4&#8243; _module_preset=&#8221;default&#8221; custom_padding=&#8221;15px|||||&#8221; global_colors_info=&#8221;{}&#8221;][et_pb_row _builder_version=&#8221;4.27.4&#8243; _module_preset=&#8221;default&#8221; custom_margin=&#8221;18px|auto||auto||&#8221; custom_padding=&#8221;18px|||||&#8221; global_colors_info=&#8221;{}&#8221;][et_pb_column type=&#8221;4_4&#8243; _builder_version=&#8221;4.27.4&#8243; _module_preset=&#8221;default&#8221; global_colors_info=&#8221;{}&#8221;][et_pb_text _builder_version=&#8221;4.27.4&#8243; _module_preset=&#8221;default&#8221; inline_fonts=&#8221;Amaranth,Abel&#8221; global_colors_info=&#8221;{}&#8221;]<\/p>\n<p><span style=\"color: rgba(0, 0, 0, 0.98);\">Luis Mart\u00edn \u00e9 o respons\u00e1vel por &#8220;En Acci\u00f3n por el Mar&#8221;. A bordo do seu navio de investiga\u00e7\u00e3o, o &#8220;Misty Witch&#8221;, navegam e realizam atividades relacionadas com a prote\u00e7\u00e3o ambiental marinha e melhoram o conhecimento da fauna e ecologia marinhas.<\/span><\/p>\n<p><span style=\"color: rgba(0, 0, 0, 0.98);\">Agradecemos a Luis Mart\u00edn por partilhar o seu projeto com os nossos leitores nesta interessante entrevista.<\/span><\/p>\n<p><img decoding=\"async\" class=\"aligncenter\" src=\"https:\/\/navegantesoceanicos.com\/wp-content\/uploads\/2025\/04\/Luis-Martin-En-accion-por-el-mar.jpg\" alt=\"\" width=\"792\" height=\"536\" \/><\/p>\n<h2 style=\"text-align: center;\"><strong><span style=\"font-family: Amaranth; color: #0a1caa;\">Luis, Como surgiu a sua paix\u00e3o pelo mar?<br \/>Como come\u00e7ou a velejar?<\/span><\/strong><\/h2>\n<p><span style=\"color: rgba(0, 0, 0, 0.96);\">O meu hobby surgiu depois de v\u00e1rios anos a trabalhar como volunt\u00e1rio na rede de arrojamentos de tartarugas marinhas e cet\u00e1ceos na prov\u00edncia de Almer\u00eda. Quando comecei a trabalhar como volunt\u00e1rio na associa\u00e7\u00e3o ANSE (Associa\u00e7\u00e3o de Naturalistas do Sudeste) em Cartagena, estudando popula\u00e7\u00f5es de cet\u00e1ceos e tartarugas marinhas, depois de ter visto e cuidado de tantos animais mortos nas praias de Almer\u00eda, poder estud\u00e1-los vivos e em liberdade foi algo que me prendeu.<\/span><\/p>\n<p><span style=\"color: rgba(0, 0, 0, 0.96);\">Comecei a velejar no nosso primeiro veleiro de 6,4 metros, o \u201cAndretti\u201d, que era um barco de corrida, mas pouco automatizado e desconfort\u00e1vel para as nossas atividades. Depois, fica ainda melhor com o nosso ketch de 10 metros de comprimento, o \u201cMisty Witch\u201d, um barco-escola \u00e0 vela.<\/span><\/p>\n<h2 class=\"western\" style=\"text-align: center;\">\u00a0<\/h2>\n<h2 class=\"western\" style=\"text-align: center;\"><strong><span style=\"font-family: Amaranth; color: #0a27a8;\">Para que os nossos leitores possam compreender melhor \u201cEn Acci\u00f3n por el Mar\u201d,<br \/>Como surgiu este projeto e quais os seus objetivos?.<\/span><\/strong><\/h2>\n<p><span style=\"color: rgba(0, 0, 0, 0.93);\">Surgiu de um grupo de amigos ambientalistas, ativistas marinhos que sentiram a necessidade de operar com um barco que nos permitisse estar presentes no mar.<\/span><\/p>\n<p><span style=\"color: rgba(0, 0, 0, 0.93);\">Os principais objectivos s\u00e3o a compreens\u00e3o e protec\u00e7\u00e3o do mar, atrav\u00e9s do estudo das popula\u00e7\u00f5es de cet\u00e1ceos, e a divulga\u00e7\u00e3o dos valores e problemas ambientais marinhos. Para isso, envolvemos os cidad\u00e3os atrav\u00e9s do voluntariado para a realiza\u00e7\u00e3o de diversas atividades, como censos, remo\u00e7\u00e3o de detritos flutuantes e colabora\u00e7\u00e3o com outras associa\u00e7\u00f5es e causas. Tudo isto mostra tudo o que sabemos sobre ecologia marinha, navega\u00e7\u00e3o, seguran\u00e7a no mar, etc.<\/span><\/p>\n<p><span style=\"color: #000000;\"> <img decoding=\"async\" class=\"aligncenter\" src=\"https:\/\/navegantesoceanicos.com\/wp-content\/uploads\/2025\/04\/Tortuga.jpg\" alt=\"\" width=\"752\" height=\"564\" \/><\/span><\/p>\n<h2 class=\"western\" style=\"text-align: center;\"><strong><span style=\"color: #0911a5; font-family: Amaranth;\">\u201cEn Acci\u00f3n por el Mar\u201d realizam diversas atividades, principalmente na costa de Almer\u00eda. Quais destacaria??.<\/span><\/strong><\/h2>\n<p><span style=\"color: #000000;\">&#8211; Censos de cet\u00e1ceos e tartarugas marinhas.<\/span><\/p>\n<p><span style=\"color: #000000;\">&#8211; A recolha de lixo flutuante.<\/span><\/p>\n<p><span style=\"color: #000000;\">&#8211; Educa\u00e7\u00e3o ambiental.<\/span><\/p>\n<p><span style=\"color: #000000;\">&#8211; Aproximar a navega\u00e7\u00e3o das pessoas interessadas, etc.<\/span><\/p>\n<p><span style=\"color: #000000;\"> <img decoding=\"async\" class=\"aligncenter\" src=\"https:\/\/navegantesoceanicos.com\/wp-content\/uploads\/2025\/04\/Misty-Witch-en-el-varadero.jpg\" alt=\"\" width=\"516\" height=\"540\" \/><\/span><\/p>\n<h2 class=\"western\" style=\"text-align: center;\"><span style=\"font-family: Amaranth; font-weight: normal;\"><strong><span style=\"color: #091e96;\">Como \u00e9 o veleiro \u201cMisty Witch\u201d quando navega??<\/span><\/strong><\/span><\/h2>\n<p><span style=\"color: rgba(0, 0, 0, 0.97);\">\u00c9 um ketch (dois mastros) robusto e fi\u00e1vel, com 10 metros de comprimento, que permite um m\u00e1ximo de 10 pessoas a bordo.<\/span><\/p>\n<p><span style=\"color: rgba(0, 0, 0, 0.97);\">Com ele fazemos travessias para Marrocos, M\u00farcia, Estrecho, etc.<\/span><\/p>\n<p><img decoding=\"async\" class=\"aligncenter\" src=\"https:\/\/navegantesoceanicos.com\/wp-content\/uploads\/2025\/04\/velero-misty-witch.jpg\" alt=\"\" width=\"560\" height=\"573\" \/><\/p>\n<h2 class=\"western\" style=\"text-align: center;\"><strong><span style=\"font-family: Amaranth; color: #0a2ca8;\">Os golfinhos, as tartarugas e outros animais marinhos sofrem acidentes com frequ\u00eancia. O que destacaria ou o que deveria ser evitado? <\/span><\/strong><\/h2>\n<p><span style=\"color: #000000;\">A altas velocidades, algumas esp\u00e9cies t\u00eam dificuldade em reagir, pelo que velocidades acima dos 9 n\u00f3s podem provocar acidentes. Evite aproximar-se a menos de 60 metros, nunca fa\u00e7a marcha-atr\u00e1s, n\u00e3o salte para a \u00e1gua, etc.<\/span><\/p>\n<p><span style=\"color: #000000;\">Existem regulamentos para a abordagem destes animais: o Real Decreto 1727\/2007, de 21 de dezembro, que estabelece medidas para a prote\u00e7\u00e3o dos cet\u00e1ceos, tem como objetivo implementar determinadas medidas que contribuam para garantir a sobreviv\u00eancia e o estado de conserva\u00e7\u00e3o favor\u00e1vel destas esp\u00e9cies.<\/span><\/p>\n<h2 class=\"western\"><span style=\"color: #000000;\"> <img decoding=\"async\" class=\"aligncenter\" src=\"https:\/\/navegantesoceanicos.com\/wp-content\/uploads\/2025\/04\/Delfines-saltando-En-accion-por-el-mar.jpg\" alt=\"\" width=\"910\" height=\"494\" \/><\/span><\/h2>\n<h2 style=\"text-align: center;\"><span style=\"color: #0824a0; font-family: Amaranth; font-weight: normal; font-size: x-large;\"><strong><span lang=\"es-ES\">A polui\u00e7\u00e3o provocada pelo homem est\u00e1 a causar danos significativos aos nossos mares e oceanos. O que estamos a fazer errado??<\/span><\/strong><\/span><\/h2>\n<p><span style=\"color: rgba(0, 0, 0, 0.91);\">&#8211; Despejo de pl\u00e1stico e res\u00edduos.<\/span><\/p>\n<p><span style=\"color: rgba(0, 0, 0, 0.91);\">&#8211; Sobrepesca e destrui\u00e7\u00e3o de habitats.<\/span><\/p>\n<p><span style=\"color: rgba(0, 0, 0, 0.91);\">&#8211; Contamina\u00e7\u00e3o qu\u00edmica.<\/span><\/p>\n<p><span style=\"color: rgba(0, 0, 0, 0.91);\">&#8211; Altera\u00e7\u00f5es clim\u00e1ticas.<\/span><\/p>\n<p><span style=\"color: rgba(0, 0, 0, 0.91);\">Produto do nosso modo de vida e das m\u00e1s pol\u00edticas governamentais.<\/span><\/p>\n<h2 class=\"western\" style=\"text-align: center;\"><span style=\"color: #0920a3; font-family: Amaranth; font-weight: normal; font-size: x-large;\"><strong><span lang=\"es-ES\">Como podemos melhorar a situa\u00e7\u00e3o?<\/span><\/strong><\/span><\/h2>\n<p><span style=\"color: rgba(0, 0, 0, 0.97);\">&#8211; Reduzir os pl\u00e1sticos e os res\u00edduos.<\/span><\/p>\n<p><span style=\"color: rgba(0, 0, 0, 0.97);\">&#8211; Pesca sustent\u00e1vel (Consumir produtos de pesca respons\u00e1veis \u200b\u200be apoiar as normas ecol\u00f3gicas)<\/span><\/p>\n<p><span style=\"color: rgba(0, 0, 0, 0.97);\">&#8211; Menos polui\u00e7\u00e3o: reduza a utiliza\u00e7\u00e3o de produtos qu\u00edmicos t\u00f3xicos e melhore o tratamento das \u00e1guas residuais.<\/span><\/p>\n<p><span style=\"color: rgba(0, 0, 0, 0.97);\">&#8211; A\u00e7\u00e3o clim\u00e1tica: redu\u00e7\u00e3o das emiss\u00f5es de CO\u2082 com energias renov\u00e1veis \u200b\u200be transportes sustent\u00e1veis.<\/span><\/p>\n<p><span style=\"color: rgba(0, 0, 0, 0.97);\">A solu\u00e7\u00e3o exige um compromisso individual e pol\u00edticas globais para proteger os nossos mares e oceanos.<\/span><\/p>\n<p><img decoding=\"async\" class=\"aligncenter\" src=\"https:\/\/navegantesoceanicos.com\/wp-content\/uploads\/2025\/04\/Avistamiento-de-delfines.jpg\" alt=\"\" width=\"677\" height=\"451\" \/><\/p>\n<h2 class=\"western\" style=\"text-align: center;\"><strong><span style=\"font-family: Amaranth; color: #0a31a8;\">Muitos dos nossos leitores s\u00e3o marinheiros em veleiros de cruzeiro. Como acha que podem ajudar a proteger os mares e os oceanos a bordo de um veleiro?. <\/span><\/strong><\/h2>\n<p><span style=\"color: rgba(0, 0, 0, 0.98);\">Ser observadores ativos do ambiente e comunicar observa\u00e7\u00f5es importantes. Existem plataformas para reportar encontros com vida marinha. Ou viola\u00e7\u00f5es em rela\u00e7\u00e3o ao mar ou aos animais.<\/span><\/p>\n<p><span style=\"color: rgba(0, 0, 0, 0.98);\">Claro que n\u00e3o atire nada para o mar e alerte para objetos perigosos \u00e0 navega\u00e7\u00e3o.<\/span><\/p>\n<p><span style=\"color: rgba(0, 0, 0, 0.98);\">Reduza a velocidade e coopere com as organiza\u00e7\u00f5es de prote\u00e7\u00e3o mar\u00edtima.<\/span><\/p>\n<h2 class=\"western\" style=\"text-align: center;\"><strong><span style=\"font-family: Amaranth; color: #0814a0;\">Como pode contribuir para \u201cEn Acci\u00f3n por el Mar\u201d?<\/span><\/strong><\/h2>\n<p><span style=\"color: rgba(0, 0, 0, 0.98);\">Desde patroc\u00ednios atrav\u00e9s de Teaming (com uma contribui\u00e7\u00e3o de um euro por m\u00eas) a donativos \u00fanicos, passando por se tornar membro ou participar nas nossas viagens di\u00e1rias ou semanais.<\/span><\/p>\n<p><span style=\"color: rgba(0, 0, 0, 0.98);\">Tamb\u00e9m organizamos dias de manuten\u00e7\u00e3o no nosso veleiro e oferecemos publicidade de autom\u00f3veis como forma de contribuir.<\/span><\/p>\n<p><img decoding=\"async\" class=\"aligncenter\" src=\"https:\/\/navegantesoceanicos.com\/wp-content\/uploads\/2025\/04\/Pareja-de-delfines.jpg\" alt=\"\" width=\"712\" height=\"468\" \/><\/p>\n<h2 class=\"western\" style=\"text-align: center;\"><strong><span style=\"font-family: Amaranth; color: #081ea0;\">Por fim, Luis, olhando para o futuro, que desafios ou novos projetos tem o \u201cEm A\u00e7\u00e3o pelo Mar\u201d reservado para os pr\u00f3ximos anos?.<\/span><\/strong><\/h2>\n<p><span style=\"color: rgba(0, 0, 0, 0.94);\">Continuar a estudar as popula\u00e7\u00f5es de cet\u00e1ceos e a vida marinha, envolver mais pessoas no nosso trabalho e aumentar a consciencializa\u00e7\u00e3o.<\/span><\/p>\n<p><span style=\"color: rgba(0, 0, 0, 0.94);\">Tamb\u00e9m precisamos de atualizar a nossa adorada \u201cMisty Witch\u201d para um veleiro um pouco maior para facilitar as nossas atividades (aceitamos doa\u00e7\u00f5es de veleiros).<\/span><\/p>\n<p>[\/et_pb_text][et_pb_divider divider_weight=&#8221;3px&#8221; _builder_version=&#8221;4.27.4&#8243; _module_preset=&#8221;default&#8221; global_colors_info=&#8221;{}&#8221;][\/et_pb_divider][et_pb_text _builder_version=&#8221;4.27.4&#8243; _module_preset=&#8221;default&#8221; global_colors_info=&#8221;{}&#8221;]<\/p>\n<p style=\"text-align: center;\"><span style=\"color: #000000;\">Pode obter mais informa\u00e7\u00f5es no seguinte link:<\/span><\/p>\n<p style=\"text-align: center;\"><strong><span style=\"color: #ff0000;\"><a style=\"color: #ff0000;\" href=\"https:\/\/www.instagram.com\/enaccionporelmar\/\">https:\/\/www.instagram.com\/enaccionporelmar\/<\/a><\/span><\/strong><\/p>\n<p>[\/et_pb_text][et_pb_divider divider_weight=&#8221;3px&#8221; _builder_version=&#8221;4.27.4&#8243; _module_preset=&#8221;default&#8221; global_colors_info=&#8221;{}&#8221;][\/et_pb_divider][et_pb_text _builder_version=&#8221;4.27.4&#8243; _module_preset=&#8221;default&#8221; global_colors_info=&#8221;{}&#8221;]<\/p>\n<p style=\"text-align: center;\"><span style=\"color: #000000;\">N\u00f3s da &#8220;Navegantes Oce\u00e2nicos&#8221; agradecemos a colabora\u00e7\u00e3o do Luis nesta entrevista e nas suas fotografias de golfinhos e tartarugas, e desejamos-lhe boa sorte com o seu projeto &#8220;Em A\u00e7\u00e3o pelo Mar&#8221; e boas navega\u00e7\u00f5es.<\/span><\/p>\n<p>[\/et_pb_text][et_pb_divider divider_weight=&#8221;3px&#8221; _builder_version=&#8221;4.27.4&#8243; _module_preset=&#8221;default&#8221; custom_margin=&#8221;||18px|||&#8221; global_colors_info=&#8221;{}&#8221;][\/et_pb_divider][et_pb_image src=&#8221;https:\/\/navegantesoceanicos.com\/wp-content\/uploads\/2022\/09\/proteccion-web-con-ISSN.jpg&#8221; title_text=&#8221;protecci\u00f3n web con ISSN&#8221; _builder_version=&#8221;4.27.4&#8243; _module_preset=&#8221;default&#8221; global_colors_info=&#8221;{}&#8221;][\/et_pb_image][\/et_pb_column][\/et_pb_row][\/et_pb_section]<\/p>\n","protected":false},"excerpt":{"rendered":"<p>Luis Mart\u00edn \u00e9 o respons\u00e1vel pelo &#8220;En Acci\u00f3n por el Mar&#8221; e no seu veleiro, &#8220;Misty Witch&#8221;, realizam atividades relacionadas com a prote\u00e7\u00e3o ambiental e a melhoria do conhecimento da fauna e ecologia marinha. Luis partilha o seu projeto nesta interessante entrevista.<\/p>\n","protected":false},"author":2,"featured_media":39364,"comment_status":"open","ping_status":"open","sticky":false,"template":"","format":"standard","meta":{"_et_pb_use_builder":"on","_et_pb_old_content":"","_et_gb_content_width":"","footnotes":"","_wp_rev_ctl_limit":""},"categories":[229,208],"tags":[],"class_list":["post-39401","post","type-post","status-publish","format-standard","has-post-thumbnail","hentry","category-cuidando-mares-e-oceanos-pt-pt","category-entrevistas-com-os-navegantes","et-has-post-format-content","et_post_format-et-post-format-standard"],"yoast_head":"<!-- This site is optimized with the Yoast SEO plugin v27.5 - https:\/\/yoast.com\/product\/yoast-seo-wordpress\/ -->\n<title>\u201cEn Acci\u00f3n por el Mar\u201d, entrevista com Luis Mart\u00edn - Navegantes Oce\u00e1nicos<\/title>\n<meta name=\"description\" content=\"Navegantes oce\u00e1nicos, web con contenidos para apasionados por la mar, tripulantes, regatistas, patrones o armadores.\" \/>\n<meta name=\"robots\" content=\"index, follow, max-snippet:-1, max-image-preview:large, max-video-preview:-1\" \/>\n<link rel=\"canonical\" href=\"https:\/\/navegantesoceanicos.com\/pt-pt\/en-accion-por-el-mar-entrevista-luis-martin\/\" \/>\n<meta property=\"og:locale\" content=\"pt_PT\" \/>\n<meta property=\"og:type\" content=\"article\" \/>\n<meta property=\"og:title\" content=\"\u201cEn Acci\u00f3n por el Mar\u201d, entrevista com Luis Mart\u00edn - Navegantes Oce\u00e1nicos\" \/>\n<meta property=\"og:description\" content=\"Navegantes oce\u00e1nicos, web con contenidos para apasionados por la mar, tripulantes, regatistas, patrones o armadores.\" \/>\n<meta property=\"og:url\" content=\"https:\/\/navegantesoceanicos.com\/pt-pt\/en-accion-por-el-mar-entrevista-luis-martin\/\" \/>\n<meta property=\"og:site_name\" content=\"Navegantes Oce\u00e1nicos\" \/>\n<meta property=\"article:publisher\" content=\"https:\/\/www.facebook.com\/Navegantes-Oce%c3%a1nicos-112578593494698\" \/>\n<meta property=\"article:published_time\" content=\"2025-04-02T06:04:42+00:00\" \/>\n<meta property=\"article:modified_time\" content=\"2025-04-02T07:07:24+00:00\" \/>\n<meta property=\"og:image\" content=\"https:\/\/navegantesoceanicos.com\/wp-content\/uploads\/2025\/04\/Delfin-En-accion-por-el-mar.jpg\" \/>\n\t<meta property=\"og:image:width\" content=\"1500\" \/>\n\t<meta property=\"og:image:height\" content=\"1100\" \/>\n\t<meta property=\"og:image:type\" content=\"image\/jpeg\" \/>\n<meta name=\"author\" content=\"Juan Gonz\u00e1lez-Aller Lacalle\" \/>\n<meta name=\"twitter:label1\" content=\"Escrito por\" \/>\n\t<meta name=\"twitter:data1\" content=\"Juan Gonz\u00e1lez-Aller Lacalle\" \/>\n\t<meta name=\"twitter:label2\" content=\"Tempo estimado de leitura\" \/>\n\t<meta name=\"twitter:data2\" content=\"6 minutos\" \/>\n<script type=\"application\/ld+json\" class=\"yoast-schema-graph\">{\"@context\":\"https:\\\/\\\/schema.org\",\"@graph\":[{\"@type\":\"Article\",\"@id\":\"https:\\\/\\\/navegantesoceanicos.com\\\/pt-pt\\\/en-accion-por-el-mar-entrevista-luis-martin\\\/#article\",\"isPartOf\":{\"@id\":\"https:\\\/\\\/navegantesoceanicos.com\\\/pt-pt\\\/en-accion-por-el-mar-entrevista-luis-martin\\\/\"},\"author\":{\"name\":\"Juan Gonz\u00e1lez-Aller Lacalle\",\"@id\":\"https:\\\/\\\/navegantesoceanicos.com\\\/pt-pt\\\/#\\\/schema\\\/person\\\/4efe3afaef12467194c46aa710898a5c\"},\"headline\":\"\u201cEn Acci\u00f3n por el Mar\u201d, entrevista com Luis Mart\u00edn\",\"datePublished\":\"2025-04-02T06:04:42+00:00\",\"dateModified\":\"2025-04-02T07:07:24+00:00\",\"mainEntityOfPage\":{\"@id\":\"https:\\\/\\\/navegantesoceanicos.com\\\/pt-pt\\\/en-accion-por-el-mar-entrevista-luis-martin\\\/\"},\"wordCount\":1150,\"commentCount\":0,\"publisher\":{\"@id\":\"https:\\\/\\\/navegantesoceanicos.com\\\/pt-pt\\\/#organization\"},\"image\":{\"@id\":\"https:\\\/\\\/navegantesoceanicos.com\\\/pt-pt\\\/en-accion-por-el-mar-entrevista-luis-martin\\\/#primaryimage\"},\"thumbnailUrl\":\"https:\\\/\\\/navegantesoceanicos.com\\\/wp-content\\\/uploads\\\/2025\\\/04\\\/Delfin-En-accion-por-el-mar.jpg\",\"articleSection\":[\"Cuidando dos mares e oceanos\",\"entrevistas com os navegantes\"],\"inLanguage\":\"pt-PT\",\"potentialAction\":[{\"@type\":\"CommentAction\",\"name\":\"Comment\",\"target\":[\"https:\\\/\\\/navegantesoceanicos.com\\\/pt-pt\\\/en-accion-por-el-mar-entrevista-luis-martin\\\/#respond\"]}]},{\"@type\":\"WebPage\",\"@id\":\"https:\\\/\\\/navegantesoceanicos.com\\\/pt-pt\\\/en-accion-por-el-mar-entrevista-luis-martin\\\/\",\"url\":\"https:\\\/\\\/navegantesoceanicos.com\\\/pt-pt\\\/en-accion-por-el-mar-entrevista-luis-martin\\\/\",\"name\":\"\u201cEn Acci\u00f3n por el Mar\u201d, entrevista com Luis Mart\u00edn - Navegantes Oce\u00e1nicos\",\"isPartOf\":{\"@id\":\"https:\\\/\\\/navegantesoceanicos.com\\\/pt-pt\\\/#website\"},\"primaryImageOfPage\":{\"@id\":\"https:\\\/\\\/navegantesoceanicos.com\\\/pt-pt\\\/en-accion-por-el-mar-entrevista-luis-martin\\\/#primaryimage\"},\"image\":{\"@id\":\"https:\\\/\\\/navegantesoceanicos.com\\\/pt-pt\\\/en-accion-por-el-mar-entrevista-luis-martin\\\/#primaryimage\"},\"thumbnailUrl\":\"https:\\\/\\\/navegantesoceanicos.com\\\/wp-content\\\/uploads\\\/2025\\\/04\\\/Delfin-En-accion-por-el-mar.jpg\",\"datePublished\":\"2025-04-02T06:04:42+00:00\",\"dateModified\":\"2025-04-02T07:07:24+00:00\",\"description\":\"Navegantes oce\u00e1nicos, web con contenidos para apasionados por la mar, tripulantes, regatistas, patrones o armadores.\",\"breadcrumb\":{\"@id\":\"https:\\\/\\\/navegantesoceanicos.com\\\/pt-pt\\\/en-accion-por-el-mar-entrevista-luis-martin\\\/#breadcrumb\"},\"inLanguage\":\"pt-PT\",\"potentialAction\":[{\"@type\":\"ReadAction\",\"target\":[\"https:\\\/\\\/navegantesoceanicos.com\\\/pt-pt\\\/en-accion-por-el-mar-entrevista-luis-martin\\\/\"]}]},{\"@type\":\"ImageObject\",\"inLanguage\":\"pt-PT\",\"@id\":\"https:\\\/\\\/navegantesoceanicos.com\\\/pt-pt\\\/en-accion-por-el-mar-entrevista-luis-martin\\\/#primaryimage\",\"url\":\"https:\\\/\\\/navegantesoceanicos.com\\\/wp-content\\\/uploads\\\/2025\\\/04\\\/Delfin-En-accion-por-el-mar.jpg\",\"contentUrl\":\"https:\\\/\\\/navegantesoceanicos.com\\\/wp-content\\\/uploads\\\/2025\\\/04\\\/Delfin-En-accion-por-el-mar.jpg\",\"width\":1500,\"height\":1100},{\"@type\":\"BreadcrumbList\",\"@id\":\"https:\\\/\\\/navegantesoceanicos.com\\\/pt-pt\\\/en-accion-por-el-mar-entrevista-luis-martin\\\/#breadcrumb\",\"itemListElement\":[{\"@type\":\"ListItem\",\"position\":1,\"name\":\"Portada\",\"item\":\"https:\\\/\\\/navegantesoceanicos.com\\\/pt-pt\\\/\"},{\"@type\":\"ListItem\",\"position\":2,\"name\":\"\u201cEn Acci\u00f3n por el Mar\u201d, entrevista com Luis Mart\u00edn\"}]},{\"@type\":\"WebSite\",\"@id\":\"https:\\\/\\\/navegantesoceanicos.com\\\/pt-pt\\\/#website\",\"url\":\"https:\\\/\\\/navegantesoceanicos.com\\\/pt-pt\\\/\",\"name\":\"Navegantes Oce\u00e1nicos\",\"description\":\"Navegantes oce\u00e1nicos, te ayudamos a navegar, para navegantes, tripulantes, regatistas y armadores, escuela n\u00e1utica, libros on-line sobre t\u00e1cticas y equipamiento para la navegaci\u00f3n a vela, fondear, atracar, el manejo de las velas, electricidad a bordo, navegaci\u00f3n con mal tiempo, rutas oce\u00e1nicas y mucho m\u00e1s\",\"publisher\":{\"@id\":\"https:\\\/\\\/navegantesoceanicos.com\\\/pt-pt\\\/#organization\"},\"potentialAction\":[{\"@type\":\"SearchAction\",\"target\":{\"@type\":\"EntryPoint\",\"urlTemplate\":\"https:\\\/\\\/navegantesoceanicos.com\\\/pt-pt\\\/?s={search_term_string}\"},\"query-input\":{\"@type\":\"PropertyValueSpecification\",\"valueRequired\":true,\"valueName\":\"search_term_string\"}}],\"inLanguage\":\"pt-PT\"},{\"@type\":\"Organization\",\"@id\":\"https:\\\/\\\/navegantesoceanicos.com\\\/pt-pt\\\/#organization\",\"name\":\"Navegantes Oce\u00e1nicos\",\"url\":\"https:\\\/\\\/navegantesoceanicos.com\\\/pt-pt\\\/\",\"logo\":{\"@type\":\"ImageObject\",\"inLanguage\":\"pt-PT\",\"@id\":\"https:\\\/\\\/navegantesoceanicos.com\\\/pt-pt\\\/#\\\/schema\\\/logo\\\/image\\\/\",\"url\":\"https:\\\/\\\/navegantesoceanicos.com\\\/wp-content\\\/uploads\\\/2019\\\/12\\\/LOGO-NAVEGANTES-OCEANICOS.png\",\"contentUrl\":\"https:\\\/\\\/navegantesoceanicos.com\\\/wp-content\\\/uploads\\\/2019\\\/12\\\/LOGO-NAVEGANTES-OCEANICOS.png\",\"width\":1010,\"height\":814,\"caption\":\"Navegantes Oce\u00e1nicos\"},\"image\":{\"@id\":\"https:\\\/\\\/navegantesoceanicos.com\\\/pt-pt\\\/#\\\/schema\\\/logo\\\/image\\\/\"},\"sameAs\":[\"https:\\\/\\\/www.facebook.com\\\/Navegantes-Oce\u00e1nicos-112578593494698\",\"https:\\\/\\\/www.instagram.com\\\/navegantes_oceanicos\\\/?hl=es\",\"https:\\\/\\\/www.youtube.com\\\/channel\\\/UCXgDL_6xqE7rpdwNXRmzF_Q\\\/featured\"]},{\"@type\":\"Person\",\"@id\":\"https:\\\/\\\/navegantesoceanicos.com\\\/pt-pt\\\/#\\\/schema\\\/person\\\/4efe3afaef12467194c46aa710898a5c\",\"name\":\"Juan Gonz\u00e1lez-Aller Lacalle\",\"image\":{\"@type\":\"ImageObject\",\"inLanguage\":\"pt-PT\",\"@id\":\"https:\\\/\\\/secure.gravatar.com\\\/avatar\\\/8262155dfd99d33a131c0b6f7c6d5b289bcc5a78eb8915b59699287a091367be?s=96&d=mm&r=g\",\"url\":\"https:\\\/\\\/secure.gravatar.com\\\/avatar\\\/8262155dfd99d33a131c0b6f7c6d5b289bcc5a78eb8915b59699287a091367be?s=96&d=mm&r=g\",\"contentUrl\":\"https:\\\/\\\/secure.gravatar.com\\\/avatar\\\/8262155dfd99d33a131c0b6f7c6d5b289bcc5a78eb8915b59699287a091367be?s=96&d=mm&r=g\",\"caption\":\"Juan Gonz\u00e1lez-Aller Lacalle\"},\"sameAs\":[\"https:\\\/\\\/navegantesoceanicos.com\"],\"url\":\"https:\\\/\\\/navegantesoceanicos.com\\\/pt-pt\\\/author\\\/juan-director\\\/\"}]}<\/script>\n<!-- \/ Yoast SEO plugin. -->","yoast_head_json":{"title":"\u201cEn Acci\u00f3n por el Mar\u201d, entrevista com Luis Mart\u00edn - Navegantes Oce\u00e1nicos","description":"Navegantes oce\u00e1nicos, web con contenidos para apasionados por la mar, tripulantes, regatistas, patrones o armadores.","robots":{"index":"index","follow":"follow","max-snippet":"max-snippet:-1","max-image-preview":"max-image-preview:large","max-video-preview":"max-video-preview:-1"},"canonical":"https:\/\/navegantesoceanicos.com\/pt-pt\/en-accion-por-el-mar-entrevista-luis-martin\/","og_locale":"pt_PT","og_type":"article","og_title":"\u201cEn Acci\u00f3n por el Mar\u201d, entrevista com Luis Mart\u00edn - Navegantes Oce\u00e1nicos","og_description":"Navegantes oce\u00e1nicos, web con contenidos para apasionados por la mar, tripulantes, regatistas, patrones o armadores.","og_url":"https:\/\/navegantesoceanicos.com\/pt-pt\/en-accion-por-el-mar-entrevista-luis-martin\/","og_site_name":"Navegantes Oce\u00e1nicos","article_publisher":"https:\/\/www.facebook.com\/Navegantes-Oce%c3%a1nicos-112578593494698","article_published_time":"2025-04-02T06:04:42+00:00","article_modified_time":"2025-04-02T07:07:24+00:00","og_image":[{"width":1500,"height":1100,"url":"https:\/\/navegantesoceanicos.com\/wp-content\/uploads\/2025\/04\/Delfin-En-accion-por-el-mar.jpg","type":"image\/jpeg"}],"author":"Juan Gonz\u00e1lez-Aller Lacalle","twitter_misc":{"Escrito por":"Juan Gonz\u00e1lez-Aller Lacalle","Tempo estimado de leitura":"6 minutos"},"schema":{"@context":"https:\/\/schema.org","@graph":[{"@type":"Article","@id":"https:\/\/navegantesoceanicos.com\/pt-pt\/en-accion-por-el-mar-entrevista-luis-martin\/#article","isPartOf":{"@id":"https:\/\/navegantesoceanicos.com\/pt-pt\/en-accion-por-el-mar-entrevista-luis-martin\/"},"author":{"name":"Juan Gonz\u00e1lez-Aller Lacalle","@id":"https:\/\/navegantesoceanicos.com\/pt-pt\/#\/schema\/person\/4efe3afaef12467194c46aa710898a5c"},"headline":"\u201cEn Acci\u00f3n por el Mar\u201d, entrevista com Luis Mart\u00edn","datePublished":"2025-04-02T06:04:42+00:00","dateModified":"2025-04-02T07:07:24+00:00","mainEntityOfPage":{"@id":"https:\/\/navegantesoceanicos.com\/pt-pt\/en-accion-por-el-mar-entrevista-luis-martin\/"},"wordCount":1150,"commentCount":0,"publisher":{"@id":"https:\/\/navegantesoceanicos.com\/pt-pt\/#organization"},"image":{"@id":"https:\/\/navegantesoceanicos.com\/pt-pt\/en-accion-por-el-mar-entrevista-luis-martin\/#primaryimage"},"thumbnailUrl":"https:\/\/navegantesoceanicos.com\/wp-content\/uploads\/2025\/04\/Delfin-En-accion-por-el-mar.jpg","articleSection":["Cuidando dos mares e oceanos","entrevistas com os navegantes"],"inLanguage":"pt-PT","potentialAction":[{"@type":"CommentAction","name":"Comment","target":["https:\/\/navegantesoceanicos.com\/pt-pt\/en-accion-por-el-mar-entrevista-luis-martin\/#respond"]}]},{"@type":"WebPage","@id":"https:\/\/navegantesoceanicos.com\/pt-pt\/en-accion-por-el-mar-entrevista-luis-martin\/","url":"https:\/\/navegantesoceanicos.com\/pt-pt\/en-accion-por-el-mar-entrevista-luis-martin\/","name":"\u201cEn Acci\u00f3n por el Mar\u201d, entrevista com Luis Mart\u00edn - Navegantes Oce\u00e1nicos","isPartOf":{"@id":"https:\/\/navegantesoceanicos.com\/pt-pt\/#website"},"primaryImageOfPage":{"@id":"https:\/\/navegantesoceanicos.com\/pt-pt\/en-accion-por-el-mar-entrevista-luis-martin\/#primaryimage"},"image":{"@id":"https:\/\/navegantesoceanicos.com\/pt-pt\/en-accion-por-el-mar-entrevista-luis-martin\/#primaryimage"},"thumbnailUrl":"https:\/\/navegantesoceanicos.com\/wp-content\/uploads\/2025\/04\/Delfin-En-accion-por-el-mar.jpg","datePublished":"2025-04-02T06:04:42+00:00","dateModified":"2025-04-02T07:07:24+00:00","description":"Navegantes oce\u00e1nicos, web con contenidos para apasionados por la mar, tripulantes, regatistas, patrones o armadores.","breadcrumb":{"@id":"https:\/\/navegantesoceanicos.com\/pt-pt\/en-accion-por-el-mar-entrevista-luis-martin\/#breadcrumb"},"inLanguage":"pt-PT","potentialAction":[{"@type":"ReadAction","target":["https:\/\/navegantesoceanicos.com\/pt-pt\/en-accion-por-el-mar-entrevista-luis-martin\/"]}]},{"@type":"ImageObject","inLanguage":"pt-PT","@id":"https:\/\/navegantesoceanicos.com\/pt-pt\/en-accion-por-el-mar-entrevista-luis-martin\/#primaryimage","url":"https:\/\/navegantesoceanicos.com\/wp-content\/uploads\/2025\/04\/Delfin-En-accion-por-el-mar.jpg","contentUrl":"https:\/\/navegantesoceanicos.com\/wp-content\/uploads\/2025\/04\/Delfin-En-accion-por-el-mar.jpg","width":1500,"height":1100},{"@type":"BreadcrumbList","@id":"https:\/\/navegantesoceanicos.com\/pt-pt\/en-accion-por-el-mar-entrevista-luis-martin\/#breadcrumb","itemListElement":[{"@type":"ListItem","position":1,"name":"Portada","item":"https:\/\/navegantesoceanicos.com\/pt-pt\/"},{"@type":"ListItem","position":2,"name":"\u201cEn Acci\u00f3n por el Mar\u201d, entrevista com Luis Mart\u00edn"}]},{"@type":"WebSite","@id":"https:\/\/navegantesoceanicos.com\/pt-pt\/#website","url":"https:\/\/navegantesoceanicos.com\/pt-pt\/","name":"Navegantes Oce\u00e1nicos","description":"Navegantes oce\u00e1nicos, te ayudamos a navegar, para navegantes, tripulantes, regatistas y armadores, escuela n\u00e1utica, libros on-line sobre t\u00e1cticas y equipamiento para la navegaci\u00f3n a vela, fondear, atracar, el manejo de las velas, electricidad a bordo, navegaci\u00f3n con mal tiempo, rutas oce\u00e1nicas y mucho m\u00e1s","publisher":{"@id":"https:\/\/navegantesoceanicos.com\/pt-pt\/#organization"},"potentialAction":[{"@type":"SearchAction","target":{"@type":"EntryPoint","urlTemplate":"https:\/\/navegantesoceanicos.com\/pt-pt\/?s={search_term_string}"},"query-input":{"@type":"PropertyValueSpecification","valueRequired":true,"valueName":"search_term_string"}}],"inLanguage":"pt-PT"},{"@type":"Organization","@id":"https:\/\/navegantesoceanicos.com\/pt-pt\/#organization","name":"Navegantes Oce\u00e1nicos","url":"https:\/\/navegantesoceanicos.com\/pt-pt\/","logo":{"@type":"ImageObject","inLanguage":"pt-PT","@id":"https:\/\/navegantesoceanicos.com\/pt-pt\/#\/schema\/logo\/image\/","url":"https:\/\/navegantesoceanicos.com\/wp-content\/uploads\/2019\/12\/LOGO-NAVEGANTES-OCEANICOS.png","contentUrl":"https:\/\/navegantesoceanicos.com\/wp-content\/uploads\/2019\/12\/LOGO-NAVEGANTES-OCEANICOS.png","width":1010,"height":814,"caption":"Navegantes Oce\u00e1nicos"},"image":{"@id":"https:\/\/navegantesoceanicos.com\/pt-pt\/#\/schema\/logo\/image\/"},"sameAs":["https:\/\/www.facebook.com\/Navegantes-Oce\u00e1nicos-112578593494698","https:\/\/www.instagram.com\/navegantes_oceanicos\/?hl=es","https:\/\/www.youtube.com\/channel\/UCXgDL_6xqE7rpdwNXRmzF_Q\/featured"]},{"@type":"Person","@id":"https:\/\/navegantesoceanicos.com\/pt-pt\/#\/schema\/person\/4efe3afaef12467194c46aa710898a5c","name":"Juan Gonz\u00e1lez-Aller Lacalle","image":{"@type":"ImageObject","inLanguage":"pt-PT","@id":"https:\/\/secure.gravatar.com\/avatar\/8262155dfd99d33a131c0b6f7c6d5b289bcc5a78eb8915b59699287a091367be?s=96&d=mm&r=g","url":"https:\/\/secure.gravatar.com\/avatar\/8262155dfd99d33a131c0b6f7c6d5b289bcc5a78eb8915b59699287a091367be?s=96&d=mm&r=g","contentUrl":"https:\/\/secure.gravatar.com\/avatar\/8262155dfd99d33a131c0b6f7c6d5b289bcc5a78eb8915b59699287a091367be?s=96&d=mm&r=g","caption":"Juan Gonz\u00e1lez-Aller Lacalle"},"sameAs":["https:\/\/navegantesoceanicos.com"],"url":"https:\/\/navegantesoceanicos.com\/pt-pt\/author\/juan-director\/"}]}},"rttpg_featured_image_url":{"full":["https:\/\/navegantesoceanicos.com\/wp-content\/uploads\/2025\/04\/Delfin-En-accion-por-el-mar.jpg",1500,1100,false],"landscape":["https:\/\/navegantesoceanicos.com\/wp-content\/uploads\/2025\/04\/Delfin-En-accion-por-el-mar.jpg",1500,1100,false],"portraits":["https:\/\/navegantesoceanicos.com\/wp-content\/uploads\/2025\/04\/Delfin-En-accion-por-el-mar.jpg",1500,1100,false],"thumbnail":["https:\/\/navegantesoceanicos.com\/wp-content\/uploads\/2025\/04\/Delfin-En-accion-por-el-mar-150x150.jpg",150,150,true],"medium":["https:\/\/navegantesoceanicos.com\/wp-content\/uploads\/2025\/04\/Delfin-En-accion-por-el-mar-300x220.jpg",300,220,true],"large":["https:\/\/navegantesoceanicos.com\/wp-content\/uploads\/2025\/04\/Delfin-En-accion-por-el-mar-1024x751.jpg",1024,751,true],"1536x1536":["https:\/\/navegantesoceanicos.com\/wp-content\/uploads\/2025\/04\/Delfin-En-accion-por-el-mar.jpg",1500,1100,false],"2048x2048":["https:\/\/navegantesoceanicos.com\/wp-content\/uploads\/2025\/04\/Delfin-En-accion-por-el-mar.jpg",1500,1100,false],"smart-post-landscape":["https:\/\/navegantesoceanicos.com\/wp-content\/uploads\/2025\/04\/Delfin-En-accion-por-el-mar.jpg",777,570,false],"smart-post-portrait":["https:\/\/navegantesoceanicos.com\/wp-content\/uploads\/2025\/04\/Delfin-En-accion-por-el-mar.jpg",600,440,false],"et-builder-post-main-image":["https:\/\/navegantesoceanicos.com\/wp-content\/uploads\/2025\/04\/Delfin-En-accion-por-el-mar-400x250.jpg",400,250,true],"et-builder-post-main-image-fullwidth":["https:\/\/navegantesoceanicos.com\/wp-content\/uploads\/2025\/04\/Delfin-En-accion-por-el-mar-1080x675.jpg",1080,675,true],"et-builder-portfolio-image":["https:\/\/navegantesoceanicos.com\/wp-content\/uploads\/2025\/04\/Delfin-En-accion-por-el-mar-400x284.jpg",400,284,true],"et-builder-portfolio-image-single":["https:\/\/navegantesoceanicos.com\/wp-content\/uploads\/2025\/04\/Delfin-En-accion-por-el-mar-1080x792.jpg",1080,792,true],"et-builder-gallery-image-portrait":["https:\/\/navegantesoceanicos.com\/wp-content\/uploads\/2025\/04\/Delfin-En-accion-por-el-mar-400x516.jpg",400,516,true],"extra-image-huge":["https:\/\/navegantesoceanicos.com\/wp-content\/uploads\/2025\/04\/Delfin-En-accion-por-el-mar-1280x768.jpg",1280,768,true],"extra-image-single-post":["https:\/\/navegantesoceanicos.com\/wp-content\/uploads\/2025\/04\/Delfin-En-accion-por-el-mar-1280x640.jpg",1280,640,true],"extra-image-medium":["https:\/\/navegantesoceanicos.com\/wp-content\/uploads\/2025\/04\/Delfin-En-accion-por-el-mar-627x376.jpg",627,376,true],"extra-image-small":["https:\/\/navegantesoceanicos.com\/wp-content\/uploads\/2025\/04\/Delfin-En-accion-por-el-mar-440x264.jpg",440,264,true],"extra-image-square-medium":["https:\/\/navegantesoceanicos.com\/wp-content\/uploads\/2025\/04\/Delfin-En-accion-por-el-mar-440x440.jpg",440,440,true],"extra-image-square-small":["https:\/\/navegantesoceanicos.com\/wp-content\/uploads\/2025\/04\/Delfin-En-accion-por-el-mar-150x150.jpg",150,150,true],"woocommerce_thumbnail":["https:\/\/navegantesoceanicos.com\/wp-content\/uploads\/2025\/04\/Delfin-En-accion-por-el-mar-300x220.jpg",300,220,true],"woocommerce_single":["https:\/\/navegantesoceanicos.com\/wp-content\/uploads\/2025\/04\/Delfin-En-accion-por-el-mar-600x440.jpg",600,440,true],"woocommerce_gallery_thumbnail":["https:\/\/navegantesoceanicos.com\/wp-content\/uploads\/2025\/04\/Delfin-En-accion-por-el-mar-100x100.jpg",100,100,true],"dgwt-wcas-product-suggestion":["https:\/\/navegantesoceanicos.com\/wp-content\/uploads\/2025\/04\/Delfin-En-accion-por-el-mar-64x47.jpg",64,47,true]},"rttpg_author":{"display_name":"Juan Gonz\u00e1lez-Aller Lacalle","author_link":"https:\/\/navegantesoceanicos.com\/pt-pt\/author\/juan-director\/"},"rttpg_comment":0,"rttpg_category":"<a href=\"https:\/\/navegantesoceanicos.com\/pt-pt\/category\/cuidando-mares-e-oceanos-pt-pt\/\" rel=\"category tag\">Cuidando dos mares e oceanos<\/a> <a href=\"https:\/\/navegantesoceanicos.com\/pt-pt\/category\/entrevistas-com-os-navegantes\/\" rel=\"category tag\">entrevistas com os navegantes<\/a>","rttpg_excerpt":"Luis Mart\u00edn \u00e9 o respons\u00e1vel pelo \"En Acci\u00f3n por el Mar\" e no seu veleiro, \"Misty Witch\", realizam atividades relacionadas com a prote\u00e7\u00e3o ambiental e a melhoria do conhecimento da fauna e ecologia marinha. Luis partilha o seu projeto nesta interessante entrevista.","_links":{"self":[{"href":"https:\/\/navegantesoceanicos.com\/pt-pt\/wp-json\/wp\/v2\/posts\/39401","targetHints":{"allow":["GET"]}}],"collection":[{"href":"https:\/\/navegantesoceanicos.com\/pt-pt\/wp-json\/wp\/v2\/posts"}],"about":[{"href":"https:\/\/navegantesoceanicos.com\/pt-pt\/wp-json\/wp\/v2\/types\/post"}],"author":[{"embeddable":true,"href":"https:\/\/navegantesoceanicos.com\/pt-pt\/wp-json\/wp\/v2\/users\/2"}],"replies":[{"embeddable":true,"href":"https:\/\/navegantesoceanicos.com\/pt-pt\/wp-json\/wp\/v2\/comments?post=39401"}],"version-history":[{"count":0,"href":"https:\/\/navegantesoceanicos.com\/pt-pt\/wp-json\/wp\/v2\/posts\/39401\/revisions"}],"wp:featuredmedia":[{"embeddable":true,"href":"https:\/\/navegantesoceanicos.com\/pt-pt\/wp-json\/wp\/v2\/media\/39364"}],"wp:attachment":[{"href":"https:\/\/navegantesoceanicos.com\/pt-pt\/wp-json\/wp\/v2\/media?parent=39401"}],"wp:term":[{"taxonomy":"category","embeddable":true,"href":"https:\/\/navegantesoceanicos.com\/pt-pt\/wp-json\/wp\/v2\/categories?post=39401"},{"taxonomy":"post_tag","embeddable":true,"href":"https:\/\/navegantesoceanicos.com\/pt-pt\/wp-json\/wp\/v2\/tags?post=39401"}],"curies":[{"name":"wp","href":"https:\/\/api.w.org\/{rel}","templated":true}]}}