{"id":39698,"date":"2025-04-16T12:04:51","date_gmt":"2025-04-16T12:04:51","guid":{"rendered":"https:\/\/navegantesoceanicos.com\/aurora-canessa-mi-felicidad-es-tener-un-proposito-e-ir-en-busca-de-eso-desde-el-barquito-pequeno-no-pare-nunca-hasta-hoy\/"},"modified":"2025-04-17T10:02:12","modified_gmt":"2025-04-17T10:02:12","slug":"aurora-canessa","status":"publish","type":"post","link":"https:\/\/navegantesoceanicos.com\/pt-pt\/aurora-canessa\/","title":{"rendered":"Aurora Canessa: &#8220;A minha felicidade \u00e9 ter um prop\u00f3sito e ir atr\u00e1s dele. Desde o barquinho, nunca mais parei at\u00e9 hoje.&#8221;"},"content":{"rendered":"<p>[et_pb_section fb_built=&#8221;1&#8243; _builder_version=&#8221;4.27.4&#8243; _module_preset=&#8221;default&#8221; custom_margin=&#8221;-29px|||||&#8221; custom_padding=&#8221;4px||9px|||&#8221; global_colors_info=&#8221;{}&#8221;][et_pb_row _builder_version=&#8221;4.27.4&#8243; _module_preset=&#8221;default&#8221; custom_padding=&#8221;1px|||||&#8221; global_colors_info=&#8221;{}&#8221;][et_pb_column type=&#8221;4_4&#8243; _builder_version=&#8221;4.27.4&#8243; _module_preset=&#8221;default&#8221; global_colors_info=&#8221;{}&#8221;][et_pb_text _builder_version=&#8221;4.27.4&#8243; _module_preset=&#8221;default&#8221; global_colors_info=&#8221;{}&#8221;]<\/p>\n<p><img decoding=\"async\" class=\"aligncenter\" src=\"https:\/\/navegantesoceanicos.com\/wp-content\/uploads\/2025\/04\/Aurora-Canessa.png\" alt=\"\" width=\"775\" height=\"436\" \/><\/p>\n<p style=\"text-align: center;\"><span style=\"color: #000000;\">Aurora Canessa pode olhar para tr\u00e1s e dizer que viveu mil vidas: foi motociclista, paraquedista, capit\u00e3 do seu pr\u00f3prio navio, fundou empresas, foi para o mar e explorou a dist\u00e2ncia em centenas de viagens. Navegou para as Ilhas Malvinas no d\u00e9cimo anivers\u00e1rio da guerra, em 1992, e venceu a tradicional corrida de 500 milhas do Rio da Prata. Mas talvez o mais importante \u2014 at\u00e9 agora \u2014 \u00e9 que foi a primeira mulher argentina a atravessar o Atl\u00e2ntico sozinha a bordo do seu veleiro, Shipping, aos 65 anos.<\/span><\/p>\n<p style=\"text-align: center;\"><span style=\"color: #000000;\">Ap\u00f3s a morte da m\u00e3e, sem filhos ou maridos que a prendessem a Buenos Aires, decidiu navegar pelo mundo. Regressou dez anos depois, em 2020, quando a cidade se preparava para fechar todos os seus portos devido \u00e0 epidemia de COVID-19. No entanto, n\u00e3o se deixou intimidar: &#8220;Toda a minha vida fui guiado pela intui\u00e7\u00e3o, nunca pelo meu c\u00e9rebro, pela minha mente. Sempre foi algo que vinha do meu \u00edntimo, de dentro, e depois \u2014 muitos anos mais tarde \u2014 quando comecei a estudar, entendi que era o chakra da criatividade. Mas eu n\u00e3o sabia disso naquela altura.&#8221;<\/span><\/p>\n<p style=\"text-align: center;\"><span style=\"color: #000000;\">Agora, esta mulher corajosa, indom\u00e1vel e curiosa \u2014 que celebrou o seu octog\u00e9simo anivers\u00e1rio no final do passado m\u00eas de setembro \u2014 acaba de regressar de uma viagem pela Patag\u00f3nia Argentina, a bordo de uma autocaravana, enquanto planeia a sua pr\u00f3xima viagem e emociona-se com uma gargalhada f\u00e1cil e um esp\u00edrito que inspira a vontade de explorar os mares do mundo, que Aurora conhece como a palma da m\u00e3o: do Mar Adri\u00e1tico ou o Mediterr\u00e2neo ao Oceano Pac\u00edfico ou ao Atl\u00e2ntico.<\/span><\/p>\n<p><img decoding=\"async\" class=\"aligncenter\" src=\"https:\/\/navegantesoceanicos.com\/wp-content\/uploads\/2025\/04\/Aurora-Canessa-navegante-argentina.png\" alt=\"\" width=\"623\" height=\"385\" \/><\/p>\n<h2 style=\"text-align: center;\"><span style=\"color: rgba(9, 26, 155, 0.99);\"><strong><em>Como come\u00e7ou a velejar? <\/em><\/strong><\/span><\/h2>\n<p><span style=\"color: rgba(0, 0, 0, 0.98);\">Comecei a velejar quando tinha quarenta anos. Em 1985 divorciei-me do meu marido e sa\u00ed de casa: mudei a minha vida de princesa. Casei muito jovem, aos 20 anos, e comecei a trabalhar para comer. Eu n\u00e3o tinha nada, estava no zero. Tive de vender o meu carro, alugar um apartamento, come\u00e7ar uma vida nova, diferente daquela que tinha at\u00e9 ent\u00e3o. Mas o meu marido e eu costum\u00e1vamos ir pescar: a minha primeira paix\u00e3o na vida era ir ao rio.<\/span><\/p>\n<h2 style=\"text-align: center;\"><span style=\"color: rgba(6, 33, 155, 0.99);\"><strong><em>E desde que idade pesca?<\/em><\/strong><\/span><\/h2>\n<p><span style=\"color: #000000;\">Vivi em Olivos (nas margens do Rio da Prata) e pesco desde os quatro anos: sempre fui pescador e estava perto da \u00e1gua. Fomos de barco, de lancha, sei l\u00e1. Depois do div\u00f3rcio, quando arranjei emprego, quando finalmente pude, comprei um barco Bermuda SuperSport e fui pescar. Nesse momento, um vizinho do apartamento que eu alugava \u2014 e que devia ver-me a entrar e a sair com o meu equipamento de pesca todos os fins de semana \u2014 convidou-me para um curso de vela no Clube Piedrabuena. Fiz o curso de timoneiro, passei e, quando me formei, decidi que tinha de ter o meu pr\u00f3prio barco.<\/span><\/p>\n<h2 style=\"text-align: center;\"><span style=\"color: rgba(6, 13, 158, 0.99);\"><strong><em>Gostava de velejar naquela \u00e9poca?<\/em><\/strong><\/span><\/h2>\n<p><span style=\"color: rgba(0, 0, 0, 0.98);\">Sim, mas n\u00e3o gostava de velejar em barcos masculinos. Naquela \u00e9poca, os homens eram muito machistas e n\u00e3o havia mulheres que possu\u00edssem os seus pr\u00f3prios barcos. Comprei ent\u00e3o um Microtonner, que \u00e9 um veleiro de 18 p\u00e9s, e comecei a velejar. Naveguei, naveguei e naveguei. Eu naveguei muito. Passado um ano e meio decidi ir para as Malvinas. Ent\u00e3o paguei aquele barco e comprei um barco de madeira, o Malabar, um cl\u00e1ssico, e com isso comecei a fazer outras viagens. Do barquinho n\u00e3o mais parei at\u00e9 hoje: j\u00e1 l\u00e1 v\u00e3o mais de quarenta anos de navega\u00e7\u00e3o.<\/span><\/p>\n<p><span style=\"color: rgba(0, 0, 0, 0.99);\"> <img decoding=\"async\" class=\"aligncenter\" src=\"https:\/\/navegantesoceanicos.com\/wp-content\/uploads\/2025\/04\/Aurora-Canessa-velero-shipping.jpg\" alt=\"\" width=\"759\" height=\"506\" \/><\/span><\/p>\n<h2 style=\"text-align: center;\"><span style=\"color: rgba(6, 24, 160, 0.99);\"><strong><em>Como era a vida de uma marinheira naqueles anos? <\/em><\/strong><\/span><\/h2>\n<p><span style=\"color: #000000;\">Nessa altura havia muito poucas mulheres: s\u00f3 quando tinha aquele barquinho \u00e9 que fui convidada para uma regata feminina, que come\u00e7ou mais ou menos nessa altura, mas s\u00f3 havia um ou dois barcos. Eram sempre os barcos do pai ou do marido, n\u00e3o havia mulheres com barcos pr\u00f3prios.<\/span><\/p>\n<h2 style=\"text-align: center;\"><span style=\"color: rgba(6, 38, 155, 0.99);\"><strong><em>Quais foram as viagens mais importantes nestes quarenta anos?<\/em><\/strong><\/span><\/h2>\n<p><span style=\"color: rgba(0, 0, 0, 0.95);\">Uma das mais importantes foi precisamente aquela viagem \u00e0s Ilhas Malvinas. Conseguimos o que eu queria: estar em Puerto Argentino em 1992, quando tinham passado dez anos desde a Guerra do Atl\u00e2ntico Sul, a cantar o Hino Nacional com a nossa bandeira de quatro por dois a esvoa\u00e7ar na popa do Malabar (que era o meu navio na altura). Entreg\u00e1mos tamb\u00e9m 300 cartas com mensagens de crian\u00e7as argentinas a crian\u00e7as nas Ilhas Malvinas. Quando regressei dessa viagem, comecei a ganhar um pouco mais de reconhecimento no mundo n\u00e1utico local.<\/span><\/p>\n<h2 style=\"text-align: center;\"><span style=\"color: rgba(8, 30, 160, 0.99);\"><strong><em>Tamb\u00e9m competiu em provas como as \u201c500 milhas do Rio da Prata\u201d, que \u00e9 uma das mais dif\u00edceis e exigentes.<\/em><\/strong><\/span><\/h2>\n<p><span style=\"color: rgba(0, 0, 0, 0.96);\">Durante nove anos competi no campeonato de pares e cheguei um dia e meio depois. Toda a gente estava morrendo de rir. At\u00e9 que um dia ganhei as \u201c500 milhas do Rio da Prata\u201d: foi a primeira vez que uma mulher, na hist\u00f3ria daquela competi\u00e7\u00e3o, obteve o primeiro lugar. Nessa altura tinha uma nave que era a pequena Shipping: uma Krypton 27. Foi um marco: ganhei porque cheguei l\u00e1, nada mais, porque tinha a nave mais pequena, coitada, mas porque todos os outros desistiram a meio. Eram 23 ou 24 barcos dos melhores velejadores do Rio da Prata e todos abandonaram a meio da regata. A YCA teve de me dar a festa e a cerim\u00f3nia de entrega de pr\u00e9mios: levei toda a mesa de pr\u00e9mios, mas s\u00f3 porque tinha chegado.<\/span><\/p>\n<h2 style=\"text-align: center;\"><span style=\"color: rgba(10, 18, 168, 0.99);\"><strong><em>E ent\u00e3o o que aconteceu?<\/em><\/strong><\/span><\/h2>\n<p><span style=\"color: #000000;\">Quando regressava da viagem \u00e0s Falklands, estava sozinho ao leme, \u00e0 noite, e perguntei-me: &#8220;E agora? O que quero fazer, o que me apetece fazer?&#8221;. Ent\u00e3o pensei, intuitivamente: \u201cAgora quero atravessar o Atl\u00e2ntico sozinho.\u201d Fui a primeira mulher na Argentina a faz\u00ea-lo. Esta ideia nasceu em 1992, mas s\u00f3 a concretizei 18 anos depois, em 2010. Tive de me preparar para ela durante muito tempo, montar a minha pr\u00f3pria empresa e descobrir como navegar numa viagem com estas exig\u00eancias.<\/span><\/p>\n<p><span style=\"color: rgba(0, 0, 0, 0.99);\"> <img decoding=\"async\" class=\"aligncenter\" src=\"https:\/\/navegantesoceanicos.com\/wp-content\/uploads\/2025\/04\/Aurora-Canessa-velero-1.png\" alt=\"\" width=\"585\" height=\"330\" \/><\/span><\/p>\n<h2 style=\"text-align: center;\"><span style=\"color: rgba(8, 21, 163, 0.99);\"><strong><em>Em que navio atravessou o Atl\u00e2ntico?<\/em><\/strong><\/span><\/h2>\n<p><span style=\"color: #000000;\">Em 2005, o estaleiro Pandora ofereceu-me um barco: estavam a fazer uma nova s\u00e9rie e queriam que os primeiros veleiros fossem para os \u00edcones n\u00e1uticos da Argentina: &#8220;Queremos que tenha um&#8221;, disse-me o propriet\u00e1rio do estaleiro, que \u00e9 um dos mais prestigiados. Nunca imaginei que teria um barco assim, de 32 p\u00e9s, porque \u00e9 muito caro, muito luxuoso, muito bonito. N\u00e3o tinha dinheiro para comprar a Pandora 320 e as coisas come\u00e7aram a funcionar: consegui vender a antiga a um amigo que me pagou muito por ela, emprestou-me dinheiro e eu devolvi-a mais tarde. A Pandora ofereceu-me muitas parcelas, ajudou-me muito a conseguir aquele barco. Sempre fiz tudo sozinha.<\/span><\/p>\n<h2 style=\"text-align: center;\"><span style=\"color: rgba(10, 28, 170, 0.99);\"><strong><em>Quais eram as suas rotinas, por exemplo, na travessia do Atl\u00e2ntico? Quais foram as horas de sono, as refei\u00e7\u00f5es e os hor\u00e1rios durante 3.550 milhas (cerca de 6.500 quil\u00f3metros)?<\/em><\/strong><\/span><\/h2>\n<p><span style=\"color: rgba(0, 0, 0, 0.97);\">Sa\u00ed em 2010: tinha 65 anos quando sa\u00ed do porto de Olivos, perto de Buenos Aires, em abril desse ano. Em setembro completei 66 anos e atravessei o Atl\u00e2ntico. Na travessia propriamente dita, dormia de 20 em 20 minutos: 20 minutos acordado e outros 20 minutos a dormir, colocava um temporizador para acordar e assim sucessivamente.<\/span><\/p>\n<p><span style=\"color: rgba(0, 0, 0, 0.97);\">Demorei dois meses no total: percorri toda a costa do Brasil, as Cara\u00edbas, as Antilhas, at\u00e9 ao norte: quando cheguei \u00e0 \u00faltima ilha do noroeste, Saint Maarten, da\u00ed continuei para as Bermudas. Fiquei l\u00e1 uma semana inteira para reabastecer, procurar mantimentos, \u00e1gua e dormir. S\u00e3o cerca de 965 quil\u00f3metros no total neste tro\u00e7o at\u00e9 \u00e0s Ilhas dos A\u00e7ores (onde tamb\u00e9m parei mais uma semana), no meio do oceano, de onde continuei a minha viagem para a Europa.<\/span><\/p>\n<h2 style=\"text-align: center;\"><span style=\"color: rgba(8, 15, 160, 0.99);\"><strong><em>Como \u00e9 feita a previs\u00e3o nas viagens oce\u00e2nicas?<\/em><\/strong><\/span><\/h2>\n<p><span style=\"color: rgba(0, 0, 0, 0.97);\">Nessa altura, e agora um pouco tamb\u00e9m, navegava quase sem instrumentos. Eu n\u00e3o navego com tecnologia. S\u00f3 com um pequeno GPS que me deu a posi\u00e7\u00e3o. Chegou a mandar imprimir cartas n\u00e1uticas em papel e com esse GPS marcava-as enquanto navegava. Eu n\u00e3o tinha plotter, nada mesmo. Um amigo que me ligava uma, duas ou tr\u00eas vezes por dia: tinha um telefone por sat\u00e9lite e comunic\u00e1vamos para saber como eu estava. Depois de atravessar o Atl\u00e2ntico, passei 10 anos a navegar por todos os mares da Europa: vivi no meu barco e viajei pelo mundo inteiro atrav\u00e9s da \u00e1gua. Acabei de regressar em mar\u00e7o de 2020.<\/span><\/p>\n<h2 style=\"text-align: center;\"><span style=\"color: rgba(8, 31, 163, 0.99);\"><strong><em>A sua vida \u00e9 um livro completo: mant\u00e9m registos de viagem? <\/em><\/strong><\/span><\/h2>\n<p><span style=\"color: #000000;\">Sim, na altura fiz um registo dessa viagem, que est\u00e1 publicado no site da Associa\u00e7\u00e3o ADAN. Deparei-me com dois furac\u00f5es. A\u00ed perguntei-me qual era a necessidade de estar ali, com frio, molhado, com fome, com sono. Acima de tudo, o sonho. Mas a comunica\u00e7\u00e3o e toda a equipa que envolve a viagem s\u00e3o muito importantes: fam\u00edlia, amigos, outros marinheiros.<\/span><\/p>\n<p><span style=\"color: rgba(0, 0, 0, 0.99);\"> <img decoding=\"async\" class=\" aligncenter\" src=\"https:\/\/navegantesoceanicos.com\/wp-content\/uploads\/2025\/04\/Aurora-Canessa-en-proa.png\" alt=\"\" width=\"345\" height=\"564\" \/><\/span><\/p>\n<h2 style=\"text-align: center;\"><span style=\"color: rgba(10, 44, 168, 0.99);\"><strong><em>Qual \u00e9 o trabalho que faz na Associa\u00e7\u00e3o ADAN?<\/em><\/strong><\/span><\/h2>\n<p><span style=\"color: rgba(0, 0, 0, 0.99);\">Fui um dos s\u00f3cios fundadores h\u00e1 vinte anos. Sou agora presidente da ADAN (Associa\u00e7\u00e3o Desportiva Argentina de Velejadores): nomeei muitos delegados em todo o mundo. Agora que fui para o sul com o cami\u00e3o, nomeei quatro ou cinco em diferentes prov\u00edncias. \u00c9 uma organiza\u00e7\u00e3o n\u00e3o governamental, que presta assist\u00eancia a todos os velejadores do mundo onde temos um delegado.<\/span><\/p>\n<p><span style=\"color: rgba(0, 0, 0, 0.99);\">\u00c9 uma fun\u00e7\u00e3o importante, com uma rede de aux\u00edlios para os marinheiros que chegam \u00e0 costa e precisam de algu\u00e9m que segure a linha quando atracam num local. Eu vivenciei isso quando estive na Europa durante esses dez anos. H\u00e1 tamb\u00e9m um trabalho de divulga\u00e7\u00e3o para manter viva a mem\u00f3ria e a hist\u00f3ria de dezenas de marinheiros argentinos.<\/span><\/p>\n<h2 style=\"text-align: center;\"><span style=\"color: rgba(9, 36, 158, 0.99);\"><strong><em>Quais s\u00e3o os seus pr\u00f3ximos planos?<\/em><\/strong><\/span><\/h2>\n<p><span style=\"color: rgba(0, 0, 0, 0.97);\">Um dos meus maiores marcos foi completar oitenta anos. Eu fiz isso. Poucos dias depois, estava a tomar banho (nada de estado meditativo, ri-se) e ocorreu-me: j\u00e1 tenho oitenta anos, ent\u00e3o o que vou fazer agora? J\u00e1 pensei nisso, o objetivo \u00e9 um pouco elevado, mas espero conseguir. N\u00e3o quero dizer mais nada para j\u00e1.<\/span><\/p>\n<h2 style=\"text-align: center;\"><span style=\"color: rgba(6, 28, 155, 0.99);\"><strong><em>Quais s\u00e3o os principais cuidados que uma pessoa deve ter ao navegar neste tipo de barco? Como se est\u00e1 a preparar para as pr\u00f3ximas viagens?<\/em><\/strong><\/span><\/h2>\n<p><span style=\"color: rgba(0, 0, 0, 0.96);\">Cuido de mim, como de forma saud\u00e1vel, fa\u00e7o pilates e tamb\u00e9m Reiki. Organizo rotinas para me manter saud\u00e1vel e forte. J\u00e1 tenho um objetivo para o meu pr\u00f3ximo desafio e espero alcan\u00e7\u00e1-lo. Farei o meu melhor para o conseguir: j\u00e1 comecei a preparar o meu navio para isso, porque tudo requer tempo e energia. A coisa mais valiosa que me est\u00e1 a acontecer agora \u00e9 reconhecer as minhas capacidades: ter a humildade suficiente para saber que n\u00e3o tenho a for\u00e7a de algu\u00e9m de sessenta ou quarenta anos. Fa\u00e7o o meu melhor para ser saud\u00e1vel.<\/span><\/p>\n<p><span style=\"color: rgba(0, 0, 0, 0.96);\">A minha felicidade \u00e9 ter um prop\u00f3sito e ir em busca dele.<\/span><\/p>\n<p>[\/et_pb_text][et_pb_divider divider_weight=&#8221;3px&#8221; _builder_version=&#8221;4.27.4&#8243; _module_preset=&#8221;default&#8221; custom_margin=&#8221;||10px|||&#8221; global_colors_info=&#8221;{}&#8221;][\/et_pb_divider][et_pb_text _builder_version=&#8221;4.27.4&#8243; _module_preset=&#8221;default&#8221; global_colors_info=&#8221;{}&#8221;]<\/p>\n<p style=\"text-align: center;\"><span style=\"color: rgba(0, 0, 0, 0.98);\">N\u00f3s, na &#8220;Navegantes Oce\u00e2nicos&#8221; agradecemos \u00e0 Aurora Canessa, que muito admiramos, a sua colabora\u00e7\u00e3o nesta fascinante entrevista.<\/span><\/p>\n<p style=\"text-align: center;\"><span style=\"color: rgba(0, 0, 0, 0.98);\">Desejamos \u00e0 Aurora boa sorte e bons ventos nos seus projetos futuros.<\/span><\/p>\n<p>[\/et_pb_text][et_pb_divider divider_weight=&#8221;3px&#8221; _builder_version=&#8221;4.27.4&#8243; _module_preset=&#8221;default&#8221; custom_margin=&#8221;||6px|||&#8221; global_colors_info=&#8221;{}&#8221;][\/et_pb_divider][et_pb_text admin_label=&#8221;Enlaces&#8221; _builder_version=&#8221;4.27.4&#8243; _module_preset=&#8221;default&#8221; global_colors_info=&#8221;{}&#8221;]<\/p>\n<h2 style=\"text-align: center;\"><span style=\"color: #e02b20;\"><strong>Pode obter mais informa\u00e7\u00f5es nos seguintes links:<\/strong><\/span><\/h2>\n<p style=\"text-align: center;\"><span style=\"color: #0a12a8;\"><strong>Asociaci\u00f3n Deportiva Argentina de Navegantes: <\/strong><span style=\"color: #000000;\"><a style=\"color: #000000;\" href=\"https:\/\/adan.org.ar\/tag\/nav-aurora-canessa\/\">https:\/\/adan.org.ar\/tag\/nav-aurora-canessa\/<\/a><\/span><\/span><\/p>\n<p style=\"text-align: center;\"><span style=\"color: #0a12a8;\"><strong>Instagram \u201cEl viaje de Aurora\u201d: <\/strong><span style=\"color: #000000;\"><a style=\"color: #000000;\" href=\"https:\/\/www.instagram.com\/canessaaurora\/?hl=es\">https:\/\/www.instagram.com\/canessaaurora\/?hl=es<\/a><\/span><\/span><\/p>\n<p style=\"text-align: center;\"><span style=\"color: #0a12a8;\"><strong>YouTube Aurora Canessa: <\/strong><span style=\"color: #000000;\"><a style=\"color: #000000;\" href=\"https:\/\/www.youtube.com\/@AURORACANESSA\">https:\/\/www.youtube.com\/@AURORACANESSA<\/a><\/span><\/span><strong><em>\u00a0<\/em><\/strong><\/p>\n<p>[\/et_pb_text][et_pb_divider divider_weight=&#8221;3px&#8221; _builder_version=&#8221;4.27.4&#8243; _module_preset=&#8221;default&#8221; custom_margin=&#8221;||8px|||&#8221; global_colors_info=&#8221;{}&#8221;][\/et_pb_divider][et_pb_image src=&#8221;https:\/\/navegantesoceanicos.com\/wp-content\/uploads\/2022\/09\/proteccion-web-con-ISSN.jpg&#8221; title_text=&#8221;protecci\u00f3n web con ISSN&#8221; _builder_version=&#8221;4.27.4&#8243; _module_preset=&#8221;default&#8221; global_colors_info=&#8221;{}&#8221;][\/et_pb_image][\/et_pb_column][\/et_pb_row][\/et_pb_section]<\/p>\n","protected":false},"excerpt":{"rendered":"<p>Aurora Conessa \u00e9 uma grande velejadora oce\u00e2nica que navega \u00e0 volta do mundo h\u00e1 muitos anos. Foi tamb\u00e9m a primeira mulher argentina a atravessar o Oceano Atl\u00e2ntico sozinha e \u00e9 atualmente presidente da ADAN. Nesta entrevista fascinante, fala-nos da sua carreira, experi\u00eancias e projetos mais recentes.<\/p>\n","protected":false},"author":831,"featured_media":39657,"comment_status":"open","ping_status":"open","sticky":false,"template":"","format":"standard","meta":{"_et_pb_use_builder":"on","_et_pb_old_content":"","_et_gb_content_width":"","footnotes":"","_wp_rev_ctl_limit":""},"categories":[208],"tags":[],"class_list":["post-39698","post","type-post","status-publish","format-standard","has-post-thumbnail","hentry","category-entrevistas-com-os-navegantes","et-has-post-format-content","et_post_format-et-post-format-standard"],"yoast_head":"<!-- This site is optimized with the Yoast SEO plugin v27.5 - https:\/\/yoast.com\/product\/yoast-seo-wordpress\/ -->\n<title>Aurora Canessa: &quot;A minha felicidade \u00e9 ter um prop\u00f3sito e ir atr\u00e1s dele. Desde o barquinho, nunca mais parei at\u00e9 hoje.&quot; - Navegantes Oce\u00e1nicos<\/title>\n<meta name=\"description\" content=\"Navegantes Oce\u00e1nicos, web con contenidos para apasionados por la mar, tripulantes, regatistas, patrones o armadores.\" \/>\n<meta name=\"robots\" content=\"index, follow, max-snippet:-1, max-image-preview:large, max-video-preview:-1\" \/>\n<link rel=\"canonical\" href=\"https:\/\/navegantesoceanicos.com\/pt-pt\/aurora-canessa\/\" \/>\n<meta property=\"og:locale\" content=\"pt_PT\" \/>\n<meta property=\"og:type\" content=\"article\" \/>\n<meta property=\"og:title\" content=\"Aurora Canessa: &quot;A minha felicidade \u00e9 ter um prop\u00f3sito e ir atr\u00e1s dele. Desde o barquinho, nunca mais parei at\u00e9 hoje.&quot; - Navegantes Oce\u00e1nicos\" \/>\n<meta property=\"og:description\" content=\"Navegantes Oce\u00e1nicos, web con contenidos para apasionados por la mar, tripulantes, regatistas, patrones o armadores.\" \/>\n<meta property=\"og:url\" content=\"https:\/\/navegantesoceanicos.com\/pt-pt\/aurora-canessa\/\" \/>\n<meta property=\"og:site_name\" content=\"Navegantes Oce\u00e1nicos\" \/>\n<meta property=\"article:publisher\" content=\"https:\/\/www.facebook.com\/Navegantes-Oce%c3%a1nicos-112578593494698\" \/>\n<meta property=\"article:published_time\" content=\"2025-04-16T12:04:51+00:00\" \/>\n<meta property=\"article:modified_time\" content=\"2025-04-17T10:02:12+00:00\" \/>\n<meta property=\"og:image\" content=\"https:\/\/navegantesoceanicos.com\/wp-content\/uploads\/2025\/04\/Aurora-Canessa.png\" \/>\n\t<meta property=\"og:image:width\" content=\"1200\" \/>\n\t<meta property=\"og:image:height\" content=\"675\" \/>\n\t<meta property=\"og:image:type\" content=\"image\/png\" \/>\n<meta name=\"author\" content=\"Tamara Smerling\" \/>\n<meta name=\"twitter:label1\" content=\"Escrito por\" \/>\n\t<meta name=\"twitter:data1\" content=\"Tamara Smerling\" \/>\n\t<meta name=\"twitter:label2\" content=\"Tempo estimado de leitura\" \/>\n\t<meta name=\"twitter:data2\" content=\"10 minutos\" \/>\n<script type=\"application\/ld+json\" class=\"yoast-schema-graph\">{\"@context\":\"https:\\\/\\\/schema.org\",\"@graph\":[{\"@type\":\"Article\",\"@id\":\"https:\\\/\\\/navegantesoceanicos.com\\\/pt-pt\\\/aurora-canessa\\\/#article\",\"isPartOf\":{\"@id\":\"https:\\\/\\\/navegantesoceanicos.com\\\/pt-pt\\\/aurora-canessa\\\/\"},\"author\":{\"name\":\"Tamara Smerling\",\"@id\":\"https:\\\/\\\/navegantesoceanicos.com\\\/pt-pt\\\/#\\\/schema\\\/person\\\/37ba732a8f452d99dd0f97716e4ab614\"},\"headline\":\"Aurora Canessa: &#8220;A minha felicidade \u00e9 ter um prop\u00f3sito e ir atr\u00e1s dele. Desde o barquinho, nunca mais parei at\u00e9 hoje.&#8221;\",\"datePublished\":\"2025-04-16T12:04:51+00:00\",\"dateModified\":\"2025-04-17T10:02:12+00:00\",\"mainEntityOfPage\":{\"@id\":\"https:\\\/\\\/navegantesoceanicos.com\\\/pt-pt\\\/aurora-canessa\\\/\"},\"wordCount\":2093,\"commentCount\":1,\"publisher\":{\"@id\":\"https:\\\/\\\/navegantesoceanicos.com\\\/pt-pt\\\/#organization\"},\"image\":{\"@id\":\"https:\\\/\\\/navegantesoceanicos.com\\\/pt-pt\\\/aurora-canessa\\\/#primaryimage\"},\"thumbnailUrl\":\"https:\\\/\\\/navegantesoceanicos.com\\\/wp-content\\\/uploads\\\/2025\\\/04\\\/Aurora-Canessa.png\",\"articleSection\":[\"entrevistas com os navegantes\"],\"inLanguage\":\"pt-PT\",\"potentialAction\":[{\"@type\":\"CommentAction\",\"name\":\"Comment\",\"target\":[\"https:\\\/\\\/navegantesoceanicos.com\\\/pt-pt\\\/aurora-canessa\\\/#respond\"]}]},{\"@type\":\"WebPage\",\"@id\":\"https:\\\/\\\/navegantesoceanicos.com\\\/pt-pt\\\/aurora-canessa\\\/\",\"url\":\"https:\\\/\\\/navegantesoceanicos.com\\\/pt-pt\\\/aurora-canessa\\\/\",\"name\":\"Aurora Canessa: \\\"A minha felicidade \u00e9 ter um prop\u00f3sito e ir atr\u00e1s dele. Desde o barquinho, nunca mais parei at\u00e9 hoje.\\\" - Navegantes Oce\u00e1nicos\",\"isPartOf\":{\"@id\":\"https:\\\/\\\/navegantesoceanicos.com\\\/pt-pt\\\/#website\"},\"primaryImageOfPage\":{\"@id\":\"https:\\\/\\\/navegantesoceanicos.com\\\/pt-pt\\\/aurora-canessa\\\/#primaryimage\"},\"image\":{\"@id\":\"https:\\\/\\\/navegantesoceanicos.com\\\/pt-pt\\\/aurora-canessa\\\/#primaryimage\"},\"thumbnailUrl\":\"https:\\\/\\\/navegantesoceanicos.com\\\/wp-content\\\/uploads\\\/2025\\\/04\\\/Aurora-Canessa.png\",\"datePublished\":\"2025-04-16T12:04:51+00:00\",\"dateModified\":\"2025-04-17T10:02:12+00:00\",\"description\":\"Navegantes Oce\u00e1nicos, web con contenidos para apasionados por la mar, tripulantes, regatistas, patrones o armadores.\",\"breadcrumb\":{\"@id\":\"https:\\\/\\\/navegantesoceanicos.com\\\/pt-pt\\\/aurora-canessa\\\/#breadcrumb\"},\"inLanguage\":\"pt-PT\",\"potentialAction\":[{\"@type\":\"ReadAction\",\"target\":[\"https:\\\/\\\/navegantesoceanicos.com\\\/pt-pt\\\/aurora-canessa\\\/\"]}]},{\"@type\":\"ImageObject\",\"inLanguage\":\"pt-PT\",\"@id\":\"https:\\\/\\\/navegantesoceanicos.com\\\/pt-pt\\\/aurora-canessa\\\/#primaryimage\",\"url\":\"https:\\\/\\\/navegantesoceanicos.com\\\/wp-content\\\/uploads\\\/2025\\\/04\\\/Aurora-Canessa.png\",\"contentUrl\":\"https:\\\/\\\/navegantesoceanicos.com\\\/wp-content\\\/uploads\\\/2025\\\/04\\\/Aurora-Canessa.png\",\"width\":1200,\"height\":675},{\"@type\":\"BreadcrumbList\",\"@id\":\"https:\\\/\\\/navegantesoceanicos.com\\\/pt-pt\\\/aurora-canessa\\\/#breadcrumb\",\"itemListElement\":[{\"@type\":\"ListItem\",\"position\":1,\"name\":\"Portada\",\"item\":\"https:\\\/\\\/navegantesoceanicos.com\\\/pt-pt\\\/\"},{\"@type\":\"ListItem\",\"position\":2,\"name\":\"Aurora Canessa: &#8220;A minha felicidade \u00e9 ter um prop\u00f3sito e ir atr\u00e1s dele. Desde o barquinho, nunca mais parei at\u00e9 hoje.&#8221;\"}]},{\"@type\":\"WebSite\",\"@id\":\"https:\\\/\\\/navegantesoceanicos.com\\\/pt-pt\\\/#website\",\"url\":\"https:\\\/\\\/navegantesoceanicos.com\\\/pt-pt\\\/\",\"name\":\"Navegantes Oce\u00e1nicos\",\"description\":\"Navegantes oce\u00e1nicos, te ayudamos a navegar, para navegantes, tripulantes, regatistas y armadores, escuela n\u00e1utica, libros on-line sobre t\u00e1cticas y equipamiento para la navegaci\u00f3n a vela, fondear, atracar, el manejo de las velas, electricidad a bordo, navegaci\u00f3n con mal tiempo, rutas oce\u00e1nicas y mucho m\u00e1s\",\"publisher\":{\"@id\":\"https:\\\/\\\/navegantesoceanicos.com\\\/pt-pt\\\/#organization\"},\"potentialAction\":[{\"@type\":\"SearchAction\",\"target\":{\"@type\":\"EntryPoint\",\"urlTemplate\":\"https:\\\/\\\/navegantesoceanicos.com\\\/pt-pt\\\/?s={search_term_string}\"},\"query-input\":{\"@type\":\"PropertyValueSpecification\",\"valueRequired\":true,\"valueName\":\"search_term_string\"}}],\"inLanguage\":\"pt-PT\"},{\"@type\":\"Organization\",\"@id\":\"https:\\\/\\\/navegantesoceanicos.com\\\/pt-pt\\\/#organization\",\"name\":\"Navegantes Oce\u00e1nicos\",\"url\":\"https:\\\/\\\/navegantesoceanicos.com\\\/pt-pt\\\/\",\"logo\":{\"@type\":\"ImageObject\",\"inLanguage\":\"pt-PT\",\"@id\":\"https:\\\/\\\/navegantesoceanicos.com\\\/pt-pt\\\/#\\\/schema\\\/logo\\\/image\\\/\",\"url\":\"https:\\\/\\\/navegantesoceanicos.com\\\/wp-content\\\/uploads\\\/2019\\\/12\\\/LOGO-NAVEGANTES-OCEANICOS.png\",\"contentUrl\":\"https:\\\/\\\/navegantesoceanicos.com\\\/wp-content\\\/uploads\\\/2019\\\/12\\\/LOGO-NAVEGANTES-OCEANICOS.png\",\"width\":1010,\"height\":814,\"caption\":\"Navegantes Oce\u00e1nicos\"},\"image\":{\"@id\":\"https:\\\/\\\/navegantesoceanicos.com\\\/pt-pt\\\/#\\\/schema\\\/logo\\\/image\\\/\"},\"sameAs\":[\"https:\\\/\\\/www.facebook.com\\\/Navegantes-Oce\u00e1nicos-112578593494698\",\"https:\\\/\\\/www.instagram.com\\\/navegantes_oceanicos\\\/?hl=es\",\"https:\\\/\\\/www.youtube.com\\\/channel\\\/UCXgDL_6xqE7rpdwNXRmzF_Q\\\/featured\"]},{\"@type\":\"Person\",\"@id\":\"https:\\\/\\\/navegantesoceanicos.com\\\/pt-pt\\\/#\\\/schema\\\/person\\\/37ba732a8f452d99dd0f97716e4ab614\",\"name\":\"Tamara Smerling\",\"image\":{\"@type\":\"ImageObject\",\"inLanguage\":\"pt-PT\",\"@id\":\"https:\\\/\\\/secure.gravatar.com\\\/avatar\\\/85347147d5847554923b12455c0c59277be52f9c3599a2e4af69d99571e94959?s=96&d=mm&r=g\",\"url\":\"https:\\\/\\\/secure.gravatar.com\\\/avatar\\\/85347147d5847554923b12455c0c59277be52f9c3599a2e4af69d99571e94959?s=96&d=mm&r=g\",\"contentUrl\":\"https:\\\/\\\/secure.gravatar.com\\\/avatar\\\/85347147d5847554923b12455c0c59277be52f9c3599a2e4af69d99571e94959?s=96&d=mm&r=g\",\"caption\":\"Tamara Smerling\"},\"url\":\"https:\\\/\\\/navegantesoceanicos.com\\\/pt-pt\\\/author\\\/tamaras\\\/\"}]}<\/script>\n<!-- \/ Yoast SEO plugin. -->","yoast_head_json":{"title":"Aurora Canessa: \"A minha felicidade \u00e9 ter um prop\u00f3sito e ir atr\u00e1s dele. Desde o barquinho, nunca mais parei at\u00e9 hoje.\" - Navegantes Oce\u00e1nicos","description":"Navegantes Oce\u00e1nicos, web con contenidos para apasionados por la mar, tripulantes, regatistas, patrones o armadores.","robots":{"index":"index","follow":"follow","max-snippet":"max-snippet:-1","max-image-preview":"max-image-preview:large","max-video-preview":"max-video-preview:-1"},"canonical":"https:\/\/navegantesoceanicos.com\/pt-pt\/aurora-canessa\/","og_locale":"pt_PT","og_type":"article","og_title":"Aurora Canessa: \"A minha felicidade \u00e9 ter um prop\u00f3sito e ir atr\u00e1s dele. Desde o barquinho, nunca mais parei at\u00e9 hoje.\" - Navegantes Oce\u00e1nicos","og_description":"Navegantes Oce\u00e1nicos, web con contenidos para apasionados por la mar, tripulantes, regatistas, patrones o armadores.","og_url":"https:\/\/navegantesoceanicos.com\/pt-pt\/aurora-canessa\/","og_site_name":"Navegantes Oce\u00e1nicos","article_publisher":"https:\/\/www.facebook.com\/Navegantes-Oce%c3%a1nicos-112578593494698","article_published_time":"2025-04-16T12:04:51+00:00","article_modified_time":"2025-04-17T10:02:12+00:00","og_image":[{"width":1200,"height":675,"url":"https:\/\/navegantesoceanicos.com\/wp-content\/uploads\/2025\/04\/Aurora-Canessa.png","type":"image\/png"}],"author":"Tamara Smerling","twitter_misc":{"Escrito por":"Tamara Smerling","Tempo estimado de leitura":"10 minutos"},"schema":{"@context":"https:\/\/schema.org","@graph":[{"@type":"Article","@id":"https:\/\/navegantesoceanicos.com\/pt-pt\/aurora-canessa\/#article","isPartOf":{"@id":"https:\/\/navegantesoceanicos.com\/pt-pt\/aurora-canessa\/"},"author":{"name":"Tamara Smerling","@id":"https:\/\/navegantesoceanicos.com\/pt-pt\/#\/schema\/person\/37ba732a8f452d99dd0f97716e4ab614"},"headline":"Aurora Canessa: &#8220;A minha felicidade \u00e9 ter um prop\u00f3sito e ir atr\u00e1s dele. Desde o barquinho, nunca mais parei at\u00e9 hoje.&#8221;","datePublished":"2025-04-16T12:04:51+00:00","dateModified":"2025-04-17T10:02:12+00:00","mainEntityOfPage":{"@id":"https:\/\/navegantesoceanicos.com\/pt-pt\/aurora-canessa\/"},"wordCount":2093,"commentCount":1,"publisher":{"@id":"https:\/\/navegantesoceanicos.com\/pt-pt\/#organization"},"image":{"@id":"https:\/\/navegantesoceanicos.com\/pt-pt\/aurora-canessa\/#primaryimage"},"thumbnailUrl":"https:\/\/navegantesoceanicos.com\/wp-content\/uploads\/2025\/04\/Aurora-Canessa.png","articleSection":["entrevistas com os navegantes"],"inLanguage":"pt-PT","potentialAction":[{"@type":"CommentAction","name":"Comment","target":["https:\/\/navegantesoceanicos.com\/pt-pt\/aurora-canessa\/#respond"]}]},{"@type":"WebPage","@id":"https:\/\/navegantesoceanicos.com\/pt-pt\/aurora-canessa\/","url":"https:\/\/navegantesoceanicos.com\/pt-pt\/aurora-canessa\/","name":"Aurora Canessa: \"A minha felicidade \u00e9 ter um prop\u00f3sito e ir atr\u00e1s dele. Desde o barquinho, nunca mais parei at\u00e9 hoje.\" - Navegantes Oce\u00e1nicos","isPartOf":{"@id":"https:\/\/navegantesoceanicos.com\/pt-pt\/#website"},"primaryImageOfPage":{"@id":"https:\/\/navegantesoceanicos.com\/pt-pt\/aurora-canessa\/#primaryimage"},"image":{"@id":"https:\/\/navegantesoceanicos.com\/pt-pt\/aurora-canessa\/#primaryimage"},"thumbnailUrl":"https:\/\/navegantesoceanicos.com\/wp-content\/uploads\/2025\/04\/Aurora-Canessa.png","datePublished":"2025-04-16T12:04:51+00:00","dateModified":"2025-04-17T10:02:12+00:00","description":"Navegantes Oce\u00e1nicos, web con contenidos para apasionados por la mar, tripulantes, regatistas, patrones o armadores.","breadcrumb":{"@id":"https:\/\/navegantesoceanicos.com\/pt-pt\/aurora-canessa\/#breadcrumb"},"inLanguage":"pt-PT","potentialAction":[{"@type":"ReadAction","target":["https:\/\/navegantesoceanicos.com\/pt-pt\/aurora-canessa\/"]}]},{"@type":"ImageObject","inLanguage":"pt-PT","@id":"https:\/\/navegantesoceanicos.com\/pt-pt\/aurora-canessa\/#primaryimage","url":"https:\/\/navegantesoceanicos.com\/wp-content\/uploads\/2025\/04\/Aurora-Canessa.png","contentUrl":"https:\/\/navegantesoceanicos.com\/wp-content\/uploads\/2025\/04\/Aurora-Canessa.png","width":1200,"height":675},{"@type":"BreadcrumbList","@id":"https:\/\/navegantesoceanicos.com\/pt-pt\/aurora-canessa\/#breadcrumb","itemListElement":[{"@type":"ListItem","position":1,"name":"Portada","item":"https:\/\/navegantesoceanicos.com\/pt-pt\/"},{"@type":"ListItem","position":2,"name":"Aurora Canessa: &#8220;A minha felicidade \u00e9 ter um prop\u00f3sito e ir atr\u00e1s dele. Desde o barquinho, nunca mais parei at\u00e9 hoje.&#8221;"}]},{"@type":"WebSite","@id":"https:\/\/navegantesoceanicos.com\/pt-pt\/#website","url":"https:\/\/navegantesoceanicos.com\/pt-pt\/","name":"Navegantes Oce\u00e1nicos","description":"Navegantes oce\u00e1nicos, te ayudamos a navegar, para navegantes, tripulantes, regatistas y armadores, escuela n\u00e1utica, libros on-line sobre t\u00e1cticas y equipamiento para la navegaci\u00f3n a vela, fondear, atracar, el manejo de las velas, electricidad a bordo, navegaci\u00f3n con mal tiempo, rutas oce\u00e1nicas y mucho m\u00e1s","publisher":{"@id":"https:\/\/navegantesoceanicos.com\/pt-pt\/#organization"},"potentialAction":[{"@type":"SearchAction","target":{"@type":"EntryPoint","urlTemplate":"https:\/\/navegantesoceanicos.com\/pt-pt\/?s={search_term_string}"},"query-input":{"@type":"PropertyValueSpecification","valueRequired":true,"valueName":"search_term_string"}}],"inLanguage":"pt-PT"},{"@type":"Organization","@id":"https:\/\/navegantesoceanicos.com\/pt-pt\/#organization","name":"Navegantes Oce\u00e1nicos","url":"https:\/\/navegantesoceanicos.com\/pt-pt\/","logo":{"@type":"ImageObject","inLanguage":"pt-PT","@id":"https:\/\/navegantesoceanicos.com\/pt-pt\/#\/schema\/logo\/image\/","url":"https:\/\/navegantesoceanicos.com\/wp-content\/uploads\/2019\/12\/LOGO-NAVEGANTES-OCEANICOS.png","contentUrl":"https:\/\/navegantesoceanicos.com\/wp-content\/uploads\/2019\/12\/LOGO-NAVEGANTES-OCEANICOS.png","width":1010,"height":814,"caption":"Navegantes Oce\u00e1nicos"},"image":{"@id":"https:\/\/navegantesoceanicos.com\/pt-pt\/#\/schema\/logo\/image\/"},"sameAs":["https:\/\/www.facebook.com\/Navegantes-Oce\u00e1nicos-112578593494698","https:\/\/www.instagram.com\/navegantes_oceanicos\/?hl=es","https:\/\/www.youtube.com\/channel\/UCXgDL_6xqE7rpdwNXRmzF_Q\/featured"]},{"@type":"Person","@id":"https:\/\/navegantesoceanicos.com\/pt-pt\/#\/schema\/person\/37ba732a8f452d99dd0f97716e4ab614","name":"Tamara Smerling","image":{"@type":"ImageObject","inLanguage":"pt-PT","@id":"https:\/\/secure.gravatar.com\/avatar\/85347147d5847554923b12455c0c59277be52f9c3599a2e4af69d99571e94959?s=96&d=mm&r=g","url":"https:\/\/secure.gravatar.com\/avatar\/85347147d5847554923b12455c0c59277be52f9c3599a2e4af69d99571e94959?s=96&d=mm&r=g","contentUrl":"https:\/\/secure.gravatar.com\/avatar\/85347147d5847554923b12455c0c59277be52f9c3599a2e4af69d99571e94959?s=96&d=mm&r=g","caption":"Tamara Smerling"},"url":"https:\/\/navegantesoceanicos.com\/pt-pt\/author\/tamaras\/"}]}},"rttpg_featured_image_url":{"full":["https:\/\/navegantesoceanicos.com\/wp-content\/uploads\/2025\/04\/Aurora-Canessa.png",1200,675,false],"landscape":["https:\/\/navegantesoceanicos.com\/wp-content\/uploads\/2025\/04\/Aurora-Canessa.png",1200,675,false],"portraits":["https:\/\/navegantesoceanicos.com\/wp-content\/uploads\/2025\/04\/Aurora-Canessa.png",1200,675,false],"thumbnail":["https:\/\/navegantesoceanicos.com\/wp-content\/uploads\/2025\/04\/Aurora-Canessa-150x150.png",150,150,true],"medium":["https:\/\/navegantesoceanicos.com\/wp-content\/uploads\/2025\/04\/Aurora-Canessa-300x169.png",300,169,true],"large":["https:\/\/navegantesoceanicos.com\/wp-content\/uploads\/2025\/04\/Aurora-Canessa-1024x576.png",1024,576,true],"1536x1536":["https:\/\/navegantesoceanicos.com\/wp-content\/uploads\/2025\/04\/Aurora-Canessa.png",1200,675,false],"2048x2048":["https:\/\/navegantesoceanicos.com\/wp-content\/uploads\/2025\/04\/Aurora-Canessa.png",1200,675,false],"smart-post-landscape":["https:\/\/navegantesoceanicos.com\/wp-content\/uploads\/2025\/04\/Aurora-Canessa.png",870,489,false],"smart-post-portrait":["https:\/\/navegantesoceanicos.com\/wp-content\/uploads\/2025\/04\/Aurora-Canessa.png",600,338,false],"et-builder-post-main-image":["https:\/\/navegantesoceanicos.com\/wp-content\/uploads\/2025\/04\/Aurora-Canessa-400x250.png",400,250,true],"et-builder-post-main-image-fullwidth":["https:\/\/navegantesoceanicos.com\/wp-content\/uploads\/2025\/04\/Aurora-Canessa-1080x675.png",1080,675,true],"et-builder-portfolio-image":["https:\/\/navegantesoceanicos.com\/wp-content\/uploads\/2025\/04\/Aurora-Canessa-400x284.png",400,284,true],"et-builder-portfolio-image-single":["https:\/\/navegantesoceanicos.com\/wp-content\/uploads\/2025\/04\/Aurora-Canessa-1080x608.png",1080,608,true],"et-builder-gallery-image-portrait":["https:\/\/navegantesoceanicos.com\/wp-content\/uploads\/2025\/04\/Aurora-Canessa-400x516.png",400,516,true],"extra-image-huge":["https:\/\/navegantesoceanicos.com\/wp-content\/uploads\/2025\/04\/Aurora-Canessa.png",1200,675,false],"extra-image-single-post":["https:\/\/navegantesoceanicos.com\/wp-content\/uploads\/2025\/04\/Aurora-Canessa-1200x640.png",1200,640,true],"extra-image-medium":["https:\/\/navegantesoceanicos.com\/wp-content\/uploads\/2025\/04\/Aurora-Canessa-627x376.png",627,376,true],"extra-image-small":["https:\/\/navegantesoceanicos.com\/wp-content\/uploads\/2025\/04\/Aurora-Canessa-440x264.png",440,264,true],"extra-image-square-medium":["https:\/\/navegantesoceanicos.com\/wp-content\/uploads\/2025\/04\/Aurora-Canessa-440x440.png",440,440,true],"extra-image-square-small":["https:\/\/navegantesoceanicos.com\/wp-content\/uploads\/2025\/04\/Aurora-Canessa-150x150.png",150,150,true],"woocommerce_thumbnail":["https:\/\/navegantesoceanicos.com\/wp-content\/uploads\/2025\/04\/Aurora-Canessa-300x169.png",300,169,true],"woocommerce_single":["https:\/\/navegantesoceanicos.com\/wp-content\/uploads\/2025\/04\/Aurora-Canessa-600x338.png",600,338,true],"woocommerce_gallery_thumbnail":["https:\/\/navegantesoceanicos.com\/wp-content\/uploads\/2025\/04\/Aurora-Canessa-100x100.png",100,100,true],"dgwt-wcas-product-suggestion":["https:\/\/navegantesoceanicos.com\/wp-content\/uploads\/2025\/04\/Aurora-Canessa-64x36.png",64,36,true]},"rttpg_author":{"display_name":"Tamara Smerling","author_link":"https:\/\/navegantesoceanicos.com\/pt-pt\/author\/tamaras\/"},"rttpg_comment":0,"rttpg_category":"<a href=\"https:\/\/navegantesoceanicos.com\/pt-pt\/category\/entrevistas-com-os-navegantes\/\" rel=\"category tag\">entrevistas com os navegantes<\/a>","rttpg_excerpt":"Aurora Conessa \u00e9 uma grande velejadora oce\u00e2nica que navega \u00e0 volta do mundo h\u00e1 muitos anos. Foi tamb\u00e9m a primeira mulher argentina a atravessar o Oceano Atl\u00e2ntico sozinha e \u00e9 atualmente presidente da ADAN. Nesta entrevista fascinante, fala-nos da sua carreira, experi\u00eancias e projetos mais recentes.","_links":{"self":[{"href":"https:\/\/navegantesoceanicos.com\/pt-pt\/wp-json\/wp\/v2\/posts\/39698","targetHints":{"allow":["GET"]}}],"collection":[{"href":"https:\/\/navegantesoceanicos.com\/pt-pt\/wp-json\/wp\/v2\/posts"}],"about":[{"href":"https:\/\/navegantesoceanicos.com\/pt-pt\/wp-json\/wp\/v2\/types\/post"}],"author":[{"embeddable":true,"href":"https:\/\/navegantesoceanicos.com\/pt-pt\/wp-json\/wp\/v2\/users\/831"}],"replies":[{"embeddable":true,"href":"https:\/\/navegantesoceanicos.com\/pt-pt\/wp-json\/wp\/v2\/comments?post=39698"}],"version-history":[{"count":0,"href":"https:\/\/navegantesoceanicos.com\/pt-pt\/wp-json\/wp\/v2\/posts\/39698\/revisions"}],"wp:featuredmedia":[{"embeddable":true,"href":"https:\/\/navegantesoceanicos.com\/pt-pt\/wp-json\/wp\/v2\/media\/39657"}],"wp:attachment":[{"href":"https:\/\/navegantesoceanicos.com\/pt-pt\/wp-json\/wp\/v2\/media?parent=39698"}],"wp:term":[{"taxonomy":"category","embeddable":true,"href":"https:\/\/navegantesoceanicos.com\/pt-pt\/wp-json\/wp\/v2\/categories?post=39698"},{"taxonomy":"post_tag","embeddable":true,"href":"https:\/\/navegantesoceanicos.com\/pt-pt\/wp-json\/wp\/v2\/tags?post=39698"}],"curies":[{"name":"wp","href":"https:\/\/api.w.org\/{rel}","templated":true}]}}