{"id":40618,"date":"2025-06-14T20:32:43","date_gmt":"2025-06-14T20:32:43","guid":{"rendered":"https:\/\/navegantesoceanicos.com\/?p=40618"},"modified":"2025-06-14T21:24:05","modified_gmt":"2025-06-14T21:24:05","slug":"um-rival-imprevisivel-entrevista-ao-velejador-oceanico-carlos-cuadrado","status":"publish","type":"post","link":"https:\/\/navegantesoceanicos.com\/pt-pt\/um-rival-imprevisivel-entrevista-ao-velejador-oceanico-carlos-cuadrado\/","title":{"rendered":"\u201cUm rival imprevis\u00edvel\u201d, entrevista ao velejador oce\u00e2nico Carlos Cuadrado"},"content":{"rendered":"<p>[et_pb_section fb_built=&#8221;1&#8243; _builder_version=&#8221;4.27.4&#8243; _module_preset=&#8221;default&#8221; custom_padding=&#8221;31px||10px|||&#8221; global_colors_info=&#8221;{}&#8221;][et_pb_row _builder_version=&#8221;4.27.4&#8243; _module_preset=&#8221;default&#8221; custom_padding=&#8221;8px|||||&#8221; global_colors_info=&#8221;{}&#8221;][et_pb_column type=&#8221;4_4&#8243; _builder_version=&#8221;4.27.4&#8243; _module_preset=&#8221;default&#8221; global_colors_info=&#8221;{}&#8221;][et_pb_text _builder_version=&#8221;4.27.4&#8243; _module_preset=&#8221;default&#8221; global_colors_info=&#8221;{}&#8221;]<\/p>\n<p style=\"text-align: center;\"><span style=\"color: #000000;\">Desde muito jovem que Carlos Cuadrado treinou t\u00e9nis, onde se destacou, conquistando o prestigiado Trof\u00e9u Roland Garros J\u00fanior com apenas 18 anos. No entanto, as les\u00f5es obrigaram-no a retirar-se prematuramente do t\u00e9nis competitivo. Apesar disso, continuou no mundo do t\u00e9nis, na Austr\u00e1lia, como treinador de alto rendimento.<\/span><\/p>\n<p style=\"text-align: center;\"><span style=\"color: #000000;\">Em 2017, deu uma grande volta \u00e0 sua vida: comprou um veleiro oce\u00e2nico e embarcou na aventura de velejar \u00e0 volta do mundo, completando-a em quatro (4) anos. Foi recentemente publicado o seu livro, &#8220;Um Rival Imprevis\u00edvel&#8221;, no qual relata as suas aventuras e como enfrentou os desafios da vela oce\u00e2nica.<\/span><\/p>\n<p style=\"text-align: center;\"><span style=\"color: #000000;\">Agradecemos a Carlos Cuadrado por partilhar as suas experi\u00eancias com os nossos leitores nesta entrevista.<\/span><\/p>\n<h2 style=\"text-align: center;\"><span style=\"color: #0925a3;\">Carlos, quando iniciou a sua rela\u00e7\u00e3o com a vela? Como aprendeu a velejar?<\/span><\/h2>\n<p><span style=\"color: rgba(0, 0, 0, 0.95);\">Tudo come\u00e7ou na minha inf\u00e2ncia, durante os ver\u00f5es na Costa Brava, no zodiac do mezu pai. Ele e o meu tio praticavam mergulho, e eu ia junto, fascinada pelo mar. Foi a\u00ed que nasceu o sonho de um dia ter o meu pr\u00f3prio barco.<\/span><\/p>\n<p><span style=\"color: rgba(0, 0, 0, 0.95);\">Anos mais tarde, j\u00e1 em Melbourne e a trabalhar para a Federa\u00e7\u00e3o Australiana de T\u00e9nis, este sonho ganhou forma. Inscrevi-me em alguns cursos de vela, mas cedo percebi que a verdadeira experi\u00eancia de aprendizagem era no mar. Comecei a velejar porque precisava de aprender&#8230; e tamb\u00e9m porque o vazio deixado por uma carreira no t\u00e9nis interrompida t\u00e3o cedo me estava a impulsionar a procurar algo mais. Queria testar-me, explorar os meus limites e redescobrir aquele sentido de prop\u00f3sito que s\u00f3 conhecia atrav\u00e9s da competi\u00e7\u00e3o.<\/span><\/p>\n<h2 style=\"text-align: center;\"><span style=\"color: #0613a0;\">O que te motivou a trocar o t\u00e9nis pela vela? Como surgiu a viagem \u00e0 volta do mundo? <\/span><\/h2>\n<p><span style=\"color: rgba(0, 0, 0, 0.98);\">No in\u00edcio, s\u00f3 queria aprender a velejar. Comecei pela costa leste da Austr\u00e1lia, mas depois de passar por Sydney, as viagens curtas j\u00e1 n\u00e3o me satisfaziam. Aventurei-me pela Nova Caled\u00f3nia e depois por Vanuatu. A\u00ed, ganhei confian\u00e7a, aprendi mesmo e apaixonei-me por viagens a solo, cruzando mares.<\/span><\/p>\n<p><span style=\"color: rgba(0, 0, 0, 0.98);\">Depois do Vanuatu, sabia que queria mais. O desafio de navegar \u00e0 volta do mundo deixou de ser apenas uma ideia&#8230; passou a ser uma necessidade. Uma voca\u00e7\u00e3o imposs\u00edvel de ignorar.<\/span><\/p>\n<p><img decoding=\"async\" class=\"aligncenter\" src=\"https:\/\/navegantesoceanicos.com\/wp-content\/uploads\/2025\/06\/Moorea-Anchorage-Carlos-Cuadrado.jpg\" alt=\"\" width=\"980\" height=\"653\" \/><\/p>\n<h2 style=\"text-align: center;\"><strong><span style=\"color: #0926a5;\">Para dar uma ideia aos nossos leitores: pode falar-nos do veleiro no qual navegou \u00e0 volta do mundo, as suas condi\u00e7\u00f5es de navegabilidade, caracter\u00edsticas, equipamento, etc.?<\/span><\/strong><\/h2>\n<p><span style=\"color: rgba(0, 0, 0, 0.96);\">O meu veleiro \u00e9 um ketch de a\u00e7o de 12 metros com dois mastros e um cockpit central. Tem uma quilha semi-flutuante, \u00e9 muito pesado e s\u00f3lido, perfeito para uma navega\u00e7\u00e3o oce\u00e2nica segura. Equipei-o a pensar na autonomia e no conforto em viagens longas: dessalinizador, gerador, pain\u00e9is solares, \u00e1gua quente, frigor\u00edfico, hidrogerador, um bom sistema eletr\u00f3nico, radar, piloto autom\u00e1tico e muito mais.<\/span><\/p>\n<p><span style=\"color: rgba(0, 0, 0, 0.96);\">Era mais do que um barco; era o meu ref\u00fagio, o meu lar flutuante e o meu companheiro nos meus desafios.<\/span><\/p>\n<h2 style=\"text-align: center;\"><span style=\"color: #0916a5;\">Que percurso seguiu na sua viagem de volta ao mundo? Como a planeou e que fatores levou em considera\u00e7\u00e3o?<\/span><\/h2>\n<p><span style=\"color: rgba(0, 0, 0, 0.98);\">Segui a cl\u00e1ssica rota este-oeste, aproveitando os ventos al\u00edsios. Durante os seis meses em que preparei o barco em Melbourne, absorvi informa\u00e7\u00e3o, especialmente dos guias de viagem de Jimmy Cornell. Ajustei a rota e o tempo, tendo em conta as temporadas de ciclones no Pac\u00edfico e de furac\u00f5es nas Cara\u00edbas.<\/span><\/p>\n<p><span style=\"color: rgba(0, 0, 0, 0.98);\">Queria atravessar o Estreito de Magalh\u00e3es, mas a pandemia tornou isso imposs\u00edvel, pelo que atravessei o Canal do Panam\u00e1 depois de contornar o Cabo da Boa Esperan\u00e7a. Cada decis\u00e3o era estrat\u00e9gica.<\/span><\/p>\n<h2><img decoding=\"async\" class=\"aligncenter\" src=\"https:\/\/navegantesoceanicos.com\/wp-content\/uploads\/2025\/06\/Fatu-Hiva-dinghy.jpg\" alt=\"\" width=\"878\" height=\"585\" \/><\/h2>\n<h2 style=\"text-align: center;\"><span style=\"color: #06219b;\"><\/span><\/h2>\n<h2 style=\"text-align: center;\"><span style=\"color: #06219b;\">Quem vos acompanhou nesta aventura? Como organizaram as tripula\u00e7\u00f5es nas diferentes viagens?<\/span><\/h2>\n<p><span style=\"color: #000000;\">Conheci o meu ex-companheiro na Nova Caled\u00f3nia e, durante algum tempo, acompanhou-me no barco por per\u00edodos. Mas fiz muitas das grandes viagens sozinho: atravessei o Atl\u00e2ntico sozinho, assim como o Pac\u00edfico, das Ilhas Marquesas \u00e0 Austr\u00e1lia.<\/span><\/p>\n<p><span style=\"color: #000000;\">Gostava de velejar sozinho. H\u00e1 algo de m\u00e1gico no ritmo das ondas, na forma como os dias se sucedem, sem distra\u00e7\u00f5es. \u00c9 uma rotina profunda, imposs\u00edvel de encontrar em terra firme. Passei muitas horas sozinho e, embora a solid\u00e3o por vezes me pesasse, nunca quis ter uma tripula\u00e7\u00e3o. Aquela viagem foi minha, um reencontro interior, uma busca ansiada pela paz.<\/span><\/p>\n<h2 style=\"text-align: center;\"><span style=\"color: #081fa3;\">A vida a bordo de um veleiro \u00e9 dif\u00edcil? Quantas horas de sono consegue dormir por dia quando est\u00e1 no mar? Sentiu falta de alguma coisa da vida em terra firme?<\/span><\/h2>\n<p><span style=\"color: rgba(0, 0, 0, 0.98);\">\u00c9 claro que n\u00e3o \u00e9 para todos. N\u00e3o sei se existe um meio-termo: ou se apaixona pelo estilo de vida ou n\u00e3o consegue lidar com ele. Se gostar, adapta-se rapidamente aos espa\u00e7os confinados do barco. No final, o que importa n\u00e3o \u00e9 o conforto, mas sim a experi\u00eancia: viajar, conhecer pessoas, mergulhar noutras culturas, viver aventuras e sentir uma liberdade dif\u00edcil de explicar.<\/span><\/p>\n<p><span style=\"color: rgba(0, 0, 0, 0.98);\">Nas viagens oce\u00e2nicas, dormia com intervalos de uma hora. Levantava-me para verificar se estava tudo bem, verificava o plotter cartogr\u00e1fico e o radar em busca de tempestades e voltava a adormecer. Perto da costa, dormia na cabine com alarmes a cada 20 minutos. O corpo habitua-se. A mente tamb\u00e9m.<\/span><\/p>\n<p><span style=\"color: rgba(0, 0, 0, 0.98);\">Sinceramente, n\u00e3o senti falta de nada em terra. Por vezes, talvez da variedade ou do acesso a determinados alimentos&#8230; mas fazia parte do percurso, do desafio. Nunca senti uma grande necessidade. Estava onde queria estar, a viver com o suficiente, ligado ao essencial. E isso, mais do que um sacrif\u00edcio, foi uma escolha.<\/span><\/p>\n<h2><img decoding=\"async\" class=\"aligncenter\" src=\"https:\/\/navegantesoceanicos.com\/wp-content\/uploads\/2025\/06\/A-toda-vela.jpg\" alt=\"\" width=\"803\" height=\"602\" \/><\/h2>\n<h2 style=\"text-align: center;\"><span style=\"color: #0824a3;\"><\/span><\/h2>\n<h2 style=\"text-align: center;\"><span style=\"color: #0824a3;\">Carlos, navegou muitas milhas durante a sua viagem de volta ao mundo. O que destacaria das suas viagens pelos oceanos Atl\u00e2ntico, Pac\u00edfico e \u00cdndico?<\/span><\/h2>\n<p><span style=\"color: rgba(0, 0, 0, 0.96);\">O Oceano \u00cdndico foi, sem d\u00favida, o mais dif\u00edcil. As ondas vinham de um lado para o outro e rebentavam de lado, e uma maior do que o normal aparecia sempre sem aviso. As tempestades eram mais violentas, com uma energia selvagem que impunha respeito a cada quil\u00f3metro.<\/span><\/p>\n<p><span style=\"color: rgba(0, 0, 0, 0.96);\">Em contraste, o Atl\u00e2ntico foi o mais gratificante. Ventos constantes, correntes de cauda&#8230; Consegui bater recordes de 290 quil\u00f3metros por dia. Deixei a vela mestra i\u00e7ada \u00e0 noite sem me preocupar e raramente precisei de rizar em caso de emerg\u00eancia.<\/span><\/p>\n<p><span style=\"color: rgba(0, 0, 0, 0.96);\">O Pac\u00edfico tinha o seu diferencial: do Panam\u00e1 \u00e0s Gal\u00e1pagos, o vento era inst\u00e1vel e, muitas vezes, de proa. Mas, depois de passar por este tro\u00e7o, chegar \u00e0s Marquesas foi uma del\u00edcia. Cada oceano tem a sua pr\u00f3pria personalidade. E tudo pode ser um mar de rosas um dia&#8230; e transformar-se no outro.<\/span><\/p>\n<p><span style=\"color: rgba(0, 0, 0, 0.96);\">Das Marquesas \u00e0 Austr\u00e1lia, \u00e9 preciso ter muito cuidado com a quantidade de recifes ali presentes e tamb\u00e9m com a chegada \u00e0 Austr\u00e1lia em boas condi\u00e7\u00f5es. Tudo requer planeamento.<\/span><\/p>\n<h2 style=\"text-align: center;\"><span style=\"color: #0618a0;\">Que t\u00e9cnica utilizou contra as tempestades? Que velas e equipamentos utilizou nesta situa\u00e7\u00e3o?<\/span><\/h2>\n<p><span style=\"color: rgba(0, 0, 0, 0.96);\">Antes de zarpar, estudei atentamente o livro de Peter Bruce, *Heavy Weather Sailing*. Analisa casos reais que acabaram mal e explica porqu\u00ea, bem como o que poderia ter sido feito de forma diferente. Ajudou-me a ganhar perspetiva e a preparar estrat\u00e9gias.<\/span><\/p>\n<p><span style=\"color: rgba(0, 0, 0, 0.96);\">No meu barco, tinha uma vela de proa para tempestade e conseguia rizar at\u00e9 tr\u00eas vezes a vela mestra. Em condi\u00e7\u00f5es adversas, navegava com dois ou tr\u00eas rizes, dependendo da situa\u00e7\u00e3o. E como se n\u00e3o bastasse, recorri a uma manobra de emerg\u00eancia que funcionou na perfei\u00e7\u00e3o comigo no Oceano \u00cdndico: fechar a escota. Foi fundamental para manter o controlo no meio do caos.<\/span><\/p>\n<h2><img decoding=\"async\" class=\"aligncenter\" src=\"https:\/\/navegantesoceanicos.com\/wp-content\/uploads\/2025\/06\/Fondeados.jpg\" alt=\"\" width=\"937\" height=\"527\" \/><\/h2>\n<h2 style=\"text-align: center;\"><span style=\"color: #0618a0;\"><\/span><\/h2>\n<h2 style=\"text-align: center;\"><span style=\"color: #0618a0;\">Teve tamb\u00e9m a oportunidade de conhecer pessoas e culturas diferentes. Como foi essa experi\u00eancia? Existe algum pa\u00eds, porto ou ilha para onde gostaria de regressar?<\/span><\/h2>\n<p><span style=\"color: rgba(0, 0, 0, 0.92);\">Sim, com certeza. Adorava voltar para a Polin\u00e9sia. No livro, explico o quanto aquele lugar me marcou e porque foi t\u00e3o transformador para mim&#8230; mas prefiro n\u00e3o revelar isso aqui. \u00c9 um cap\u00edtulo especial que merece ser descoberto nas suas pr\u00f3prias p\u00e1ginas.<\/span><\/p>\n<p><span style=\"color: rgba(0, 0, 0, 0.92);\">Tenho tamb\u00e9m uma viagem marcada que sonho fazer um dia: o Estreito de Magalh\u00e3es, a Terra do Fogo, Ushuaia, os fiordes chilenos&#8230; toda esta regi\u00e3o selvagem e remota chama-me fortemente. Sinto que ainda tenho uma hist\u00f3ria para viver ali.<\/span><\/p>\n<h2 style=\"text-align: center;\"><span style=\"color: #0a12aa;\">Como \u00e9 que esta viagem ao redor do mundo o mudou? Como \u00e9 que ela mudou o Carlos que partiu de Melbourne?<\/span><\/h2>\n<p><span style=\"color: rgba(0, 0, 0, 0.97);\">Mudou-me completamente. O Carlos que partiu de Melbourne procurava respostas, paz e prop\u00f3sito. O que voltou f\u00ea-lo com menos certezas&#8230; mas com muito mais clareza. Aprendi a abdicar do controlo, a viver com o essencial, a ouvir-me sem o barulho \u00e0 minha volta.<\/span><\/p>\n<p><span style=\"color: rgba(0, 0, 0, 0.97);\">O mar ensinou-me a ter paci\u00eancia, humildade e gratid\u00e3o. Reconectou-me com uma parte de mim que tinha sido soterrada pela press\u00e3o do alto desempenho. N\u00e3o voltei uma pessoa diferente; voltei mais de mim.<\/span><\/p>\n<h2><img decoding=\"async\" class=\"aligncenter\" src=\"https:\/\/navegantesoceanicos.com\/wp-content\/uploads\/2025\/06\/Pesca.jpg\" alt=\"\" width=\"815\" height=\"603\" \/><\/h2>\n<h2 style=\"text-align: center;\"><span style=\"color: #0a27aa;\"><\/span><\/h2>\n<h2 style=\"text-align: center;\"><span style=\"color: #0a27aa;\">Depois de tudo o que passou, o que significa para si velejar pelo mundo?<\/span><\/h2>\n<p><span style=\"color: #000000;\">Significa cura. A minha carreira no t\u00e9nis terminou cedo demais, deixando-me com uma ferida aberta e um vazio dif\u00edcil de preencher. O mar ofereceu-me outra quadra, mais imprevis\u00edvel, sem rivais vis\u00edveis, mas com desafios constantes.<\/span><\/p>\n<p><span style=\"color: #000000;\">Navegar pelo mundo foi, para mim, muito mais do que uma conquista n\u00e1utica. Foi uma forma de me reconciliar com quem eu era e com quem eu sou. Deixar para tr\u00e1s o barulho do passado, ouvir o ritmo das ondas, aprender a estar sozinho sem me sentir sozinho.<\/span><\/p>\n<p><span style=\"color: #000000;\">Em cada porto, em cada tempestade, em cada amanhecer sem terra \u00e0 vista, deixei de lado as expectativas e descobri uma paz que nunca tinha conhecido. A verdadeira viagem n\u00e3o era \u00e0 volta do mundo&#8230; era para dentro.<\/span><\/p>\n<p><img decoding=\"async\" class=\"aligncenter\" src=\"https:\/\/navegantesoceanicos.com\/wp-content\/uploads\/2025\/06\/Un-rival-impredecible-Carlos-Cuadrado.jpg\" alt=\"\" width=\"704\" height=\"880\" \/><\/p>\n<h2 style=\"text-align: center;\"><span style=\"color: #0815a3;\">Por fim, Carlos, o seu livro &#8220;Um Rival Imprevis\u00edvel&#8221; acaba de ser publicado. O que nos diz e que mensagens transmite o seu livro?<\/span><\/h2>\n<p><span style=\"color: rgba(0, 0, 0, 0.99);\">\u201cUm Rival Imprevis\u00edvel\u201d \u00e9 a hist\u00f3ria de uma vida marcada pelo desporto, pelo autoaperfei\u00e7oamento e pela procura de um sentido para al\u00e9m do sucesso. \u00c9 uma viagem que come\u00e7a nos campos de t\u00e9nis de Espanha, passa por Roland Garros, les\u00f5es, quedas, aprendizagens\u2026 e termina com uma viagem de veleiro \u00e0 volta do mundo, atravessando oceanos e enfrentando tempestades, tanto internas como externas \u00e0 alma.<\/span><\/p>\n<p><span style=\"color: rgba(0, 0, 0, 0.99);\">O livro fala sobre reinventar-se quando tudo parece perdido, sobre abra\u00e7ar a incerteza e sobre ouvir o sil\u00eancio quando o ru\u00eddo j\u00e1 n\u00e3o serve. \u00c9 uma homenagem \u00e0 resili\u00eancia, aos sonhos adiados e \u00e0 beleza de viver sem garantias.<\/span><\/p>\n<p><span style=\"color: rgba(0, 0, 0, 0.99);\">N\u00e3o \u00e9 apenas uma hist\u00f3ria para velejadores ou atletas; \u00e9 para qualquer pessoa que j\u00e1 se sentiu presa ao que &#8220;devia ser&#8221; e teve a coragem de se questionar: e se eu tentar outro curso?<\/span><\/p>\n<p>[\/et_pb_text][et_pb_divider divider_weight=&#8221;3px&#8221; _builder_version=&#8221;4.27.4&#8243; _module_preset=&#8221;default&#8221; custom_margin=&#8221;||13px|||&#8221; global_colors_info=&#8221;{}&#8221;][\/et_pb_divider][et_pb_text _builder_version=&#8221;4.27.4&#8243; _module_preset=&#8221;default&#8221; global_colors_info=&#8221;{}&#8221;]<\/p>\n<p style=\"text-align: center;\"><span style=\"color: rgba(0, 0, 0, 0.94);\">N\u00f3s, na &#8220;Navegantes Oce\u00e2nicos&#8221; agradecemos ao Carlos Cuadrado por ter partilhado connosco, nesta fascinante entrevista, o que representou e as suas experi\u00eancias durante a sua viagem de volta ao mundo \u00e0 vela.<\/span><\/p>\n<p style=\"text-align: center;\"><span style=\"color: rgba(0, 0, 0, 0.94);\">Desejamos-lhe muito sucesso na publica\u00e7\u00e3o do seu livro &#8220;Um rival imprevis\u00edvel&#8221; e boa sorte no futuro.<\/span><\/p>\n<p>[\/et_pb_text][et_pb_divider divider_weight=&#8221;3px&#8221; _builder_version=&#8221;4.27.4&#8243; _module_preset=&#8221;default&#8221; custom_margin=&#8221;||10px|||&#8221; global_colors_info=&#8221;{}&#8221;][\/et_pb_divider][et_pb_image src=&#8221;https:\/\/navegantesoceanicos.com\/wp-content\/uploads\/2022\/09\/proteccion-web-con-ISSN.jpg&#8221; title_text=&#8221;protecci\u00f3n web con ISSN&#8221; _builder_version=&#8221;4.27.4&#8243; _module_preset=&#8221;default&#8221; global_colors_info=&#8221;{}&#8221;][\/et_pb_image][\/et_pb_column][\/et_pb_row][\/et_pb_section]<\/p>\n","protected":false},"excerpt":{"rendered":"<p>Carlos Cuadrado, tenista e treinador, foi obrigado a abandonar prematuramente as competi\u00e7\u00f5es de alto n\u00edvel. Anos mais tarde, embarcou na aventura de velejar \u00e0 volta do mundo, uma viagem que o transformou por completo, como relata no seu livro recentemente publicado, &#8220;Um Rival Imprevis\u00edvel&#8221;. Nesta entrevista, conta-nos como surgiu o projeto, como \u00e9 o seu veleiro e as suas experi\u00eancias de navega\u00e7\u00e3o.<\/p>\n","protected":false},"author":2,"featured_media":40604,"comment_status":"open","ping_status":"open","sticky":false,"template":"","format":"standard","meta":{"_et_pb_use_builder":"on","_et_pb_old_content":"","_et_gb_content_width":"","footnotes":"","_wp_rev_ctl_limit":""},"categories":[208,36,212],"tags":[],"class_list":["post-40618","post","type-post","status-publish","format-standard","has-post-thumbnail","hentry","category-entrevistas-com-os-navegantes","category-navegantes","category-navegantes-pt-pt","et-has-post-format-content","et_post_format-et-post-format-standard"],"yoast_head":"<!-- This site is optimized with the Yoast SEO plugin v27.5 - https:\/\/yoast.com\/product\/yoast-seo-wordpress\/ -->\n<title>\u201cUm rival imprevis\u00edvel\u201d, entrevista ao velejador oce\u00e2nico Carlos Cuadrado - Navegantes Oce\u00e1nicos<\/title>\n<meta name=\"description\" content=\"Navegantes oce\u00e1nicos, web con contenidos para apasionados por la mar, tripulantes, regatistas, patrones o armadores.\" \/>\n<meta name=\"robots\" content=\"index, follow, max-snippet:-1, max-image-preview:large, max-video-preview:-1\" \/>\n<link rel=\"canonical\" href=\"https:\/\/navegantesoceanicos.com\/pt-pt\/um-rival-imprevisivel-entrevista-ao-velejador-oceanico-carlos-cuadrado\/\" \/>\n<meta property=\"og:locale\" content=\"pt_PT\" \/>\n<meta property=\"og:type\" content=\"article\" \/>\n<meta property=\"og:title\" content=\"\u201cUm rival imprevis\u00edvel\u201d, entrevista ao velejador oce\u00e2nico Carlos Cuadrado - Navegantes Oce\u00e1nicos\" \/>\n<meta property=\"og:description\" content=\"Navegantes oce\u00e1nicos, web con contenidos para apasionados por la mar, tripulantes, regatistas, patrones o armadores.\" \/>\n<meta property=\"og:url\" content=\"https:\/\/navegantesoceanicos.com\/pt-pt\/um-rival-imprevisivel-entrevista-ao-velejador-oceanico-carlos-cuadrado\/\" \/>\n<meta property=\"og:site_name\" content=\"Navegantes Oce\u00e1nicos\" \/>\n<meta property=\"article:publisher\" content=\"https:\/\/www.facebook.com\/Navegantes-Oce%c3%a1nicos-112578593494698\" \/>\n<meta property=\"article:published_time\" content=\"2025-06-14T20:32:43+00:00\" \/>\n<meta property=\"article:modified_time\" content=\"2025-06-14T21:24:05+00:00\" \/>\n<meta property=\"og:image\" content=\"https:\/\/navegantesoceanicos.com\/wp-content\/uploads\/2025\/06\/Carlos-Cuadrado-al-timon.jpg\" \/>\n\t<meta property=\"og:image:width\" content=\"1371\" \/>\n\t<meta property=\"og:image:height\" content=\"764\" \/>\n\t<meta property=\"og:image:type\" content=\"image\/jpeg\" \/>\n<meta name=\"author\" content=\"Juan Gonz\u00e1lez-Aller Lacalle\" \/>\n<meta name=\"twitter:label1\" content=\"Escrito por\" \/>\n\t<meta name=\"twitter:data1\" content=\"Juan Gonz\u00e1lez-Aller Lacalle\" \/>\n\t<meta name=\"twitter:label2\" content=\"Tempo estimado de leitura\" \/>\n\t<meta name=\"twitter:data2\" content=\"10 minutos\" \/>\n<script type=\"application\/ld+json\" class=\"yoast-schema-graph\">{\"@context\":\"https:\\\/\\\/schema.org\",\"@graph\":[{\"@type\":\"Article\",\"@id\":\"https:\\\/\\\/navegantesoceanicos.com\\\/pt-pt\\\/um-rival-imprevisivel-entrevista-ao-velejador-oceanico-carlos-cuadrado\\\/#article\",\"isPartOf\":{\"@id\":\"https:\\\/\\\/navegantesoceanicos.com\\\/pt-pt\\\/um-rival-imprevisivel-entrevista-ao-velejador-oceanico-carlos-cuadrado\\\/\"},\"author\":{\"name\":\"Juan Gonz\u00e1lez-Aller Lacalle\",\"@id\":\"https:\\\/\\\/navegantesoceanicos.com\\\/pt-pt\\\/#\\\/schema\\\/person\\\/4efe3afaef12467194c46aa710898a5c\"},\"headline\":\"\u201cUm rival imprevis\u00edvel\u201d, entrevista ao velejador oce\u00e2nico Carlos Cuadrado\",\"datePublished\":\"2025-06-14T20:32:43+00:00\",\"dateModified\":\"2025-06-14T21:24:05+00:00\",\"mainEntityOfPage\":{\"@id\":\"https:\\\/\\\/navegantesoceanicos.com\\\/pt-pt\\\/um-rival-imprevisivel-entrevista-ao-velejador-oceanico-carlos-cuadrado\\\/\"},\"wordCount\":1999,\"commentCount\":0,\"publisher\":{\"@id\":\"https:\\\/\\\/navegantesoceanicos.com\\\/pt-pt\\\/#organization\"},\"image\":{\"@id\":\"https:\\\/\\\/navegantesoceanicos.com\\\/pt-pt\\\/um-rival-imprevisivel-entrevista-ao-velejador-oceanico-carlos-cuadrado\\\/#primaryimage\"},\"thumbnailUrl\":\"https:\\\/\\\/navegantesoceanicos.com\\\/wp-content\\\/uploads\\\/2025\\\/06\\\/Carlos-Cuadrado-al-timon.jpg\",\"articleSection\":[\"entrevistas com os navegantes\",\"Navegantes\",\"Navegantes\"],\"inLanguage\":\"pt-PT\",\"potentialAction\":[{\"@type\":\"CommentAction\",\"name\":\"Comment\",\"target\":[\"https:\\\/\\\/navegantesoceanicos.com\\\/pt-pt\\\/um-rival-imprevisivel-entrevista-ao-velejador-oceanico-carlos-cuadrado\\\/#respond\"]}]},{\"@type\":\"WebPage\",\"@id\":\"https:\\\/\\\/navegantesoceanicos.com\\\/pt-pt\\\/um-rival-imprevisivel-entrevista-ao-velejador-oceanico-carlos-cuadrado\\\/\",\"url\":\"https:\\\/\\\/navegantesoceanicos.com\\\/pt-pt\\\/um-rival-imprevisivel-entrevista-ao-velejador-oceanico-carlos-cuadrado\\\/\",\"name\":\"\u201cUm rival imprevis\u00edvel\u201d, entrevista ao velejador oce\u00e2nico Carlos Cuadrado - Navegantes Oce\u00e1nicos\",\"isPartOf\":{\"@id\":\"https:\\\/\\\/navegantesoceanicos.com\\\/pt-pt\\\/#website\"},\"primaryImageOfPage\":{\"@id\":\"https:\\\/\\\/navegantesoceanicos.com\\\/pt-pt\\\/um-rival-imprevisivel-entrevista-ao-velejador-oceanico-carlos-cuadrado\\\/#primaryimage\"},\"image\":{\"@id\":\"https:\\\/\\\/navegantesoceanicos.com\\\/pt-pt\\\/um-rival-imprevisivel-entrevista-ao-velejador-oceanico-carlos-cuadrado\\\/#primaryimage\"},\"thumbnailUrl\":\"https:\\\/\\\/navegantesoceanicos.com\\\/wp-content\\\/uploads\\\/2025\\\/06\\\/Carlos-Cuadrado-al-timon.jpg\",\"datePublished\":\"2025-06-14T20:32:43+00:00\",\"dateModified\":\"2025-06-14T21:24:05+00:00\",\"description\":\"Navegantes oce\u00e1nicos, web con contenidos para apasionados por la mar, tripulantes, regatistas, patrones o armadores.\",\"breadcrumb\":{\"@id\":\"https:\\\/\\\/navegantesoceanicos.com\\\/pt-pt\\\/um-rival-imprevisivel-entrevista-ao-velejador-oceanico-carlos-cuadrado\\\/#breadcrumb\"},\"inLanguage\":\"pt-PT\",\"potentialAction\":[{\"@type\":\"ReadAction\",\"target\":[\"https:\\\/\\\/navegantesoceanicos.com\\\/pt-pt\\\/um-rival-imprevisivel-entrevista-ao-velejador-oceanico-carlos-cuadrado\\\/\"]}]},{\"@type\":\"ImageObject\",\"inLanguage\":\"pt-PT\",\"@id\":\"https:\\\/\\\/navegantesoceanicos.com\\\/pt-pt\\\/um-rival-imprevisivel-entrevista-ao-velejador-oceanico-carlos-cuadrado\\\/#primaryimage\",\"url\":\"https:\\\/\\\/navegantesoceanicos.com\\\/wp-content\\\/uploads\\\/2025\\\/06\\\/Carlos-Cuadrado-al-timon.jpg\",\"contentUrl\":\"https:\\\/\\\/navegantesoceanicos.com\\\/wp-content\\\/uploads\\\/2025\\\/06\\\/Carlos-Cuadrado-al-timon.jpg\",\"width\":1371,\"height\":764,\"caption\":\"Carlos Cuadrado rival impredecible\"},{\"@type\":\"BreadcrumbList\",\"@id\":\"https:\\\/\\\/navegantesoceanicos.com\\\/pt-pt\\\/um-rival-imprevisivel-entrevista-ao-velejador-oceanico-carlos-cuadrado\\\/#breadcrumb\",\"itemListElement\":[{\"@type\":\"ListItem\",\"position\":1,\"name\":\"Portada\",\"item\":\"https:\\\/\\\/navegantesoceanicos.com\\\/pt-pt\\\/\"},{\"@type\":\"ListItem\",\"position\":2,\"name\":\"\u201cUm rival imprevis\u00edvel\u201d, entrevista ao velejador oce\u00e2nico Carlos Cuadrado\"}]},{\"@type\":\"WebSite\",\"@id\":\"https:\\\/\\\/navegantesoceanicos.com\\\/pt-pt\\\/#website\",\"url\":\"https:\\\/\\\/navegantesoceanicos.com\\\/pt-pt\\\/\",\"name\":\"Navegantes Oce\u00e1nicos\",\"description\":\"Navegantes oce\u00e1nicos, te ayudamos a navegar, para navegantes, tripulantes, regatistas y armadores, escuela n\u00e1utica, libros on-line sobre t\u00e1cticas y equipamiento para la navegaci\u00f3n a vela, fondear, atracar, el manejo de las velas, electricidad a bordo, navegaci\u00f3n con mal tiempo, rutas oce\u00e1nicas y mucho m\u00e1s\",\"publisher\":{\"@id\":\"https:\\\/\\\/navegantesoceanicos.com\\\/pt-pt\\\/#organization\"},\"potentialAction\":[{\"@type\":\"SearchAction\",\"target\":{\"@type\":\"EntryPoint\",\"urlTemplate\":\"https:\\\/\\\/navegantesoceanicos.com\\\/pt-pt\\\/?s={search_term_string}\"},\"query-input\":{\"@type\":\"PropertyValueSpecification\",\"valueRequired\":true,\"valueName\":\"search_term_string\"}}],\"inLanguage\":\"pt-PT\"},{\"@type\":\"Organization\",\"@id\":\"https:\\\/\\\/navegantesoceanicos.com\\\/pt-pt\\\/#organization\",\"name\":\"Navegantes Oce\u00e1nicos\",\"url\":\"https:\\\/\\\/navegantesoceanicos.com\\\/pt-pt\\\/\",\"logo\":{\"@type\":\"ImageObject\",\"inLanguage\":\"pt-PT\",\"@id\":\"https:\\\/\\\/navegantesoceanicos.com\\\/pt-pt\\\/#\\\/schema\\\/logo\\\/image\\\/\",\"url\":\"https:\\\/\\\/navegantesoceanicos.com\\\/wp-content\\\/uploads\\\/2019\\\/12\\\/LOGO-NAVEGANTES-OCEANICOS.png\",\"contentUrl\":\"https:\\\/\\\/navegantesoceanicos.com\\\/wp-content\\\/uploads\\\/2019\\\/12\\\/LOGO-NAVEGANTES-OCEANICOS.png\",\"width\":1010,\"height\":814,\"caption\":\"Navegantes Oce\u00e1nicos\"},\"image\":{\"@id\":\"https:\\\/\\\/navegantesoceanicos.com\\\/pt-pt\\\/#\\\/schema\\\/logo\\\/image\\\/\"},\"sameAs\":[\"https:\\\/\\\/www.facebook.com\\\/Navegantes-Oce\u00e1nicos-112578593494698\",\"https:\\\/\\\/www.instagram.com\\\/navegantes_oceanicos\\\/?hl=es\",\"https:\\\/\\\/www.youtube.com\\\/channel\\\/UCXgDL_6xqE7rpdwNXRmzF_Q\\\/featured\"]},{\"@type\":\"Person\",\"@id\":\"https:\\\/\\\/navegantesoceanicos.com\\\/pt-pt\\\/#\\\/schema\\\/person\\\/4efe3afaef12467194c46aa710898a5c\",\"name\":\"Juan Gonz\u00e1lez-Aller Lacalle\",\"image\":{\"@type\":\"ImageObject\",\"inLanguage\":\"pt-PT\",\"@id\":\"https:\\\/\\\/secure.gravatar.com\\\/avatar\\\/8262155dfd99d33a131c0b6f7c6d5b289bcc5a78eb8915b59699287a091367be?s=96&d=mm&r=g\",\"url\":\"https:\\\/\\\/secure.gravatar.com\\\/avatar\\\/8262155dfd99d33a131c0b6f7c6d5b289bcc5a78eb8915b59699287a091367be?s=96&d=mm&r=g\",\"contentUrl\":\"https:\\\/\\\/secure.gravatar.com\\\/avatar\\\/8262155dfd99d33a131c0b6f7c6d5b289bcc5a78eb8915b59699287a091367be?s=96&d=mm&r=g\",\"caption\":\"Juan Gonz\u00e1lez-Aller Lacalle\"},\"sameAs\":[\"https:\\\/\\\/navegantesoceanicos.com\"],\"url\":\"https:\\\/\\\/navegantesoceanicos.com\\\/pt-pt\\\/author\\\/juan-director\\\/\"}]}<\/script>\n<!-- \/ Yoast SEO plugin. -->","yoast_head_json":{"title":"\u201cUm rival imprevis\u00edvel\u201d, entrevista ao velejador oce\u00e2nico Carlos Cuadrado - Navegantes Oce\u00e1nicos","description":"Navegantes oce\u00e1nicos, web con contenidos para apasionados por la mar, tripulantes, regatistas, patrones o armadores.","robots":{"index":"index","follow":"follow","max-snippet":"max-snippet:-1","max-image-preview":"max-image-preview:large","max-video-preview":"max-video-preview:-1"},"canonical":"https:\/\/navegantesoceanicos.com\/pt-pt\/um-rival-imprevisivel-entrevista-ao-velejador-oceanico-carlos-cuadrado\/","og_locale":"pt_PT","og_type":"article","og_title":"\u201cUm rival imprevis\u00edvel\u201d, entrevista ao velejador oce\u00e2nico Carlos Cuadrado - Navegantes Oce\u00e1nicos","og_description":"Navegantes oce\u00e1nicos, web con contenidos para apasionados por la mar, tripulantes, regatistas, patrones o armadores.","og_url":"https:\/\/navegantesoceanicos.com\/pt-pt\/um-rival-imprevisivel-entrevista-ao-velejador-oceanico-carlos-cuadrado\/","og_site_name":"Navegantes Oce\u00e1nicos","article_publisher":"https:\/\/www.facebook.com\/Navegantes-Oce%c3%a1nicos-112578593494698","article_published_time":"2025-06-14T20:32:43+00:00","article_modified_time":"2025-06-14T21:24:05+00:00","og_image":[{"width":1371,"height":764,"url":"https:\/\/navegantesoceanicos.com\/wp-content\/uploads\/2025\/06\/Carlos-Cuadrado-al-timon.jpg","type":"image\/jpeg"}],"author":"Juan Gonz\u00e1lez-Aller Lacalle","twitter_misc":{"Escrito por":"Juan Gonz\u00e1lez-Aller Lacalle","Tempo estimado de leitura":"10 minutos"},"schema":{"@context":"https:\/\/schema.org","@graph":[{"@type":"Article","@id":"https:\/\/navegantesoceanicos.com\/pt-pt\/um-rival-imprevisivel-entrevista-ao-velejador-oceanico-carlos-cuadrado\/#article","isPartOf":{"@id":"https:\/\/navegantesoceanicos.com\/pt-pt\/um-rival-imprevisivel-entrevista-ao-velejador-oceanico-carlos-cuadrado\/"},"author":{"name":"Juan Gonz\u00e1lez-Aller Lacalle","@id":"https:\/\/navegantesoceanicos.com\/pt-pt\/#\/schema\/person\/4efe3afaef12467194c46aa710898a5c"},"headline":"\u201cUm rival imprevis\u00edvel\u201d, entrevista ao velejador oce\u00e2nico Carlos Cuadrado","datePublished":"2025-06-14T20:32:43+00:00","dateModified":"2025-06-14T21:24:05+00:00","mainEntityOfPage":{"@id":"https:\/\/navegantesoceanicos.com\/pt-pt\/um-rival-imprevisivel-entrevista-ao-velejador-oceanico-carlos-cuadrado\/"},"wordCount":1999,"commentCount":0,"publisher":{"@id":"https:\/\/navegantesoceanicos.com\/pt-pt\/#organization"},"image":{"@id":"https:\/\/navegantesoceanicos.com\/pt-pt\/um-rival-imprevisivel-entrevista-ao-velejador-oceanico-carlos-cuadrado\/#primaryimage"},"thumbnailUrl":"https:\/\/navegantesoceanicos.com\/wp-content\/uploads\/2025\/06\/Carlos-Cuadrado-al-timon.jpg","articleSection":["entrevistas com os navegantes","Navegantes","Navegantes"],"inLanguage":"pt-PT","potentialAction":[{"@type":"CommentAction","name":"Comment","target":["https:\/\/navegantesoceanicos.com\/pt-pt\/um-rival-imprevisivel-entrevista-ao-velejador-oceanico-carlos-cuadrado\/#respond"]}]},{"@type":"WebPage","@id":"https:\/\/navegantesoceanicos.com\/pt-pt\/um-rival-imprevisivel-entrevista-ao-velejador-oceanico-carlos-cuadrado\/","url":"https:\/\/navegantesoceanicos.com\/pt-pt\/um-rival-imprevisivel-entrevista-ao-velejador-oceanico-carlos-cuadrado\/","name":"\u201cUm rival imprevis\u00edvel\u201d, entrevista ao velejador oce\u00e2nico Carlos Cuadrado - Navegantes Oce\u00e1nicos","isPartOf":{"@id":"https:\/\/navegantesoceanicos.com\/pt-pt\/#website"},"primaryImageOfPage":{"@id":"https:\/\/navegantesoceanicos.com\/pt-pt\/um-rival-imprevisivel-entrevista-ao-velejador-oceanico-carlos-cuadrado\/#primaryimage"},"image":{"@id":"https:\/\/navegantesoceanicos.com\/pt-pt\/um-rival-imprevisivel-entrevista-ao-velejador-oceanico-carlos-cuadrado\/#primaryimage"},"thumbnailUrl":"https:\/\/navegantesoceanicos.com\/wp-content\/uploads\/2025\/06\/Carlos-Cuadrado-al-timon.jpg","datePublished":"2025-06-14T20:32:43+00:00","dateModified":"2025-06-14T21:24:05+00:00","description":"Navegantes oce\u00e1nicos, web con contenidos para apasionados por la mar, tripulantes, regatistas, patrones o armadores.","breadcrumb":{"@id":"https:\/\/navegantesoceanicos.com\/pt-pt\/um-rival-imprevisivel-entrevista-ao-velejador-oceanico-carlos-cuadrado\/#breadcrumb"},"inLanguage":"pt-PT","potentialAction":[{"@type":"ReadAction","target":["https:\/\/navegantesoceanicos.com\/pt-pt\/um-rival-imprevisivel-entrevista-ao-velejador-oceanico-carlos-cuadrado\/"]}]},{"@type":"ImageObject","inLanguage":"pt-PT","@id":"https:\/\/navegantesoceanicos.com\/pt-pt\/um-rival-imprevisivel-entrevista-ao-velejador-oceanico-carlos-cuadrado\/#primaryimage","url":"https:\/\/navegantesoceanicos.com\/wp-content\/uploads\/2025\/06\/Carlos-Cuadrado-al-timon.jpg","contentUrl":"https:\/\/navegantesoceanicos.com\/wp-content\/uploads\/2025\/06\/Carlos-Cuadrado-al-timon.jpg","width":1371,"height":764,"caption":"Carlos Cuadrado rival impredecible"},{"@type":"BreadcrumbList","@id":"https:\/\/navegantesoceanicos.com\/pt-pt\/um-rival-imprevisivel-entrevista-ao-velejador-oceanico-carlos-cuadrado\/#breadcrumb","itemListElement":[{"@type":"ListItem","position":1,"name":"Portada","item":"https:\/\/navegantesoceanicos.com\/pt-pt\/"},{"@type":"ListItem","position":2,"name":"\u201cUm rival imprevis\u00edvel\u201d, entrevista ao velejador oce\u00e2nico Carlos Cuadrado"}]},{"@type":"WebSite","@id":"https:\/\/navegantesoceanicos.com\/pt-pt\/#website","url":"https:\/\/navegantesoceanicos.com\/pt-pt\/","name":"Navegantes Oce\u00e1nicos","description":"Navegantes oce\u00e1nicos, te ayudamos a navegar, para navegantes, tripulantes, regatistas y armadores, escuela n\u00e1utica, libros on-line sobre t\u00e1cticas y equipamiento para la navegaci\u00f3n a vela, fondear, atracar, el manejo de las velas, electricidad a bordo, navegaci\u00f3n con mal tiempo, rutas oce\u00e1nicas y mucho m\u00e1s","publisher":{"@id":"https:\/\/navegantesoceanicos.com\/pt-pt\/#organization"},"potentialAction":[{"@type":"SearchAction","target":{"@type":"EntryPoint","urlTemplate":"https:\/\/navegantesoceanicos.com\/pt-pt\/?s={search_term_string}"},"query-input":{"@type":"PropertyValueSpecification","valueRequired":true,"valueName":"search_term_string"}}],"inLanguage":"pt-PT"},{"@type":"Organization","@id":"https:\/\/navegantesoceanicos.com\/pt-pt\/#organization","name":"Navegantes Oce\u00e1nicos","url":"https:\/\/navegantesoceanicos.com\/pt-pt\/","logo":{"@type":"ImageObject","inLanguage":"pt-PT","@id":"https:\/\/navegantesoceanicos.com\/pt-pt\/#\/schema\/logo\/image\/","url":"https:\/\/navegantesoceanicos.com\/wp-content\/uploads\/2019\/12\/LOGO-NAVEGANTES-OCEANICOS.png","contentUrl":"https:\/\/navegantesoceanicos.com\/wp-content\/uploads\/2019\/12\/LOGO-NAVEGANTES-OCEANICOS.png","width":1010,"height":814,"caption":"Navegantes Oce\u00e1nicos"},"image":{"@id":"https:\/\/navegantesoceanicos.com\/pt-pt\/#\/schema\/logo\/image\/"},"sameAs":["https:\/\/www.facebook.com\/Navegantes-Oce\u00e1nicos-112578593494698","https:\/\/www.instagram.com\/navegantes_oceanicos\/?hl=es","https:\/\/www.youtube.com\/channel\/UCXgDL_6xqE7rpdwNXRmzF_Q\/featured"]},{"@type":"Person","@id":"https:\/\/navegantesoceanicos.com\/pt-pt\/#\/schema\/person\/4efe3afaef12467194c46aa710898a5c","name":"Juan Gonz\u00e1lez-Aller Lacalle","image":{"@type":"ImageObject","inLanguage":"pt-PT","@id":"https:\/\/secure.gravatar.com\/avatar\/8262155dfd99d33a131c0b6f7c6d5b289bcc5a78eb8915b59699287a091367be?s=96&d=mm&r=g","url":"https:\/\/secure.gravatar.com\/avatar\/8262155dfd99d33a131c0b6f7c6d5b289bcc5a78eb8915b59699287a091367be?s=96&d=mm&r=g","contentUrl":"https:\/\/secure.gravatar.com\/avatar\/8262155dfd99d33a131c0b6f7c6d5b289bcc5a78eb8915b59699287a091367be?s=96&d=mm&r=g","caption":"Juan Gonz\u00e1lez-Aller Lacalle"},"sameAs":["https:\/\/navegantesoceanicos.com"],"url":"https:\/\/navegantesoceanicos.com\/pt-pt\/author\/juan-director\/"}]}},"rttpg_featured_image_url":{"full":["https:\/\/navegantesoceanicos.com\/wp-content\/uploads\/2025\/06\/Carlos-Cuadrado-al-timon.jpg",1371,764,false],"landscape":["https:\/\/navegantesoceanicos.com\/wp-content\/uploads\/2025\/06\/Carlos-Cuadrado-al-timon.jpg",1371,764,false],"portraits":["https:\/\/navegantesoceanicos.com\/wp-content\/uploads\/2025\/06\/Carlos-Cuadrado-al-timon.jpg",1371,764,false],"thumbnail":["https:\/\/navegantesoceanicos.com\/wp-content\/uploads\/2025\/06\/Carlos-Cuadrado-al-timon-150x150.jpg",150,150,true],"medium":["https:\/\/navegantesoceanicos.com\/wp-content\/uploads\/2025\/06\/Carlos-Cuadrado-al-timon-300x167.jpg",300,167,true],"large":["https:\/\/navegantesoceanicos.com\/wp-content\/uploads\/2025\/06\/Carlos-Cuadrado-al-timon-1024x571.jpg",1024,571,true],"1536x1536":["https:\/\/navegantesoceanicos.com\/wp-content\/uploads\/2025\/06\/Carlos-Cuadrado-al-timon.jpg",1371,764,false],"2048x2048":["https:\/\/navegantesoceanicos.com\/wp-content\/uploads\/2025\/06\/Carlos-Cuadrado-al-timon.jpg",1371,764,false],"smart-post-landscape":["https:\/\/navegantesoceanicos.com\/wp-content\/uploads\/2025\/06\/Carlos-Cuadrado-al-timon.jpg",870,485,false],"smart-post-portrait":["https:\/\/navegantesoceanicos.com\/wp-content\/uploads\/2025\/06\/Carlos-Cuadrado-al-timon.jpg",600,334,false],"et-builder-post-main-image":["https:\/\/navegantesoceanicos.com\/wp-content\/uploads\/2025\/06\/Carlos-Cuadrado-al-timon-400x250.jpg",400,250,true],"et-builder-post-main-image-fullwidth":["https:\/\/navegantesoceanicos.com\/wp-content\/uploads\/2025\/06\/Carlos-Cuadrado-al-timon-1080x675.jpg",1080,675,true],"et-builder-portfolio-image":["https:\/\/navegantesoceanicos.com\/wp-content\/uploads\/2025\/06\/Carlos-Cuadrado-al-timon-400x284.jpg",400,284,true],"et-builder-portfolio-image-single":["https:\/\/navegantesoceanicos.com\/wp-content\/uploads\/2025\/06\/Carlos-Cuadrado-al-timon-1080x602.jpg",1080,602,true],"et-builder-gallery-image-portrait":["https:\/\/navegantesoceanicos.com\/wp-content\/uploads\/2025\/06\/Carlos-Cuadrado-al-timon-400x516.jpg",400,516,true],"extra-image-huge":["https:\/\/navegantesoceanicos.com\/wp-content\/uploads\/2025\/06\/Carlos-Cuadrado-al-timon-1280x764.jpg",1280,764,true],"extra-image-single-post":["https:\/\/navegantesoceanicos.com\/wp-content\/uploads\/2025\/06\/Carlos-Cuadrado-al-timon-1280x640.jpg",1280,640,true],"extra-image-medium":["https:\/\/navegantesoceanicos.com\/wp-content\/uploads\/2025\/06\/Carlos-Cuadrado-al-timon-627x376.jpg",627,376,true],"extra-image-small":["https:\/\/navegantesoceanicos.com\/wp-content\/uploads\/2025\/06\/Carlos-Cuadrado-al-timon-440x264.jpg",440,264,true],"extra-image-square-medium":["https:\/\/navegantesoceanicos.com\/wp-content\/uploads\/2025\/06\/Carlos-Cuadrado-al-timon-440x440.jpg",440,440,true],"extra-image-square-small":["https:\/\/navegantesoceanicos.com\/wp-content\/uploads\/2025\/06\/Carlos-Cuadrado-al-timon-150x150.jpg",150,150,true],"woocommerce_thumbnail":["https:\/\/navegantesoceanicos.com\/wp-content\/uploads\/2025\/06\/Carlos-Cuadrado-al-timon-300x167.jpg",300,167,true],"woocommerce_single":["https:\/\/navegantesoceanicos.com\/wp-content\/uploads\/2025\/06\/Carlos-Cuadrado-al-timon-600x334.jpg",600,334,true],"woocommerce_gallery_thumbnail":["https:\/\/navegantesoceanicos.com\/wp-content\/uploads\/2025\/06\/Carlos-Cuadrado-al-timon-100x100.jpg",100,100,true],"dgwt-wcas-product-suggestion":["https:\/\/navegantesoceanicos.com\/wp-content\/uploads\/2025\/06\/Carlos-Cuadrado-al-timon-64x36.jpg",64,36,true]},"rttpg_author":{"display_name":"Juan Gonz\u00e1lez-Aller Lacalle","author_link":"https:\/\/navegantesoceanicos.com\/pt-pt\/author\/juan-director\/"},"rttpg_comment":0,"rttpg_category":"<a href=\"https:\/\/navegantesoceanicos.com\/pt-pt\/category\/entrevistas-com-os-navegantes\/\" rel=\"category tag\">entrevistas com os navegantes<\/a> <a href=\"https:\/\/navegantesoceanicos.com\/category\/navegantes\/\" rel=\"category tag\">Navegantes<\/a> <a href=\"https:\/\/navegantesoceanicos.com\/pt-pt\/category\/navegantes-pt-pt\/\" rel=\"category tag\">Navegantes<\/a>","rttpg_excerpt":"Carlos Cuadrado, tenista e treinador, foi obrigado a abandonar prematuramente as competi\u00e7\u00f5es de alto n\u00edvel. Anos mais tarde, embarcou na aventura de velejar \u00e0 volta do mundo, uma viagem que o transformou por completo, como relata no seu livro recentemente publicado, \"Um Rival Imprevis\u00edvel\". Nesta entrevista, conta-nos como surgiu o projeto, como \u00e9 o seu&hellip;","_links":{"self":[{"href":"https:\/\/navegantesoceanicos.com\/pt-pt\/wp-json\/wp\/v2\/posts\/40618","targetHints":{"allow":["GET"]}}],"collection":[{"href":"https:\/\/navegantesoceanicos.com\/pt-pt\/wp-json\/wp\/v2\/posts"}],"about":[{"href":"https:\/\/navegantesoceanicos.com\/pt-pt\/wp-json\/wp\/v2\/types\/post"}],"author":[{"embeddable":true,"href":"https:\/\/navegantesoceanicos.com\/pt-pt\/wp-json\/wp\/v2\/users\/2"}],"replies":[{"embeddable":true,"href":"https:\/\/navegantesoceanicos.com\/pt-pt\/wp-json\/wp\/v2\/comments?post=40618"}],"version-history":[{"count":0,"href":"https:\/\/navegantesoceanicos.com\/pt-pt\/wp-json\/wp\/v2\/posts\/40618\/revisions"}],"wp:featuredmedia":[{"embeddable":true,"href":"https:\/\/navegantesoceanicos.com\/pt-pt\/wp-json\/wp\/v2\/media\/40604"}],"wp:attachment":[{"href":"https:\/\/navegantesoceanicos.com\/pt-pt\/wp-json\/wp\/v2\/media?parent=40618"}],"wp:term":[{"taxonomy":"category","embeddable":true,"href":"https:\/\/navegantesoceanicos.com\/pt-pt\/wp-json\/wp\/v2\/categories?post=40618"},{"taxonomy":"post_tag","embeddable":true,"href":"https:\/\/navegantesoceanicos.com\/pt-pt\/wp-json\/wp\/v2\/tags?post=40618"}],"curies":[{"name":"wp","href":"https:\/\/api.w.org\/{rel}","templated":true}]}}