{"id":43702,"date":"2025-11-04T18:13:26","date_gmt":"2025-11-04T18:13:26","guid":{"rendered":"https:\/\/navegantesoceanicos.com\/la-vuelta-vertical-a-vela-que-rodeara-el-mundo-de-polo-a-polo-se-muestra-en-sociedad\/"},"modified":"2025-11-07T09:39:13","modified_gmt":"2025-11-07T09:39:13","slug":"a-vuelta-vertical-que-dara-a-volta-ao-mundo-de-polo-a-polo-e-apresentada-ao-publico","status":"publish","type":"post","link":"https:\/\/navegantesoceanicos.com\/pt-pt\/a-vuelta-vertical-que-dara-a-volta-ao-mundo-de-polo-a-polo-e-apresentada-ao-publico\/","title":{"rendered":"A Vuelta Vertical, que dar\u00e1 a volta ao mundo de p\u00f3lo a p\u00f3lo, \u00e9 apresentada ao p\u00fablico."},"content":{"rendered":"<p>[et_pb_section fb_built=&#8221;1&#8243; _builder_version=&#8221;4.27.4&#8243; _module_preset=&#8221;default&#8221; custom_margin=&#8221;11px|||||&#8221; custom_padding=&#8221;21px||14px|||&#8221; global_colors_info=&#8221;{}&#8221;][et_pb_row _builder_version=&#8221;4.27.4&#8243; _module_preset=&#8221;default&#8221; custom_padding=&#8221;19px||12px|||&#8221; global_colors_info=&#8221;{}&#8221;][et_pb_column type=&#8221;4_4&#8243; _builder_version=&#8221;4.27.4&#8243; _module_preset=&#8221;default&#8221; global_colors_info=&#8221;{}&#8221;][et_pb_post_title author=&#8221;off&#8221; comments=&#8221;off&#8221; featured_image=&#8221;off&#8221; _builder_version=&#8221;4.27.4&#8243; _module_preset=&#8221;default&#8221; text_orientation=&#8221;center&#8221; global_colors_info=&#8221;{}&#8221;][\/et_pb_post_title][\/et_pb_column][\/et_pb_row][et_pb_row _builder_version=&#8221;4.27.4&#8243; _module_preset=&#8221;default&#8221; custom_padding=&#8221;8px|||||&#8221; global_colors_info=&#8221;{}&#8221;][et_pb_column type=&#8221;4_4&#8243; _builder_version=&#8221;4.27.4&#8243; _module_preset=&#8221;default&#8221; global_colors_info=&#8221;{}&#8221;][et_pb_image src=&#8221;https:\/\/navegantesoceanicos.com\/wp-content\/uploads\/2025\/11\/7-Allende-los-Mares_Paula-Gonzalvo.jpg&#8221; alt=&#8221;7-Allende-los-Mares_Paula-Gonzalvo&#8221; title_text=&#8221;7-Allende-los-Mares_Paula-Gonzalvo&#8221; _builder_version=&#8221;4.27.4&#8243; _module_preset=&#8221;default&#8221; global_colors_info=&#8221;{}&#8221;][\/et_pb_image][et_pb_text admin_label=&#8221;Texto intro&#8221; _builder_version=&#8221;4.27.4&#8243; _module_preset=&#8221;default&#8221; global_colors_info=&#8221;{}&#8221;]<\/p>\n<ul>\n<li><span style=\"color: #000000;\"><strong>Paula Gonzalvo e Pedro Jim\u00e9nez est\u00e3o prontos para iniciar a sua viagem de 65 mil quil\u00f3metros na primeira expedi\u00e7\u00e3o da hist\u00f3ria a seguir a rota do meridiano 0\u00ba ao 180\u00ba.<\/strong><\/span><\/li>\n<li><span style=\"color: #000000;\"><strong>Uma festa em Madrid este s\u00e1bado, dia 8, e uma apresenta\u00e7\u00e3o oficial em Castell\u00f3n no dia 12, s\u00e3o os marcos que antecedem o in\u00edcio da expedi\u00e7\u00e3o.<\/strong><\/span><\/li>\n<\/ul>\n<p>[\/et_pb_text][et_pb_image src=&#8221;https:\/\/navegantesoceanicos.com\/wp-content\/uploads\/2025\/11\/Pedro-Jimenez-Vuelta-vertical-scaled.jpg&#8221; alt=&#8221;Pedro Jimenez Vuelta vertical&#8221; title_text=&#8221;Pedro Jimenez Vuelta vertical&#8221; _builder_version=&#8221;4.27.4&#8243; _module_preset=&#8221;default&#8221; custom_margin=&#8221;-10px|||||&#8221; global_colors_info=&#8221;{}&#8221;][\/et_pb_image][\/et_pb_column][\/et_pb_row][et_pb_row _builder_version=&#8221;4.27.4&#8243; _module_preset=&#8221;default&#8221; custom_padding=&#8221;2px||7px|||&#8221; global_colors_info=&#8221;{}&#8221;][et_pb_column type=&#8221;4_4&#8243; _builder_version=&#8221;4.27.4&#8243; _module_preset=&#8221;default&#8221; global_colors_info=&#8221;{}&#8221;][et_pb_divider divider_weight=&#8221;3px&#8221; _builder_version=&#8221;4.27.4&#8243; _module_preset=&#8221;default&#8221; custom_margin=&#8221;-8px||7px|||&#8221; global_colors_info=&#8221;{}&#8221;][\/et_pb_divider][et_pb_text _builder_version=&#8221;4.27.4&#8243; _module_preset=&#8221;default&#8221; global_colors_info=&#8221;{}&#8221;]<\/p>\n<h2 style=\"text-align: center;\"><span style=\"color: #080a8c;\">MADRID | 04 NOVEMBRO | COORDENADAS 40\u00b025\u203200.84\u2033 N 3\u00b042\u203212.24\u2033 O<\/span><\/h2>\n<p style=\"text-align: center;\"><span style=\"color: #000000;\">No dia 15 de novembro, ter\u00e1 in\u00edcio o Vuelta Vertical em Castell\u00f3n, uma iniciativa pioneira que combina vela, aventura, ci\u00eancia e sensibiliza\u00e7\u00e3o. Paula Gonzalvo (Allende los Mares) e Pedro Jim\u00e9nez (Alegr\u00eda Marineros) est\u00e3o prontos para iniciar a sua viagem de 65.000 quil\u00f3metros ao longo de 12 meses, seguindo uma rota completamente in\u00e9dita: do meridiano 0\u00ba ao meridiano 180\u00ba, ou seja, do \u00c1rtico \u00e0 Ant\u00e1rtida. O seu veleiro, o Alegr\u00eda Marineros, tamb\u00e9m est\u00e1 pronto \u2013 uma embarca\u00e7\u00e3o de alum\u00ednio especialmente refor\u00e7ada para navegar no gelo dos c\u00edrculos polares. Tudo isto ser\u00e1 partilhado com o p\u00fablico nos pr\u00f3ximos dias em eventos que ser\u00e3o realizados em Madrid e Castell\u00f3n.<\/span><\/p>\n<p style=\"text-align: center;\"><span style=\"color: #000000;\">Este s\u00e1bado, 8 de novembro, o Cop\u00e9rnico, em Madrid, vai receber uma festa de lan\u00e7amento, incluindo um concerto, para o qual podem ser adquiridos convites em vueltavertical.com. Por sua vez, o Real Clube N\u00e1utico de Castell\u00f3n ser\u00e1 o local onde, no dia 12 de novembro, se realizar\u00e1 uma confer\u00eancia de imprensa, que contar\u00e1 com a presen\u00e7a de algumas das mais altas autoridades locais e destacar\u00e1 o apoio institucional a esta aventura absolutamente hist\u00f3rica.<\/span><\/p>\n<p>[\/et_pb_text][et_pb_text _builder_version=&#8221;4.27.4&#8243; _module_preset=&#8221;default&#8221; custom_margin=&#8221;||5px|||&#8221; custom_padding=&#8221;||14px|||&#8221; global_colors_info=&#8221;{}&#8221;]<\/p>\n<p style=\"text-align: center;\"><span style=\"color: rgba(0, 0, 0, 0.98);\"><strong>Navega\u00e7\u00e3o e ci\u00eancia, reportadas em direto.<\/strong><\/span><\/p>\n<p style=\"text-align: center;\"><span style=\"color: #000000;\">A expedi\u00e7\u00e3o Vuelta Vertical \u00e9 pioneira e inovadora por muitos motivos. Paula Gonzalvo e Pedro Jim\u00e9nez n\u00e3o v\u00e3o apenas passar longas vig\u00edlias ao leme, enfrentando ondas que podem ultrapassar os 10 metros de altura, icebergues perigosos e ventos com for\u00e7a de furac\u00e3o. A sua viagem combina a aventura com a ci\u00eancia, pois servir\u00e1 tamb\u00e9m para recolher amostras da biodiversidade marinha, analisar a presen\u00e7a de micropl\u00e1sticos em \u00e1guas polares e registar v\u00e1rios par\u00e2metros dos cinco oceanos do nosso planeta.<\/span><\/p>\n<p style=\"text-align: center;\"><span style=\"color: #000000;\">Por este motivo, a Vuelta Vertical garantiu o apoio de prestigiadas institui\u00e7\u00f5es acad\u00e9micas, como a Universidade de Alicante, o Instituto Multidisciplinar Ram\u00f3n Margalef, a UCN, a D\u00e9cada de A\u00e7\u00e3o das Na\u00e7\u00f5es Unidas para os Oceanos e a True World.<\/span><\/p>\n<p style=\"text-align: center;\"><span style=\"color: #000000;\">Mas o que \u00e9 ainda mais inovador \u00e9 que toda a viagem ser\u00e1 transmitida em direto 24 horas por dia, sete dias por semana, atrav\u00e9s da internet. O p\u00fablico poder\u00e1 experienciar as vig\u00edlias solit\u00e1rias de seis horas e as manobras no meio de tempestades e icebergues, como se estivesse a bordo do Alegr\u00eda Marineros.<\/span><\/p>\n<p style=\"text-align: center;\"><span style=\"color: rgba(0, 0, 0, 0.98);\"><strong>Dois capit\u00e3es experientes.<\/strong><\/span><\/p>\n<p style=\"text-align: center;\"><span style=\"color: #000000;\">Paula Gonzalvo, conhecida pela sua iniciativa Allende los Mares (Al\u00e9m dos Mares), \u00e9 uma capit\u00e3 com mais de 65.000 milhas n\u00e1uticas navegadas, que tamb\u00e9m dedicou parte dos seus esfor\u00e7os \u00e0 comunica\u00e7\u00e3o e \u00e0 navega\u00e7\u00e3o. Pedro Jim\u00e9nez, por sua vez, \u00e9 a for\u00e7a motriz por detr\u00e1s da associa\u00e7\u00e3o desportiva Alegr\u00eda Marineros (Alegria dos Marinheiros) e possui uma experi\u00eancia superior a 200.000 milhas n\u00e1uticas, incluindo travessias polares. Ambos ser\u00e3o respons\u00e1veis \u200b\u200bpor conduzir o Alegr\u00eda Marineros para o porto em seguran\u00e7a.<\/span><\/p>\n<p style=\"text-align: center;\"><span style=\"color: #000000;\">Durante a sua viagem de 12 meses, far\u00e3o apenas cinco escalas t\u00e9cnicas, de dia e de noite, com longos turnos de vigia a solo no conv\u00e9s. Uma aventura por si s\u00f3, que inclui tamb\u00e9m uma importante componente cient\u00edfica e de divulga\u00e7\u00e3o de apoio \u00e0 conserva\u00e7\u00e3o do planeta. E tudo ser\u00e1 transmitido em direto. A Vuelta Vertical (Volta Vertical) \u00e9 uma expedi\u00e7\u00e3o pioneira que tem todos os ingredientes para se tornar num evento marcante. \u00c9 por isso que estes \u00faltimos dias em terra, antes de zarpar, est\u00e3o a ser aproveitados para explicar ao p\u00fablico os pormenores desta grande iniciativa.<\/span><\/p>\n<p>[\/et_pb_text][et_pb_divider divider_weight=&#8221;3px&#8221; _builder_version=&#8221;4.27.4&#8243; _module_preset=&#8221;default&#8221; global_colors_info=&#8221;{}&#8221;][\/et_pb_divider][\/et_pb_column][\/et_pb_row][et_pb_row column_structure=&#8221;1_5,3_5,1_5&#8243; _builder_version=&#8221;4.27.4&#8243; _module_preset=&#8221;default&#8221; custom_padding=&#8221;9px|||||&#8221; global_colors_info=&#8221;{}&#8221;][et_pb_column type=&#8221;1_5&#8243; _builder_version=&#8221;4.27.4&#8243; _module_preset=&#8221;default&#8221; global_colors_info=&#8221;{}&#8221;][\/et_pb_column][et_pb_column type=&#8221;3_5&#8243; _builder_version=&#8221;4.27.4&#8243; _module_preset=&#8221;default&#8221; global_colors_info=&#8221;{}&#8221;][et_pb_image src=&#8221;https:\/\/navegantesoceanicos.com\/wp-content\/uploads\/2025\/10\/Fiesta-presentacion-oficial-Vuelta-Vertical.jpg&#8221; alt=&#8221;Fiesta-presentacion-oficial-Vuelta-Vertical&#8221; title_text=&#8221;Fiesta-presentacion-oficial-Vuelta-Vertical&#8221; _builder_version=&#8221;4.27.4&#8243; _module_preset=&#8221;default&#8221; global_colors_info=&#8221;{}&#8221;][\/et_pb_image][\/et_pb_column][et_pb_column type=&#8221;1_5&#8243; _builder_version=&#8221;4.27.4&#8243; _module_preset=&#8221;default&#8221; global_colors_info=&#8221;{}&#8221;][\/et_pb_column][\/et_pb_row][et_pb_row _builder_version=&#8221;4.27.4&#8243; _module_preset=&#8221;default&#8221; custom_margin=&#8221;-12px|auto||auto||&#8221; custom_padding=&#8221;8px|||||&#8221; global_colors_info=&#8221;{}&#8221;][et_pb_column type=&#8221;4_4&#8243; _builder_version=&#8221;4.27.4&#8243; _module_preset=&#8221;default&#8221; global_colors_info=&#8221;{}&#8221;][et_pb_divider divider_weight=&#8221;3px&#8221; _builder_version=&#8221;4.27.4&#8243; _module_preset=&#8221;default&#8221; custom_margin=&#8221;-26px||7px|||&#8221; custom_padding=&#8221;32px|||||&#8221; global_colors_info=&#8221;{}&#8221;][\/et_pb_divider][et_pb_text admin_label=&#8221;Para m\u00e1s info&#8221; _builder_version=&#8221;4.27.4&#8243; _module_preset=&#8221;default&#8221; custom_padding=&#8221;||23px|||&#8221; global_colors_info=&#8221;{}&#8221;]<\/p>\n<p style=\"text-align: center;\"><strong><span style=\"color: #e02b20;\">PARA ENTREVISTAS OU MAIS INFORMA\u00c7\u00d5ES:<\/span><\/strong><\/p>\n<p style=\"text-align: center;\"><span style=\"color: #000000;\">SARA, apoio \u00e0s comunica\u00e7\u00f5es terrestres<\/span><\/p>\n<p style=\"text-align: center;\"><span style=\"color: #000000;\"><a href=\"mailto:comunicacion@vueltavertical.com\">comunicacion@vueltavertical.com<\/a><\/span><\/p>\n<p style=\"text-align: center;\"><span style=\"color: #000000;\">Tfno.: +34 614 379 580<\/span><\/p>\n<p>[\/et_pb_text][et_pb_divider divider_weight=&#8221;3px&#8221; _builder_version=&#8221;4.27.4&#8243; _module_preset=&#8221;default&#8221; custom_margin=&#8221;-26px||7px|||&#8221; custom_padding=&#8221;10px|||||&#8221; global_colors_info=&#8221;{}&#8221;][\/et_pb_divider][et_pb_text admin_label=&#8221;Apoyo navegantes&#8221; _builder_version=&#8221;4.27.4&#8243; _module_preset=&#8221;default&#8221; hover_enabled=&#8221;0&#8243; global_colors_info=&#8221;{}&#8221; sticky_enabled=&#8221;0&#8243;]<\/p>\n<p style=\"text-align: center;\"><span style=\"color: #000000;\">N\u00f3s, na &#8220;Navegantes Oce\u00e1nicos&#8221;, oferecemos o nosso total apoio \u00e0 Paula e ao Pedro neste grande desafio e projeto oce\u00e2nico in\u00e9dito: o Vuelta Vertical.<\/span><\/p>\n<p style=\"text-align: center;\"><span style=\"color: #000000;\">Estaremos presentes na apresenta\u00e7\u00e3o oficial no dia 8, em Madrid.<\/span><\/p>\n<p>[\/et_pb_text][et_pb_divider divider_weight=&#8221;3px&#8221; _builder_version=&#8221;4.27.4&#8243; _module_preset=&#8221;default&#8221; custom_margin=&#8221;-2px||7px|||&#8221; global_colors_info=&#8221;{}&#8221;][\/et_pb_divider][et_pb_image src=&#8221;https:\/\/navegantesoceanicos.com\/wp-content\/uploads\/2025\/10\/MapaMundi_Ruta_VueltaVertical-scaled.jpg&#8221; alt=&#8221;Velero Copernico Doblon Vuelta Vertical Alegria Marineros&#8221; title_text=&#8221;Velero Copernico Doblon &#8211; Vuelta Vertical&#8221; _builder_version=&#8221;4.27.4&#8243; _module_preset=&#8221;default&#8221; global_colors_info=&#8221;{}&#8221;][\/et_pb_image][et_pb_divider divider_weight=&#8221;3px&#8221; _builder_version=&#8221;4.27.4&#8243; _module_preset=&#8221;default&#8221; custom_margin=&#8221;-2px||7px|||&#8221; custom_padding=&#8221;||0px|||&#8221; global_colors_info=&#8221;{}&#8221;][\/et_pb_divider][et_pb_image src=&#8221;https:\/\/navegantesoceanicos.com\/wp-content\/uploads\/2022\/09\/proteccion-web-con-ISSN.jpg&#8221; title_text=&#8221;protecci\u00f3n web con ISSN&#8221; _builder_version=&#8221;4.27.4&#8243; _module_preset=&#8221;default&#8221; global_colors_info=&#8221;{}&#8221;][\/et_pb_image][\/et_pb_column][\/et_pb_row][\/et_pb_section]<\/p>\n","protected":false},"excerpt":{"rendered":"<p>Paula Gonzalvo e Pedro Jim\u00e9nez est\u00e3o prontos para iniciar a sua viagem de 65 mil quil\u00f3metros na primeira expedi\u00e7\u00e3o da hist\u00f3ria a percorrer a rota do meridiano 0\u00ba ao 180\u00ba. Uma festa em Madrid este s\u00e1bado, dia 8, e uma atua\u00e7\u00e3o oficial em Castell\u00f3n no dia 12, s\u00e3o os marcos que antecedem o in\u00edcio da expedi\u00e7\u00e3o.<\/p>\n","protected":false},"author":2,"featured_media":43166,"comment_status":"open","ping_status":"open","sticky":false,"template":"","format":"standard","meta":{"_et_pb_use_builder":"on","_et_pb_old_content":"","_et_gb_content_width":"","footnotes":"","_wp_rev_ctl_limit":""},"categories":[161,237],"tags":[],"class_list":["post-43702","post","type-post","status-publish","format-standard","has-post-thumbnail","hentry","category-noticias-de-vela","category-vuelta-vertical","et-has-post-format-content","et_post_format-et-post-format-standard"],"yoast_head":"<!-- This site is optimized with the Yoast SEO plugin v27.5 - https:\/\/yoast.com\/product\/yoast-seo-wordpress\/ -->\n<title>A Vuelta Vertical, que dar\u00e1 a volta ao mundo de p\u00f3lo a p\u00f3lo, \u00e9 apresentada ao p\u00fablico. - Navegantes Oce\u00e1nicos<\/title>\n<meta name=\"description\" content=\"Navegantes oce\u00e1nicos, web con contenidos para apasionados por la mar, tripulantes, regatistas, patrones o armadores.\" \/>\n<meta name=\"robots\" content=\"index, follow, max-snippet:-1, max-image-preview:large, max-video-preview:-1\" \/>\n<link rel=\"canonical\" href=\"https:\/\/navegantesoceanicos.com\/pt-pt\/a-vuelta-vertical-que-dara-a-volta-ao-mundo-de-polo-a-polo-e-apresentada-ao-publico\/\" \/>\n<meta property=\"og:locale\" content=\"pt_PT\" \/>\n<meta property=\"og:type\" content=\"article\" \/>\n<meta property=\"og:title\" content=\"A Vuelta Vertical, que dar\u00e1 a volta ao mundo de p\u00f3lo a p\u00f3lo, \u00e9 apresentada ao p\u00fablico. - Navegantes Oce\u00e1nicos\" \/>\n<meta property=\"og:description\" content=\"Navegantes oce\u00e1nicos, web con contenidos para apasionados por la mar, tripulantes, regatistas, patrones o armadores.\" \/>\n<meta property=\"og:url\" content=\"https:\/\/navegantesoceanicos.com\/pt-pt\/a-vuelta-vertical-que-dara-a-volta-ao-mundo-de-polo-a-polo-e-apresentada-ao-publico\/\" \/>\n<meta property=\"og:site_name\" content=\"Navegantes Oce\u00e1nicos\" \/>\n<meta property=\"article:publisher\" content=\"https:\/\/www.facebook.com\/Navegantes-Oce%c3%a1nicos-112578593494698\" \/>\n<meta property=\"article:published_time\" content=\"2025-11-04T18:13:26+00:00\" \/>\n<meta property=\"article:modified_time\" content=\"2025-11-07T09:39:13+00:00\" \/>\n<meta property=\"og:image\" content=\"https:\/\/navegantesoceanicos.com\/wp-content\/uploads\/2025\/10\/MapaMundi_Ruta_VueltaVertical-scaled.jpg\" \/>\n\t<meta property=\"og:image:width\" content=\"2560\" \/>\n\t<meta property=\"og:image:height\" content=\"1440\" \/>\n\t<meta property=\"og:image:type\" content=\"image\/jpeg\" \/>\n<meta name=\"author\" content=\"Juan Gonz\u00e1lez-Aller Lacalle\" \/>\n<meta name=\"twitter:label1\" content=\"Escrito por\" \/>\n\t<meta name=\"twitter:data1\" content=\"Juan Gonz\u00e1lez-Aller Lacalle\" \/>\n\t<meta name=\"twitter:label2\" content=\"Tempo estimado de leitura\" \/>\n\t<meta name=\"twitter:data2\" content=\"5 minutos\" \/>\n<script type=\"application\/ld+json\" class=\"yoast-schema-graph\">{\"@context\":\"https:\\\/\\\/schema.org\",\"@graph\":[{\"@type\":\"Article\",\"@id\":\"https:\\\/\\\/navegantesoceanicos.com\\\/pt-pt\\\/a-vuelta-vertical-que-dara-a-volta-ao-mundo-de-polo-a-polo-e-apresentada-ao-publico\\\/#article\",\"isPartOf\":{\"@id\":\"https:\\\/\\\/navegantesoceanicos.com\\\/pt-pt\\\/a-vuelta-vertical-que-dara-a-volta-ao-mundo-de-polo-a-polo-e-apresentada-ao-publico\\\/\"},\"author\":{\"name\":\"Juan Gonz\u00e1lez-Aller Lacalle\",\"@id\":\"https:\\\/\\\/navegantesoceanicos.com\\\/pt-pt\\\/#\\\/schema\\\/person\\\/4efe3afaef12467194c46aa710898a5c\"},\"headline\":\"A Vuelta Vertical, que dar\u00e1 a volta ao mundo de p\u00f3lo a p\u00f3lo, \u00e9 apresentada ao p\u00fablico.\",\"datePublished\":\"2025-11-04T18:13:26+00:00\",\"dateModified\":\"2025-11-07T09:39:13+00:00\",\"mainEntityOfPage\":{\"@id\":\"https:\\\/\\\/navegantesoceanicos.com\\\/pt-pt\\\/a-vuelta-vertical-que-dara-a-volta-ao-mundo-de-polo-a-polo-e-apresentada-ao-publico\\\/\"},\"wordCount\":1378,\"commentCount\":0,\"publisher\":{\"@id\":\"https:\\\/\\\/navegantesoceanicos.com\\\/pt-pt\\\/#organization\"},\"image\":{\"@id\":\"https:\\\/\\\/navegantesoceanicos.com\\\/pt-pt\\\/a-vuelta-vertical-que-dara-a-volta-ao-mundo-de-polo-a-polo-e-apresentada-ao-publico\\\/#primaryimage\"},\"thumbnailUrl\":\"https:\\\/\\\/navegantesoceanicos.com\\\/wp-content\\\/uploads\\\/2025\\\/10\\\/MapaMundi_Ruta_VueltaVertical-scaled.jpg\",\"articleSection\":[\"Not\u00edcias de vela\",\"Vuelta Vertical\"],\"inLanguage\":\"pt-PT\",\"potentialAction\":[{\"@type\":\"CommentAction\",\"name\":\"Comment\",\"target\":[\"https:\\\/\\\/navegantesoceanicos.com\\\/pt-pt\\\/a-vuelta-vertical-que-dara-a-volta-ao-mundo-de-polo-a-polo-e-apresentada-ao-publico\\\/#respond\"]}]},{\"@type\":\"WebPage\",\"@id\":\"https:\\\/\\\/navegantesoceanicos.com\\\/pt-pt\\\/a-vuelta-vertical-que-dara-a-volta-ao-mundo-de-polo-a-polo-e-apresentada-ao-publico\\\/\",\"url\":\"https:\\\/\\\/navegantesoceanicos.com\\\/pt-pt\\\/a-vuelta-vertical-que-dara-a-volta-ao-mundo-de-polo-a-polo-e-apresentada-ao-publico\\\/\",\"name\":\"A Vuelta Vertical, que dar\u00e1 a volta ao mundo de p\u00f3lo a p\u00f3lo, \u00e9 apresentada ao p\u00fablico. - Navegantes Oce\u00e1nicos\",\"isPartOf\":{\"@id\":\"https:\\\/\\\/navegantesoceanicos.com\\\/pt-pt\\\/#website\"},\"primaryImageOfPage\":{\"@id\":\"https:\\\/\\\/navegantesoceanicos.com\\\/pt-pt\\\/a-vuelta-vertical-que-dara-a-volta-ao-mundo-de-polo-a-polo-e-apresentada-ao-publico\\\/#primaryimage\"},\"image\":{\"@id\":\"https:\\\/\\\/navegantesoceanicos.com\\\/pt-pt\\\/a-vuelta-vertical-que-dara-a-volta-ao-mundo-de-polo-a-polo-e-apresentada-ao-publico\\\/#primaryimage\"},\"thumbnailUrl\":\"https:\\\/\\\/navegantesoceanicos.com\\\/wp-content\\\/uploads\\\/2025\\\/10\\\/MapaMundi_Ruta_VueltaVertical-scaled.jpg\",\"datePublished\":\"2025-11-04T18:13:26+00:00\",\"dateModified\":\"2025-11-07T09:39:13+00:00\",\"description\":\"Navegantes oce\u00e1nicos, web con contenidos para apasionados por la mar, tripulantes, regatistas, patrones o armadores.\",\"breadcrumb\":{\"@id\":\"https:\\\/\\\/navegantesoceanicos.com\\\/pt-pt\\\/a-vuelta-vertical-que-dara-a-volta-ao-mundo-de-polo-a-polo-e-apresentada-ao-publico\\\/#breadcrumb\"},\"inLanguage\":\"pt-PT\",\"potentialAction\":[{\"@type\":\"ReadAction\",\"target\":[\"https:\\\/\\\/navegantesoceanicos.com\\\/pt-pt\\\/a-vuelta-vertical-que-dara-a-volta-ao-mundo-de-polo-a-polo-e-apresentada-ao-publico\\\/\"]}]},{\"@type\":\"ImageObject\",\"inLanguage\":\"pt-PT\",\"@id\":\"https:\\\/\\\/navegantesoceanicos.com\\\/pt-pt\\\/a-vuelta-vertical-que-dara-a-volta-ao-mundo-de-polo-a-polo-e-apresentada-ao-publico\\\/#primaryimage\",\"url\":\"https:\\\/\\\/navegantesoceanicos.com\\\/wp-content\\\/uploads\\\/2025\\\/10\\\/MapaMundi_Ruta_VueltaVertical-scaled.jpg\",\"contentUrl\":\"https:\\\/\\\/navegantesoceanicos.com\\\/wp-content\\\/uploads\\\/2025\\\/10\\\/MapaMundi_Ruta_VueltaVertical-scaled.jpg\",\"width\":2560,\"height\":1440},{\"@type\":\"BreadcrumbList\",\"@id\":\"https:\\\/\\\/navegantesoceanicos.com\\\/pt-pt\\\/a-vuelta-vertical-que-dara-a-volta-ao-mundo-de-polo-a-polo-e-apresentada-ao-publico\\\/#breadcrumb\",\"itemListElement\":[{\"@type\":\"ListItem\",\"position\":1,\"name\":\"Portada\",\"item\":\"https:\\\/\\\/navegantesoceanicos.com\\\/pt-pt\\\/\"},{\"@type\":\"ListItem\",\"position\":2,\"name\":\"A Vuelta Vertical, que dar\u00e1 a volta ao mundo de p\u00f3lo a p\u00f3lo, \u00e9 apresentada ao p\u00fablico.\"}]},{\"@type\":\"WebSite\",\"@id\":\"https:\\\/\\\/navegantesoceanicos.com\\\/pt-pt\\\/#website\",\"url\":\"https:\\\/\\\/navegantesoceanicos.com\\\/pt-pt\\\/\",\"name\":\"Navegantes Oce\u00e1nicos\",\"description\":\"Navegantes oce\u00e1nicos, te ayudamos a navegar, para navegantes, tripulantes, regatistas y armadores, escuela n\u00e1utica, libros on-line sobre t\u00e1cticas y equipamiento para la navegaci\u00f3n a vela, fondear, atracar, el manejo de las velas, electricidad a bordo, navegaci\u00f3n con mal tiempo, rutas oce\u00e1nicas y mucho m\u00e1s\",\"publisher\":{\"@id\":\"https:\\\/\\\/navegantesoceanicos.com\\\/pt-pt\\\/#organization\"},\"potentialAction\":[{\"@type\":\"SearchAction\",\"target\":{\"@type\":\"EntryPoint\",\"urlTemplate\":\"https:\\\/\\\/navegantesoceanicos.com\\\/pt-pt\\\/?s={search_term_string}\"},\"query-input\":{\"@type\":\"PropertyValueSpecification\",\"valueRequired\":true,\"valueName\":\"search_term_string\"}}],\"inLanguage\":\"pt-PT\"},{\"@type\":\"Organization\",\"@id\":\"https:\\\/\\\/navegantesoceanicos.com\\\/pt-pt\\\/#organization\",\"name\":\"Navegantes Oce\u00e1nicos\",\"url\":\"https:\\\/\\\/navegantesoceanicos.com\\\/pt-pt\\\/\",\"logo\":{\"@type\":\"ImageObject\",\"inLanguage\":\"pt-PT\",\"@id\":\"https:\\\/\\\/navegantesoceanicos.com\\\/pt-pt\\\/#\\\/schema\\\/logo\\\/image\\\/\",\"url\":\"https:\\\/\\\/navegantesoceanicos.com\\\/wp-content\\\/uploads\\\/2019\\\/12\\\/LOGO-NAVEGANTES-OCEANICOS.png\",\"contentUrl\":\"https:\\\/\\\/navegantesoceanicos.com\\\/wp-content\\\/uploads\\\/2019\\\/12\\\/LOGO-NAVEGANTES-OCEANICOS.png\",\"width\":1010,\"height\":814,\"caption\":\"Navegantes Oce\u00e1nicos\"},\"image\":{\"@id\":\"https:\\\/\\\/navegantesoceanicos.com\\\/pt-pt\\\/#\\\/schema\\\/logo\\\/image\\\/\"},\"sameAs\":[\"https:\\\/\\\/www.facebook.com\\\/Navegantes-Oce\u00e1nicos-112578593494698\",\"https:\\\/\\\/www.instagram.com\\\/navegantes_oceanicos\\\/?hl=es\",\"https:\\\/\\\/www.youtube.com\\\/channel\\\/UCXgDL_6xqE7rpdwNXRmzF_Q\\\/featured\"]},{\"@type\":\"Person\",\"@id\":\"https:\\\/\\\/navegantesoceanicos.com\\\/pt-pt\\\/#\\\/schema\\\/person\\\/4efe3afaef12467194c46aa710898a5c\",\"name\":\"Juan Gonz\u00e1lez-Aller Lacalle\",\"image\":{\"@type\":\"ImageObject\",\"inLanguage\":\"pt-PT\",\"@id\":\"https:\\\/\\\/secure.gravatar.com\\\/avatar\\\/8262155dfd99d33a131c0b6f7c6d5b289bcc5a78eb8915b59699287a091367be?s=96&d=mm&r=g\",\"url\":\"https:\\\/\\\/secure.gravatar.com\\\/avatar\\\/8262155dfd99d33a131c0b6f7c6d5b289bcc5a78eb8915b59699287a091367be?s=96&d=mm&r=g\",\"contentUrl\":\"https:\\\/\\\/secure.gravatar.com\\\/avatar\\\/8262155dfd99d33a131c0b6f7c6d5b289bcc5a78eb8915b59699287a091367be?s=96&d=mm&r=g\",\"caption\":\"Juan Gonz\u00e1lez-Aller Lacalle\"},\"sameAs\":[\"https:\\\/\\\/navegantesoceanicos.com\"],\"url\":\"https:\\\/\\\/navegantesoceanicos.com\\\/pt-pt\\\/author\\\/juan-director\\\/\"}]}<\/script>\n<!-- \/ Yoast SEO plugin. -->","yoast_head_json":{"title":"A Vuelta Vertical, que dar\u00e1 a volta ao mundo de p\u00f3lo a p\u00f3lo, \u00e9 apresentada ao p\u00fablico. - Navegantes Oce\u00e1nicos","description":"Navegantes oce\u00e1nicos, web con contenidos para apasionados por la mar, tripulantes, regatistas, patrones o armadores.","robots":{"index":"index","follow":"follow","max-snippet":"max-snippet:-1","max-image-preview":"max-image-preview:large","max-video-preview":"max-video-preview:-1"},"canonical":"https:\/\/navegantesoceanicos.com\/pt-pt\/a-vuelta-vertical-que-dara-a-volta-ao-mundo-de-polo-a-polo-e-apresentada-ao-publico\/","og_locale":"pt_PT","og_type":"article","og_title":"A Vuelta Vertical, que dar\u00e1 a volta ao mundo de p\u00f3lo a p\u00f3lo, \u00e9 apresentada ao p\u00fablico. - Navegantes Oce\u00e1nicos","og_description":"Navegantes oce\u00e1nicos, web con contenidos para apasionados por la mar, tripulantes, regatistas, patrones o armadores.","og_url":"https:\/\/navegantesoceanicos.com\/pt-pt\/a-vuelta-vertical-que-dara-a-volta-ao-mundo-de-polo-a-polo-e-apresentada-ao-publico\/","og_site_name":"Navegantes Oce\u00e1nicos","article_publisher":"https:\/\/www.facebook.com\/Navegantes-Oce%c3%a1nicos-112578593494698","article_published_time":"2025-11-04T18:13:26+00:00","article_modified_time":"2025-11-07T09:39:13+00:00","og_image":[{"width":2560,"height":1440,"url":"https:\/\/navegantesoceanicos.com\/wp-content\/uploads\/2025\/10\/MapaMundi_Ruta_VueltaVertical-scaled.jpg","type":"image\/jpeg"}],"author":"Juan Gonz\u00e1lez-Aller Lacalle","twitter_misc":{"Escrito por":"Juan Gonz\u00e1lez-Aller Lacalle","Tempo estimado de leitura":"5 minutos"},"schema":{"@context":"https:\/\/schema.org","@graph":[{"@type":"Article","@id":"https:\/\/navegantesoceanicos.com\/pt-pt\/a-vuelta-vertical-que-dara-a-volta-ao-mundo-de-polo-a-polo-e-apresentada-ao-publico\/#article","isPartOf":{"@id":"https:\/\/navegantesoceanicos.com\/pt-pt\/a-vuelta-vertical-que-dara-a-volta-ao-mundo-de-polo-a-polo-e-apresentada-ao-publico\/"},"author":{"name":"Juan Gonz\u00e1lez-Aller Lacalle","@id":"https:\/\/navegantesoceanicos.com\/pt-pt\/#\/schema\/person\/4efe3afaef12467194c46aa710898a5c"},"headline":"A Vuelta Vertical, que dar\u00e1 a volta ao mundo de p\u00f3lo a p\u00f3lo, \u00e9 apresentada ao p\u00fablico.","datePublished":"2025-11-04T18:13:26+00:00","dateModified":"2025-11-07T09:39:13+00:00","mainEntityOfPage":{"@id":"https:\/\/navegantesoceanicos.com\/pt-pt\/a-vuelta-vertical-que-dara-a-volta-ao-mundo-de-polo-a-polo-e-apresentada-ao-publico\/"},"wordCount":1378,"commentCount":0,"publisher":{"@id":"https:\/\/navegantesoceanicos.com\/pt-pt\/#organization"},"image":{"@id":"https:\/\/navegantesoceanicos.com\/pt-pt\/a-vuelta-vertical-que-dara-a-volta-ao-mundo-de-polo-a-polo-e-apresentada-ao-publico\/#primaryimage"},"thumbnailUrl":"https:\/\/navegantesoceanicos.com\/wp-content\/uploads\/2025\/10\/MapaMundi_Ruta_VueltaVertical-scaled.jpg","articleSection":["Not\u00edcias de vela","Vuelta Vertical"],"inLanguage":"pt-PT","potentialAction":[{"@type":"CommentAction","name":"Comment","target":["https:\/\/navegantesoceanicos.com\/pt-pt\/a-vuelta-vertical-que-dara-a-volta-ao-mundo-de-polo-a-polo-e-apresentada-ao-publico\/#respond"]}]},{"@type":"WebPage","@id":"https:\/\/navegantesoceanicos.com\/pt-pt\/a-vuelta-vertical-que-dara-a-volta-ao-mundo-de-polo-a-polo-e-apresentada-ao-publico\/","url":"https:\/\/navegantesoceanicos.com\/pt-pt\/a-vuelta-vertical-que-dara-a-volta-ao-mundo-de-polo-a-polo-e-apresentada-ao-publico\/","name":"A Vuelta Vertical, que dar\u00e1 a volta ao mundo de p\u00f3lo a p\u00f3lo, \u00e9 apresentada ao p\u00fablico. - Navegantes Oce\u00e1nicos","isPartOf":{"@id":"https:\/\/navegantesoceanicos.com\/pt-pt\/#website"},"primaryImageOfPage":{"@id":"https:\/\/navegantesoceanicos.com\/pt-pt\/a-vuelta-vertical-que-dara-a-volta-ao-mundo-de-polo-a-polo-e-apresentada-ao-publico\/#primaryimage"},"image":{"@id":"https:\/\/navegantesoceanicos.com\/pt-pt\/a-vuelta-vertical-que-dara-a-volta-ao-mundo-de-polo-a-polo-e-apresentada-ao-publico\/#primaryimage"},"thumbnailUrl":"https:\/\/navegantesoceanicos.com\/wp-content\/uploads\/2025\/10\/MapaMundi_Ruta_VueltaVertical-scaled.jpg","datePublished":"2025-11-04T18:13:26+00:00","dateModified":"2025-11-07T09:39:13+00:00","description":"Navegantes oce\u00e1nicos, web con contenidos para apasionados por la mar, tripulantes, regatistas, patrones o armadores.","breadcrumb":{"@id":"https:\/\/navegantesoceanicos.com\/pt-pt\/a-vuelta-vertical-que-dara-a-volta-ao-mundo-de-polo-a-polo-e-apresentada-ao-publico\/#breadcrumb"},"inLanguage":"pt-PT","potentialAction":[{"@type":"ReadAction","target":["https:\/\/navegantesoceanicos.com\/pt-pt\/a-vuelta-vertical-que-dara-a-volta-ao-mundo-de-polo-a-polo-e-apresentada-ao-publico\/"]}]},{"@type":"ImageObject","inLanguage":"pt-PT","@id":"https:\/\/navegantesoceanicos.com\/pt-pt\/a-vuelta-vertical-que-dara-a-volta-ao-mundo-de-polo-a-polo-e-apresentada-ao-publico\/#primaryimage","url":"https:\/\/navegantesoceanicos.com\/wp-content\/uploads\/2025\/10\/MapaMundi_Ruta_VueltaVertical-scaled.jpg","contentUrl":"https:\/\/navegantesoceanicos.com\/wp-content\/uploads\/2025\/10\/MapaMundi_Ruta_VueltaVertical-scaled.jpg","width":2560,"height":1440},{"@type":"BreadcrumbList","@id":"https:\/\/navegantesoceanicos.com\/pt-pt\/a-vuelta-vertical-que-dara-a-volta-ao-mundo-de-polo-a-polo-e-apresentada-ao-publico\/#breadcrumb","itemListElement":[{"@type":"ListItem","position":1,"name":"Portada","item":"https:\/\/navegantesoceanicos.com\/pt-pt\/"},{"@type":"ListItem","position":2,"name":"A Vuelta Vertical, que dar\u00e1 a volta ao mundo de p\u00f3lo a p\u00f3lo, \u00e9 apresentada ao p\u00fablico."}]},{"@type":"WebSite","@id":"https:\/\/navegantesoceanicos.com\/pt-pt\/#website","url":"https:\/\/navegantesoceanicos.com\/pt-pt\/","name":"Navegantes Oce\u00e1nicos","description":"Navegantes oce\u00e1nicos, te ayudamos a navegar, para navegantes, tripulantes, regatistas y armadores, escuela n\u00e1utica, libros on-line sobre t\u00e1cticas y equipamiento para la navegaci\u00f3n a vela, fondear, atracar, el manejo de las velas, electricidad a bordo, navegaci\u00f3n con mal tiempo, rutas oce\u00e1nicas y mucho m\u00e1s","publisher":{"@id":"https:\/\/navegantesoceanicos.com\/pt-pt\/#organization"},"potentialAction":[{"@type":"SearchAction","target":{"@type":"EntryPoint","urlTemplate":"https:\/\/navegantesoceanicos.com\/pt-pt\/?s={search_term_string}"},"query-input":{"@type":"PropertyValueSpecification","valueRequired":true,"valueName":"search_term_string"}}],"inLanguage":"pt-PT"},{"@type":"Organization","@id":"https:\/\/navegantesoceanicos.com\/pt-pt\/#organization","name":"Navegantes Oce\u00e1nicos","url":"https:\/\/navegantesoceanicos.com\/pt-pt\/","logo":{"@type":"ImageObject","inLanguage":"pt-PT","@id":"https:\/\/navegantesoceanicos.com\/pt-pt\/#\/schema\/logo\/image\/","url":"https:\/\/navegantesoceanicos.com\/wp-content\/uploads\/2019\/12\/LOGO-NAVEGANTES-OCEANICOS.png","contentUrl":"https:\/\/navegantesoceanicos.com\/wp-content\/uploads\/2019\/12\/LOGO-NAVEGANTES-OCEANICOS.png","width":1010,"height":814,"caption":"Navegantes Oce\u00e1nicos"},"image":{"@id":"https:\/\/navegantesoceanicos.com\/pt-pt\/#\/schema\/logo\/image\/"},"sameAs":["https:\/\/www.facebook.com\/Navegantes-Oce\u00e1nicos-112578593494698","https:\/\/www.instagram.com\/navegantes_oceanicos\/?hl=es","https:\/\/www.youtube.com\/channel\/UCXgDL_6xqE7rpdwNXRmzF_Q\/featured"]},{"@type":"Person","@id":"https:\/\/navegantesoceanicos.com\/pt-pt\/#\/schema\/person\/4efe3afaef12467194c46aa710898a5c","name":"Juan Gonz\u00e1lez-Aller Lacalle","image":{"@type":"ImageObject","inLanguage":"pt-PT","@id":"https:\/\/secure.gravatar.com\/avatar\/8262155dfd99d33a131c0b6f7c6d5b289bcc5a78eb8915b59699287a091367be?s=96&d=mm&r=g","url":"https:\/\/secure.gravatar.com\/avatar\/8262155dfd99d33a131c0b6f7c6d5b289bcc5a78eb8915b59699287a091367be?s=96&d=mm&r=g","contentUrl":"https:\/\/secure.gravatar.com\/avatar\/8262155dfd99d33a131c0b6f7c6d5b289bcc5a78eb8915b59699287a091367be?s=96&d=mm&r=g","caption":"Juan Gonz\u00e1lez-Aller Lacalle"},"sameAs":["https:\/\/navegantesoceanicos.com"],"url":"https:\/\/navegantesoceanicos.com\/pt-pt\/author\/juan-director\/"}]}},"rttpg_featured_image_url":{"full":["https:\/\/navegantesoceanicos.com\/wp-content\/uploads\/2025\/10\/MapaMundi_Ruta_VueltaVertical-scaled.jpg",2560,1440,false],"landscape":["https:\/\/navegantesoceanicos.com\/wp-content\/uploads\/2025\/10\/MapaMundi_Ruta_VueltaVertical-scaled.jpg",2560,1440,false],"portraits":["https:\/\/navegantesoceanicos.com\/wp-content\/uploads\/2025\/10\/MapaMundi_Ruta_VueltaVertical-scaled.jpg",2560,1440,false],"thumbnail":["https:\/\/navegantesoceanicos.com\/wp-content\/uploads\/2025\/10\/MapaMundi_Ruta_VueltaVertical-150x150.jpg",150,150,true],"medium":["https:\/\/navegantesoceanicos.com\/wp-content\/uploads\/2025\/10\/MapaMundi_Ruta_VueltaVertical-300x169.jpg",300,169,true],"large":["https:\/\/navegantesoceanicos.com\/wp-content\/uploads\/2025\/10\/MapaMundi_Ruta_VueltaVertical-1024x576.jpg",1024,576,true],"1536x1536":["https:\/\/navegantesoceanicos.com\/wp-content\/uploads\/2025\/10\/MapaMundi_Ruta_VueltaVertical-1536x864.jpg",1536,864,true],"2048x2048":["https:\/\/navegantesoceanicos.com\/wp-content\/uploads\/2025\/10\/MapaMundi_Ruta_VueltaVertical-2048x1152.jpg",2048,1152,true],"smart-post-landscape":["https:\/\/navegantesoceanicos.com\/wp-content\/uploads\/2025\/10\/MapaMundi_Ruta_VueltaVertical-scaled.jpg",870,489,false],"smart-post-portrait":["https:\/\/navegantesoceanicos.com\/wp-content\/uploads\/2025\/10\/MapaMundi_Ruta_VueltaVertical-scaled.jpg",600,338,false],"et-builder-post-main-image":["https:\/\/navegantesoceanicos.com\/wp-content\/uploads\/2025\/10\/MapaMundi_Ruta_VueltaVertical-400x250.jpg",400,250,true],"et-builder-post-main-image-fullwidth":["https:\/\/navegantesoceanicos.com\/wp-content\/uploads\/2025\/10\/MapaMundi_Ruta_VueltaVertical-1080x675.jpg",1080,675,true],"et-builder-portfolio-image":["https:\/\/navegantesoceanicos.com\/wp-content\/uploads\/2025\/10\/MapaMundi_Ruta_VueltaVertical-400x284.jpg",400,284,true],"et-builder-portfolio-image-single":["https:\/\/navegantesoceanicos.com\/wp-content\/uploads\/2025\/10\/MapaMundi_Ruta_VueltaVertical-1080x607.jpg",1080,607,true],"et-builder-gallery-image-portrait":["https:\/\/navegantesoceanicos.com\/wp-content\/uploads\/2025\/10\/MapaMundi_Ruta_VueltaVertical-400x516.jpg",400,516,true],"extra-image-huge":["https:\/\/navegantesoceanicos.com\/wp-content\/uploads\/2025\/10\/MapaMundi_Ruta_VueltaVertical-1280x768.jpg",1280,768,true],"extra-image-single-post":["https:\/\/navegantesoceanicos.com\/wp-content\/uploads\/2025\/10\/MapaMundi_Ruta_VueltaVertical-1280x640.jpg",1280,640,true],"extra-image-medium":["https:\/\/navegantesoceanicos.com\/wp-content\/uploads\/2025\/10\/MapaMundi_Ruta_VueltaVertical-627x376.jpg",627,376,true],"extra-image-small":["https:\/\/navegantesoceanicos.com\/wp-content\/uploads\/2025\/10\/MapaMundi_Ruta_VueltaVertical-440x264.jpg",440,264,true],"extra-image-square-medium":["https:\/\/navegantesoceanicos.com\/wp-content\/uploads\/2025\/10\/MapaMundi_Ruta_VueltaVertical-440x440.jpg",440,440,true],"extra-image-square-small":["https:\/\/navegantesoceanicos.com\/wp-content\/uploads\/2025\/10\/MapaMundi_Ruta_VueltaVertical-150x150.jpg",150,150,true],"woocommerce_thumbnail":["https:\/\/navegantesoceanicos.com\/wp-content\/uploads\/2025\/10\/MapaMundi_Ruta_VueltaVertical-300x169.jpg",300,169,true],"woocommerce_single":["https:\/\/navegantesoceanicos.com\/wp-content\/uploads\/2025\/10\/MapaMundi_Ruta_VueltaVertical-600x337.jpg",600,337,true],"woocommerce_gallery_thumbnail":["https:\/\/navegantesoceanicos.com\/wp-content\/uploads\/2025\/10\/MapaMundi_Ruta_VueltaVertical-100x100.jpg",100,100,true],"dgwt-wcas-product-suggestion":["https:\/\/navegantesoceanicos.com\/wp-content\/uploads\/2025\/10\/MapaMundi_Ruta_VueltaVertical-64x36.jpg",64,36,true]},"rttpg_author":{"display_name":"Juan Gonz\u00e1lez-Aller Lacalle","author_link":"https:\/\/navegantesoceanicos.com\/pt-pt\/author\/juan-director\/"},"rttpg_comment":0,"rttpg_category":"<a href=\"https:\/\/navegantesoceanicos.com\/pt-pt\/category\/noticias-de-vela\/\" rel=\"category tag\">Not\u00edcias de vela<\/a> <a href=\"https:\/\/navegantesoceanicos.com\/pt-pt\/category\/vuelta-vertical\/\" rel=\"category tag\">Vuelta Vertical<\/a>","rttpg_excerpt":"Paula Gonzalvo e Pedro Jim\u00e9nez est\u00e3o prontos para iniciar a sua viagem de 65 mil quil\u00f3metros na primeira expedi\u00e7\u00e3o da hist\u00f3ria a percorrer a rota do meridiano 0\u00ba ao 180\u00ba. Uma festa em Madrid este s\u00e1bado, dia 8, e uma atua\u00e7\u00e3o oficial em Castell\u00f3n no dia 12, s\u00e3o os marcos que antecedem o in\u00edcio da&hellip;","_links":{"self":[{"href":"https:\/\/navegantesoceanicos.com\/pt-pt\/wp-json\/wp\/v2\/posts\/43702","targetHints":{"allow":["GET"]}}],"collection":[{"href":"https:\/\/navegantesoceanicos.com\/pt-pt\/wp-json\/wp\/v2\/posts"}],"about":[{"href":"https:\/\/navegantesoceanicos.com\/pt-pt\/wp-json\/wp\/v2\/types\/post"}],"author":[{"embeddable":true,"href":"https:\/\/navegantesoceanicos.com\/pt-pt\/wp-json\/wp\/v2\/users\/2"}],"replies":[{"embeddable":true,"href":"https:\/\/navegantesoceanicos.com\/pt-pt\/wp-json\/wp\/v2\/comments?post=43702"}],"version-history":[{"count":0,"href":"https:\/\/navegantesoceanicos.com\/pt-pt\/wp-json\/wp\/v2\/posts\/43702\/revisions"}],"wp:featuredmedia":[{"embeddable":true,"href":"https:\/\/navegantesoceanicos.com\/pt-pt\/wp-json\/wp\/v2\/media\/43166"}],"wp:attachment":[{"href":"https:\/\/navegantesoceanicos.com\/pt-pt\/wp-json\/wp\/v2\/media?parent=43702"}],"wp:term":[{"taxonomy":"category","embeddable":true,"href":"https:\/\/navegantesoceanicos.com\/pt-pt\/wp-json\/wp\/v2\/categories?post=43702"},{"taxonomy":"post_tag","embeddable":true,"href":"https:\/\/navegantesoceanicos.com\/pt-pt\/wp-json\/wp\/v2\/tags?post=43702"}],"curies":[{"name":"wp","href":"https:\/\/api.w.org\/{rel}","templated":true}]}}