{"id":43795,"date":"2025-11-10T09:18:06","date_gmt":"2025-11-10T09:18:06","guid":{"rendered":"https:\/\/navegantesoceanicos.com\/?p=43795"},"modified":"2025-11-10T09:34:48","modified_gmt":"2025-11-10T09:34:48","slug":"nomadas-do-mar","status":"publish","type":"post","link":"https:\/\/navegantesoceanicos.com\/pt-pt\/nomadas-do-mar\/","title":{"rendered":"N\u00f3madas do Mar"},"content":{"rendered":"<p>[et_pb_section fb_built=&#8221;1&#8243; _builder_version=&#8221;4.27.4&#8243; _module_preset=&#8221;default&#8221; custom_padding=&#8221;7px||4px|||&#8221; global_colors_info=&#8221;{}&#8221;][et_pb_row _builder_version=&#8221;4.27.4&#8243; _module_preset=&#8221;default&#8221; global_colors_info=&#8221;{}&#8221;][et_pb_column type=&#8221;4_4&#8243; _builder_version=&#8221;4.27.4&#8243; _module_preset=&#8221;default&#8221; global_colors_info=&#8221;{}&#8221;][et_pb_text admin_label=&#8221;intro&#8221; _builder_version=&#8221;4.27.4&#8243; _module_preset=&#8221;default&#8221; inline_fonts=&#8221;Abel&#8221; global_colors_info=&#8221;{}&#8221;]<\/p>\n<p style=\"text-align: center;\"><span style=\"color: #000000;\">Esta \u00e9 uma hist\u00f3ria com tr\u00eas personagens principais.<\/span><\/p>\n<p style=\"text-align: center;\"><span style=\"color: #000000;\">De um lado, temos a Celia, de Madrid. Licenciou-se em Economia e Rela\u00e7\u00f5es Internacionais, na esperan\u00e7a de encontrar um emprego que lhe permitisse viajar e conhecer o mundo, algo que a apaixona tanto como o oceano, que a fascina desde que se lembra.<\/span><\/p>\n<p style=\"text-align: center;\"><span style=\"color: #000000;\">Do outro lado, temos \u00c1lvaro, tamb\u00e9m de Madrid, que se envolveu com a vela desde crian\u00e7a, gra\u00e7as aos pais, com quem velejava durante largos per\u00edodos. Licenciou-se em Economia e Finan\u00e7as e, tal como Celia, come\u00e7ou a trabalhar no setor banc\u00e1rio.<\/span><\/p>\n<p style=\"text-align: center;\"><span style=\"color: #000000;\">Depressa, C\u00e9lia e \u00c1lvaro perceberam que n\u00e3o estavam totalmente satisfeitos, pelo que, aos poucos, come\u00e7aram a moldar o projeto que hoje os levou a uma vida plena e feliz.<\/span><\/p>\n<p style=\"text-align: center;\"><span style=\"color: #000000;\">Este projeto chama-se &#8220;N\u00f3madas do Mar&#8221; e, para o concretizar, tiveram de mudar radicalmente a vida convencional que levavam na cidade e encontrar o terceiro protagonista desta hist\u00f3ria: o veleiro, um Bavaria 46 Cruiser que transformaram em sua casa e que batizaram, como n\u00e3o podia deixar de ser, de &#8220;N\u00f3madas do Mar&#8221;.<\/span><\/p>\n<p>[\/et_pb_text][et_pb_text _builder_version=&#8221;4.27.4&#8243; _module_preset=&#8221;default&#8221; global_colors_info=&#8221;{}&#8221;]<\/p>\n<h2><img decoding=\"async\" class=\"aligncenter\" src=\"https:\/\/navegantesoceanicos.com\/wp-content\/uploads\/2025\/11\/Nomadas-Del-Mar-desde-proa.jpg\" alt=\"\" width=\"656\" height=\"833\" \/><\/h2>\n<h2 style=\"text-align: center;\"><strong><span style=\"color: rgba(224, 43, 32, 0.94);\"><\/span><\/strong><\/h2>\n<h2 style=\"text-align: center;\"><strong><span style=\"color: rgba(224, 43, 32, 0.94);\">Quando tomou a decis\u00e3o de ir viver para um veleiro e come\u00e7ar a viajar pelo mundo, que experi\u00eancia anterior tinha?<\/span><\/strong><\/h2>\n<p style=\"text-align: center;\"><span style=\"color: #000000;\">T\u00ednhamos experi\u00eancia suficiente. Embora \u00c1lvaro j\u00e1 tivesse navegado bastante com os pais, nunca tinha sido capit\u00e3o. Celia s\u00f3 tinha navegado uma vez, durante umas f\u00e9rias de barco nas ilhas Baleares. Dedic\u00e1mos muito tempo \u00e0 prepara\u00e7\u00e3o para esta nova etapa, tanto na pr\u00e1tica como na teoria. Olhando para tr\u00e1s, achamos que fizemos tudo demasiado depressa, e \u00e9 por isso que recomendamos a quem quiser embarcar num projeto como este que o fa\u00e7a aos poucos, desfrutando do processo.<\/span><\/p>\n<p><img decoding=\"async\" class=\"aligncenter\" src=\"https:\/\/navegantesoceanicos.com\/wp-content\/uploads\/2025\/11\/Velero-scaled.jpg\" alt=\"\" width=\"664\" height=\"700\" \/><\/p>\n<h2 style=\"text-align: center;\"><span style=\"color: rgba(224, 43, 32, 0.94);\"><b>Para al\u00e9m da experi\u00eancia de viver a navegar num veleiro, em que consiste o seu projeto &#8220;N\u00f3madas do Mar&#8221;?<\/b><\/span><\/h2>\n<p style=\"text-align: center;\"><span style=\"color: #000000;\">Sea Nomads \u00e9 um projeto centrado num estilo de vida alternativo e sustent\u00e1vel, vivendo a bordo de um veleiro. Procuramos uma vida mais simples em contacto pr\u00f3ximo com a natureza, o que nos permite continuar a explorar o mundo enquanto partilhamos as nossas experi\u00eancias no mar.<\/span><\/p>\n<p style=\"text-align: center;\"><span style=\"color: #000000;\">Atrav\u00e9s das nossas redes sociais, mostramos o nosso dia a dia a bordo: as nossas viagens, desafios e tamb\u00e9m os bons momentos, com o objetivo de apresentar a vela a quem tem curiosidade por ela.<\/span><\/p>\n<p style=\"text-align: center;\"><span style=\"color: #000000;\">Al\u00e9m disso, oferecemos experi\u00eancias para que outros possam descobrir lugares \u00fanicos no mar de forma aut\u00eantica e atrav\u00e9s de um turismo respons\u00e1vel.<\/span><\/p>\n<p><img decoding=\"async\" class=\"aligncenter\" src=\"https:\/\/navegantesoceanicos.com\/wp-content\/uploads\/2025\/11\/Nomadas-del-Mar-scaled.jpg\" alt=\"\" width=\"620\" height=\"712\" \/><\/p>\n<h2 style=\"text-align: center;\"><span style=\"color: rgba(224, 43, 32, 0.94);\"><b>Ao comprar o veleiro, que condi\u00e7\u00f5es precisava de cumprir e que caracter\u00edsticas eram essenciais para si? Foi um processo demorado ou encontrou o barco rapidamente?<\/b><\/span><\/h2>\n<p style=\"text-align: center;\"><span style=\"color: #000000;\">Isso depende muito da pessoa e das suas circunst\u00e2ncias. Procur\u00e1vamos um barco robusto, pr\u00f3prio para o mar, f\u00e1cil de manobrar, dada a nossa pouca experi\u00eancia, com bom aproveitamento do espa\u00e7o e em boas condi\u00e7\u00f5es para que tamb\u00e9m o pud\u00e9ssemos alugar.<\/span><\/p>\n<p style=\"text-align: center;\"><span style=\"color: #000000;\">Tivemos a sorte de encontrar um muito rapidamente.<\/span><\/p>\n<h2><img decoding=\"async\" class=\"aligncenter\" src=\"https:\/\/navegantesoceanicos.com\/wp-content\/uploads\/2025\/11\/Celia-buceo-con-una-balllena.jpg\" alt=\"\" width=\"942\" height=\"470\" \/><\/h2>\n<h2 style=\"text-align: center;\"><strong><span style=\"color: rgba(224, 43, 32, 0.94);\"><\/span><\/strong><\/h2>\n<h2 style=\"text-align: center;\"><strong><span style=\"color: rgba(224, 43, 32, 0.94);\">Defende uma forma respons\u00e1vel de navegar com o m\u00ednimo impacto ambiental. <\/span><\/strong><\/h2>\n<h2 style=\"text-align: center;\"><strong><span style=\"color: rgba(224, 43, 32, 0.94);\">Como conseguiu isso?<\/span><\/strong><\/h2>\n<p style=\"text-align: center;\"><span style=\"color: #000000;\">Aproveitamos ao m\u00e1ximo a energia e\u00f3lica. Temos pain\u00e9is solares que nos fornecem energia sem a necessidade de um gerador, e um purificador de \u00e1gua de 12V que nos permite ser autossuficientes.<\/span><\/p>\n<p style=\"text-align: center;\"><span style=\"color: #000000;\">Prestamos muita aten\u00e7\u00e3o aos produtos que utilizamos e, sempre que existem op\u00e7\u00f5es mais ecol\u00f3gicas ou biodegrad\u00e1veis, optamos por elas. Temos tamb\u00e9m muita consci\u00eancia do lixo que geramos e tentamos minimizar o uso de pl\u00e1sticos.<\/span><\/p>\n<h2><img decoding=\"async\" class=\"aligncenter\" src=\"https:\/\/navegantesoceanicos.com\/wp-content\/uploads\/2025\/11\/A-bordo-scaled.jpg\" alt=\"\" width=\"823\" height=\"540\" \/><\/h2>\n<h2 style=\"text-align: center;\"><span style=\"color: rgba(224, 43, 32, 0.94);\"><b><\/b><\/span><\/h2>\n<h2 style=\"text-align: center;\"><span style=\"color: rgba(224, 43, 32, 0.94);\"><b>Como se viram em viagens longas, s\u00f3 os dois? <\/b><\/span><\/h2>\n<h2 style=\"text-align: center;\"><span style=\"color: rgba(224, 43, 32, 0.94);\"><b>Como equiparam o barco para se sentirem mais seguros?<\/b><\/span><\/h2>\n<p style=\"text-align: center;\"><span style=\"color: #000000;\">Organizamo-nos de acordo com o nosso n\u00edvel de cansa\u00e7o. O \u00c1lvaro \u00e9 mais diurno, pelo que geralmente faz os turnos da madrugada e do entardecer, enquanto a C\u00e9lia, mais noturna, fica com os turnos da noite.<\/span><\/p>\n<p style=\"text-align: center;\"><span style=\"color: #000000;\">Sempre que navegamos \u00e0 noite, usamos os nossos coletes salva-vidas e temos as nossas linhas de seguran\u00e7a prontas. Temos um AIS pessoal preso a cada colete salva-vidas, e o radar \u00e9 muito \u00fatil para detetar rajadas de vento ou nuvens. Tamb\u00e9m monitorizamos de perto a previs\u00e3o do tempo e navegamos sempre com uma previs\u00e3o atualizada. E, por precau\u00e7\u00e3o, temos um bom EPIRB e um salva-vidas.<\/span><\/p>\n<p><img decoding=\"async\" class=\"aligncenter\" src=\"https:\/\/navegantesoceanicos.com\/wp-content\/uploads\/2025\/11\/Navegando-en-el-rio-scaled.png\" alt=\"\" width=\"656\" height=\"614\" \/><\/p>\n<h2 style=\"text-align: center;\"><span style=\"color: rgba(224, 43, 32, 0.94);\"><b>Que viagens j\u00e1 fez? J\u00e1 passou por algum momento cr\u00edtico em que sentiu medo? <\/b><\/span><\/h2>\n<h2 style=\"text-align: center;\"><span style=\"color: rgba(224, 43, 32, 0.94);\"><b>E algum momento particularmente bom?<\/b><\/span><\/h2>\n<p style=\"text-align: center;\"><span style=\"color: #000000;\">Naveg\u00e1mos pelo Mediterr\u00e2neo, atravess\u00e1mos o Estreito de Gibraltar at\u00e9 \u00e0 Madeira e depois as Can\u00e1rias, descemos at\u00e9 Cabo Verde, atravess\u00e1mos o Atl\u00e2ntico, naveg\u00e1mos para norte atrav\u00e9s das Antilhas, atravess\u00e1mos o Mar das Cara\u00edbas, pass\u00e1mos duas temporadas no Panam\u00e1 e naveg\u00e1mos \u00e0 volta das suas centenas de ilhas.<\/span><\/p>\n<p style=\"text-align: center;\"><span style=\"color: #000000;\">No ano passado, atravess\u00e1mos o Canal do Panam\u00e1 e naveg\u00e1mos por toda a costa da Am\u00e9rica Central at\u00e9 chegarmos ao Golfo da Calif\u00f3rnia, no M\u00e9xico.<\/span><\/p>\n<p style=\"text-align: center;\"><span style=\"color: #000000;\">Nunca sentimos medo, porque em momentos de tens\u00e3o n\u00e3o h\u00e1 tempo para pensar, apenas para agir (felizmente). No entanto, j\u00e1 vivemos situa\u00e7\u00f5es intensas, como uma tempestade feroz entre Menorca e Ibiza, naturalmente, \u00e0 noite. Costumamos dizer que o barco \u00e9 o melhor local para testar a Lei de Murphy.<\/span><\/p>\n<p style=\"text-align: center;\"><span style=\"color: #000000;\">E os bons momentos\u2026 s\u00e3o in\u00fameros. Centenas de golfinhos a saltar em redor do veleiro, bioluminesc\u00eancia t\u00e3o intensa que iluminava os peixes sob o casco, ou acordar com o canto das baleias e v\u00ea-las respirar a poucos metros do barco s\u00e3o apenas algumas das experi\u00eancias de cortar a respira\u00e7\u00e3o.<\/span><\/p>\n<p><img decoding=\"async\" class=\"aligncenter\" src=\"https:\/\/navegantesoceanicos.com\/wp-content\/uploads\/2025\/11\/Celia-en-una-cueva-scaled.jpg\" alt=\"\" width=\"936\" height=\"568\" \/><\/p>\n<h2 style=\"text-align: center;\"><span style=\"color: rgba(0, 0, 0, 0.94);\"><span style=\"color: rgba(224, 43, 32, 0.94);\"><b>Na sua experi\u00eancia, o que deve sempre levar a bordo e o que nunca deve levar?<\/b><\/span><b><\/b><\/span><\/h2>\n<p style=\"text-align: center;\"><span style=\"color: rgba(0, 0, 0, 0.94);\"><strong><span style=\"color: rgba(8, 31, 163, 0.94);\">Sempre:<\/span><\/strong> Uma forma de consultar a previs\u00e3o do tempo.<\/span><\/p>\n<p style=\"text-align: center;\"><span style=\"color: rgba(0, 0, 0, 0.94);\"><strong><span style=\"color: rgba(6, 29, 160, 0.94);\">Nunca:<\/span><\/strong> armas de fogo.<\/span><\/p>\n<p><img decoding=\"async\" class=\"aligncenter\" src=\"https:\/\/navegantesoceanicos.com\/wp-content\/uploads\/2025\/11\/Celia-y-Alvaro-Nomadas-del-Mar-scaled.jpg\" alt=\"\" width=\"699\" height=\"664\" \/><\/p>\n<h2 style=\"text-align: center;\"><span style=\"color: rgba(224, 43, 32, 0.94);\"><b>Durante as temporadas que passam no porto, dedicam-se ao trabalho; entre outras coisas, oferecem \u00e0s pessoas a oportunidade de aprender sobre o mundo da vela. Que experi\u00eancias oferecem?<\/b><\/span><\/h2>\n<p style=\"text-align: center;\"><span style=\"color: #000000;\">N\u00e3o passamos longos per\u00edodos no porto; isto tamb\u00e9m nos permite reduzir custos significativamente. Dizem que um barco bem vivido \u00e9 um barco bem conservado.<\/span><\/p>\n<p style=\"text-align: center;\"><span style=\"color: #000000;\">Oferecemos \u00e0s pessoas a oportunidade de vivenciar a experi\u00eancia de velejar e explorar connosco diferentes partes do mundo, atrav\u00e9s de um turismo respons\u00e1vel, tanto no nosso veleiro como noutros veleiros em diversos destinos que j\u00e1 visit\u00e1mos.<\/span><\/p>\n<p><img decoding=\"async\" class=\"aligncenter\" src=\"https:\/\/navegantesoceanicos.com\/wp-content\/uploads\/2025\/11\/Bano-en-aguas-cristalinas.jpg\" alt=\"\" width=\"865\" height=\"555\" \/><\/p>\n<h2 style=\"text-align: center;\"><span style=\"color: rgba(224, 43, 32, 0.94);\"><b>Este estilo de vida obriga a esquecer as coisas materiais e a priorizar o que realmente precisa. O que te traz a n\u00edvel pessoal?<\/b><\/span><\/h2>\n<p style=\"text-align: center;\"><span style=\"color: rgba(0, 0, 0, 0.96);\">Est\u00e1 a ensinar-nos a valorizar as coisas simples e a viver mais o presente. A adaptarmo-nos \u00e0s circunst\u00e2ncias, a dependermos menos dos bens materiais e a apreciarmos a natureza. A vida no mar testa-nos, mas tamb\u00e9m nos proporciona uma sensa\u00e7\u00e3o de liberdade e plenitude dif\u00edcil de explicar.<\/span><\/p>\n<h2><img decoding=\"async\" class=\"aligncenter\" src=\"https:\/\/navegantesoceanicos.com\/wp-content\/uploads\/2025\/11\/Avaro-buceando.jpg\" alt=\"\" width=\"829\" height=\"485\" \/><\/h2>\n<h2 style=\"text-align: center;\"><span style=\"color: rgba(224, 43, 32, 0.94);\"><b><\/b><\/span><\/h2>\n<h2 style=\"text-align: center;\"><span style=\"color: rgba(224, 43, 32, 0.94);\"><b>Por fim, quais s\u00e3o as suas pr\u00f3ximas viagens?<br \/>Como imagina o seu futuro?<\/b><\/span><\/h2>\n<p style=\"text-align: center;\"><span style=\"color: #000000;\">Queremos continuar a explorar o Golfo da Calif\u00f3rnia no pr\u00f3ximo ano, e depois disso\u2026 veremos. Os planos existem para serem quebrados; estamos sempre a adaptar-nos.<\/span><\/p>\n<p style=\"text-align: center;\"><span style=\"color: #000000;\">O nosso pr\u00f3ximo grande sonho \u00e9 atravessar o Pac\u00edfico e explorar a Polin\u00e9sia Francesa.<\/span><\/p>\n<p><img decoding=\"async\" class=\"aligncenter\" src=\"https:\/\/navegantesoceanicos.com\/wp-content\/uploads\/2025\/11\/Alvaro-en-la-botavara.jpg\" alt=\"\" width=\"440\" height=\"587\" \/><\/p>\n<p>[\/et_pb_text][et_pb_divider divider_weight=&#8221;3px&#8221; _builder_version=&#8221;4.27.4&#8243; _module_preset=&#8221;default&#8221; custom_margin=&#8221;||17px|||&#8221; global_colors_info=&#8221;{}&#8221;][\/et_pb_divider][et_pb_text _builder_version=&#8221;4.27.4&#8243; _module_preset=&#8221;default&#8221; global_colors_info=&#8221;{}&#8221;]<\/p>\n<p style=\"text-align: center;\"><strong><span style=\"color: #09249b;\">Pode acompanhar a N\u00f3madas del Mar nas redes sociais.:<\/span><\/strong><\/p>\n<p style=\"text-align: center;\"><span style=\"color: #e02b20;\"><strong><a style=\"color: #e02b20;\" href=\"https:\/\/www.youtube.com\/@NomadasdelMar\">https:\/\/www.youtube.com\/@NomadasdelMar<\/a><\/strong><\/span><\/p>\n<p style=\"text-align: center;\"><span style=\"color: #e02b20;\"><strong><a style=\"color: #e02b20;\" href=\"https:\/\/www.instagram.com\/nomadasdelmar\/\">https:\/\/www.instagram.com\/nomadasdelmar\/<\/a><\/strong><\/span>\u00a0<\/p>\n<div>\u00a0<\/div>\n<p>[\/et_pb_text][et_pb_divider divider_weight=&#8221;3px&#8221; _builder_version=&#8221;4.27.4&#8243; _module_preset=&#8221;default&#8221; custom_margin=&#8221;||13px|||&#8221; global_colors_info=&#8221;{}&#8221;][\/et_pb_divider][et_pb_text _builder_version=&#8221;4.27.4&#8243; _module_preset=&#8221;default&#8221; global_colors_info=&#8221;{}&#8221;]<\/p>\n<p style=\"text-align: center;\"><span style=\"color: #000000;\">N\u00f3s, na &#8220;Navegantes Oce\u00e1nicos&#8221; N\u00f3s, agradecemos \u00e0 Celia e ao \u00c1lvaro a colabora\u00e7\u00e3o nesta interessante entrevista, que servir\u00e1 certamente de exemplo para muitos, e desejamos-lhes bons ventos nas suas pr\u00f3ximas viagens e muita sorte no seu projeto &#8220;N\u00f3madas do Mar&#8221;.<\/span><\/p>\n<p>[\/et_pb_text][et_pb_divider divider_weight=&#8221;3px&#8221; _builder_version=&#8221;4.27.4&#8243; _module_preset=&#8221;default&#8221; custom_margin=&#8221;||-2px|||&#8221; global_colors_info=&#8221;{}&#8221;][\/et_pb_divider][et_pb_image src=&#8221;https:\/\/navegantesoceanicos.com\/wp-content\/uploads\/2022\/09\/proteccion-web-con-ISSN.jpg&#8221; title_text=&#8221;protecci\u00f3n web con ISSN&#8221; _builder_version=&#8221;4.27.4&#8243; _module_preset=&#8221;default&#8221; global_colors_info=&#8221;{}&#8221;][\/et_pb_image][\/et_pb_column][\/et_pb_row][\/et_pb_section]<\/p>\n","protected":false},"excerpt":{"rendered":"<p>\u00c1lvaro e Celia s\u00e3o os protagonistas deste projeto, que assenta num estilo de vida simples e respons\u00e1vel a bordo de um veleiro, usufruindo da natureza e da liberdade que adv\u00e9m de viver sem amarras, viajando e explorando o mundo. Contam-nos tudo nesta interessante entrevista.<\/p>\n","protected":false},"author":652,"featured_media":43740,"comment_status":"open","ping_status":"open","sticky":false,"template":"","format":"standard","meta":{"_et_pb_use_builder":"on","_et_pb_old_content":"","_et_gb_content_width":"","footnotes":"","_wp_rev_ctl_limit":""},"categories":[208],"tags":[],"class_list":["post-43795","post","type-post","status-publish","format-standard","has-post-thumbnail","hentry","category-entrevistas-com-os-navegantes","et-has-post-format-content","et_post_format-et-post-format-standard"],"yoast_head":"<!-- This site is optimized with the Yoast SEO plugin v27.5 - https:\/\/yoast.com\/product\/yoast-seo-wordpress\/ -->\n<title>N\u00f3madas do Mar - Navegantes Oce\u00e1nicos<\/title>\n<meta name=\"description\" content=\"Navegantes oce\u00e1nicos, web con contenidos para apasionados por la mar, tripulantes, regatistas, patrones o armadores.\" \/>\n<meta name=\"robots\" content=\"index, follow, max-snippet:-1, max-image-preview:large, max-video-preview:-1\" \/>\n<link rel=\"canonical\" href=\"https:\/\/navegantesoceanicos.com\/pt-pt\/nomadas-do-mar\/\" \/>\n<meta property=\"og:locale\" content=\"pt_PT\" \/>\n<meta property=\"og:type\" content=\"article\" \/>\n<meta property=\"og:title\" content=\"N\u00f3madas do Mar - Navegantes Oce\u00e1nicos\" \/>\n<meta property=\"og:description\" content=\"Navegantes oce\u00e1nicos, web con contenidos para apasionados por la mar, tripulantes, regatistas, patrones o armadores.\" \/>\n<meta property=\"og:url\" content=\"https:\/\/navegantesoceanicos.com\/pt-pt\/nomadas-do-mar\/\" \/>\n<meta property=\"og:site_name\" content=\"Navegantes Oce\u00e1nicos\" \/>\n<meta property=\"article:publisher\" content=\"https:\/\/www.facebook.com\/Navegantes-Oce%c3%a1nicos-112578593494698\" \/>\n<meta property=\"article:published_time\" content=\"2025-11-10T09:18:06+00:00\" \/>\n<meta property=\"article:modified_time\" content=\"2025-11-10T09:34:48+00:00\" \/>\n<meta property=\"og:image\" content=\"https:\/\/navegantesoceanicos.com\/wp-content\/uploads\/2025\/11\/Nomadas-del-mar.-Vista-desde-drone-scaled.jpg\" \/>\n\t<meta property=\"og:image:width\" content=\"2560\" \/>\n\t<meta property=\"og:image:height\" content=\"1438\" \/>\n\t<meta property=\"og:image:type\" content=\"image\/jpeg\" \/>\n<meta name=\"author\" content=\"Elena De Olives\" \/>\n<meta name=\"twitter:label1\" content=\"Escrito por\" \/>\n\t<meta name=\"twitter:data1\" content=\"Elena De Olives\" \/>\n\t<meta name=\"twitter:label2\" content=\"Tempo estimado de leitura\" \/>\n\t<meta name=\"twitter:data2\" content=\"8 minutos\" \/>\n<script type=\"application\/ld+json\" class=\"yoast-schema-graph\">{\"@context\":\"https:\\\/\\\/schema.org\",\"@graph\":[{\"@type\":\"Article\",\"@id\":\"https:\\\/\\\/navegantesoceanicos.com\\\/pt-pt\\\/nomadas-do-mar\\\/#article\",\"isPartOf\":{\"@id\":\"https:\\\/\\\/navegantesoceanicos.com\\\/pt-pt\\\/nomadas-do-mar\\\/\"},\"author\":{\"name\":\"Elena De Olives\",\"@id\":\"https:\\\/\\\/navegantesoceanicos.com\\\/pt-pt\\\/#\\\/schema\\\/person\\\/206a86eca785689f04044d9ca8053bd8\"},\"headline\":\"N\u00f3madas do Mar\",\"datePublished\":\"2025-11-10T09:18:06+00:00\",\"dateModified\":\"2025-11-10T09:34:48+00:00\",\"mainEntityOfPage\":{\"@id\":\"https:\\\/\\\/navegantesoceanicos.com\\\/pt-pt\\\/nomadas-do-mar\\\/\"},\"wordCount\":1471,\"commentCount\":1,\"publisher\":{\"@id\":\"https:\\\/\\\/navegantesoceanicos.com\\\/pt-pt\\\/#organization\"},\"image\":{\"@id\":\"https:\\\/\\\/navegantesoceanicos.com\\\/pt-pt\\\/nomadas-do-mar\\\/#primaryimage\"},\"thumbnailUrl\":\"https:\\\/\\\/navegantesoceanicos.com\\\/wp-content\\\/uploads\\\/2025\\\/11\\\/Nomadas-del-mar.-Vista-desde-drone-scaled.jpg\",\"articleSection\":[\"entrevistas com os navegantes\"],\"inLanguage\":\"pt-PT\",\"potentialAction\":[{\"@type\":\"CommentAction\",\"name\":\"Comment\",\"target\":[\"https:\\\/\\\/navegantesoceanicos.com\\\/pt-pt\\\/nomadas-do-mar\\\/#respond\"]}]},{\"@type\":\"WebPage\",\"@id\":\"https:\\\/\\\/navegantesoceanicos.com\\\/pt-pt\\\/nomadas-do-mar\\\/\",\"url\":\"https:\\\/\\\/navegantesoceanicos.com\\\/pt-pt\\\/nomadas-do-mar\\\/\",\"name\":\"N\u00f3madas do Mar - Navegantes Oce\u00e1nicos\",\"isPartOf\":{\"@id\":\"https:\\\/\\\/navegantesoceanicos.com\\\/pt-pt\\\/#website\"},\"primaryImageOfPage\":{\"@id\":\"https:\\\/\\\/navegantesoceanicos.com\\\/pt-pt\\\/nomadas-do-mar\\\/#primaryimage\"},\"image\":{\"@id\":\"https:\\\/\\\/navegantesoceanicos.com\\\/pt-pt\\\/nomadas-do-mar\\\/#primaryimage\"},\"thumbnailUrl\":\"https:\\\/\\\/navegantesoceanicos.com\\\/wp-content\\\/uploads\\\/2025\\\/11\\\/Nomadas-del-mar.-Vista-desde-drone-scaled.jpg\",\"datePublished\":\"2025-11-10T09:18:06+00:00\",\"dateModified\":\"2025-11-10T09:34:48+00:00\",\"description\":\"Navegantes oce\u00e1nicos, web con contenidos para apasionados por la mar, tripulantes, regatistas, patrones o armadores.\",\"breadcrumb\":{\"@id\":\"https:\\\/\\\/navegantesoceanicos.com\\\/pt-pt\\\/nomadas-do-mar\\\/#breadcrumb\"},\"inLanguage\":\"pt-PT\",\"potentialAction\":[{\"@type\":\"ReadAction\",\"target\":[\"https:\\\/\\\/navegantesoceanicos.com\\\/pt-pt\\\/nomadas-do-mar\\\/\"]}]},{\"@type\":\"ImageObject\",\"inLanguage\":\"pt-PT\",\"@id\":\"https:\\\/\\\/navegantesoceanicos.com\\\/pt-pt\\\/nomadas-do-mar\\\/#primaryimage\",\"url\":\"https:\\\/\\\/navegantesoceanicos.com\\\/wp-content\\\/uploads\\\/2025\\\/11\\\/Nomadas-del-mar.-Vista-desde-drone-scaled.jpg\",\"contentUrl\":\"https:\\\/\\\/navegantesoceanicos.com\\\/wp-content\\\/uploads\\\/2025\\\/11\\\/Nomadas-del-mar.-Vista-desde-drone-scaled.jpg\",\"width\":2560,\"height\":1438},{\"@type\":\"BreadcrumbList\",\"@id\":\"https:\\\/\\\/navegantesoceanicos.com\\\/pt-pt\\\/nomadas-do-mar\\\/#breadcrumb\",\"itemListElement\":[{\"@type\":\"ListItem\",\"position\":1,\"name\":\"Portada\",\"item\":\"https:\\\/\\\/navegantesoceanicos.com\\\/pt-pt\\\/\"},{\"@type\":\"ListItem\",\"position\":2,\"name\":\"N\u00f3madas do Mar\"}]},{\"@type\":\"WebSite\",\"@id\":\"https:\\\/\\\/navegantesoceanicos.com\\\/pt-pt\\\/#website\",\"url\":\"https:\\\/\\\/navegantesoceanicos.com\\\/pt-pt\\\/\",\"name\":\"Navegantes Oce\u00e1nicos\",\"description\":\"Navegantes oce\u00e1nicos, te ayudamos a navegar, para navegantes, tripulantes, regatistas y armadores, escuela n\u00e1utica, libros on-line sobre t\u00e1cticas y equipamiento para la navegaci\u00f3n a vela, fondear, atracar, el manejo de las velas, electricidad a bordo, navegaci\u00f3n con mal tiempo, rutas oce\u00e1nicas y mucho m\u00e1s\",\"publisher\":{\"@id\":\"https:\\\/\\\/navegantesoceanicos.com\\\/pt-pt\\\/#organization\"},\"potentialAction\":[{\"@type\":\"SearchAction\",\"target\":{\"@type\":\"EntryPoint\",\"urlTemplate\":\"https:\\\/\\\/navegantesoceanicos.com\\\/pt-pt\\\/?s={search_term_string}\"},\"query-input\":{\"@type\":\"PropertyValueSpecification\",\"valueRequired\":true,\"valueName\":\"search_term_string\"}}],\"inLanguage\":\"pt-PT\"},{\"@type\":\"Organization\",\"@id\":\"https:\\\/\\\/navegantesoceanicos.com\\\/pt-pt\\\/#organization\",\"name\":\"Navegantes Oce\u00e1nicos\",\"url\":\"https:\\\/\\\/navegantesoceanicos.com\\\/pt-pt\\\/\",\"logo\":{\"@type\":\"ImageObject\",\"inLanguage\":\"pt-PT\",\"@id\":\"https:\\\/\\\/navegantesoceanicos.com\\\/pt-pt\\\/#\\\/schema\\\/logo\\\/image\\\/\",\"url\":\"https:\\\/\\\/navegantesoceanicos.com\\\/wp-content\\\/uploads\\\/2019\\\/12\\\/LOGO-NAVEGANTES-OCEANICOS.png\",\"contentUrl\":\"https:\\\/\\\/navegantesoceanicos.com\\\/wp-content\\\/uploads\\\/2019\\\/12\\\/LOGO-NAVEGANTES-OCEANICOS.png\",\"width\":1010,\"height\":814,\"caption\":\"Navegantes Oce\u00e1nicos\"},\"image\":{\"@id\":\"https:\\\/\\\/navegantesoceanicos.com\\\/pt-pt\\\/#\\\/schema\\\/logo\\\/image\\\/\"},\"sameAs\":[\"https:\\\/\\\/www.facebook.com\\\/Navegantes-Oce\u00e1nicos-112578593494698\",\"https:\\\/\\\/www.instagram.com\\\/navegantes_oceanicos\\\/?hl=es\",\"https:\\\/\\\/www.youtube.com\\\/channel\\\/UCXgDL_6xqE7rpdwNXRmzF_Q\\\/featured\"]},{\"@type\":\"Person\",\"@id\":\"https:\\\/\\\/navegantesoceanicos.com\\\/pt-pt\\\/#\\\/schema\\\/person\\\/206a86eca785689f04044d9ca8053bd8\",\"name\":\"Elena De Olives\",\"image\":{\"@type\":\"ImageObject\",\"inLanguage\":\"pt-PT\",\"@id\":\"https:\\\/\\\/secure.gravatar.com\\\/avatar\\\/7e5a3a7b70cde7755f5e5d65bb47953f8c999c3ad09ab31895aabff8cb135c6b?s=96&d=mm&r=g\",\"url\":\"https:\\\/\\\/secure.gravatar.com\\\/avatar\\\/7e5a3a7b70cde7755f5e5d65bb47953f8c999c3ad09ab31895aabff8cb135c6b?s=96&d=mm&r=g\",\"contentUrl\":\"https:\\\/\\\/secure.gravatar.com\\\/avatar\\\/7e5a3a7b70cde7755f5e5d65bb47953f8c999c3ad09ab31895aabff8cb135c6b?s=96&d=mm&r=g\",\"caption\":\"Elena De Olives\"},\"url\":\"https:\\\/\\\/navegantesoceanicos.com\\\/pt-pt\\\/author\\\/elenao\\\/\"}]}<\/script>\n<!-- \/ Yoast SEO plugin. -->","yoast_head_json":{"title":"N\u00f3madas do Mar - Navegantes Oce\u00e1nicos","description":"Navegantes oce\u00e1nicos, web con contenidos para apasionados por la mar, tripulantes, regatistas, patrones o armadores.","robots":{"index":"index","follow":"follow","max-snippet":"max-snippet:-1","max-image-preview":"max-image-preview:large","max-video-preview":"max-video-preview:-1"},"canonical":"https:\/\/navegantesoceanicos.com\/pt-pt\/nomadas-do-mar\/","og_locale":"pt_PT","og_type":"article","og_title":"N\u00f3madas do Mar - Navegantes Oce\u00e1nicos","og_description":"Navegantes oce\u00e1nicos, web con contenidos para apasionados por la mar, tripulantes, regatistas, patrones o armadores.","og_url":"https:\/\/navegantesoceanicos.com\/pt-pt\/nomadas-do-mar\/","og_site_name":"Navegantes Oce\u00e1nicos","article_publisher":"https:\/\/www.facebook.com\/Navegantes-Oce%c3%a1nicos-112578593494698","article_published_time":"2025-11-10T09:18:06+00:00","article_modified_time":"2025-11-10T09:34:48+00:00","og_image":[{"width":2560,"height":1438,"url":"https:\/\/navegantesoceanicos.com\/wp-content\/uploads\/2025\/11\/Nomadas-del-mar.-Vista-desde-drone-scaled.jpg","type":"image\/jpeg"}],"author":"Elena De Olives","twitter_misc":{"Escrito por":"Elena De Olives","Tempo estimado de leitura":"8 minutos"},"schema":{"@context":"https:\/\/schema.org","@graph":[{"@type":"Article","@id":"https:\/\/navegantesoceanicos.com\/pt-pt\/nomadas-do-mar\/#article","isPartOf":{"@id":"https:\/\/navegantesoceanicos.com\/pt-pt\/nomadas-do-mar\/"},"author":{"name":"Elena De Olives","@id":"https:\/\/navegantesoceanicos.com\/pt-pt\/#\/schema\/person\/206a86eca785689f04044d9ca8053bd8"},"headline":"N\u00f3madas do Mar","datePublished":"2025-11-10T09:18:06+00:00","dateModified":"2025-11-10T09:34:48+00:00","mainEntityOfPage":{"@id":"https:\/\/navegantesoceanicos.com\/pt-pt\/nomadas-do-mar\/"},"wordCount":1471,"commentCount":1,"publisher":{"@id":"https:\/\/navegantesoceanicos.com\/pt-pt\/#organization"},"image":{"@id":"https:\/\/navegantesoceanicos.com\/pt-pt\/nomadas-do-mar\/#primaryimage"},"thumbnailUrl":"https:\/\/navegantesoceanicos.com\/wp-content\/uploads\/2025\/11\/Nomadas-del-mar.-Vista-desde-drone-scaled.jpg","articleSection":["entrevistas com os navegantes"],"inLanguage":"pt-PT","potentialAction":[{"@type":"CommentAction","name":"Comment","target":["https:\/\/navegantesoceanicos.com\/pt-pt\/nomadas-do-mar\/#respond"]}]},{"@type":"WebPage","@id":"https:\/\/navegantesoceanicos.com\/pt-pt\/nomadas-do-mar\/","url":"https:\/\/navegantesoceanicos.com\/pt-pt\/nomadas-do-mar\/","name":"N\u00f3madas do Mar - Navegantes Oce\u00e1nicos","isPartOf":{"@id":"https:\/\/navegantesoceanicos.com\/pt-pt\/#website"},"primaryImageOfPage":{"@id":"https:\/\/navegantesoceanicos.com\/pt-pt\/nomadas-do-mar\/#primaryimage"},"image":{"@id":"https:\/\/navegantesoceanicos.com\/pt-pt\/nomadas-do-mar\/#primaryimage"},"thumbnailUrl":"https:\/\/navegantesoceanicos.com\/wp-content\/uploads\/2025\/11\/Nomadas-del-mar.-Vista-desde-drone-scaled.jpg","datePublished":"2025-11-10T09:18:06+00:00","dateModified":"2025-11-10T09:34:48+00:00","description":"Navegantes oce\u00e1nicos, web con contenidos para apasionados por la mar, tripulantes, regatistas, patrones o armadores.","breadcrumb":{"@id":"https:\/\/navegantesoceanicos.com\/pt-pt\/nomadas-do-mar\/#breadcrumb"},"inLanguage":"pt-PT","potentialAction":[{"@type":"ReadAction","target":["https:\/\/navegantesoceanicos.com\/pt-pt\/nomadas-do-mar\/"]}]},{"@type":"ImageObject","inLanguage":"pt-PT","@id":"https:\/\/navegantesoceanicos.com\/pt-pt\/nomadas-do-mar\/#primaryimage","url":"https:\/\/navegantesoceanicos.com\/wp-content\/uploads\/2025\/11\/Nomadas-del-mar.-Vista-desde-drone-scaled.jpg","contentUrl":"https:\/\/navegantesoceanicos.com\/wp-content\/uploads\/2025\/11\/Nomadas-del-mar.-Vista-desde-drone-scaled.jpg","width":2560,"height":1438},{"@type":"BreadcrumbList","@id":"https:\/\/navegantesoceanicos.com\/pt-pt\/nomadas-do-mar\/#breadcrumb","itemListElement":[{"@type":"ListItem","position":1,"name":"Portada","item":"https:\/\/navegantesoceanicos.com\/pt-pt\/"},{"@type":"ListItem","position":2,"name":"N\u00f3madas do Mar"}]},{"@type":"WebSite","@id":"https:\/\/navegantesoceanicos.com\/pt-pt\/#website","url":"https:\/\/navegantesoceanicos.com\/pt-pt\/","name":"Navegantes Oce\u00e1nicos","description":"Navegantes oce\u00e1nicos, te ayudamos a navegar, para navegantes, tripulantes, regatistas y armadores, escuela n\u00e1utica, libros on-line sobre t\u00e1cticas y equipamiento para la navegaci\u00f3n a vela, fondear, atracar, el manejo de las velas, electricidad a bordo, navegaci\u00f3n con mal tiempo, rutas oce\u00e1nicas y mucho m\u00e1s","publisher":{"@id":"https:\/\/navegantesoceanicos.com\/pt-pt\/#organization"},"potentialAction":[{"@type":"SearchAction","target":{"@type":"EntryPoint","urlTemplate":"https:\/\/navegantesoceanicos.com\/pt-pt\/?s={search_term_string}"},"query-input":{"@type":"PropertyValueSpecification","valueRequired":true,"valueName":"search_term_string"}}],"inLanguage":"pt-PT"},{"@type":"Organization","@id":"https:\/\/navegantesoceanicos.com\/pt-pt\/#organization","name":"Navegantes Oce\u00e1nicos","url":"https:\/\/navegantesoceanicos.com\/pt-pt\/","logo":{"@type":"ImageObject","inLanguage":"pt-PT","@id":"https:\/\/navegantesoceanicos.com\/pt-pt\/#\/schema\/logo\/image\/","url":"https:\/\/navegantesoceanicos.com\/wp-content\/uploads\/2019\/12\/LOGO-NAVEGANTES-OCEANICOS.png","contentUrl":"https:\/\/navegantesoceanicos.com\/wp-content\/uploads\/2019\/12\/LOGO-NAVEGANTES-OCEANICOS.png","width":1010,"height":814,"caption":"Navegantes Oce\u00e1nicos"},"image":{"@id":"https:\/\/navegantesoceanicos.com\/pt-pt\/#\/schema\/logo\/image\/"},"sameAs":["https:\/\/www.facebook.com\/Navegantes-Oce\u00e1nicos-112578593494698","https:\/\/www.instagram.com\/navegantes_oceanicos\/?hl=es","https:\/\/www.youtube.com\/channel\/UCXgDL_6xqE7rpdwNXRmzF_Q\/featured"]},{"@type":"Person","@id":"https:\/\/navegantesoceanicos.com\/pt-pt\/#\/schema\/person\/206a86eca785689f04044d9ca8053bd8","name":"Elena De Olives","image":{"@type":"ImageObject","inLanguage":"pt-PT","@id":"https:\/\/secure.gravatar.com\/avatar\/7e5a3a7b70cde7755f5e5d65bb47953f8c999c3ad09ab31895aabff8cb135c6b?s=96&d=mm&r=g","url":"https:\/\/secure.gravatar.com\/avatar\/7e5a3a7b70cde7755f5e5d65bb47953f8c999c3ad09ab31895aabff8cb135c6b?s=96&d=mm&r=g","contentUrl":"https:\/\/secure.gravatar.com\/avatar\/7e5a3a7b70cde7755f5e5d65bb47953f8c999c3ad09ab31895aabff8cb135c6b?s=96&d=mm&r=g","caption":"Elena De Olives"},"url":"https:\/\/navegantesoceanicos.com\/pt-pt\/author\/elenao\/"}]}},"rttpg_featured_image_url":{"full":["https:\/\/navegantesoceanicos.com\/wp-content\/uploads\/2025\/11\/Nomadas-del-mar.-Vista-desde-drone-scaled.jpg",2560,1438,false],"landscape":["https:\/\/navegantesoceanicos.com\/wp-content\/uploads\/2025\/11\/Nomadas-del-mar.-Vista-desde-drone-scaled.jpg",2560,1438,false],"portraits":["https:\/\/navegantesoceanicos.com\/wp-content\/uploads\/2025\/11\/Nomadas-del-mar.-Vista-desde-drone-scaled.jpg",2560,1438,false],"thumbnail":["https:\/\/navegantesoceanicos.com\/wp-content\/uploads\/2025\/11\/Nomadas-del-mar.-Vista-desde-drone-150x150.jpg",150,150,true],"medium":["https:\/\/navegantesoceanicos.com\/wp-content\/uploads\/2025\/11\/Nomadas-del-mar.-Vista-desde-drone-300x169.jpg",300,169,true],"large":["https:\/\/navegantesoceanicos.com\/wp-content\/uploads\/2025\/11\/Nomadas-del-mar.-Vista-desde-drone-1024x575.jpg",1024,575,true],"1536x1536":["https:\/\/navegantesoceanicos.com\/wp-content\/uploads\/2025\/11\/Nomadas-del-mar.-Vista-desde-drone-1536x863.jpg",1536,863,true],"2048x2048":["https:\/\/navegantesoceanicos.com\/wp-content\/uploads\/2025\/11\/Nomadas-del-mar.-Vista-desde-drone-2048x1151.jpg",2048,1151,true],"smart-post-landscape":["https:\/\/navegantesoceanicos.com\/wp-content\/uploads\/2025\/11\/Nomadas-del-mar.-Vista-desde-drone-scaled.jpg",870,489,false],"smart-post-portrait":["https:\/\/navegantesoceanicos.com\/wp-content\/uploads\/2025\/11\/Nomadas-del-mar.-Vista-desde-drone-scaled.jpg",600,337,false],"et-builder-post-main-image":["https:\/\/navegantesoceanicos.com\/wp-content\/uploads\/2025\/11\/Nomadas-del-mar.-Vista-desde-drone-400x250.jpg",400,250,true],"et-builder-post-main-image-fullwidth":["https:\/\/navegantesoceanicos.com\/wp-content\/uploads\/2025\/11\/Nomadas-del-mar.-Vista-desde-drone-1080x675.jpg",1080,675,true],"et-builder-portfolio-image":["https:\/\/navegantesoceanicos.com\/wp-content\/uploads\/2025\/11\/Nomadas-del-mar.-Vista-desde-drone-400x284.jpg",400,284,true],"et-builder-portfolio-image-single":["https:\/\/navegantesoceanicos.com\/wp-content\/uploads\/2025\/11\/Nomadas-del-mar.-Vista-desde-drone-1080x607.jpg",1080,607,true],"et-builder-gallery-image-portrait":["https:\/\/navegantesoceanicos.com\/wp-content\/uploads\/2025\/11\/Nomadas-del-mar.-Vista-desde-drone-400x516.jpg",400,516,true],"extra-image-huge":["https:\/\/navegantesoceanicos.com\/wp-content\/uploads\/2025\/11\/Nomadas-del-mar.-Vista-desde-drone-1280x768.jpg",1280,768,true],"extra-image-single-post":["https:\/\/navegantesoceanicos.com\/wp-content\/uploads\/2025\/11\/Nomadas-del-mar.-Vista-desde-drone-1280x640.jpg",1280,640,true],"extra-image-medium":["https:\/\/navegantesoceanicos.com\/wp-content\/uploads\/2025\/11\/Nomadas-del-mar.-Vista-desde-drone-627x376.jpg",627,376,true],"extra-image-small":["https:\/\/navegantesoceanicos.com\/wp-content\/uploads\/2025\/11\/Nomadas-del-mar.-Vista-desde-drone-440x264.jpg",440,264,true],"extra-image-square-medium":["https:\/\/navegantesoceanicos.com\/wp-content\/uploads\/2025\/11\/Nomadas-del-mar.-Vista-desde-drone-440x440.jpg",440,440,true],"extra-image-square-small":["https:\/\/navegantesoceanicos.com\/wp-content\/uploads\/2025\/11\/Nomadas-del-mar.-Vista-desde-drone-150x150.jpg",150,150,true],"woocommerce_thumbnail":["https:\/\/navegantesoceanicos.com\/wp-content\/uploads\/2025\/11\/Nomadas-del-mar.-Vista-desde-drone-300x169.jpg",300,169,true],"woocommerce_single":["https:\/\/navegantesoceanicos.com\/wp-content\/uploads\/2025\/11\/Nomadas-del-mar.-Vista-desde-drone-600x337.jpg",600,337,true],"woocommerce_gallery_thumbnail":["https:\/\/navegantesoceanicos.com\/wp-content\/uploads\/2025\/11\/Nomadas-del-mar.-Vista-desde-drone-100x100.jpg",100,100,true],"dgwt-wcas-product-suggestion":["https:\/\/navegantesoceanicos.com\/wp-content\/uploads\/2025\/11\/Nomadas-del-mar.-Vista-desde-drone-64x36.jpg",64,36,true]},"rttpg_author":{"display_name":"Elena De Olives","author_link":"https:\/\/navegantesoceanicos.com\/pt-pt\/author\/elenao\/"},"rttpg_comment":0,"rttpg_category":"<a href=\"https:\/\/navegantesoceanicos.com\/pt-pt\/category\/entrevistas-com-os-navegantes\/\" rel=\"category tag\">entrevistas com os navegantes<\/a>","rttpg_excerpt":"\u00c1lvaro e Celia s\u00e3o os protagonistas deste projeto, que assenta num estilo de vida simples e respons\u00e1vel a bordo de um veleiro, usufruindo da natureza e da liberdade que adv\u00e9m de viver sem amarras, viajando e explorando o mundo. Contam-nos tudo nesta interessante entrevista.","_links":{"self":[{"href":"https:\/\/navegantesoceanicos.com\/pt-pt\/wp-json\/wp\/v2\/posts\/43795","targetHints":{"allow":["GET"]}}],"collection":[{"href":"https:\/\/navegantesoceanicos.com\/pt-pt\/wp-json\/wp\/v2\/posts"}],"about":[{"href":"https:\/\/navegantesoceanicos.com\/pt-pt\/wp-json\/wp\/v2\/types\/post"}],"author":[{"embeddable":true,"href":"https:\/\/navegantesoceanicos.com\/pt-pt\/wp-json\/wp\/v2\/users\/652"}],"replies":[{"embeddable":true,"href":"https:\/\/navegantesoceanicos.com\/pt-pt\/wp-json\/wp\/v2\/comments?post=43795"}],"version-history":[{"count":0,"href":"https:\/\/navegantesoceanicos.com\/pt-pt\/wp-json\/wp\/v2\/posts\/43795\/revisions"}],"wp:featuredmedia":[{"embeddable":true,"href":"https:\/\/navegantesoceanicos.com\/pt-pt\/wp-json\/wp\/v2\/media\/43740"}],"wp:attachment":[{"href":"https:\/\/navegantesoceanicos.com\/pt-pt\/wp-json\/wp\/v2\/media?parent=43795"}],"wp:term":[{"taxonomy":"category","embeddable":true,"href":"https:\/\/navegantesoceanicos.com\/pt-pt\/wp-json\/wp\/v2\/categories?post=43795"},{"taxonomy":"post_tag","embeddable":true,"href":"https:\/\/navegantesoceanicos.com\/pt-pt\/wp-json\/wp\/v2\/tags?post=43795"}],"curies":[{"name":"wp","href":"https:\/\/api.w.org\/{rel}","templated":true}]}}