{"id":44224,"date":"2025-11-22T19:16:27","date_gmt":"2025-11-22T19:16:27","guid":{"rendered":"https:\/\/navegantesoceanicos.com\/la-vuelta-vertical-navega-ya-por-el-atlantico-rumbo-a-la-antartida\/"},"modified":"2025-12-03T11:24:37","modified_gmt":"2025-12-03T11:24:37","slug":"la-vuelta-vertical-navega-pelo-atlantico-em-direcao-a-antartida","status":"publish","type":"post","link":"https:\/\/navegantesoceanicos.com\/pt-pt\/la-vuelta-vertical-navega-pelo-atlantico-em-direcao-a-antartida\/","title":{"rendered":"La Vuelta Vertical navega pelo Atl\u00e2ntico em dire\u00e7\u00e3o \u00e0 Ant\u00e1rtida"},"content":{"rendered":"<p>[et_pb_section fb_built=&#8221;1&#8243; admin_label=&#8221;section&#8221; _builder_version=&#8221;4.16&#8243; custom_padding=&#8221;||12px|||&#8221; global_colors_info=&#8221;{}&#8221;][et_pb_row admin_label=&#8221;row&#8221; _builder_version=&#8221;4.16&#8243; background_size=&#8221;initial&#8221; background_position=&#8221;top_left&#8221; background_repeat=&#8221;repeat&#8221; custom_padding=&#8221;13px|||||&#8221; global_colors_info=&#8221;{}&#8221;][et_pb_column type=&#8221;4_4&#8243; _builder_version=&#8221;4.16&#8243; custom_padding=&#8221;|||&#8221; global_colors_info=&#8221;{}&#8221; custom_padding__hover=&#8221;|||&#8221;][et_pb_post_title author=&#8221;off&#8221; featured_image=&#8221;off&#8221; _builder_version=&#8221;4.27.4&#8243; _module_preset=&#8221;default&#8221; text_orientation=&#8221;center&#8221; global_colors_info=&#8221;{}&#8221;][\/et_pb_post_title][\/et_pb_column][\/et_pb_row][et_pb_row _builder_version=&#8221;4.27.4&#8243; _module_preset=&#8221;default&#8221; custom_padding=&#8221;0px|||||&#8221; global_colors_info=&#8221;{}&#8221;][et_pb_column type=&#8221;4_4&#8243; _builder_version=&#8221;4.27.4&#8243; _module_preset=&#8221;default&#8221; global_colors_info=&#8221;{}&#8221;][et_pb_image src=&#8221;https:\/\/navegantesoceanicos.com\/wp-content\/uploads\/2025\/11\/Salida-Alegria-Marineros-Vuelta-Vertical.jpg&#8221; _builder_version=&#8221;4.27.4&#8243; _module_preset=&#8221;default&#8221; global_colors_info=&#8221;{}&#8221;][\/et_pb_image][\/et_pb_column][\/et_pb_row][et_pb_row _builder_version=&#8221;4.27.4&#8243; _module_preset=&#8221;default&#8221; custom_padding=&#8221;17px||13px|||&#8221; global_colors_info=&#8221;{}&#8221;][et_pb_column type=&#8221;4_4&#8243; _builder_version=&#8221;4.27.4&#8243; _module_preset=&#8221;default&#8221; global_colors_info=&#8221;{}&#8221;][et_pb_text admin_label=&#8221;Texto intro&#8221; _builder_version=&#8221;4.27.4&#8243; _module_preset=&#8221;default&#8221; custom_margin=&#8221;||25px|||&#8221; global_colors_info=&#8221;{}&#8221;]<\/p>\n<ul>\n<li><span style=\"color: #000000;\"><strong>A meteorologia advers\u00e1ria foi a grande protagonista dos dias iniciais desta aventura, que decorreu no s\u00e1bado, dia 15 de novembro, no porto de Castell\u00f3n<\/strong><\/span><\/li>\n<li><span style=\"color: #000000;\"><strong>Paula Gonzalvo: \u201cApesar das dificuldades, estas primeiras jornadas s\u00e3o servidas para recarregar for\u00e7as ap\u00f3s a intensidade dos preparativos\u201d<\/strong><\/span><\/li>\n<\/ul>\n<p>[\/et_pb_text][et_pb_divider divider_weight=&#8221;3px&#8221; _builder_version=&#8221;4.27.4&#8243; _module_preset=&#8221;default&#8221; global_colors_info=&#8221;{}&#8221;][\/et_pb_divider][\/et_pb_column][\/et_pb_row][et_pb_row _builder_version=&#8221;4.27.4&#8243; _module_preset=&#8221;default&#8221; custom_padding=&#8221;||9px|||&#8221; global_colors_info=&#8221;{}&#8221;][et_pb_column type=&#8221;4_4&#8243; _builder_version=&#8221;4.27.4&#8243; _module_preset=&#8221;default&#8221; global_colors_info=&#8221;{}&#8221;][et_pb_text _builder_version=&#8221;4.27.4&#8243; _module_preset=&#8221;default&#8221; hover_enabled=&#8221;0&#8243; global_colors_info=&#8221;{}&#8221; sticky_enabled=&#8221;0&#8243;]<\/p>\n<h2 style=\"text-align: center;\"><span style=\"color: #000080;\"><strong>PUERTO SHERRY | 21 NOVEMBRE | <\/strong><strong>COORDENADAS 36\u00b0 35 N 6\u00ba 15\u2019 O<\/strong><\/span><\/h2>\n<p style=\"text-align: center;\"><span style=\"color: #000000;\">O Velero Alegria Marineros, que partiu no s\u00e1bado 15 de novembro do porto de Castell\u00f3n com o objetivo de conquistar a primeira Vuelta Vertical \u00e0 terra, entrou nas \u00e1guas do oceano Atl\u00e2ntico e navegou para o sul, rumbo para a Ant\u00e1rtida. Capitaneada por Paula Gonzalvo e Pedro Jim\u00e9nez, o embarque passou por uma das primeiras jornadas pelo mar Mediterr\u00e2neo marcadas pela meteorologia advers\u00e1ria. Embora n\u00e3o tenha por h\u00e1bito destacar qualquer tipo de contrato relevante, foi aprovado para realizar uma tarefa a um ponto de tarefas que ficar\u00e3o pendentes antes de zarpar.<\/span><\/p>\n<p style=\"text-align: center;\"><span style=\"color: #000000;\">Como explica Paula Gonzalvo, no passado domingo, dia 17, aprovecharon das circunst\u00e2ncias prejudiciais para realizar alguns ajustes no embarque. \u201cMuy cerca del Cabo de Gata, fondeamos unas horas, para evitar que o vento nos viniera muito de proa al doblar o cabo; y ese tiempo lo aprovechamos para reparar algunas cosas\u201d.<\/span><\/p>\n<p style=\"text-align: center;\"><span style=\"color: #000000;\">Como se viu, trata-se de fazer a necessidade virtuosa antes das inclem\u00eancias nefastas, numa primeira semana que, segundo Paula, \u201ctinha aproveitado para recarregar for\u00e7as ap\u00f3s a tremenda intensidade dos preparativos na terra\u201d. Uns preparativos cuja sombra foi alargada, ya que, nas duas primeiras jornadas, os capitanes foram acompanhados por at\u00e9 9 tripulantes, entre as pessoas que abandonaram o barco listado para zarpar em varadero. Quatro destes tripulantes desembarcaram em D\u00e9nia, e o resto do hizo em C\u00e1dis.<\/span><\/p>\n<p style=\"text-align: center;\"><span style=\"color: #000000;\">\u00c9 agora, com a navega\u00e7\u00e3o em oceano aberto, muito mais longe da costa e totalmente solit\u00e1rio, quando mais necess\u00e1ria \u00e9 a fortaleza mental dos capitanes.<\/span><\/p>\n<p style=\"text-align: center;\"><span style=\"color: #000000;\">De referir que a primeira etapa foi composta por mais de 5.000 milh\u00f5es de d\u00f3lares que navegaram em 45 dias, at\u00e9 26 de dezembro, escalando em Mar del Plata (Argentina). Uma rota que pode seguir em direto, 24 horas por dia, 7 dias por semana, atrav\u00e9s do site oficial vueltavertical.com e do canal de YouTube habilitado para o mesmo (Allende los Mares\/Vuelta Vertical).<\/span><\/p>\n<h2 style=\"text-align: center;\"><span style=\"color: #ff0000;\"><strong>O in\u00edcio da rota, em pormenor<\/strong><\/span><\/h2>\n<p style=\"text-align: center;\"><span style=\"color: #000000;\">Depois da partida do passado s\u00e1bado de Castell\u00f3n, a mala mar e o vento contra o forte protagonista do arranque da navega\u00e7\u00e3o. Um vento contra aquele, como se tivesse sido assinalado, levou a fondear em Genoveses, perto do Cabo de Gata, durante v\u00e1rias horas. Depois de retomar a navega\u00e7\u00e3o, as mi\u00e9rcoles eram a primeira hora da manh\u00e3 quando a Alegr\u00eda Marineros chegava a Gibraltar. Depois de levar a cabo uma resposta, a jornada de navega\u00e7\u00e3o permitiu chegar a Puerto Sherry \u00e0 primeira hora da noite destas mi\u00e9rcoles.<\/span><\/p>\n<p style=\"text-align: center;\"><span style=\"color: #000000;\">Em julho, 20 de novembro, pode considerar a \u201cescala t\u00e9cnica sanit\u00e1ria\u201d, bromea Paula Gonzalvo. \u201cO Pedro precisou de um pequeno cheque m\u00e9dico, nada de importante\u2026 mas \u00e9 algo que n\u00e3o poder\u00e1 fazer quando nos encontrarmos no oceano aberto; assim que se baixou do velero, foi para Madrid e regressou no dia\u201d, explica. Que ningu\u00e9m se pergunta: n\u00e3o foi mais do que uma visita, breve, mas imprescind\u00edvel, ao dentista.<\/span><\/p>\n<p style=\"text-align: center;\"><span style=\"color: #000000;\">Con los dos capitanes de nuevo a bordo, neste dia 21 de novembro a Alegria Marineros ha zarpado de nuevo, rumbo al Sur y ya pelo Atl\u00e1ntico. \u00c9 o primeiro dos cinco oceanos (todos os do planeta Terra) por aqueles que v\u00e3o passar a expedi\u00e7\u00e3o. E ser\u00e1 tamb\u00e9m o primeiro em que a Paula e o Pedro realizaram os trabalhos cient\u00edficos que fazem parte desta Vuelta Vertical e o tornaram tremendamente especial, para al\u00e9m do car\u00e1cter aventureiro e pioneiro que tem.<\/span><\/p>\n<p style=\"text-align: center;\"><span style=\"color: #000000;\">Tras unas semanas intensas de preparativos, a navega\u00e7\u00e3o pouco a pouco alcan\u00e7a a sua \u201cvelocidade de cruzeiro\u201d particular; e \u00e9 ent\u00e3o, no mar, quando os dois capitanes se sentem especialmente bem. \u201cDescanso no mar, \u00e9 mesmo quando descanso\u201d, disse Pedro Jim\u00e9nez, h\u00e1 dias, na festa de apresenta\u00e7\u00e3o da iniciativa. Mas n\u00e3o se iluda ningu\u00e9m: no mar, na realidade, sem descanso, e cada mila \u00e9 \u00fanica e especial. Algo que pode ser comprovado seguindo diretamente a retransmiss\u00e3o online da viagem atrav\u00e9s do canal de YouTube de Allende Los Mares \u2013 Vuelta Vertical.<\/span><\/p>\n<p>[\/et_pb_text][et_pb_divider divider_weight=&#8221;3px&#8221; _builder_version=&#8221;4.27.4&#8243; _module_preset=&#8221;default&#8221; global_colors_info=&#8221;{}&#8221;][\/et_pb_divider][\/et_pb_column][\/et_pb_row][et_pb_row column_structure=&#8221;1_5,3_5,1_5&#8243; _builder_version=&#8221;4.27.4&#8243; _module_preset=&#8221;default&#8221; global_colors_info=&#8221;{}&#8221;][et_pb_column type=&#8221;1_5&#8243; _builder_version=&#8221;4.27.4&#8243; _module_preset=&#8221;default&#8221; global_colors_info=&#8221;{}&#8221;][\/et_pb_column][et_pb_column type=&#8221;3_5&#8243; _builder_version=&#8221;4.27.4&#8243; _module_preset=&#8221;default&#8221; global_colors_info=&#8221;{}&#8221;][et_pb_image src=&#8221;https:\/\/navegantesoceanicos.com\/wp-content\/uploads\/2025\/11\/Paula-y-Pedro-Vuelta-Vertical.jpg&#8221; _builder_version=&#8221;4.27.4&#8243; _module_preset=&#8221;default&#8221; global_colors_info=&#8221;{}&#8221;][\/et_pb_image][\/et_pb_column][et_pb_column type=&#8221;1_5&#8243; _builder_version=&#8221;4.27.4&#8243; _module_preset=&#8221;default&#8221; global_colors_info=&#8221;{}&#8221;][\/et_pb_column][\/et_pb_row][et_pb_row _builder_version=&#8221;4.27.4&#8243; _module_preset=&#8221;default&#8221; custom_padding=&#8221;||3px|||&#8221; global_colors_info=&#8221;{}&#8221;][et_pb_column type=&#8221;4_4&#8243; _builder_version=&#8221;4.27.4&#8243; _module_preset=&#8221;default&#8221; global_colors_info=&#8221;{}&#8221;][et_pb_divider divider_weight=&#8221;3px&#8221; _builder_version=&#8221;4.27.4&#8243; _module_preset=&#8221;default&#8221; custom_margin=&#8221;||20px|||&#8221; global_colors_info=&#8221;{}&#8221;][\/et_pb_divider][et_pb_text admin_label=&#8221;para m\u00e1s info&#8221; _builder_version=&#8221;4.27.4&#8243; _module_preset=&#8221;default&#8221; global_colors_info=&#8221;{}&#8221;]<\/p>\n<h3 style=\"text-align: center;\"><span style=\"color: #ff0000;\"><strong>PARA ENTREVISTAS O M\u00c1S INFORMA\u00c7\u00c3O:<\/strong><\/span><\/h3>\n<p style=\"text-align: center;\"><span style=\"color: #000000;\"><strong>SARA, apoio \u00e0 comunica\u00e7\u00e3o na terra<\/strong><\/span><\/p>\n<p style=\"text-align: center;\"><span style=\"color: #0f088c;\"><a style=\"color: #0f088c;\" href=\"mailto:comunicacion@vueltavertical.com\"><strong>comunicacion@vueltavertical.com<\/strong><\/a><\/span><\/p>\n<p style=\"text-align: center;\"><span style=\"color: #000000;\"><strong>Tfno.: +34 614 379 580<\/strong><\/span><\/p>\n<p>[\/et_pb_text][et_pb_divider divider_weight=&#8221;3px&#8221; _builder_version=&#8221;4.27.4&#8243; _module_preset=&#8221;default&#8221; global_colors_info=&#8221;{}&#8221;][\/et_pb_divider][\/et_pb_column][\/et_pb_row][et_pb_row _builder_version=&#8221;4.27.4&#8243; _module_preset=&#8221;default&#8221; global_colors_info=&#8221;{}&#8221;][et_pb_column type=&#8221;4_4&#8243; _builder_version=&#8221;4.27.4&#8243; _module_preset=&#8221;default&#8221; global_colors_info=&#8221;{}&#8221;][et_pb_text _builder_version=&#8221;4.27.4&#8243; _module_preset=&#8221;default&#8221; global_colors_info=&#8221;{}&#8221;]<\/p>\n<p style=\"text-align: center;\"><span style=\"color: #000000;\">Desde os &#8220;Navegantes Oce\u00e2nicos&#8221; todo o nosso apoio \u00e0 Paula e ao Pedro, e a todo o equipamento da Vuelta Vertical.<\/span><\/p>\n<p style=\"text-align: center;\"><span style=\"color: #000000;\">Muchas suerte, bons ventos e bom mar na cruz do Atl\u00e2ntico!.<\/span><\/p>\n<p style=\"text-align: center;\"><span style=\"color: #000000;\">N\u00f3s seguimos!<\/span><\/p>\n<p>[\/et_pb_text][et_pb_divider divider_weight=&#8221;3px&#8221; _builder_version=&#8221;4.27.4&#8243; _module_preset=&#8221;default&#8221; custom_margin=&#8221;||7px|||&#8221; global_colors_info=&#8221;{}&#8221;][\/et_pb_divider][et_pb_image src=&#8221;https:\/\/navegantesoceanicos.com\/wp-content\/uploads\/2022\/09\/proteccion-web-con-ISSN.jpg&#8221; title_text=&#8221;protecci\u00f3n web con ISSN&#8221; _builder_version=&#8221;4.27.4&#8243; _module_preset=&#8221;default&#8221; global_colors_info=&#8221;{}&#8221;][\/et_pb_image][\/et_pb_column][\/et_pb_row][\/et_pb_section]<\/p>\n","protected":false},"excerpt":{"rendered":"<p>A meteorologia advers\u00e1ria foi a grande protagonista dos dias iniciais desta aventura, que decorreu no s\u00e1bado, dia 15 de novembro, no porto de Castell\u00f3n. Paula Gonzalvo: \u201cApesar das dificuldades, estas primeiras jornadas s\u00e3o utilizadas para recarregar for\u00e7as ap\u00f3s a intensidade dos preparativos\u201d.<\/p>\n","protected":false},"author":2,"featured_media":44212,"comment_status":"open","ping_status":"open","sticky":false,"template":"","format":"standard","meta":{"_et_pb_use_builder":"on","_et_pb_old_content":"","_et_gb_content_width":"","footnotes":"","_wp_rev_ctl_limit":""},"categories":[161,237],"tags":[],"class_list":["post-44224","post","type-post","status-publish","format-standard","has-post-thumbnail","hentry","category-noticias-de-vela","category-vuelta-vertical","et-has-post-format-content","et_post_format-et-post-format-standard"],"yoast_head":"<!-- This site is optimized with the Yoast SEO plugin v27.4 - https:\/\/yoast.com\/product\/yoast-seo-wordpress\/ -->\n<title>La Vuelta Vertical navega pelo Atl\u00e2ntico em dire\u00e7\u00e3o \u00e0 Ant\u00e1rtida - Navegantes Oce\u00e1nicos<\/title>\n<meta name=\"description\" content=\"Navegantes oce\u00e1nicos, web con contenidos para apasionados por la mar, tripulantes, regatistas, patrones o armadores.\" \/>\n<meta name=\"robots\" content=\"index, follow, max-snippet:-1, max-image-preview:large, max-video-preview:-1\" \/>\n<link rel=\"canonical\" href=\"https:\/\/navegantesoceanicos.com\/pt-pt\/la-vuelta-vertical-navega-pelo-atlantico-em-direcao-a-antartida\/\" \/>\n<meta property=\"og:locale\" content=\"pt_PT\" \/>\n<meta property=\"og:type\" content=\"article\" \/>\n<meta property=\"og:title\" content=\"La Vuelta Vertical navega pelo Atl\u00e2ntico em dire\u00e7\u00e3o \u00e0 Ant\u00e1rtida - Navegantes Oce\u00e1nicos\" \/>\n<meta property=\"og:description\" content=\"Navegantes oce\u00e1nicos, web con contenidos para apasionados por la mar, tripulantes, regatistas, patrones o armadores.\" \/>\n<meta property=\"og:url\" content=\"https:\/\/navegantesoceanicos.com\/pt-pt\/la-vuelta-vertical-navega-pelo-atlantico-em-direcao-a-antartida\/\" \/>\n<meta property=\"og:site_name\" content=\"Navegantes Oce\u00e1nicos\" \/>\n<meta property=\"article:publisher\" content=\"https:\/\/www.facebook.com\/Navegantes-Oce%c3%a1nicos-112578593494698\" \/>\n<meta property=\"article:published_time\" content=\"2025-11-22T19:16:27+00:00\" \/>\n<meta property=\"article:modified_time\" content=\"2025-12-03T11:24:37+00:00\" \/>\n<meta property=\"og:image\" content=\"https:\/\/navegantesoceanicos.com\/wp-content\/uploads\/2025\/11\/Salida-Alegria-Marineros-Vuelta-Vertical.jpg\" \/>\n\t<meta property=\"og:image:width\" content=\"1236\" \/>\n\t<meta property=\"og:image:height\" content=\"774\" \/>\n\t<meta property=\"og:image:type\" content=\"image\/jpeg\" \/>\n<meta name=\"author\" content=\"Juan Gonz\u00e1lez-Aller Lacalle\" \/>\n<meta name=\"twitter:label1\" content=\"Escrito por\" \/>\n\t<meta name=\"twitter:data1\" content=\"Juan Gonz\u00e1lez-Aller Lacalle\" \/>\n\t<meta name=\"twitter:label2\" content=\"Tempo estimado de leitura\" \/>\n\t<meta name=\"twitter:data2\" content=\"5 minutos\" \/>\n<script type=\"application\/ld+json\" class=\"yoast-schema-graph\">{\"@context\":\"https:\\\/\\\/schema.org\",\"@graph\":[{\"@type\":\"Article\",\"@id\":\"https:\\\/\\\/navegantesoceanicos.com\\\/pt-pt\\\/la-vuelta-vertical-navega-pelo-atlantico-em-direcao-a-antartida\\\/#article\",\"isPartOf\":{\"@id\":\"https:\\\/\\\/navegantesoceanicos.com\\\/pt-pt\\\/la-vuelta-vertical-navega-pelo-atlantico-em-direcao-a-antartida\\\/\"},\"author\":{\"name\":\"Juan Gonz\u00e1lez-Aller Lacalle\",\"@id\":\"https:\\\/\\\/navegantesoceanicos.com\\\/pt-pt\\\/#\\\/schema\\\/person\\\/4efe3afaef12467194c46aa710898a5c\"},\"headline\":\"La Vuelta Vertical navega pelo Atl\u00e2ntico em dire\u00e7\u00e3o \u00e0 Ant\u00e1rtida\",\"datePublished\":\"2025-11-22T19:16:27+00:00\",\"dateModified\":\"2025-12-03T11:24:37+00:00\",\"mainEntityOfPage\":{\"@id\":\"https:\\\/\\\/navegantesoceanicos.com\\\/pt-pt\\\/la-vuelta-vertical-navega-pelo-atlantico-em-direcao-a-antartida\\\/\"},\"wordCount\":1338,\"commentCount\":1,\"publisher\":{\"@id\":\"https:\\\/\\\/navegantesoceanicos.com\\\/pt-pt\\\/#organization\"},\"image\":{\"@id\":\"https:\\\/\\\/navegantesoceanicos.com\\\/pt-pt\\\/la-vuelta-vertical-navega-pelo-atlantico-em-direcao-a-antartida\\\/#primaryimage\"},\"thumbnailUrl\":\"https:\\\/\\\/navegantesoceanicos.com\\\/wp-content\\\/uploads\\\/2025\\\/11\\\/Salida-Alegria-Marineros-Vuelta-Vertical.jpg\",\"articleSection\":[\"Not\u00edcias de vela\",\"Vuelta Vertical\"],\"inLanguage\":\"pt-PT\",\"potentialAction\":[{\"@type\":\"CommentAction\",\"name\":\"Comment\",\"target\":[\"https:\\\/\\\/navegantesoceanicos.com\\\/pt-pt\\\/la-vuelta-vertical-navega-pelo-atlantico-em-direcao-a-antartida\\\/#respond\"]}]},{\"@type\":\"WebPage\",\"@id\":\"https:\\\/\\\/navegantesoceanicos.com\\\/pt-pt\\\/la-vuelta-vertical-navega-pelo-atlantico-em-direcao-a-antartida\\\/\",\"url\":\"https:\\\/\\\/navegantesoceanicos.com\\\/pt-pt\\\/la-vuelta-vertical-navega-pelo-atlantico-em-direcao-a-antartida\\\/\",\"name\":\"La Vuelta Vertical navega pelo Atl\u00e2ntico em dire\u00e7\u00e3o \u00e0 Ant\u00e1rtida - Navegantes Oce\u00e1nicos\",\"isPartOf\":{\"@id\":\"https:\\\/\\\/navegantesoceanicos.com\\\/pt-pt\\\/#website\"},\"primaryImageOfPage\":{\"@id\":\"https:\\\/\\\/navegantesoceanicos.com\\\/pt-pt\\\/la-vuelta-vertical-navega-pelo-atlantico-em-direcao-a-antartida\\\/#primaryimage\"},\"image\":{\"@id\":\"https:\\\/\\\/navegantesoceanicos.com\\\/pt-pt\\\/la-vuelta-vertical-navega-pelo-atlantico-em-direcao-a-antartida\\\/#primaryimage\"},\"thumbnailUrl\":\"https:\\\/\\\/navegantesoceanicos.com\\\/wp-content\\\/uploads\\\/2025\\\/11\\\/Salida-Alegria-Marineros-Vuelta-Vertical.jpg\",\"datePublished\":\"2025-11-22T19:16:27+00:00\",\"dateModified\":\"2025-12-03T11:24:37+00:00\",\"description\":\"Navegantes oce\u00e1nicos, web con contenidos para apasionados por la mar, tripulantes, regatistas, patrones o armadores.\",\"breadcrumb\":{\"@id\":\"https:\\\/\\\/navegantesoceanicos.com\\\/pt-pt\\\/la-vuelta-vertical-navega-pelo-atlantico-em-direcao-a-antartida\\\/#breadcrumb\"},\"inLanguage\":\"pt-PT\",\"potentialAction\":[{\"@type\":\"ReadAction\",\"target\":[\"https:\\\/\\\/navegantesoceanicos.com\\\/pt-pt\\\/la-vuelta-vertical-navega-pelo-atlantico-em-direcao-a-antartida\\\/\"]}]},{\"@type\":\"ImageObject\",\"inLanguage\":\"pt-PT\",\"@id\":\"https:\\\/\\\/navegantesoceanicos.com\\\/pt-pt\\\/la-vuelta-vertical-navega-pelo-atlantico-em-direcao-a-antartida\\\/#primaryimage\",\"url\":\"https:\\\/\\\/navegantesoceanicos.com\\\/wp-content\\\/uploads\\\/2025\\\/11\\\/Salida-Alegria-Marineros-Vuelta-Vertical.jpg\",\"contentUrl\":\"https:\\\/\\\/navegantesoceanicos.com\\\/wp-content\\\/uploads\\\/2025\\\/11\\\/Salida-Alegria-Marineros-Vuelta-Vertical.jpg\",\"width\":1236,\"height\":774},{\"@type\":\"BreadcrumbList\",\"@id\":\"https:\\\/\\\/navegantesoceanicos.com\\\/pt-pt\\\/la-vuelta-vertical-navega-pelo-atlantico-em-direcao-a-antartida\\\/#breadcrumb\",\"itemListElement\":[{\"@type\":\"ListItem\",\"position\":1,\"name\":\"Portada\",\"item\":\"https:\\\/\\\/navegantesoceanicos.com\\\/pt-pt\\\/\"},{\"@type\":\"ListItem\",\"position\":2,\"name\":\"La Vuelta Vertical navega pelo Atl\u00e2ntico em dire\u00e7\u00e3o \u00e0 Ant\u00e1rtida\"}]},{\"@type\":\"WebSite\",\"@id\":\"https:\\\/\\\/navegantesoceanicos.com\\\/pt-pt\\\/#website\",\"url\":\"https:\\\/\\\/navegantesoceanicos.com\\\/pt-pt\\\/\",\"name\":\"Navegantes Oce\u00e1nicos\",\"description\":\"Navegantes oce\u00e1nicos, te ayudamos a navegar, para navegantes, tripulantes, regatistas y armadores, escuela n\u00e1utica, libros on-line sobre t\u00e1cticas y equipamiento para la navegaci\u00f3n a vela, fondear, atracar, el manejo de las velas, electricidad a bordo, navegaci\u00f3n con mal tiempo, rutas oce\u00e1nicas y mucho m\u00e1s\",\"publisher\":{\"@id\":\"https:\\\/\\\/navegantesoceanicos.com\\\/pt-pt\\\/#organization\"},\"potentialAction\":[{\"@type\":\"SearchAction\",\"target\":{\"@type\":\"EntryPoint\",\"urlTemplate\":\"https:\\\/\\\/navegantesoceanicos.com\\\/pt-pt\\\/?s={search_term_string}\"},\"query-input\":{\"@type\":\"PropertyValueSpecification\",\"valueRequired\":true,\"valueName\":\"search_term_string\"}}],\"inLanguage\":\"pt-PT\"},{\"@type\":\"Organization\",\"@id\":\"https:\\\/\\\/navegantesoceanicos.com\\\/pt-pt\\\/#organization\",\"name\":\"Navegantes Oce\u00e1nicos\",\"url\":\"https:\\\/\\\/navegantesoceanicos.com\\\/pt-pt\\\/\",\"logo\":{\"@type\":\"ImageObject\",\"inLanguage\":\"pt-PT\",\"@id\":\"https:\\\/\\\/navegantesoceanicos.com\\\/pt-pt\\\/#\\\/schema\\\/logo\\\/image\\\/\",\"url\":\"https:\\\/\\\/navegantesoceanicos.com\\\/wp-content\\\/uploads\\\/2019\\\/12\\\/LOGO-NAVEGANTES-OCEANICOS.png\",\"contentUrl\":\"https:\\\/\\\/navegantesoceanicos.com\\\/wp-content\\\/uploads\\\/2019\\\/12\\\/LOGO-NAVEGANTES-OCEANICOS.png\",\"width\":1010,\"height\":814,\"caption\":\"Navegantes Oce\u00e1nicos\"},\"image\":{\"@id\":\"https:\\\/\\\/navegantesoceanicos.com\\\/pt-pt\\\/#\\\/schema\\\/logo\\\/image\\\/\"},\"sameAs\":[\"https:\\\/\\\/www.facebook.com\\\/Navegantes-Oce\u00e1nicos-112578593494698\",\"https:\\\/\\\/www.instagram.com\\\/navegantes_oceanicos\\\/?hl=es\",\"https:\\\/\\\/www.youtube.com\\\/channel\\\/UCXgDL_6xqE7rpdwNXRmzF_Q\\\/featured\"]},{\"@type\":\"Person\",\"@id\":\"https:\\\/\\\/navegantesoceanicos.com\\\/pt-pt\\\/#\\\/schema\\\/person\\\/4efe3afaef12467194c46aa710898a5c\",\"name\":\"Juan Gonz\u00e1lez-Aller Lacalle\",\"image\":{\"@type\":\"ImageObject\",\"inLanguage\":\"pt-PT\",\"@id\":\"https:\\\/\\\/secure.gravatar.com\\\/avatar\\\/8262155dfd99d33a131c0b6f7c6d5b289bcc5a78eb8915b59699287a091367be?s=96&d=mm&r=g\",\"url\":\"https:\\\/\\\/secure.gravatar.com\\\/avatar\\\/8262155dfd99d33a131c0b6f7c6d5b289bcc5a78eb8915b59699287a091367be?s=96&d=mm&r=g\",\"contentUrl\":\"https:\\\/\\\/secure.gravatar.com\\\/avatar\\\/8262155dfd99d33a131c0b6f7c6d5b289bcc5a78eb8915b59699287a091367be?s=96&d=mm&r=g\",\"caption\":\"Juan Gonz\u00e1lez-Aller Lacalle\"},\"sameAs\":[\"https:\\\/\\\/navegantesoceanicos.com\"],\"url\":\"https:\\\/\\\/navegantesoceanicos.com\\\/pt-pt\\\/author\\\/juan-director\\\/\"}]}<\/script>\n<!-- \/ Yoast SEO plugin. -->","yoast_head_json":{"title":"La Vuelta Vertical navega pelo Atl\u00e2ntico em dire\u00e7\u00e3o \u00e0 Ant\u00e1rtida - Navegantes Oce\u00e1nicos","description":"Navegantes oce\u00e1nicos, web con contenidos para apasionados por la mar, tripulantes, regatistas, patrones o armadores.","robots":{"index":"index","follow":"follow","max-snippet":"max-snippet:-1","max-image-preview":"max-image-preview:large","max-video-preview":"max-video-preview:-1"},"canonical":"https:\/\/navegantesoceanicos.com\/pt-pt\/la-vuelta-vertical-navega-pelo-atlantico-em-direcao-a-antartida\/","og_locale":"pt_PT","og_type":"article","og_title":"La Vuelta Vertical navega pelo Atl\u00e2ntico em dire\u00e7\u00e3o \u00e0 Ant\u00e1rtida - Navegantes Oce\u00e1nicos","og_description":"Navegantes oce\u00e1nicos, web con contenidos para apasionados por la mar, tripulantes, regatistas, patrones o armadores.","og_url":"https:\/\/navegantesoceanicos.com\/pt-pt\/la-vuelta-vertical-navega-pelo-atlantico-em-direcao-a-antartida\/","og_site_name":"Navegantes Oce\u00e1nicos","article_publisher":"https:\/\/www.facebook.com\/Navegantes-Oce%c3%a1nicos-112578593494698","article_published_time":"2025-11-22T19:16:27+00:00","article_modified_time":"2025-12-03T11:24:37+00:00","og_image":[{"width":1236,"height":774,"url":"https:\/\/navegantesoceanicos.com\/wp-content\/uploads\/2025\/11\/Salida-Alegria-Marineros-Vuelta-Vertical.jpg","type":"image\/jpeg"}],"author":"Juan Gonz\u00e1lez-Aller Lacalle","twitter_misc":{"Escrito por":"Juan Gonz\u00e1lez-Aller Lacalle","Tempo estimado de leitura":"5 minutos"},"schema":{"@context":"https:\/\/schema.org","@graph":[{"@type":"Article","@id":"https:\/\/navegantesoceanicos.com\/pt-pt\/la-vuelta-vertical-navega-pelo-atlantico-em-direcao-a-antartida\/#article","isPartOf":{"@id":"https:\/\/navegantesoceanicos.com\/pt-pt\/la-vuelta-vertical-navega-pelo-atlantico-em-direcao-a-antartida\/"},"author":{"name":"Juan Gonz\u00e1lez-Aller Lacalle","@id":"https:\/\/navegantesoceanicos.com\/pt-pt\/#\/schema\/person\/4efe3afaef12467194c46aa710898a5c"},"headline":"La Vuelta Vertical navega pelo Atl\u00e2ntico em dire\u00e7\u00e3o \u00e0 Ant\u00e1rtida","datePublished":"2025-11-22T19:16:27+00:00","dateModified":"2025-12-03T11:24:37+00:00","mainEntityOfPage":{"@id":"https:\/\/navegantesoceanicos.com\/pt-pt\/la-vuelta-vertical-navega-pelo-atlantico-em-direcao-a-antartida\/"},"wordCount":1338,"commentCount":1,"publisher":{"@id":"https:\/\/navegantesoceanicos.com\/pt-pt\/#organization"},"image":{"@id":"https:\/\/navegantesoceanicos.com\/pt-pt\/la-vuelta-vertical-navega-pelo-atlantico-em-direcao-a-antartida\/#primaryimage"},"thumbnailUrl":"https:\/\/navegantesoceanicos.com\/wp-content\/uploads\/2025\/11\/Salida-Alegria-Marineros-Vuelta-Vertical.jpg","articleSection":["Not\u00edcias de vela","Vuelta Vertical"],"inLanguage":"pt-PT","potentialAction":[{"@type":"CommentAction","name":"Comment","target":["https:\/\/navegantesoceanicos.com\/pt-pt\/la-vuelta-vertical-navega-pelo-atlantico-em-direcao-a-antartida\/#respond"]}]},{"@type":"WebPage","@id":"https:\/\/navegantesoceanicos.com\/pt-pt\/la-vuelta-vertical-navega-pelo-atlantico-em-direcao-a-antartida\/","url":"https:\/\/navegantesoceanicos.com\/pt-pt\/la-vuelta-vertical-navega-pelo-atlantico-em-direcao-a-antartida\/","name":"La Vuelta Vertical navega pelo Atl\u00e2ntico em dire\u00e7\u00e3o \u00e0 Ant\u00e1rtida - Navegantes Oce\u00e1nicos","isPartOf":{"@id":"https:\/\/navegantesoceanicos.com\/pt-pt\/#website"},"primaryImageOfPage":{"@id":"https:\/\/navegantesoceanicos.com\/pt-pt\/la-vuelta-vertical-navega-pelo-atlantico-em-direcao-a-antartida\/#primaryimage"},"image":{"@id":"https:\/\/navegantesoceanicos.com\/pt-pt\/la-vuelta-vertical-navega-pelo-atlantico-em-direcao-a-antartida\/#primaryimage"},"thumbnailUrl":"https:\/\/navegantesoceanicos.com\/wp-content\/uploads\/2025\/11\/Salida-Alegria-Marineros-Vuelta-Vertical.jpg","datePublished":"2025-11-22T19:16:27+00:00","dateModified":"2025-12-03T11:24:37+00:00","description":"Navegantes oce\u00e1nicos, web con contenidos para apasionados por la mar, tripulantes, regatistas, patrones o armadores.","breadcrumb":{"@id":"https:\/\/navegantesoceanicos.com\/pt-pt\/la-vuelta-vertical-navega-pelo-atlantico-em-direcao-a-antartida\/#breadcrumb"},"inLanguage":"pt-PT","potentialAction":[{"@type":"ReadAction","target":["https:\/\/navegantesoceanicos.com\/pt-pt\/la-vuelta-vertical-navega-pelo-atlantico-em-direcao-a-antartida\/"]}]},{"@type":"ImageObject","inLanguage":"pt-PT","@id":"https:\/\/navegantesoceanicos.com\/pt-pt\/la-vuelta-vertical-navega-pelo-atlantico-em-direcao-a-antartida\/#primaryimage","url":"https:\/\/navegantesoceanicos.com\/wp-content\/uploads\/2025\/11\/Salida-Alegria-Marineros-Vuelta-Vertical.jpg","contentUrl":"https:\/\/navegantesoceanicos.com\/wp-content\/uploads\/2025\/11\/Salida-Alegria-Marineros-Vuelta-Vertical.jpg","width":1236,"height":774},{"@type":"BreadcrumbList","@id":"https:\/\/navegantesoceanicos.com\/pt-pt\/la-vuelta-vertical-navega-pelo-atlantico-em-direcao-a-antartida\/#breadcrumb","itemListElement":[{"@type":"ListItem","position":1,"name":"Portada","item":"https:\/\/navegantesoceanicos.com\/pt-pt\/"},{"@type":"ListItem","position":2,"name":"La Vuelta Vertical navega pelo Atl\u00e2ntico em dire\u00e7\u00e3o \u00e0 Ant\u00e1rtida"}]},{"@type":"WebSite","@id":"https:\/\/navegantesoceanicos.com\/pt-pt\/#website","url":"https:\/\/navegantesoceanicos.com\/pt-pt\/","name":"Navegantes Oce\u00e1nicos","description":"Navegantes oce\u00e1nicos, te ayudamos a navegar, para navegantes, tripulantes, regatistas y armadores, escuela n\u00e1utica, libros on-line sobre t\u00e1cticas y equipamiento para la navegaci\u00f3n a vela, fondear, atracar, el manejo de las velas, electricidad a bordo, navegaci\u00f3n con mal tiempo, rutas oce\u00e1nicas y mucho m\u00e1s","publisher":{"@id":"https:\/\/navegantesoceanicos.com\/pt-pt\/#organization"},"potentialAction":[{"@type":"SearchAction","target":{"@type":"EntryPoint","urlTemplate":"https:\/\/navegantesoceanicos.com\/pt-pt\/?s={search_term_string}"},"query-input":{"@type":"PropertyValueSpecification","valueRequired":true,"valueName":"search_term_string"}}],"inLanguage":"pt-PT"},{"@type":"Organization","@id":"https:\/\/navegantesoceanicos.com\/pt-pt\/#organization","name":"Navegantes Oce\u00e1nicos","url":"https:\/\/navegantesoceanicos.com\/pt-pt\/","logo":{"@type":"ImageObject","inLanguage":"pt-PT","@id":"https:\/\/navegantesoceanicos.com\/pt-pt\/#\/schema\/logo\/image\/","url":"https:\/\/navegantesoceanicos.com\/wp-content\/uploads\/2019\/12\/LOGO-NAVEGANTES-OCEANICOS.png","contentUrl":"https:\/\/navegantesoceanicos.com\/wp-content\/uploads\/2019\/12\/LOGO-NAVEGANTES-OCEANICOS.png","width":1010,"height":814,"caption":"Navegantes Oce\u00e1nicos"},"image":{"@id":"https:\/\/navegantesoceanicos.com\/pt-pt\/#\/schema\/logo\/image\/"},"sameAs":["https:\/\/www.facebook.com\/Navegantes-Oce\u00e1nicos-112578593494698","https:\/\/www.instagram.com\/navegantes_oceanicos\/?hl=es","https:\/\/www.youtube.com\/channel\/UCXgDL_6xqE7rpdwNXRmzF_Q\/featured"]},{"@type":"Person","@id":"https:\/\/navegantesoceanicos.com\/pt-pt\/#\/schema\/person\/4efe3afaef12467194c46aa710898a5c","name":"Juan Gonz\u00e1lez-Aller Lacalle","image":{"@type":"ImageObject","inLanguage":"pt-PT","@id":"https:\/\/secure.gravatar.com\/avatar\/8262155dfd99d33a131c0b6f7c6d5b289bcc5a78eb8915b59699287a091367be?s=96&d=mm&r=g","url":"https:\/\/secure.gravatar.com\/avatar\/8262155dfd99d33a131c0b6f7c6d5b289bcc5a78eb8915b59699287a091367be?s=96&d=mm&r=g","contentUrl":"https:\/\/secure.gravatar.com\/avatar\/8262155dfd99d33a131c0b6f7c6d5b289bcc5a78eb8915b59699287a091367be?s=96&d=mm&r=g","caption":"Juan Gonz\u00e1lez-Aller Lacalle"},"sameAs":["https:\/\/navegantesoceanicos.com"],"url":"https:\/\/navegantesoceanicos.com\/pt-pt\/author\/juan-director\/"}]}},"rttpg_featured_image_url":{"full":["https:\/\/navegantesoceanicos.com\/wp-content\/uploads\/2025\/11\/Salida-Alegria-Marineros-Vuelta-Vertical.jpg",1236,774,false],"landscape":["https:\/\/navegantesoceanicos.com\/wp-content\/uploads\/2025\/11\/Salida-Alegria-Marineros-Vuelta-Vertical.jpg",1236,774,false],"portraits":["https:\/\/navegantesoceanicos.com\/wp-content\/uploads\/2025\/11\/Salida-Alegria-Marineros-Vuelta-Vertical.jpg",1236,774,false],"thumbnail":["https:\/\/navegantesoceanicos.com\/wp-content\/uploads\/2025\/11\/Salida-Alegria-Marineros-Vuelta-Vertical-150x150.jpg",150,150,true],"medium":["https:\/\/navegantesoceanicos.com\/wp-content\/uploads\/2025\/11\/Salida-Alegria-Marineros-Vuelta-Vertical-300x188.jpg",300,188,true],"large":["https:\/\/navegantesoceanicos.com\/wp-content\/uploads\/2025\/11\/Salida-Alegria-Marineros-Vuelta-Vertical-1024x641.jpg",1024,641,true],"1536x1536":["https:\/\/navegantesoceanicos.com\/wp-content\/uploads\/2025\/11\/Salida-Alegria-Marineros-Vuelta-Vertical.jpg",1236,774,false],"2048x2048":["https:\/\/navegantesoceanicos.com\/wp-content\/uploads\/2025\/11\/Salida-Alegria-Marineros-Vuelta-Vertical.jpg",1236,774,false],"smart-post-landscape":["https:\/\/navegantesoceanicos.com\/wp-content\/uploads\/2025\/11\/Salida-Alegria-Marineros-Vuelta-Vertical.jpg",870,545,false],"smart-post-portrait":["https:\/\/navegantesoceanicos.com\/wp-content\/uploads\/2025\/11\/Salida-Alegria-Marineros-Vuelta-Vertical.jpg",600,376,false],"et-builder-post-main-image":["https:\/\/navegantesoceanicos.com\/wp-content\/uploads\/2025\/11\/Salida-Alegria-Marineros-Vuelta-Vertical-400x250.jpg",400,250,true],"et-builder-post-main-image-fullwidth":["https:\/\/navegantesoceanicos.com\/wp-content\/uploads\/2025\/11\/Salida-Alegria-Marineros-Vuelta-Vertical-1080x675.jpg",1080,675,true],"et-builder-portfolio-image":["https:\/\/navegantesoceanicos.com\/wp-content\/uploads\/2025\/11\/Salida-Alegria-Marineros-Vuelta-Vertical-400x284.jpg",400,284,true],"et-builder-portfolio-image-single":["https:\/\/navegantesoceanicos.com\/wp-content\/uploads\/2025\/11\/Salida-Alegria-Marineros-Vuelta-Vertical-1080x676.jpg",1080,676,true],"et-builder-gallery-image-portrait":["https:\/\/navegantesoceanicos.com\/wp-content\/uploads\/2025\/11\/Salida-Alegria-Marineros-Vuelta-Vertical-400x516.jpg",400,516,true],"extra-image-huge":["https:\/\/navegantesoceanicos.com\/wp-content\/uploads\/2025\/11\/Salida-Alegria-Marineros-Vuelta-Vertical-1236x768.jpg",1236,768,true],"extra-image-single-post":["https:\/\/navegantesoceanicos.com\/wp-content\/uploads\/2025\/11\/Salida-Alegria-Marineros-Vuelta-Vertical-1236x640.jpg",1236,640,true],"extra-image-medium":["https:\/\/navegantesoceanicos.com\/wp-content\/uploads\/2025\/11\/Salida-Alegria-Marineros-Vuelta-Vertical-627x376.jpg",627,376,true],"extra-image-small":["https:\/\/navegantesoceanicos.com\/wp-content\/uploads\/2025\/11\/Salida-Alegria-Marineros-Vuelta-Vertical-440x264.jpg",440,264,true],"extra-image-square-medium":["https:\/\/navegantesoceanicos.com\/wp-content\/uploads\/2025\/11\/Salida-Alegria-Marineros-Vuelta-Vertical-440x440.jpg",440,440,true],"extra-image-square-small":["https:\/\/navegantesoceanicos.com\/wp-content\/uploads\/2025\/11\/Salida-Alegria-Marineros-Vuelta-Vertical-150x150.jpg",150,150,true],"woocommerce_thumbnail":["https:\/\/navegantesoceanicos.com\/wp-content\/uploads\/2025\/11\/Salida-Alegria-Marineros-Vuelta-Vertical-300x188.jpg",300,188,true],"woocommerce_single":["https:\/\/navegantesoceanicos.com\/wp-content\/uploads\/2025\/11\/Salida-Alegria-Marineros-Vuelta-Vertical-600x376.jpg",600,376,true],"woocommerce_gallery_thumbnail":["https:\/\/navegantesoceanicos.com\/wp-content\/uploads\/2025\/11\/Salida-Alegria-Marineros-Vuelta-Vertical-100x100.jpg",100,100,true],"dgwt-wcas-product-suggestion":["https:\/\/navegantesoceanicos.com\/wp-content\/uploads\/2025\/11\/Salida-Alegria-Marineros-Vuelta-Vertical-64x40.jpg",64,40,true]},"rttpg_author":{"display_name":"Juan Gonz\u00e1lez-Aller Lacalle","author_link":"https:\/\/navegantesoceanicos.com\/pt-pt\/author\/juan-director\/"},"rttpg_comment":0,"rttpg_category":"<a href=\"https:\/\/navegantesoceanicos.com\/pt-pt\/category\/noticias-de-vela\/\" rel=\"category tag\">Not\u00edcias de vela<\/a> <a href=\"https:\/\/navegantesoceanicos.com\/pt-pt\/category\/vuelta-vertical\/\" rel=\"category tag\">Vuelta Vertical<\/a>","rttpg_excerpt":"A meteorologia advers\u00e1ria foi a grande protagonista dos dias iniciais desta aventura, que decorreu no s\u00e1bado, dia 15 de novembro, no porto de Castell\u00f3n. Paula Gonzalvo: \u201cApesar das dificuldades, estas primeiras jornadas s\u00e3o utilizadas para recarregar for\u00e7as ap\u00f3s a intensidade dos preparativos\u201d.","_links":{"self":[{"href":"https:\/\/navegantesoceanicos.com\/pt-pt\/wp-json\/wp\/v2\/posts\/44224","targetHints":{"allow":["GET"]}}],"collection":[{"href":"https:\/\/navegantesoceanicos.com\/pt-pt\/wp-json\/wp\/v2\/posts"}],"about":[{"href":"https:\/\/navegantesoceanicos.com\/pt-pt\/wp-json\/wp\/v2\/types\/post"}],"author":[{"embeddable":true,"href":"https:\/\/navegantesoceanicos.com\/pt-pt\/wp-json\/wp\/v2\/users\/2"}],"replies":[{"embeddable":true,"href":"https:\/\/navegantesoceanicos.com\/pt-pt\/wp-json\/wp\/v2\/comments?post=44224"}],"version-history":[{"count":0,"href":"https:\/\/navegantesoceanicos.com\/pt-pt\/wp-json\/wp\/v2\/posts\/44224\/revisions"}],"wp:featuredmedia":[{"embeddable":true,"href":"https:\/\/navegantesoceanicos.com\/pt-pt\/wp-json\/wp\/v2\/media\/44212"}],"wp:attachment":[{"href":"https:\/\/navegantesoceanicos.com\/pt-pt\/wp-json\/wp\/v2\/media?parent=44224"}],"wp:term":[{"taxonomy":"category","embeddable":true,"href":"https:\/\/navegantesoceanicos.com\/pt-pt\/wp-json\/wp\/v2\/categories?post=44224"},{"taxonomy":"post_tag","embeddable":true,"href":"https:\/\/navegantesoceanicos.com\/pt-pt\/wp-json\/wp\/v2\/tags?post=44224"}],"curies":[{"name":"wp","href":"https:\/\/api.w.org\/{rel}","templated":true}]}}