{"id":46498,"date":"2026-03-12T11:08:06","date_gmt":"2026-03-12T11:08:06","guid":{"rendered":"https:\/\/navegantesoceanicos.com\/el-viaje-de-sailing-martini-una-travesia-por-el-caribe-para-ir-detras-de-los-suenos\/"},"modified":"2026-03-12T19:13:10","modified_gmt":"2026-03-12T19:13:10","slug":"a-viagem-de-sailing-martini-uma-viagem-pelas-caraibas-em-busca-de-sonhos","status":"publish","type":"post","link":"https:\/\/navegantesoceanicos.com\/pt-pt\/a-viagem-de-sailing-martini-uma-viagem-pelas-caraibas-em-busca-de-sonhos\/","title":{"rendered":"A viagem de Sailing Martini: uma viagem pelas Cara\u00edbas em busca de sonhos"},"content":{"rendered":"<p>[et_pb_section fb_built=&#8221;1&#8243; _builder_version=&#8221;4.27.5&#8243; _module_preset=&#8221;default&#8221; custom_padding=&#8221;25px|||||&#8221; global_colors_info=&#8221;{}&#8221;][et_pb_row _builder_version=&#8221;4.27.5&#8243; _module_preset=&#8221;default&#8221; custom_padding=&#8221;12px||12px|||&#8221; global_colors_info=&#8221;{}&#8221;][et_pb_column type=&#8221;4_4&#8243; _builder_version=&#8221;4.27.5&#8243; _module_preset=&#8221;default&#8221; global_colors_info=&#8221;{}&#8221;][et_pb_text _builder_version=&#8221;4.27.5&#8243; _module_preset=&#8221;default&#8221; global_colors_info=&#8221;{}&#8221;]<\/p>\n<p style=\"text-align: center;\"><span style=\"color: #000000;\"><strong>Um casal argentino, Mar\u00eda Minuto e Sebasti\u00e1n Spigolon, deixou as suas vidas em terra firme para navegar pelas Cara\u00edbas: depois de alguns anos em San Blas, aventuraram-se at\u00e9 \u00e0 Baja California e planeiam \u2014 no futuro \u2014 chegar \u00e0 Polin\u00e9sia. Hoje, a partir do Golfo do Panam\u00e1, no Pac\u00edfico, contam-nos como come\u00e7ou esta aventura com os seus tr\u00eas filhos adolescentes.<\/strong><\/span><\/p>\n<p>[\/et_pb_text][\/et_pb_column][\/et_pb_row][et_pb_row column_structure=&#8221;1_5,3_5,1_5&#8243; _builder_version=&#8221;4.27.5&#8243; _module_preset=&#8221;default&#8221; custom_padding=&#8221;||7px|||&#8221; global_colors_info=&#8221;{}&#8221;][et_pb_column type=&#8221;1_5&#8243; _builder_version=&#8221;4.27.5&#8243; _module_preset=&#8221;default&#8221; global_colors_info=&#8221;{}&#8221;][\/et_pb_column][et_pb_column type=&#8221;3_5&#8243; _builder_version=&#8221;4.27.5&#8243; _module_preset=&#8221;default&#8221; global_colors_info=&#8221;{}&#8221;][et_pb_image src=&#8221;https:\/\/navegantesoceanicos.com\/wp-content\/uploads\/2026\/03\/Pesca-en-dinghy.jpeg&#8221; _builder_version=&#8221;4.27.5&#8243; _module_preset=&#8221;default&#8221; global_colors_info=&#8221;{}&#8221;][\/et_pb_image][\/et_pb_column][et_pb_column type=&#8221;1_5&#8243; _builder_version=&#8221;4.27.5&#8243; _module_preset=&#8221;default&#8221; global_colors_info=&#8221;{}&#8221;][\/et_pb_column][\/et_pb_row][et_pb_row _builder_version=&#8221;4.27.5&#8243; _module_preset=&#8221;default&#8221; global_colors_info=&#8221;{}&#8221;][et_pb_column type=&#8221;4_4&#8243; _builder_version=&#8221;4.27.5&#8243; _module_preset=&#8221;default&#8221; global_colors_info=&#8221;{}&#8221;][et_pb_text _builder_version=&#8221;4.27.5&#8243; _module_preset=&#8221;default&#8221; global_colors_info=&#8221;{}&#8221;]<\/p>\n<p style=\"text-align: center;\"><span style=\"color: #000000;\">Um dia, Mar\u00eda Minuto e Sebasti\u00e1n Spigolon, um casal argentino com tr\u00eas filhos adolescentes, tomaram uma decis\u00e3o: quando completassem 48 anos, dariam a volta ao mundo a navegar, utilizando todas as suas poupan\u00e7as e o barco que pudessem comprar na altura, independentemente do custo. O trabalho, a educa\u00e7\u00e3o dos filhos, os pais, um acidente que mudou tudo e a COVID-19, que tinha afetado alguns amigos, levou-os ao limite: em s\u00edntese, a pr\u00f3pria vida, com todos os seus altos e baixos. Assim, sem esperar pelo prazo final, decidiram que tinham de parar de adiar os seus sonhos at\u00e9 n\u00e3o terem mais for\u00e7as para lan\u00e7ar \u00e2ncora ou i\u00e7ar uma vela.<\/span><\/p>\n<p style=\"text-align: center;\"><span style=\"color: #000000;\">No entanto, o plano acabou por ser antecipado em alguns anos. Os g\u00e9meos estavam mais velhos, a come\u00e7ar a universidade. A filha mais nova, Joaquina, estava prestes a iniciar o liceu. Todos embarcaram na aventura (embora por vezes desembarcassem num porto apenas para reembarcar alguns meses depois no porto seguinte). A transi\u00e7\u00e3o implicou passar alguns meses no mar, outros em terra (quando o seu trabalho na costa, num restaurante, durante a \u00e9poca alta, permitia estas viagens de ida e volta), at\u00e9 que finalmente decidiram zarpar e comprar o barco grande: um Beneteau Oceanis 473. O \u201cMartini\u201d.<\/span><\/p>\n<p style=\"text-align: center;\"><span style=\"color: #000000;\">\u201cEstamos a navegar pelo Golfo do Panam\u00e1. Vamos em dire\u00e7\u00e3o \u00e0 Costa Rica, passando pela famosa Punta Mala, uma regi\u00e3o conhecida pelas suas ondas fortes e turbulentas. Felizmente, a navega\u00e7\u00e3o tem sido \u00f3tima: escolhemos uma janela de vento que promete uma travessia tranquila e estamos a desfrutar do mar calmo e de uma bela lua\u201d, contaram ao Navegantes Oce\u00e1nicos numa manh\u00e3 soalheira, a partir da costa onde ancoraram \u00e0s primeiras horas da manh\u00e3 de ontem. Ficaram surpreendidos \u2014 e espantados \u2014 quando acordaram, foram at\u00e9 \u00e0 popa e viram a paisagem de mangais e o aroma h\u00famido da selva a pairar ao longo da costa.<\/span><\/p>\n<p style=\"text-align: center;\"><span style=\"color: #000000;\">\u201cEstamos a navegar pelo Golfo do Panam\u00e1 em dire\u00e7\u00e3o \u00e0 Costa Rica, passando pela famosa Punta Mala, uma regi\u00e3o conhecida pelas suas ondas fortes e ondas fortes. Felizmente, a navega\u00e7\u00e3o tem sido tranquila: escolhemos uma janela de vento que promete uma travessia confort\u00e1vel e estamos a desfrutar de mares calmos e de uma bela lua cheia\u201d, disseram ao jornal Navegantes Oce\u00e1nicos numa manh\u00e3 soalheira, a partir da costa onde ancoraram \u00e0s primeiras horas da manh\u00e3 de ontem. Ficaram surpreendidos \u2014 e espantados \u2014 quando acordaram, foram at\u00e9 \u00e0 popa e viram a paisagem de mangais e o aroma h\u00famido da selva a pairar ao longo da costa. O plano para esta viagem \u2014 que est\u00e3o a realizar em parceria com outra fam\u00edlia, El viaje del Bohemia \u2014 inclui continuar at\u00e9 ao Mar de Cortez, chegar \u00e0 Baja California e, talvez alguns anos mais tarde, atravessar para a Polin\u00e9sia Francesa. \u201cA nossa filha mais nova tem 16 anos, est\u00e1 no \u00faltimo ano do liceu e talvez queira estudar Biologia Marinha na Baja California. Pratica mergulho aut\u00f3nomo, pesca submarina e tamb\u00e9m mergulho livre. J\u00e1 pesquis\u00e1mos algumas universidades. Isto tamb\u00e9m determinar\u00e1 o calend\u00e1rio das viagens que faremos nos pr\u00f3ximos anos\u201d.<\/span><\/p>\n<p>[\/et_pb_text][\/et_pb_column][\/et_pb_row][et_pb_row column_structure=&#8221;1_5,3_5,1_5&#8243; _builder_version=&#8221;4.27.5&#8243; _module_preset=&#8221;default&#8221; custom_padding=&#8221;13px||13px|||&#8221; global_colors_info=&#8221;{}&#8221;][et_pb_column type=&#8221;1_5&#8243; _builder_version=&#8221;4.27.5&#8243; _module_preset=&#8221;default&#8221; global_colors_info=&#8221;{}&#8221;][\/et_pb_column][et_pb_column type=&#8221;3_5&#8243; _builder_version=&#8221;4.27.5&#8243; _module_preset=&#8221;default&#8221; global_colors_info=&#8221;{}&#8221;][et_pb_image src=&#8221;https:\/\/navegantesoceanicos.com\/wp-content\/uploads\/2026\/03\/Velero-Sailing-Martini.jpeg&#8221; _builder_version=&#8221;4.27.5&#8243; _module_preset=&#8221;default&#8221; global_colors_info=&#8221;{}&#8221;][\/et_pb_image][\/et_pb_column][et_pb_column type=&#8221;1_5&#8243; _builder_version=&#8221;4.27.5&#8243; _module_preset=&#8221;default&#8221; global_colors_info=&#8221;{}&#8221;][\/et_pb_column][\/et_pb_row][et_pb_row _builder_version=&#8221;4.27.5&#8243; _module_preset=&#8221;default&#8221; global_colors_info=&#8221;{}&#8221;][et_pb_column type=&#8221;4_4&#8243; _builder_version=&#8221;4.27.5&#8243; _module_preset=&#8221;default&#8221; global_colors_info=&#8221;{}&#8221;][et_pb_text admin_label=&#8221;Texto 1 y 2&#8243; _builder_version=&#8221;4.27.5&#8243; _module_preset=&#8221;default&#8221; global_colors_info=&#8221;{}&#8221;]<\/p>\n<h2 style=\"text-align: center;\"><span style=\"color: #081aa3;\"><strong><em>Como come\u00e7aram a navegar? Quais foram os seus prim\u00f3rdios e que recursos possu\u00edam?<\/em><\/strong><\/span><\/h2>\n<p><span style=\"color: #000000;\"><span style=\"color: #e02b20;\"><strong>(Sebasti\u00e1n)\u00a0<\/strong><\/span><\/span><span style=\"color: #000000;\">Nasci em Mendoza e sempre trabalhei como guia de montanha. Adorava o mar e os barcos, mas n\u00e3o tinha acesso a eles (\u00e9 uma prov\u00edncia no sop\u00e9 dos Andes). Mar\u00eda \u00e9 natural de Buenos Aires, mas a sua fam\u00edlia tinha um neg\u00f3cio em Caril\u00f3 (no litoral argentino, na prov\u00edncia de Buenos Aires). Ali\u00e1s, conhecemo-nos numa cavalgada, a Travessia dos Andes, onde eu era o guia dela. Quando decidimos ficar juntos e constituir fam\u00edlia, mud\u00e1mo-nos para o litoral para trabalhar no restaurante da fam\u00edlia dela, pois ela tinha acabado de se formar em economia.<\/span><\/p>\n<p><span style=\"color: #000000;\">Por volta dessa altura, h\u00e1 cerca de 20 anos, come\u00e7\u00e1mos a viajar de Pinamar para Mar del Plata (a cerca de 100 quil\u00f3metros de dist\u00e2ncia) para ela fazer um curso de vela. Tamb\u00e9m \u00edamos e regress\u00e1vamos de Mendoza no nosso pequeno carro com os nossos g\u00e9meos de tr\u00eas anos, a Josefina e o Mateo, at\u00e9 que tivemos um acidente muito grave na estrada. Mar\u00eda sobreviveu por pura sorte; ficou em estado muito grave. Nesta altura, abandon\u00e1mos o curso de timoneiro, mas gost\u00e1vamos muito de mergulhar e come\u00e7\u00e1mos a viajar e a conectar-nos com esta pr\u00e1tica<\/span>.<span style=\"color: #000000;\">.<\/span><\/p>\n<h2 style=\"text-align: center;\"><span style=\"color: #081aa3;\"><strong><em>O que aconteceu a seguir?<\/em><\/strong><\/span><\/h2>\n<p><span style=\"color: #000000;\"><strong><span style=\"color: #e02b20;\">(Sebasti\u00e1n)<\/span><\/strong> Pensamos sempre em voltar a velejar. A dada altura, refiz o percurso e, em 2020, compr\u00e1mos um veleiro de 26 p\u00e9s que estava ancorado em Mar del Plata. \u00cdamos e regress\u00e1vamos aos fins de semana, em pleno inverno, para velejar. Era dif\u00edcil.<\/span><\/p>\n<p><span style=\"color: #000000;\"><span style=\"color: #e02b20;\"><strong>(Mar\u00eda)<\/strong><\/span> Como t\u00ednhamos o restaurante na costa e trabalh\u00e1vamos durante toda a \u00e9poca de ver\u00e3o, com esta carga hor\u00e1ria s\u00f3 pod\u00edamos velejar no pico do inverno. Pass\u00e1vamos frio.<\/span><\/p>\n<p><span style=\"color: #000000;\"><strong><span style=\"color: #e02b20;\">(Sebasti\u00e1n) <\/span><\/strong>A pandemia paralisou o mundo e deu-nos tempo para pensar no que quer\u00edamos fazer. Est\u00e1vamos a trabalhar tanto, o restaurante consumia-nos por completo, todos os dias, a qualquer hora, que definimos uma data: t\u00ednhamos combinado que nos reformar\u00edamos aos 48 anos, com o que tiv\u00e9ssemos ganho at\u00e9 ent\u00e3o, porque a nossa filha mais nova estava a terminar o liceu. O que quer\u00edamos era finalmente realizar aquele sonho de juventude, mesmo vendo a data a aproximar-se\u2026 (risos). N\u00e3o quer\u00edamos chegar aos 60, juntar dinheiro, comprar um barco e depois n\u00e3o ter condi\u00e7\u00f5es f\u00edsicas para levantar a \u00e2ncora. At\u00e9 ent\u00e3o, t\u00ednhamos uma fam\u00edlia convencional, o nosso neg\u00f3cio, uma casa na costa da Argentina e o desejo de explorar e viajar, mas a pandemia ajudou-nos a tomar uma decis\u00e3o.<\/span><\/p>\n<p><span style=\"color: #000000;\">Assim que as fronteiras reabriram, encontr\u00e1mos um barco de 10 metros nas Cara\u00edbas e liguei para a Mar\u00eda (cuja m\u00e3e estava muito doente, numa ambul\u00e2ncia, com COVID). Ela nem sequer abriu o link que enviei e disse:<\/span><\/p>\n<p style=\"text-align: center;\"><span style=\"color: #000000;\"><em><strong><span style=\"color: #2a9118;\">\u201cSim, compre sem hesita\u00e7\u00f5es. Vamos l\u00e1.\u201d<\/span><\/strong><\/em>. <\/span><\/p>\n<p><span style=\"color: #000000;\">Foi o primeiro barco que vimos em San Blas que nos agradou, pertencente a um homem de C\u00f3rdoba que o tinha acabado de colocar \u00e0 venda. Percebemos que ir\u00edamos passar muito mais tempo a bordo daquele barco do que t\u00ednhamos imaginado, mesmo viajando constantemente pela Argentina, de acordo com a esta\u00e7\u00e3o do ano.<\/span><\/p>\n<p>[\/et_pb_text][\/et_pb_column][\/et_pb_row][et_pb_row column_structure=&#8221;1_5,3_5,1_5&#8243; _builder_version=&#8221;4.27.5&#8243; _module_preset=&#8221;default&#8221; custom_padding=&#8221;11px||12px|||&#8221; global_colors_info=&#8221;{}&#8221;][et_pb_column type=&#8221;1_5&#8243; _builder_version=&#8221;4.27.5&#8243; _module_preset=&#8221;default&#8221; global_colors_info=&#8221;{}&#8221;][\/et_pb_column][et_pb_column type=&#8221;3_5&#8243; _builder_version=&#8221;4.27.5&#8243; _module_preset=&#8221;default&#8221; global_colors_info=&#8221;{}&#8221;][et_pb_image src=&#8221;https:\/\/navegantesoceanicos.com\/wp-content\/uploads\/2026\/03\/Achicando-sentinas.jpg&#8221; alt=&#8221;Achicando sentinas&#8221; title_text=&#8221;Sailing Martini. Achicando sentinas&#8221; _builder_version=&#8221;4.27.5&#8243; _module_preset=&#8221;default&#8221; global_colors_info=&#8221;{}&#8221;][\/et_pb_image][\/et_pb_column][et_pb_column type=&#8221;1_5&#8243; _builder_version=&#8221;4.27.5&#8243; _module_preset=&#8221;default&#8221; global_colors_info=&#8221;{}&#8221;][\/et_pb_column][\/et_pb_row][et_pb_row _builder_version=&#8221;4.27.5&#8243; _module_preset=&#8221;default&#8221; global_colors_info=&#8221;{}&#8221;][et_pb_column type=&#8221;4_4&#8243; _builder_version=&#8221;4.27.5&#8243; _module_preset=&#8221;default&#8221; global_colors_info=&#8221;{}&#8221;][et_pb_text admin_label=&#8221;Texto 3 , 4 y 5&#8243; _builder_version=&#8221;4.27.5&#8243; _module_preset=&#8221;default&#8221; global_colors_info=&#8221;{}&#8221;]<\/p>\n<h2 style=\"text-align: center;\"><span style=\"color: #091ca5;\"><strong><em>Como passaram a ser donos deste novo navio? Quais as suas caracter\u00edsticas?<\/em><\/strong><\/span><\/h2>\n<p><span style=\"color: #000000;\"><span style=\"color: #e02b20;\"><strong>(Mar\u00eda)<\/strong><\/span> H\u00e1 dois anos, fomos de Bocas del Toro para San Blas e, como as crian\u00e7as estavam finalmente a passar bastante tempo connosco, rodeadas de amigos, decidimos que precis\u00e1vamos de um barco maior para podermos viajar e navegar com todo o conforto: no Panam\u00e1, compr\u00e1mos este veleiro.<\/span><\/p>\n<p><span style=\"color: #000000;\"><span style=\"color: #e02b20;\"><strong>(Sebasti\u00e1n)<\/strong> <\/span>Sim, est\u00e1vamos \u00e0 procura de barcos em Espanha ou nos Estados Unidos, mas depois surgiu a oportunidade de comprar este barco, o Martini, que pertencia a um amigo nosso. Nessa altura, j\u00e1 est\u00e1vamos em San Blas h\u00e1 tr\u00eas anos, e por isso tamb\u00e9m o prepar\u00e1mos para alugar. Entretanto, decidimos vender o nosso restaurante no litoral da Argentina. Todas as transi\u00e7\u00f5es que fizemos ao longo destes cinco anos trouxeram-nos finalmente at\u00e9 aqui. Porque tudo, desde o nosso objetivo de 48 anos at\u00e9 ao presente, foi antecipado.<\/span><\/p>\n<h2 style=\"text-align: center;\"><span style=\"color: #0930a5;\"><strong><em>Que elementos considera essenciais para as viagens oce\u00e2nicas? Quais s\u00e3o as principais qualidades deste navio?<\/em><\/strong><\/span><\/h2>\n<p><span style=\"color: #000000;\"><strong><span style=\"color: #e02b20;\">(Sebasti\u00e1n)\u00a0<\/span><\/strong><\/span><span style=\"color: #000000;\">Para mim, a seguran\u00e7a \u00e9 inegoci\u00e1vel. Sou bastante obcecado por tudo; estudo cada detalhe a fundo. Tenho muita experi\u00eancia em seguran\u00e7a adquirida nas expedi\u00e7\u00f5es que realizei profissionalmente, com condi\u00e7\u00f5es meteorol\u00f3gicas que devem ser tidas em conta tanto na montanha como no mar. A prepara\u00e7\u00e3o, a meteorologia, os procedimentos de seguran\u00e7a, como gerir os riscos \u2014 tudo \u00e9 muito semelhante.<\/span><\/p>\n<p><span style=\"color: #000000;\">O Martini \u00e9 um Beneteau 473 de 2004. Nos dois anos que passaram desde que o compr\u00e1mos, dedic\u00e1mo-nos a equip\u00e1-lo, sabendo o que precis\u00e1vamos para as travessias e o que esper\u00e1vamos deste barco: mud\u00e1mos as velas, compr\u00e1mos um dessalinizador e gost\u00e1mos muito do facto de a popa ser aberta, pois pass\u00e1mos muito tempo dentro de \u00e1gua \u2014 a pescar, a praticar windfoil, mergulho livre, enfim, um pouco de tudo. \u00c9 um barco muito robusto; navega muito bem. E, claro, h\u00e1 o conforto. Antigamente, no nosso outro veleiro, recolh\u00edamos a \u00e1gua da chuva, e era poss\u00edvel viver perfeitamente bem, mas obviamente, acrescentar conforto torna tudo melhor. Mas n\u00e3o \u00e9 um fator determinante.<\/span><span style=\"color: #000000;\">.<\/span><\/p>\n<h2 style=\"text-align: center;\"><span style=\"color: #0a2dad;\"><strong><em>Quais as caracter\u00edsticas deste navio para esta viagem?<\/em><\/strong><\/span><\/h2>\n<p><span style=\"color: #000000;\"><span style=\"color: #e02b20;\"><strong>(Mar\u00eda)<\/strong><\/span> Foi uma grande mudan\u00e7a passar de um barco de 34 p\u00e9s para um de 47 p\u00e9s. Mexe-se menos, tudo \u00e9 mais confort\u00e1vel. No barco de 34 p\u00e9s, tudo era manual; nem sequer t\u00ednhamos um guincho el\u00e9trico. Aquele barco foi um \u00f3timo campo de treino. Era um barco dos anos 80 que navegava muito contra o vento; foi constru\u00eddo para adernar. Tornava-se muito irritante com ondas grandes. Agora sentimo-nos como se estiv\u00e9ssemos num navio de cruzeiro. Temos quatro cabines, duas casas de banho, uma popa espa\u00e7osa, \u00e9 super calmo e sentimo-nos muito seguros. Al\u00e9m disso, aqui nas Cara\u00edbas, se alguma coisa se avaria e se liga a algu\u00e9m, dizem que v\u00eam amanh\u00e3, mas s\u00f3 chegam durante tr\u00eas meses. \u00c9 preciso tentar ser auto-suficiente em tudo, porque uma das nossas velas avariou e tivemos de a coser toda de novo com um gerador e uma pequena m\u00e1quina.<\/span><\/p>\n<p><span style=\"color: #000000;\"><strong><span style=\"color: #e02b20;\">(Sebasti\u00e1n)<\/span><\/strong> Nas Cara\u00edbas do Sul, tamb\u00e9m aprendemos muito, pois o mar \u00e9 bastante agitado. Quando os ventos al\u00edsios aumentam e as ondas se tornam grandes, as condi\u00e7\u00f5es tornam-se dif\u00edceis. Da costa colombiana at\u00e9 Bocas del Toro, onde costum\u00e1vamos navegar, h\u00e1 ondas grandes, correntes cruzadas e ventos fortes. Outra coisa \u00e9 que somos bastante obcecados com a manuten\u00e7\u00e3o, o que \u00e9 essencial para os locais isolados onde gostamos de estar: fizemos tudo, desde os toldos aos guarda-s\u00f3is, atualiz\u00e1mos todo o sistema el\u00e9trico. Parecem coisas muito caras, mas como estud\u00e1mos e fizemos n\u00f3s, n\u00e3o foi assim t\u00e3o mau. Penso que ter as ferramentas e algum conhecimento d\u00e1 muita confian\u00e7a e independ\u00eancia. Agora que regress\u00e1mos ao mar, vimos que o barco est\u00e1 muito bem preparado e muito confort\u00e1vel para uma navega\u00e7\u00e3o agrad\u00e1vel.<\/span><\/p>\n<p>[\/et_pb_text][\/et_pb_column][\/et_pb_row][et_pb_row column_structure=&#8221;1_2,1_2&#8243; _builder_version=&#8221;4.27.5&#8243; _module_preset=&#8221;default&#8221; custom_padding=&#8221;14px|||||&#8221; global_colors_info=&#8221;{}&#8221;][et_pb_column type=&#8221;1_2&#8243; _builder_version=&#8221;4.27.5&#8243; _module_preset=&#8221;default&#8221; global_colors_info=&#8221;{}&#8221;][et_pb_video src=&#8221;https:\/\/navegantesoceanicos.com\/wp-content\/uploads\/2026\/03\/Trimado-al-anochecer.mov&#8221; _builder_version=&#8221;4.27.5&#8243; _module_preset=&#8221;default&#8221; global_colors_info=&#8221;{}&#8221;][\/et_pb_video][\/et_pb_column][et_pb_column type=&#8221;1_2&#8243; _builder_version=&#8221;4.27.5&#8243; _module_preset=&#8221;default&#8221; global_colors_info=&#8221;{}&#8221;][et_pb_video src=&#8221;https:\/\/navegantesoceanicos.com\/wp-content\/uploads\/2026\/03\/Vida-a-bordo-navegando.mov&#8221; _builder_version=&#8221;4.27.5&#8243; _module_preset=&#8221;default&#8221; global_colors_info=&#8221;{}&#8221;][\/et_pb_video][\/et_pb_column][\/et_pb_row][et_pb_row _builder_version=&#8221;4.27.5&#8243; _module_preset=&#8221;default&#8221; global_colors_info=&#8221;{}&#8221;][et_pb_column type=&#8221;4_4&#8243; _builder_version=&#8221;4.27.5&#8243; _module_preset=&#8221;default&#8221; global_colors_info=&#8221;{}&#8221;][et_pb_text admin_label=&#8221;Texto 6 y 7&#8243; _builder_version=&#8221;4.27.5&#8243; _module_preset=&#8221;default&#8221; global_colors_info=&#8221;{}&#8221;]<\/p>\n<h2 style=\"text-align: center;\"><span style=\"color: #0916a5;\"><strong><em>Mas certamente que tamb\u00e9m tiveram experi\u00eancias menos felizes&#8230;<\/em><\/strong><\/span><\/h2>\n<p><span style=\"color: #000000;\"><strong><span style=\"color: #e02b20;\">(Sebasti\u00e1n)<\/span><\/strong> Sim, certa noite, enquanto atravess\u00e1vamos o Canal do Panam\u00e1 com todos aqueles navios de grande porte, o nosso motor avariou. Era um problema cl\u00e1ssico com o filtro e o combust\u00edvel diesel, mas n\u00e3o sab\u00edamos disso. \u00c9ramos tr\u00eas a bordo. Pass\u00e1mos por momentos dif\u00edceis. Ontem, por exemplo, fic\u00e1mos sem piloto autom\u00e1tico, e agora n\u00e3o me preocupo tanto com isso porque temos mais experi\u00eancia, ou melhor, \u00e9 mais natural descobrir como reparar para podermos continuar. O que sabemos \u00e9 que \u00e9 necess\u00e1rio ter o motor e as velas em boas condi\u00e7\u00f5es de funcionamento, bem como eletricidade e \u00e1gua. Isso \u00e9 essencial. Nas Cara\u00edbas, tamb\u00e9m n\u00e3o tivemos grandes problemas, porque onde est\u00e1vamos n\u00e3o h\u00e1 furac\u00f5es nem mar\u00e9s altas ou baixas, mas h\u00e1 tempestades muito violentas com rel\u00e2mpagos (o que \u00e9 muito comum). Pass\u00e1mos por noites com tempestades el\u00e9tricas muito fortes, em que todos os barcos foram atingidos por raios.<\/span><\/p>\n<p><span style=\"color: #000000;\"><span style=\"color: #e02b20;\"><strong>(Mar\u00eda)<\/strong><\/span> Ter acesso \u00e0 internet a toda a hora tamb\u00e9m mudou muita coisa para n\u00f3s. Porque pode pesquisar qualquer coisa, at\u00e9 mesmo para fins de seguran\u00e7a.<\/span><\/p>\n<p><span style=\"color: #000000;\"><span style=\"color: #e02b20;\"><strong>(Sebasti\u00e1n)<\/strong><\/span> Acho que o Starlink mudou tudo. Sem ele, ter\u00edamos de esperar mais um pouco, porque n\u00e3o ter\u00edamos escola nem a comunica\u00e7\u00e3o com os nossos filhos, que \u00e9 t\u00e3o importante nesta fase em que est\u00e3o em terra firme. Teria sido imposs\u00edvel sem essa possibilidade. Acho que abriu as portas a este tipo de vida para muitas pessoas.\u2026<\/span><\/p>\n<h2 style=\"text-align: center;\"><span style=\"color: #0916a3;\"><strong><em>\u00c9 uma vida cara?<\/em><\/strong><\/span><\/h2>\n<p><span style=\"color: #000000;\"><span style=\"color: #e02b20;\"><strong>(Mar\u00eda)<\/strong><\/span> N\u00e3o, de todo. Vivemos aqui de forma muito frugal; n\u00e3o gastamos dinheiro em nada. O dinheiro n\u00e3o \u00e9 assim t\u00e3o importante. Ali\u00e1s, h\u00e1 pessoas a dar a volta ao mundo pela segunda vez num barquinho, enquanto outros o fazem num navio de cruzeiro gigante. O custo de vida \u00e9 infinitamente mais baixo do que, por exemplo, numa casa com impostos, se pagar a escola, o gin\u00e1sio, o carro, a gasolina. Uma vez fizemos as contas: se sa\u00edssemos de casa no inverno, ter\u00edamos dinheiro suficiente para viver no barco sem trabalhar. Obviamente, t\u00ednhamos este trabalho durante a \u00e9poca alta e fech\u00e1mos a loja para vir para aqui e velejar durante todo o inverno.<\/span><\/p>\n<p><span style=\"color: #000000;\">Agora temos de repensar como continuar sem o restaurante e financiar este estilo de vida bastante austero. Na cidade, gastamos muito mais dinheiro do que aqui, onde quase n\u00e3o h\u00e1 onde comer. Para come\u00e7ar, ficamos doentes com mais frequ\u00eancia em terra firme (risos). Tamb\u00e9m comemos muito do que est\u00e1 dispon\u00edvel, restos, coisas que se podem estragar, n\u00e3o o que realmente queremos. At\u00e9 muito do que pescamos. \u00c9 por isso que, a dada altura, \u00e9 preciso arriscar, n\u00e3o ficar sempre na fase do &#8220;vamos l\u00e1&#8221;.<\/span><\/p>\n<p>[\/et_pb_text][\/et_pb_column][\/et_pb_row][et_pb_row column_structure=&#8221;1_5,3_5,1_5&#8243; _builder_version=&#8221;4.27.5&#8243; _module_preset=&#8221;default&#8221; custom_padding=&#8221;13px||13px|||&#8221; global_colors_info=&#8221;{}&#8221;][et_pb_column type=&#8221;1_5&#8243; _builder_version=&#8221;4.27.5&#8243; _module_preset=&#8221;default&#8221; global_colors_info=&#8221;{}&#8221;][\/et_pb_column][et_pb_column type=&#8221;3_5&#8243; _builder_version=&#8221;4.27.5&#8243; _module_preset=&#8221;default&#8221; global_colors_info=&#8221;{}&#8221;][et_pb_video src=&#8221;https:\/\/navegantesoceanicos.com\/wp-content\/uploads\/2026\/03\/Velero-Martini-navegando.mov&#8221; _builder_version=&#8221;4.27.5&#8243; _module_preset=&#8221;default&#8221; global_colors_info=&#8221;{}&#8221;][\/et_pb_video][\/et_pb_column][et_pb_column type=&#8221;1_5&#8243; _builder_version=&#8221;4.27.5&#8243; _module_preset=&#8221;default&#8221; global_colors_info=&#8221;{}&#8221;][\/et_pb_column][\/et_pb_row][et_pb_row _builder_version=&#8221;4.27.5&#8243; _module_preset=&#8221;default&#8221; global_colors_info=&#8221;{}&#8221;][et_pb_column type=&#8221;4_4&#8243; _builder_version=&#8221;4.27.5&#8243; _module_preset=&#8221;default&#8221; global_colors_info=&#8221;{}&#8221;][et_pb_text admin_label=&#8221;Texto 8 y 9&#8243; _builder_version=&#8221;4.27.5&#8243; _module_preset=&#8221;default&#8221; global_colors_info=&#8221;{}&#8221;]<\/p>\n<h2 style=\"text-align: center;\"><span style=\"color: #081fa3;\"><strong><em>Que mudan\u00e7as notaram ao atravessar do Atl\u00e2ntico para o Pac\u00edfico? <\/em><\/strong><\/span><\/h2>\n<p><span style=\"color: #000000;\"><span style=\"color: #e02b20;\"><strong>(Sebasti\u00e1n)\u00a0<\/strong><\/span><\/span><span style=\"color: #000000;\">Ultimamente, estamos maravilhados com todas estas mudan\u00e7as, vendo tudo pela primeira vez, porque \u00e9 tudo muito diferente. A vida marinha: a paisagem, os animais, o mar, a forma como navegamos \u2014 \u00e9 realmente bonita. H\u00e1 dois dias, est\u00e1vamos numa ilha seca, com cactos, nada, e agora estamos numa costa repleta de mangais, aves e macacos. Cheg\u00e1mos ontem \u00e0 noite e nem sab\u00edamos onde est\u00e1vamos; esta manh\u00e3, acord\u00e1mos e n\u00e3o nos consegu\u00edamos lembrar. \u00c9 tudo t\u00e3o deslumbrante.<\/span><\/p>\n<p><span style=\"color: #000000;\">H\u00e1 tr\u00eas dias, fomos a um rio de \u00e1gua doce. N\u00e3o sei, est\u00e1 sempre a mudar. Apercebi-me ontem \u00e0 noite que est\u00e1vamos na selva, porque at\u00e9 o cheiro mudou com a humidade. Experiment\u00e1mos isto nas Ilhas Baleares agora, depois de passar dois meses em Espanha, mas isto \u00e9 espetacular porque adoramos mesmo o selvagem, o tropical.<\/span><\/p>\n<h2 style=\"text-align: center;\"><span style=\"color: #000000;\"><span style=\"color: #09249e;\"><strong><em>Ao contr\u00e1rio de outras fam\u00edlias que vivem e navegam em barcos com crian\u00e7as pequenas, t\u00eam filhos adolescentes ou jovens adultos. Como lidam com isso? <\/em><\/strong><\/span><\/span><\/h2>\n<p><span style=\"color: #000000;\"><strong><span style=\"color: #e02b20;\">(Mar\u00eda)\u00a0<\/span><\/strong>No in\u00edcio, quando come\u00e7\u00e1mos, as crian\u00e7as estavam entusiasmadas com a aventura. Mas, no in\u00edcio, n\u00e3o era assim t\u00e3o f\u00e1cil lev\u00e1-las para o mar sem que se queixassem. As mais velhas estavam a come\u00e7ar a universidade e, com a Joaquina, precis\u00e1vamos de pedir autoriza\u00e7\u00e3o \u00e0 escola para a levar durante um ou dois meses. Est\u00e1vamos constantemente a entrar e a sair. H\u00e1 dois anos, come\u00e7ou a estudar em casa porque adora a vida marinha, mas tamb\u00e9m por causa do seu estilo de vida t\u00edpico de adolescente. Assim, ela passa l\u00e1 algum tempo e aqui algum tempo, fazendo algumas viagens connosco e regressando \u00e0 Argentina noutras ocasi\u00f5es. Plane\u00e1vamos continuar assim at\u00e9 que ela estivesse preparada, porque o plano era tamb\u00e9m faz\u00ea-lo quando se tornassem independentes. N\u00e3o quer\u00edamos ficar presos em casa a ver filmes (risos).<\/span><\/p>\n<p><span style=\"color: #000000;\">No entanto, tudo se encaixou e aconteceu um pouco mais r\u00e1pido do que o esperado. Aconteceu um pouco antes do previsto, quase cinco anos de transi\u00e7\u00f5es, sabendo que ter\u00edamos de abandonar o plano se ela n\u00e3o quisesse continuar esta vida a bordo ou se decidisse estudar medicina. Por exemplo, viajou para se encontrar com os amigos da antiga escola na UPC (uma celebra\u00e7\u00e3o para celebrar o \u00faltimo primeiro dia de aulas na escola) e escolheu a nossa casa como local, o que significa que me pediu para chegar tr\u00eas dias depois para organizar tudo (risos).<\/span><\/p>\n<p><span style=\"color: #000000;\"><span style=\"color: #e02b20;\"><strong>(Sebasti\u00e1n)<\/strong><\/span> No final, todos acabaram por passar muito mais tempo connosco do que inicialmente esper\u00e1vamos, e por isso decidimos aumentar o n\u00famero de pessoas no barco. Ali\u00e1s, o Mateo est\u00e1 connosco agora, a fazer esta etapa da viagem. Aterrar\u00e1 no sul do M\u00e9xico ou na Costa Rica, uma vez que est\u00e1 a terminar a universidade em Mar del Plata. A Josefina est\u00e1 a terminar a universidade em Mendoza. A Joaquina tem 16 anos e est\u00e1 a terminar o \u00faltimo ano do liceu. No ano passado, fez quest\u00e3o de ir \u00e0s festas de quinze anos das amigas, e o seu \u00faltimo primeiro dia de aulas no liceu, compreensivelmente, foi um pouco ca\u00f3tico. Mas, ao mesmo tempo, ela adora a natureza. Agora ela quer estudar Biologia Marinha na universidade, e foi por isso que fomos para a Baja California para ver se consegu\u00edamos passar l\u00e1 alguns anos at\u00e9 ela se adaptar e depois continuar a nossa pr\u00f3pria viagem.<\/span><\/p>\n<p>[\/et_pb_text][\/et_pb_column][\/et_pb_row][et_pb_row column_structure=&#8221;2_5,3_5&#8243; _builder_version=&#8221;4.27.5&#8243; _module_preset=&#8221;default&#8221; global_colors_info=&#8221;{}&#8221; custom_padding=&#8221;12px|||||&#8221;][et_pb_column type=&#8221;2_5&#8243; _builder_version=&#8221;4.27.5&#8243; _module_preset=&#8221;default&#8221; global_colors_info=&#8221;{}&#8221;][et_pb_image src=&#8221;https:\/\/navegantesoceanicos.com\/wp-content\/uploads\/2026\/03\/preparativos-scaled.jpeg&#8221; alt=&#8221;preparativos&#8221; title_text=&#8221;Sailing Martini. preparativos&#8221; _builder_version=&#8221;4.27.5&#8243; _module_preset=&#8221;default&#8221; global_colors_info=&#8221;{}&#8221;][\/et_pb_image][\/et_pb_column][et_pb_column type=&#8221;3_5&#8243; _builder_version=&#8221;4.27.5&#8243; _module_preset=&#8221;default&#8221; global_colors_info=&#8221;{}&#8221;][et_pb_image src=&#8221;https:\/\/navegantesoceanicos.com\/wp-content\/uploads\/2026\/03\/relax-a-bordo.jpeg&#8221; alt=&#8221;Screenshot&#8221; title_text=&#8221;Screenshot&#8221; _builder_version=&#8221;4.27.5&#8243; _module_preset=&#8221;default&#8221; global_colors_info=&#8221;{}&#8221;][\/et_pb_image][\/et_pb_column][\/et_pb_row][et_pb_row _builder_version=&#8221;4.27.5&#8243; _module_preset=&#8221;default&#8221; global_colors_info=&#8221;{}&#8221; custom_padding=&#8221;||16px|||&#8221;][et_pb_column type=&#8221;4_4&#8243; _builder_version=&#8221;4.27.5&#8243; _module_preset=&#8221;default&#8221; global_colors_info=&#8221;{}&#8221;][et_pb_text admin_label=&#8221;Texto 10 y 11&#8243; _builder_version=&#8221;4.27.5&#8243; _module_preset=&#8221;default&#8221; global_colors_info=&#8221;{}&#8221;]<\/p>\n<h2 style=\"text-align: center;\"><span style=\"color: #0a12aa;\"><strong><em>Qual seria, ent\u00e3o, a situa\u00e7\u00e3o ideal para viver a bordo com uma fam\u00edlia?<\/em><\/strong><\/span><\/h2>\n<p><span style=\"color: #000000;\"><span style=\"color: #e02b20;\"><strong>(Sebasti\u00e1n)<\/strong><\/span> Idealmente, ter\u00edamos tido as crian\u00e7as mais novas a bordo, porque \u00e9 verdade que n\u00e3o vemos barcos a navegar com adolescentes; precisam dos seus pares, do seu pr\u00f3prio espa\u00e7o. A Joaquina estava sempre com os mais velhos ou a tomar conta dos mais novos. Ao longo dos anos, temos conhecido muitas fam\u00edlias com filhos em idade escolar, quer virtualmente, quer presencialmente, habituados \u00e0 vida no mar, que vivem bem no barco, mas que aos 12 ou 13 anos j\u00e1 querem ir para a escola por raz\u00f5es sociais. \u00c9 vital. Estava a tentar lembrar-me de como foi o meu \u00faltimo ano de liceu e, de repente, todo o meu mundo girava em torno dos meus amigos e da escola.<\/span><\/p>\n<p><span style=\"color: #000000;\"><span style=\"color: #e02b20;\"><strong>(Mar\u00eda)<\/strong><\/span> Penso que foi ela que nos guiou at\u00e9 aqui. Agora que est\u00e1 a terminar o liceu, acho que ela tem uma vis\u00e3o mais clara do que quer fazer. Ainda ontem fal\u00e1mos com ela \u2014 est\u00e1 na Argentina at\u00e9 ao pr\u00f3ximo m\u00eas \u2014 porque est\u00e1vamos a contar-lhe sobre as baleias e os golfinhos que vimos aqui, e ela n\u00e3o parava de dizer: &#8220;Quero muito voltar para l\u00e1&#8221;. Tamb\u00e9m pratica pesca submarina, mergulho livre \u2014 toda esta vida \u00e9 ideal para ela, porque se fosse uma adolescente t\u00edpica, n\u00e3o seria t\u00e3o natural.<\/span><\/p>\n<h2 style=\"text-align: center;\"><span style=\"color: #070f9b;\"><strong><em>Quais s\u00e3o os seus pr\u00f3ximos planos? Vai ficar na Baja California?<\/em><\/strong><\/span><\/h2>\n<p><span style=\"color: #000000;\"><span style=\"color: #e02b20;\"><strong>(Sebasti\u00e1n)<\/strong><\/span> O plano \u00e9 ir para a Baja California e, mais tarde, quando a Joaquina estiver l\u00e1 instalada, daqui a um ou dois anos, seguir para a Polin\u00e9sia. H\u00e1 l\u00e1 uma universidade estatal \u00e0 qual nos queremos candidatar, porque tamb\u00e9m quer estudar Biologia Marinha, a pensar em todos os animais que l\u00e1 viu. Dizem que a Baja \u00e9 muito grande, perfeita para explorar e tamb\u00e9m para criar la\u00e7os com outras fam\u00edlias e barcos de amigos que fomos conhecendo ao longo dos anos. Precisamos de l\u00e1 chegar antes de maio, que \u00e9 quando come\u00e7a a \u00e9poca dos furac\u00f5es. <\/span><\/p>\n<p><span style=\"color: #000000;\">Depois disso, imaginamos continuar a navegar. Gostar\u00edamos (daqui a uns anos), se tivermos oportunidade ou se surgir a possibilidade, de ter tamb\u00e9m um catamar\u00e3 para viver a bordo a tempo inteiro quando formos mais velhos. Se acabar por viver l\u00e1 permanentemente e ele se tornar a minha casa, acho que ser\u00e1 mais confort\u00e1vel para navegar ou ancorar dessa forma. H\u00e1 alguns anos, n\u00e3o t\u00ednhamos tempo, dinheiro ou este estilo de vida: cheg\u00e1mos at\u00e9 aqui a sonhar, e n\u00e3o temos nada a perder ao pensar nestas novas possibilidades.<\/span><\/p>\n<p>[\/et_pb_text][et_pb_image src=&#8221;https:\/\/navegantesoceanicos.com\/wp-content\/uploads\/2026\/03\/Velero-Martini.jpg&#8221; _builder_version=&#8221;4.27.5&#8243; _module_preset=&#8221;default&#8221; global_colors_info=&#8221;{}&#8221;][\/et_pb_image][\/et_pb_column][\/et_pb_row][et_pb_row _builder_version=&#8221;4.27.5&#8243; _module_preset=&#8221;default&#8221; global_colors_info=&#8221;{}&#8221;][et_pb_column type=&#8221;4_4&#8243; _builder_version=&#8221;4.27.5&#8243; _module_preset=&#8221;default&#8221; global_colors_info=&#8221;{}&#8221;][et_pb_text admin_label=&#8221;Texto enlaces&#8221; _builder_version=&#8221;4.27.5&#8243; _module_preset=&#8221;default&#8221; global_colors_info=&#8221;{}&#8221;]<\/p>\n<h2 style=\"text-align: center;\"><span style=\"color: #ff0000;\"><strong>Links: <\/strong><\/span><\/h2>\n<p style=\"text-align: center;\"><span style=\"color: #000000;\"><strong>Sailing Martini: <\/strong><a style=\"color: #000000;\" href=\"https:\/\/www.instagram.com\/sailing.martini\/\">https:\/\/www.instagram.com\/sailing.martini\/<\/a><\/span><\/p>\n<p>[\/et_pb_text][et_pb_divider divider_weight=&#8221;3px&#8221; _builder_version=&#8221;4.27.5&#8243; _module_preset=&#8221;default&#8221; global_colors_info=&#8221;{}&#8221;][\/et_pb_divider][et_pb_text admin_label=&#8221;Texto agradecimiento&#8221; _builder_version=&#8221;4.27.5&#8243; _module_preset=&#8221;default&#8221; global_colors_info=&#8221;{}&#8221;]<\/p>\n<p style=\"text-align: center;\"><span style=\"color: #000000;\">Da revista &#8220;Navegantes Oce\u00e1nicos&#8221;, agradecemos a Mar\u00eda e Sebasti\u00e1n a colabora\u00e7\u00e3o nesta interessante entrevista, na qual partilharam as suas experi\u00eancias de vida a bordo de um veleiro com o projeto Sailing Martini.<\/span><\/p>\n<p style=\"text-align: center;\"><span style=\"color: #000000;\">Desejamos-lhes muita sorte no futuro, bons ventos e mares tranquilos!<\/span><\/p>\n<p>[\/et_pb_text][et_pb_image src=&#8221;https:\/\/navegantesoceanicos.com\/wp-content\/uploads\/2022\/09\/proteccion-web-con-ISSN.jpg&#8221; title_text=&#8221;protecci\u00f3n web con ISSN&#8221; _builder_version=&#8221;4.27.5&#8243; _module_preset=&#8221;default&#8221; global_colors_info=&#8221;{}&#8221;][\/et_pb_image][\/et_pb_column][\/et_pb_row][\/et_pb_section]<\/p>\n","protected":false},"excerpt":{"rendered":"<p>Um casal argentino, Mar\u00eda Minuto e Sebasti\u00e1n Spigolon, deixou as suas vidas em terra firme para navegar pelas Cara\u00edbas: depois de alguns anos em San Blas, aventuraram-se at\u00e9 \u00e0 Baja California e planeiam \u2014 no futuro \u2014 chegar \u00e0 Polin\u00e9sia. Hoje, a partir do Golfo do Panam\u00e1, no Pac\u00edfico, contam-nos como come\u00e7ou esta aventura com os seus tr\u00eas filhos adolescentes.<\/p>\n","protected":false},"author":831,"featured_media":46458,"comment_status":"open","ping_status":"open","sticky":false,"template":"","format":"standard","meta":{"_et_pb_use_builder":"on","_et_pb_old_content":"","_et_gb_content_width":"","footnotes":"","_wp_rev_ctl_limit":"2"},"categories":[208],"tags":[],"class_list":["post-46498","post","type-post","status-publish","format-standard","has-post-thumbnail","hentry","category-entrevistas-com-os-navegantes","et-has-post-format-content","et_post_format-et-post-format-standard"],"yoast_head":"<!-- This site is optimized with the Yoast SEO plugin v27.4 - https:\/\/yoast.com\/product\/yoast-seo-wordpress\/ -->\n<title>A viagem de Sailing Martini: uma viagem pelas Cara\u00edbas em busca de sonhos - Navegantes Oce\u00e1nicos<\/title>\n<meta name=\"description\" content=\"Navegantes oce\u00e1nicos, web con contenidos para apasionados por la mar, tripulantes, regatistas, patrones o armadores.\" \/>\n<meta name=\"robots\" content=\"index, follow, max-snippet:-1, max-image-preview:large, max-video-preview:-1\" \/>\n<link rel=\"canonical\" href=\"https:\/\/navegantesoceanicos.com\/pt-pt\/a-viagem-de-sailing-martini-uma-viagem-pelas-caraibas-em-busca-de-sonhos\/\" \/>\n<meta property=\"og:locale\" content=\"pt_PT\" \/>\n<meta property=\"og:type\" content=\"article\" \/>\n<meta property=\"og:title\" content=\"A viagem de Sailing Martini: uma viagem pelas Cara\u00edbas em busca de sonhos - Navegantes Oce\u00e1nicos\" \/>\n<meta property=\"og:description\" content=\"Navegantes oce\u00e1nicos, web con contenidos para apasionados por la mar, tripulantes, regatistas, patrones o armadores.\" \/>\n<meta property=\"og:url\" content=\"https:\/\/navegantesoceanicos.com\/pt-pt\/a-viagem-de-sailing-martini-uma-viagem-pelas-caraibas-em-busca-de-sonhos\/\" \/>\n<meta property=\"og:site_name\" content=\"Navegantes Oce\u00e1nicos\" \/>\n<meta property=\"article:publisher\" content=\"https:\/\/www.facebook.com\/Navegantes-Oce%c3%a1nicos-112578593494698\" \/>\n<meta property=\"article:published_time\" content=\"2026-03-12T11:08:06+00:00\" \/>\n<meta property=\"article:modified_time\" content=\"2026-03-12T19:13:10+00:00\" \/>\n<meta property=\"og:image\" content=\"https:\/\/navegantesoceanicos.com\/wp-content\/uploads\/2026\/03\/Maria-y-Sebastian-scaled.jpeg\" \/>\n\t<meta property=\"og:image:width\" content=\"2560\" \/>\n\t<meta property=\"og:image:height\" content=\"1152\" \/>\n\t<meta property=\"og:image:type\" content=\"image\/jpeg\" \/>\n<meta name=\"author\" content=\"Tamara Smerling\" \/>\n<meta name=\"twitter:label1\" content=\"Escrito por\" \/>\n\t<meta name=\"twitter:data1\" content=\"Tamara Smerling\" \/>\n\t<meta name=\"twitter:label2\" content=\"Tempo estimado de leitura\" \/>\n\t<meta name=\"twitter:data2\" content=\"16 minutos\" \/>\n<script type=\"application\/ld+json\" class=\"yoast-schema-graph\">{\"@context\":\"https:\\\/\\\/schema.org\",\"@graph\":[{\"@type\":\"Article\",\"@id\":\"https:\\\/\\\/navegantesoceanicos.com\\\/pt-pt\\\/a-viagem-de-sailing-martini-uma-viagem-pelas-caraibas-em-busca-de-sonhos\\\/#article\",\"isPartOf\":{\"@id\":\"https:\\\/\\\/navegantesoceanicos.com\\\/pt-pt\\\/a-viagem-de-sailing-martini-uma-viagem-pelas-caraibas-em-busca-de-sonhos\\\/\"},\"author\":{\"name\":\"Tamara Smerling\",\"@id\":\"https:\\\/\\\/navegantesoceanicos.com\\\/pt-pt\\\/#\\\/schema\\\/person\\\/37ba732a8f452d99dd0f97716e4ab614\"},\"headline\":\"A viagem de Sailing Martini: uma viagem pelas Cara\u00edbas em busca de sonhos\",\"datePublished\":\"2026-03-12T11:08:06+00:00\",\"dateModified\":\"2026-03-12T19:13:10+00:00\",\"mainEntityOfPage\":{\"@id\":\"https:\\\/\\\/navegantesoceanicos.com\\\/pt-pt\\\/a-viagem-de-sailing-martini-uma-viagem-pelas-caraibas-em-busca-de-sonhos\\\/\"},\"wordCount\":4446,\"commentCount\":0,\"publisher\":{\"@id\":\"https:\\\/\\\/navegantesoceanicos.com\\\/pt-pt\\\/#organization\"},\"image\":{\"@id\":\"https:\\\/\\\/navegantesoceanicos.com\\\/pt-pt\\\/a-viagem-de-sailing-martini-uma-viagem-pelas-caraibas-em-busca-de-sonhos\\\/#primaryimage\"},\"thumbnailUrl\":\"https:\\\/\\\/navegantesoceanicos.com\\\/wp-content\\\/uploads\\\/2026\\\/03\\\/Maria-y-Sebastian-scaled.jpeg\",\"articleSection\":[\"entrevistas com os navegantes\"],\"inLanguage\":\"pt-PT\",\"potentialAction\":[{\"@type\":\"CommentAction\",\"name\":\"Comment\",\"target\":[\"https:\\\/\\\/navegantesoceanicos.com\\\/pt-pt\\\/a-viagem-de-sailing-martini-uma-viagem-pelas-caraibas-em-busca-de-sonhos\\\/#respond\"]}]},{\"@type\":\"WebPage\",\"@id\":\"https:\\\/\\\/navegantesoceanicos.com\\\/pt-pt\\\/a-viagem-de-sailing-martini-uma-viagem-pelas-caraibas-em-busca-de-sonhos\\\/\",\"url\":\"https:\\\/\\\/navegantesoceanicos.com\\\/pt-pt\\\/a-viagem-de-sailing-martini-uma-viagem-pelas-caraibas-em-busca-de-sonhos\\\/\",\"name\":\"A viagem de Sailing Martini: uma viagem pelas Cara\u00edbas em busca de sonhos - Navegantes Oce\u00e1nicos\",\"isPartOf\":{\"@id\":\"https:\\\/\\\/navegantesoceanicos.com\\\/pt-pt\\\/#website\"},\"primaryImageOfPage\":{\"@id\":\"https:\\\/\\\/navegantesoceanicos.com\\\/pt-pt\\\/a-viagem-de-sailing-martini-uma-viagem-pelas-caraibas-em-busca-de-sonhos\\\/#primaryimage\"},\"image\":{\"@id\":\"https:\\\/\\\/navegantesoceanicos.com\\\/pt-pt\\\/a-viagem-de-sailing-martini-uma-viagem-pelas-caraibas-em-busca-de-sonhos\\\/#primaryimage\"},\"thumbnailUrl\":\"https:\\\/\\\/navegantesoceanicos.com\\\/wp-content\\\/uploads\\\/2026\\\/03\\\/Maria-y-Sebastian-scaled.jpeg\",\"datePublished\":\"2026-03-12T11:08:06+00:00\",\"dateModified\":\"2026-03-12T19:13:10+00:00\",\"description\":\"Navegantes oce\u00e1nicos, web con contenidos para apasionados por la mar, tripulantes, regatistas, patrones o armadores.\",\"breadcrumb\":{\"@id\":\"https:\\\/\\\/navegantesoceanicos.com\\\/pt-pt\\\/a-viagem-de-sailing-martini-uma-viagem-pelas-caraibas-em-busca-de-sonhos\\\/#breadcrumb\"},\"inLanguage\":\"pt-PT\",\"potentialAction\":[{\"@type\":\"ReadAction\",\"target\":[\"https:\\\/\\\/navegantesoceanicos.com\\\/pt-pt\\\/a-viagem-de-sailing-martini-uma-viagem-pelas-caraibas-em-busca-de-sonhos\\\/\"]}]},{\"@type\":\"ImageObject\",\"inLanguage\":\"pt-PT\",\"@id\":\"https:\\\/\\\/navegantesoceanicos.com\\\/pt-pt\\\/a-viagem-de-sailing-martini-uma-viagem-pelas-caraibas-em-busca-de-sonhos\\\/#primaryimage\",\"url\":\"https:\\\/\\\/navegantesoceanicos.com\\\/wp-content\\\/uploads\\\/2026\\\/03\\\/Maria-y-Sebastian-scaled.jpeg\",\"contentUrl\":\"https:\\\/\\\/navegantesoceanicos.com\\\/wp-content\\\/uploads\\\/2026\\\/03\\\/Maria-y-Sebastian-scaled.jpeg\",\"width\":2560,\"height\":1152},{\"@type\":\"BreadcrumbList\",\"@id\":\"https:\\\/\\\/navegantesoceanicos.com\\\/pt-pt\\\/a-viagem-de-sailing-martini-uma-viagem-pelas-caraibas-em-busca-de-sonhos\\\/#breadcrumb\",\"itemListElement\":[{\"@type\":\"ListItem\",\"position\":1,\"name\":\"Portada\",\"item\":\"https:\\\/\\\/navegantesoceanicos.com\\\/pt-pt\\\/\"},{\"@type\":\"ListItem\",\"position\":2,\"name\":\"A viagem de Sailing Martini: uma viagem pelas Cara\u00edbas em busca de sonhos\"}]},{\"@type\":\"WebSite\",\"@id\":\"https:\\\/\\\/navegantesoceanicos.com\\\/pt-pt\\\/#website\",\"url\":\"https:\\\/\\\/navegantesoceanicos.com\\\/pt-pt\\\/\",\"name\":\"Navegantes Oce\u00e1nicos\",\"description\":\"Navegantes oce\u00e1nicos, te ayudamos a navegar, para navegantes, tripulantes, regatistas y armadores, escuela n\u00e1utica, libros on-line sobre t\u00e1cticas y equipamiento para la navegaci\u00f3n a vela, fondear, atracar, el manejo de las velas, electricidad a bordo, navegaci\u00f3n con mal tiempo, rutas oce\u00e1nicas y mucho m\u00e1s\",\"publisher\":{\"@id\":\"https:\\\/\\\/navegantesoceanicos.com\\\/pt-pt\\\/#organization\"},\"potentialAction\":[{\"@type\":\"SearchAction\",\"target\":{\"@type\":\"EntryPoint\",\"urlTemplate\":\"https:\\\/\\\/navegantesoceanicos.com\\\/pt-pt\\\/?s={search_term_string}\"},\"query-input\":{\"@type\":\"PropertyValueSpecification\",\"valueRequired\":true,\"valueName\":\"search_term_string\"}}],\"inLanguage\":\"pt-PT\"},{\"@type\":\"Organization\",\"@id\":\"https:\\\/\\\/navegantesoceanicos.com\\\/pt-pt\\\/#organization\",\"name\":\"Navegantes Oce\u00e1nicos\",\"url\":\"https:\\\/\\\/navegantesoceanicos.com\\\/pt-pt\\\/\",\"logo\":{\"@type\":\"ImageObject\",\"inLanguage\":\"pt-PT\",\"@id\":\"https:\\\/\\\/navegantesoceanicos.com\\\/pt-pt\\\/#\\\/schema\\\/logo\\\/image\\\/\",\"url\":\"https:\\\/\\\/navegantesoceanicos.com\\\/wp-content\\\/uploads\\\/2019\\\/12\\\/LOGO-NAVEGANTES-OCEANICOS.png\",\"contentUrl\":\"https:\\\/\\\/navegantesoceanicos.com\\\/wp-content\\\/uploads\\\/2019\\\/12\\\/LOGO-NAVEGANTES-OCEANICOS.png\",\"width\":1010,\"height\":814,\"caption\":\"Navegantes Oce\u00e1nicos\"},\"image\":{\"@id\":\"https:\\\/\\\/navegantesoceanicos.com\\\/pt-pt\\\/#\\\/schema\\\/logo\\\/image\\\/\"},\"sameAs\":[\"https:\\\/\\\/www.facebook.com\\\/Navegantes-Oce\u00e1nicos-112578593494698\",\"https:\\\/\\\/www.instagram.com\\\/navegantes_oceanicos\\\/?hl=es\",\"https:\\\/\\\/www.youtube.com\\\/channel\\\/UCXgDL_6xqE7rpdwNXRmzF_Q\\\/featured\"]},{\"@type\":\"Person\",\"@id\":\"https:\\\/\\\/navegantesoceanicos.com\\\/pt-pt\\\/#\\\/schema\\\/person\\\/37ba732a8f452d99dd0f97716e4ab614\",\"name\":\"Tamara Smerling\",\"image\":{\"@type\":\"ImageObject\",\"inLanguage\":\"pt-PT\",\"@id\":\"https:\\\/\\\/secure.gravatar.com\\\/avatar\\\/85347147d5847554923b12455c0c59277be52f9c3599a2e4af69d99571e94959?s=96&d=mm&r=g\",\"url\":\"https:\\\/\\\/secure.gravatar.com\\\/avatar\\\/85347147d5847554923b12455c0c59277be52f9c3599a2e4af69d99571e94959?s=96&d=mm&r=g\",\"contentUrl\":\"https:\\\/\\\/secure.gravatar.com\\\/avatar\\\/85347147d5847554923b12455c0c59277be52f9c3599a2e4af69d99571e94959?s=96&d=mm&r=g\",\"caption\":\"Tamara Smerling\"},\"url\":\"https:\\\/\\\/navegantesoceanicos.com\\\/pt-pt\\\/author\\\/tamaras\\\/\"}]}<\/script>\n<!-- \/ Yoast SEO plugin. -->","yoast_head_json":{"title":"A viagem de Sailing Martini: uma viagem pelas Cara\u00edbas em busca de sonhos - Navegantes Oce\u00e1nicos","description":"Navegantes oce\u00e1nicos, web con contenidos para apasionados por la mar, tripulantes, regatistas, patrones o armadores.","robots":{"index":"index","follow":"follow","max-snippet":"max-snippet:-1","max-image-preview":"max-image-preview:large","max-video-preview":"max-video-preview:-1"},"canonical":"https:\/\/navegantesoceanicos.com\/pt-pt\/a-viagem-de-sailing-martini-uma-viagem-pelas-caraibas-em-busca-de-sonhos\/","og_locale":"pt_PT","og_type":"article","og_title":"A viagem de Sailing Martini: uma viagem pelas Cara\u00edbas em busca de sonhos - Navegantes Oce\u00e1nicos","og_description":"Navegantes oce\u00e1nicos, web con contenidos para apasionados por la mar, tripulantes, regatistas, patrones o armadores.","og_url":"https:\/\/navegantesoceanicos.com\/pt-pt\/a-viagem-de-sailing-martini-uma-viagem-pelas-caraibas-em-busca-de-sonhos\/","og_site_name":"Navegantes Oce\u00e1nicos","article_publisher":"https:\/\/www.facebook.com\/Navegantes-Oce%c3%a1nicos-112578593494698","article_published_time":"2026-03-12T11:08:06+00:00","article_modified_time":"2026-03-12T19:13:10+00:00","og_image":[{"width":2560,"height":1152,"url":"https:\/\/navegantesoceanicos.com\/wp-content\/uploads\/2026\/03\/Maria-y-Sebastian-scaled.jpeg","type":"image\/jpeg"}],"author":"Tamara Smerling","twitter_misc":{"Escrito por":"Tamara Smerling","Tempo estimado de leitura":"16 minutos"},"schema":{"@context":"https:\/\/schema.org","@graph":[{"@type":"Article","@id":"https:\/\/navegantesoceanicos.com\/pt-pt\/a-viagem-de-sailing-martini-uma-viagem-pelas-caraibas-em-busca-de-sonhos\/#article","isPartOf":{"@id":"https:\/\/navegantesoceanicos.com\/pt-pt\/a-viagem-de-sailing-martini-uma-viagem-pelas-caraibas-em-busca-de-sonhos\/"},"author":{"name":"Tamara Smerling","@id":"https:\/\/navegantesoceanicos.com\/pt-pt\/#\/schema\/person\/37ba732a8f452d99dd0f97716e4ab614"},"headline":"A viagem de Sailing Martini: uma viagem pelas Cara\u00edbas em busca de sonhos","datePublished":"2026-03-12T11:08:06+00:00","dateModified":"2026-03-12T19:13:10+00:00","mainEntityOfPage":{"@id":"https:\/\/navegantesoceanicos.com\/pt-pt\/a-viagem-de-sailing-martini-uma-viagem-pelas-caraibas-em-busca-de-sonhos\/"},"wordCount":4446,"commentCount":0,"publisher":{"@id":"https:\/\/navegantesoceanicos.com\/pt-pt\/#organization"},"image":{"@id":"https:\/\/navegantesoceanicos.com\/pt-pt\/a-viagem-de-sailing-martini-uma-viagem-pelas-caraibas-em-busca-de-sonhos\/#primaryimage"},"thumbnailUrl":"https:\/\/navegantesoceanicos.com\/wp-content\/uploads\/2026\/03\/Maria-y-Sebastian-scaled.jpeg","articleSection":["entrevistas com os navegantes"],"inLanguage":"pt-PT","potentialAction":[{"@type":"CommentAction","name":"Comment","target":["https:\/\/navegantesoceanicos.com\/pt-pt\/a-viagem-de-sailing-martini-uma-viagem-pelas-caraibas-em-busca-de-sonhos\/#respond"]}]},{"@type":"WebPage","@id":"https:\/\/navegantesoceanicos.com\/pt-pt\/a-viagem-de-sailing-martini-uma-viagem-pelas-caraibas-em-busca-de-sonhos\/","url":"https:\/\/navegantesoceanicos.com\/pt-pt\/a-viagem-de-sailing-martini-uma-viagem-pelas-caraibas-em-busca-de-sonhos\/","name":"A viagem de Sailing Martini: uma viagem pelas Cara\u00edbas em busca de sonhos - Navegantes Oce\u00e1nicos","isPartOf":{"@id":"https:\/\/navegantesoceanicos.com\/pt-pt\/#website"},"primaryImageOfPage":{"@id":"https:\/\/navegantesoceanicos.com\/pt-pt\/a-viagem-de-sailing-martini-uma-viagem-pelas-caraibas-em-busca-de-sonhos\/#primaryimage"},"image":{"@id":"https:\/\/navegantesoceanicos.com\/pt-pt\/a-viagem-de-sailing-martini-uma-viagem-pelas-caraibas-em-busca-de-sonhos\/#primaryimage"},"thumbnailUrl":"https:\/\/navegantesoceanicos.com\/wp-content\/uploads\/2026\/03\/Maria-y-Sebastian-scaled.jpeg","datePublished":"2026-03-12T11:08:06+00:00","dateModified":"2026-03-12T19:13:10+00:00","description":"Navegantes oce\u00e1nicos, web con contenidos para apasionados por la mar, tripulantes, regatistas, patrones o armadores.","breadcrumb":{"@id":"https:\/\/navegantesoceanicos.com\/pt-pt\/a-viagem-de-sailing-martini-uma-viagem-pelas-caraibas-em-busca-de-sonhos\/#breadcrumb"},"inLanguage":"pt-PT","potentialAction":[{"@type":"ReadAction","target":["https:\/\/navegantesoceanicos.com\/pt-pt\/a-viagem-de-sailing-martini-uma-viagem-pelas-caraibas-em-busca-de-sonhos\/"]}]},{"@type":"ImageObject","inLanguage":"pt-PT","@id":"https:\/\/navegantesoceanicos.com\/pt-pt\/a-viagem-de-sailing-martini-uma-viagem-pelas-caraibas-em-busca-de-sonhos\/#primaryimage","url":"https:\/\/navegantesoceanicos.com\/wp-content\/uploads\/2026\/03\/Maria-y-Sebastian-scaled.jpeg","contentUrl":"https:\/\/navegantesoceanicos.com\/wp-content\/uploads\/2026\/03\/Maria-y-Sebastian-scaled.jpeg","width":2560,"height":1152},{"@type":"BreadcrumbList","@id":"https:\/\/navegantesoceanicos.com\/pt-pt\/a-viagem-de-sailing-martini-uma-viagem-pelas-caraibas-em-busca-de-sonhos\/#breadcrumb","itemListElement":[{"@type":"ListItem","position":1,"name":"Portada","item":"https:\/\/navegantesoceanicos.com\/pt-pt\/"},{"@type":"ListItem","position":2,"name":"A viagem de Sailing Martini: uma viagem pelas Cara\u00edbas em busca de sonhos"}]},{"@type":"WebSite","@id":"https:\/\/navegantesoceanicos.com\/pt-pt\/#website","url":"https:\/\/navegantesoceanicos.com\/pt-pt\/","name":"Navegantes Oce\u00e1nicos","description":"Navegantes oce\u00e1nicos, te ayudamos a navegar, para navegantes, tripulantes, regatistas y armadores, escuela n\u00e1utica, libros on-line sobre t\u00e1cticas y equipamiento para la navegaci\u00f3n a vela, fondear, atracar, el manejo de las velas, electricidad a bordo, navegaci\u00f3n con mal tiempo, rutas oce\u00e1nicas y mucho m\u00e1s","publisher":{"@id":"https:\/\/navegantesoceanicos.com\/pt-pt\/#organization"},"potentialAction":[{"@type":"SearchAction","target":{"@type":"EntryPoint","urlTemplate":"https:\/\/navegantesoceanicos.com\/pt-pt\/?s={search_term_string}"},"query-input":{"@type":"PropertyValueSpecification","valueRequired":true,"valueName":"search_term_string"}}],"inLanguage":"pt-PT"},{"@type":"Organization","@id":"https:\/\/navegantesoceanicos.com\/pt-pt\/#organization","name":"Navegantes Oce\u00e1nicos","url":"https:\/\/navegantesoceanicos.com\/pt-pt\/","logo":{"@type":"ImageObject","inLanguage":"pt-PT","@id":"https:\/\/navegantesoceanicos.com\/pt-pt\/#\/schema\/logo\/image\/","url":"https:\/\/navegantesoceanicos.com\/wp-content\/uploads\/2019\/12\/LOGO-NAVEGANTES-OCEANICOS.png","contentUrl":"https:\/\/navegantesoceanicos.com\/wp-content\/uploads\/2019\/12\/LOGO-NAVEGANTES-OCEANICOS.png","width":1010,"height":814,"caption":"Navegantes Oce\u00e1nicos"},"image":{"@id":"https:\/\/navegantesoceanicos.com\/pt-pt\/#\/schema\/logo\/image\/"},"sameAs":["https:\/\/www.facebook.com\/Navegantes-Oce\u00e1nicos-112578593494698","https:\/\/www.instagram.com\/navegantes_oceanicos\/?hl=es","https:\/\/www.youtube.com\/channel\/UCXgDL_6xqE7rpdwNXRmzF_Q\/featured"]},{"@type":"Person","@id":"https:\/\/navegantesoceanicos.com\/pt-pt\/#\/schema\/person\/37ba732a8f452d99dd0f97716e4ab614","name":"Tamara Smerling","image":{"@type":"ImageObject","inLanguage":"pt-PT","@id":"https:\/\/secure.gravatar.com\/avatar\/85347147d5847554923b12455c0c59277be52f9c3599a2e4af69d99571e94959?s=96&d=mm&r=g","url":"https:\/\/secure.gravatar.com\/avatar\/85347147d5847554923b12455c0c59277be52f9c3599a2e4af69d99571e94959?s=96&d=mm&r=g","contentUrl":"https:\/\/secure.gravatar.com\/avatar\/85347147d5847554923b12455c0c59277be52f9c3599a2e4af69d99571e94959?s=96&d=mm&r=g","caption":"Tamara Smerling"},"url":"https:\/\/navegantesoceanicos.com\/pt-pt\/author\/tamaras\/"}]}},"rttpg_featured_image_url":{"full":["https:\/\/navegantesoceanicos.com\/wp-content\/uploads\/2026\/03\/Maria-y-Sebastian-scaled.jpeg",2560,1152,false],"landscape":["https:\/\/navegantesoceanicos.com\/wp-content\/uploads\/2026\/03\/Maria-y-Sebastian-scaled.jpeg",2560,1152,false],"portraits":["https:\/\/navegantesoceanicos.com\/wp-content\/uploads\/2026\/03\/Maria-y-Sebastian-scaled.jpeg",2560,1152,false],"thumbnail":["https:\/\/navegantesoceanicos.com\/wp-content\/uploads\/2026\/03\/Maria-y-Sebastian-150x150.jpeg",150,150,true],"medium":["https:\/\/navegantesoceanicos.com\/wp-content\/uploads\/2026\/03\/Maria-y-Sebastian-300x135.jpeg",300,135,true],"large":["https:\/\/navegantesoceanicos.com\/wp-content\/uploads\/2026\/03\/Maria-y-Sebastian-1024x461.jpeg",1024,461,true],"1536x1536":["https:\/\/navegantesoceanicos.com\/wp-content\/uploads\/2026\/03\/Maria-y-Sebastian-1536x691.jpeg",1536,691,true],"2048x2048":["https:\/\/navegantesoceanicos.com\/wp-content\/uploads\/2026\/03\/Maria-y-Sebastian-2048x922.jpeg",2048,922,true],"smart-post-landscape":["https:\/\/navegantesoceanicos.com\/wp-content\/uploads\/2026\/03\/Maria-y-Sebastian-scaled.jpeg",870,392,false],"smart-post-portrait":["https:\/\/navegantesoceanicos.com\/wp-content\/uploads\/2026\/03\/Maria-y-Sebastian-scaled.jpeg",600,270,false],"et-builder-post-main-image":["https:\/\/navegantesoceanicos.com\/wp-content\/uploads\/2026\/03\/Maria-y-Sebastian-400x250.jpeg",400,250,true],"et-builder-post-main-image-fullwidth":["https:\/\/navegantesoceanicos.com\/wp-content\/uploads\/2026\/03\/Maria-y-Sebastian-1080x675.jpeg",1080,675,true],"et-builder-portfolio-image":["https:\/\/navegantesoceanicos.com\/wp-content\/uploads\/2026\/03\/Maria-y-Sebastian-400x284.jpeg",400,284,true],"et-builder-portfolio-image-single":["https:\/\/navegantesoceanicos.com\/wp-content\/uploads\/2026\/03\/Maria-y-Sebastian-1080x486.jpeg",1080,486,true],"et-builder-gallery-image-portrait":["https:\/\/navegantesoceanicos.com\/wp-content\/uploads\/2026\/03\/Maria-y-Sebastian-400x516.jpeg",400,516,true],"extra-image-huge":["https:\/\/navegantesoceanicos.com\/wp-content\/uploads\/2026\/03\/Maria-y-Sebastian-1280x768.jpeg",1280,768,true],"extra-image-single-post":["https:\/\/navegantesoceanicos.com\/wp-content\/uploads\/2026\/03\/Maria-y-Sebastian-1280x640.jpeg",1280,640,true],"extra-image-medium":["https:\/\/navegantesoceanicos.com\/wp-content\/uploads\/2026\/03\/Maria-y-Sebastian-627x376.jpeg",627,376,true],"extra-image-small":["https:\/\/navegantesoceanicos.com\/wp-content\/uploads\/2026\/03\/Maria-y-Sebastian-440x264.jpeg",440,264,true],"extra-image-square-medium":["https:\/\/navegantesoceanicos.com\/wp-content\/uploads\/2026\/03\/Maria-y-Sebastian-440x440.jpeg",440,440,true],"extra-image-square-small":["https:\/\/navegantesoceanicos.com\/wp-content\/uploads\/2026\/03\/Maria-y-Sebastian-150x150.jpeg",150,150,true],"woocommerce_thumbnail":["https:\/\/navegantesoceanicos.com\/wp-content\/uploads\/2026\/03\/Maria-y-Sebastian-300x135.jpeg",300,135,true],"woocommerce_single":["https:\/\/navegantesoceanicos.com\/wp-content\/uploads\/2026\/03\/Maria-y-Sebastian-600x270.jpeg",600,270,true],"woocommerce_gallery_thumbnail":["https:\/\/navegantesoceanicos.com\/wp-content\/uploads\/2026\/03\/Maria-y-Sebastian-100x100.jpeg",100,100,true],"dgwt-wcas-product-suggestion":["https:\/\/navegantesoceanicos.com\/wp-content\/uploads\/2026\/03\/Maria-y-Sebastian-64x29.jpeg",64,29,true]},"rttpg_author":{"display_name":"Tamara Smerling","author_link":"https:\/\/navegantesoceanicos.com\/pt-pt\/author\/tamaras\/"},"rttpg_comment":0,"rttpg_category":"<a href=\"https:\/\/navegantesoceanicos.com\/pt-pt\/category\/entrevistas-com-os-navegantes\/\" rel=\"category tag\">entrevistas com os navegantes<\/a>","rttpg_excerpt":"Um casal argentino, Mar\u00eda Minuto e Sebasti\u00e1n Spigolon, deixou as suas vidas em terra firme para navegar pelas Cara\u00edbas: depois de alguns anos em San Blas, aventuraram-se at\u00e9 \u00e0 Baja California e planeiam \u2014 no futuro \u2014 chegar \u00e0 Polin\u00e9sia. Hoje, a partir do Golfo do Panam\u00e1, no Pac\u00edfico, contam-nos como come\u00e7ou esta aventura com&hellip;","_links":{"self":[{"href":"https:\/\/navegantesoceanicos.com\/pt-pt\/wp-json\/wp\/v2\/posts\/46498","targetHints":{"allow":["GET"]}}],"collection":[{"href":"https:\/\/navegantesoceanicos.com\/pt-pt\/wp-json\/wp\/v2\/posts"}],"about":[{"href":"https:\/\/navegantesoceanicos.com\/pt-pt\/wp-json\/wp\/v2\/types\/post"}],"author":[{"embeddable":true,"href":"https:\/\/navegantesoceanicos.com\/pt-pt\/wp-json\/wp\/v2\/users\/831"}],"replies":[{"embeddable":true,"href":"https:\/\/navegantesoceanicos.com\/pt-pt\/wp-json\/wp\/v2\/comments?post=46498"}],"version-history":[{"count":2,"href":"https:\/\/navegantesoceanicos.com\/pt-pt\/wp-json\/wp\/v2\/posts\/46498\/revisions"}],"predecessor-version":[{"id":46522,"href":"https:\/\/navegantesoceanicos.com\/pt-pt\/wp-json\/wp\/v2\/posts\/46498\/revisions\/46522"}],"wp:featuredmedia":[{"embeddable":true,"href":"https:\/\/navegantesoceanicos.com\/pt-pt\/wp-json\/wp\/v2\/media\/46458"}],"wp:attachment":[{"href":"https:\/\/navegantesoceanicos.com\/pt-pt\/wp-json\/wp\/v2\/media?parent=46498"}],"wp:term":[{"taxonomy":"category","embeddable":true,"href":"https:\/\/navegantesoceanicos.com\/pt-pt\/wp-json\/wp\/v2\/categories?post=46498"},{"taxonomy":"post_tag","embeddable":true,"href":"https:\/\/navegantesoceanicos.com\/pt-pt\/wp-json\/wp\/v2\/tags?post=46498"}],"curies":[{"name":"wp","href":"https:\/\/api.w.org\/{rel}","templated":true}]}}