{"id":46577,"date":"2026-03-13T17:55:22","date_gmt":"2026-03-13T17:55:22","guid":{"rendered":"https:\/\/navegantesoceanicos.com\/el-camino-a-vela-2026-entrevista-a-federico-fernandez-trapa-fontan\/"},"modified":"2026-03-14T10:40:16","modified_gmt":"2026-03-14T10:40:16","slug":"el-camino-a-vela-2026-entrevista-a-federico-fernandez-trapa-fontan","status":"publish","type":"post","link":"https:\/\/navegantesoceanicos.com\/pt-pt\/el-camino-a-vela-2026-entrevista-a-federico-fernandez-trapa-fontan\/","title":{"rendered":"El Camino a Vela 2026,  entrevista a Federico Fern\u00e1ndez-Trapa Font\u00e1n"},"content":{"rendered":"<p>[et_pb_section fb_built=&#8221;1&#8243; _builder_version=&#8221;4.27.5&#8243; _module_preset=&#8221;default&#8221; custom_padding=&#8221;13px|||||&#8221; global_colors_info=&#8221;{}&#8221;][et_pb_row _builder_version=&#8221;4.27.5&#8243; _module_preset=&#8221;default&#8221; custom_padding=&#8221;8px|||||&#8221; global_colors_info=&#8221;{}&#8221;][et_pb_column type=&#8221;4_4&#8243; _builder_version=&#8221;4.27.5&#8243; _module_preset=&#8221;default&#8221; global_colors_info=&#8221;{}&#8221;][et_pb_text _builder_version=&#8221;4.27.5&#8243; _module_preset=&#8221;default&#8221; global_colors_info=&#8221;{}&#8221;]<\/p>\n<p style=\"text-align: center;\"><span style=\"color: #000000;\">Em junho de 2026, ter\u00e1 lugar a d\u00e9cima primeira edi\u00e7\u00e3o de &#8220;El Camino a Vela&#8221; (O Caminho \u00e0 Vela), onde um grupo de 20 veleiros navegar\u00e1 em v\u00e1rias etapas, partindo de Fran\u00e7a (La Rochelle), percorrendo toda a costa norte de Espanha, de Hondarribia a Padr\u00f3n, antes de completar os quil\u00f3metros finais a p\u00e9 at\u00e9 Santiago de Compostela.<\/span><\/p>\n<p style=\"text-align: center;\"><span style=\"color: #000000;\">Com a valiosa ajuda de Federico Fern\u00e1ndez-Trapa Font\u00e1n, representante da Northmarinas, ficaremos a saber mais sobre o que envolve esta d\u00e9cima primeira edi\u00e7\u00e3o de &#8220;El Camino a Vela&#8221; e como est\u00e1 previsto o seu desenrolar.<\/span><\/p>\n<p>[\/et_pb_text][\/et_pb_column][\/et_pb_row][et_pb_row _builder_version=&#8221;4.27.5&#8243; _module_preset=&#8221;default&#8221; custom_padding=&#8221;16px||17px|||&#8221; global_colors_info=&#8221;{}&#8221;][et_pb_column type=&#8221;4_4&#8243; _builder_version=&#8221;4.27.5&#8243; _module_preset=&#8221;default&#8221; global_colors_info=&#8221;{}&#8221;][et_pb_image src=&#8221;https:\/\/navegantesoceanicos.com\/wp-content\/uploads\/2026\/03\/El-camino-en-vela-Visita.jpg&#8221; _builder_version=&#8221;4.27.5&#8243; _module_preset=&#8221;default&#8221; global_colors_info=&#8221;{}&#8221;][\/et_pb_image][\/et_pb_column][\/et_pb_row][et_pb_row _builder_version=&#8221;4.27.5&#8243; _module_preset=&#8221;default&#8221; custom_padding=&#8221;20px|||||&#8221; global_colors_info=&#8221;{}&#8221;][et_pb_column type=&#8221;4_4&#8243; _builder_version=&#8221;4.27.5&#8243; _module_preset=&#8221;default&#8221; global_colors_info=&#8221;{}&#8221;][et_pb_text admin_label=&#8221;Texto 1 y 2&#8243; _builder_version=&#8221;4.27.5&#8243; _module_preset=&#8221;default&#8221; inline_fonts=&#8221;Amaranth&#8221; global_colors_info=&#8221;{}&#8221;]<\/p>\n<h2 style=\"text-align: center;\"><span style=\"font-size: x-large;\"><strong><span style=\"color: #0916a3; font-family: Amaranth;\"><span style=\"line-height: 107%;\">Como surgiu o projeto \u201cEl Camino a Vela\u201d?<\/span><\/span><\/strong><\/span><\/h2>\n<p style=\"text-align: center;\"><span style=\"color: #000000;\">O projeto teve in\u00edcio em 2015, liderado pela Northmarinas, com o objetivo de reviver uma forma hist\u00f3rica de fazer a peregrina\u00e7\u00e3o a Santiago: pelo mar. No ano seguinte, a Catedral de Santiago reconheceu oficialmente esta rota, estabelecendo que os velejadores que completem pelo menos 100 milhas n\u00e1uticas e terminem a viagem a p\u00e9 podem receber o certificado de Compostela.<\/span><\/p>\n<p style=\"text-align: center;\"><span style=\"color: #000000;\">Desde ent\u00e3o, organizamos anualmente uma viagem internacional que combina vela, cultura e o esp\u00edrito de peregrina\u00e7\u00e3o.<\/span><\/p>\n<h2 class=\"Standard\" style=\"text-align: center;\" align=\"center\"><span style=\"font-size: x-large;\"><strong><span style=\"color: #0a17aa; font-family: Amaranth;\"><span style=\"line-height: 107%;\">Em que consiste o projeto e como \u00e9 desenvolvido?<\/span><\/span><\/strong><\/span><\/h2>\n<p style=\"text-align: center;\"><span style=\"color: #000000;\">&#8220;O Caminho \u00e0 Vela&#8221; \u00e9 uma viagem n\u00e1utica que junta velejadores de diferentes pa\u00edses para percorrer o Caminho de Santiago num veleiro. Ao longo de v\u00e1rias semanas, completam diferentes etapas ao longo das costas cant\u00e1brica e galega, parando em diversos portos onde s\u00e3o organizadas atividades culturais, encontros da tripula\u00e7\u00e3o e passeios tur\u00edsticos.<\/span><\/p>\n<p style=\"text-align: center;\"><span style=\"color: #000000;\">\u00c9 uma experi\u00eancia que combina aventura, mar, gastronomia e patrim\u00f3nio, tendo sempre como princ\u00edpio orientador o esp\u00edrito do Caminho.<\/span><\/p>\n<p>[\/et_pb_text][\/et_pb_column][\/et_pb_row][et_pb_row _builder_version=&#8221;4.27.5&#8243; _module_preset=&#8221;default&#8221; custom_padding=&#8221;14px||14px|||&#8221; global_colors_info=&#8221;{}&#8221;][et_pb_column type=&#8221;4_4&#8243; _builder_version=&#8221;4.27.5&#8243; _module_preset=&#8221;default&#8221; global_colors_info=&#8221;{}&#8221;][et_pb_image src=&#8221;https:\/\/navegantesoceanicos.com\/wp-content\/uploads\/2026\/03\/Visto-desde-tierra.jpg&#8221; _builder_version=&#8221;4.27.5&#8243; _module_preset=&#8221;default&#8221; global_colors_info=&#8221;{}&#8221;][\/et_pb_image][\/et_pb_column][\/et_pb_row][et_pb_row _builder_version=&#8221;4.27.5&#8243; _module_preset=&#8221;default&#8221; global_colors_info=&#8221;{}&#8221;][et_pb_column type=&#8221;4_4&#8243; _builder_version=&#8221;4.27.5&#8243; _module_preset=&#8221;default&#8221; global_colors_info=&#8221;{}&#8221;][et_pb_text admin_label=&#8221;Texto 3 y 4&#8243; _builder_version=&#8221;4.27.5&#8243; _module_preset=&#8221;default&#8221; inline_fonts=&#8221;Amaranth&#8221; global_colors_info=&#8221;{}&#8221;]<\/p>\n<p class=\"Standard\" style=\"text-align: center;\"><strong style=\"font-size: x-large;\"><span style=\"color: #0a21a8; font-family: Amaranth;\"><span style=\"line-height: 107%;\">O que \u00e9 \u201cNorthmarinas\u201d e qual o seu papel em \u201cEl Camino a Vela\u201d?<\/span><\/span><\/strong><\/p>\n<p style=\"text-align: center;\"><span style=\"color: #000000;\">A Northmarinas \u00e9 uma associa\u00e7\u00e3o sem fins lucrativos composta por marinas, empresas e organiza\u00e7\u00f5es ligadas ao setor n\u00e1utico no norte de Espanha. O seu objetivo \u00e9 promover o desenvolvimento da vela, impulsionar o turismo mar\u00edtimo e ligar os portos da costa cant\u00e1brica e da Galiza atrav\u00e9s de projetos conjuntos.<\/span><\/p>\n<p style=\"text-align: center;\"><span style=\"color: #000000;\">&#8220;A Rota da Vela&#8221; \u00e9 um dos seus projetos emblem\u00e1ticos e serve de plataforma para promover a cultura mar\u00edtima e o turismo n\u00e1utico, al\u00e9m de apresentar as cidades e vilas ao longo do percurso.<\/span><\/p>\n<h2 class=\"Standard\" align=\"center\"><span style=\"font-size: x-large;\"><strong><span style=\"color: #082fa5; font-family: Amaranth;\"><span style=\"line-height: 107%;\">\u00bfCu\u00e1l es la ruta y puertos de recalada que ten\u00e9is programado para esta edici\u00f3n 2026?<\/span><\/span><\/strong><\/span><\/h2>\n<p class=\"Standard\" style=\"text-align: center;\"><span style=\"font-size: large; line-height: 107%; font-family: Arial, sans-serif; color: #000000;\">La traves\u00eda partir\u00e1 desde el emblem\u00e1tico puerto de La Rochelle, en Francia, recorrer\u00e1 la costa norte de la pen\u00ednsula desde el Pa\u00eds Vasco hasta Galicia. Tras el inicio de la navegaci\u00f3n, la flotilla ir\u00e1 haciendo escala en distintas localidades, entre ellas, Hondarribia, Bermeo, Santurtzi, Laredo, Santander, Gij\u00f3n y Avil\u00e9s. <\/span><\/p>\n<p class=\"Standard\" style=\"text-align: center;\"><span style=\"font-size: large; line-height: 107%; font-family: Arial, sans-serif; color: #000000;\">Ya en Galicia la ruta contin\u00faa por puertos emblem\u00e1ticos Ribadeo, Ferrol, A Coru\u00f1a, Mux\u00eda, Muros, A Pobra do Carami\u00f1al o Vilagarc\u00eda de Arousa, antes de finalizar en Padr\u00f3n y realizar los \u00faltimos kil\u00f3metros a pie hasta Santiago de Compostela.<\/span><\/p>\n<p>[\/et_pb_text][\/et_pb_column][\/et_pb_row][et_pb_row _builder_version=&#8221;4.27.5&#8243; _module_preset=&#8221;default&#8221; custom_padding=&#8221;17px|||||&#8221; global_colors_info=&#8221;{}&#8221;][et_pb_column type=&#8221;4_4&#8243; _builder_version=&#8221;4.27.5&#8243; _module_preset=&#8221;default&#8221; global_colors_info=&#8221;{}&#8221;][et_pb_image src=&#8221;https:\/\/navegantesoceanicos.com\/wp-content\/uploads\/2026\/03\/Ruta-de-Camino-a-vela-2025.png&#8221; admin_label=&#8221;Imagen ruta&#8221; _builder_version=&#8221;4.27.5&#8243; _module_preset=&#8221;default&#8221; global_colors_info=&#8221;{}&#8221;][\/et_pb_image][\/et_pb_column][\/et_pb_row][et_pb_row _builder_version=&#8221;4.27.5&#8243; _module_preset=&#8221;default&#8221; global_colors_info=&#8221;{}&#8221;][et_pb_column type=&#8221;4_4&#8243; _builder_version=&#8221;4.27.5&#8243; _module_preset=&#8221;default&#8221; global_colors_info=&#8221;{}&#8221;][et_pb_text admin_label=&#8221;Texto 5 y 6&#8243; _builder_version=&#8221;4.27.5&#8243; _module_preset=&#8221;default&#8221; inline_fonts=&#8221;Amaranth&#8221; global_colors_info=&#8221;{}&#8221;]<\/p>\n<p class=\"Standard\" style=\"text-align: center;\"><strong style=\"font-family: Amaranth; font-size: x-large;\"><span style=\"color: #0a2ca8;\"><span style=\"line-height: 107%;\">Existe algum objetivo espec\u00edfico para &#8220;The Sailing Route&#8221; 2026? Esta d\u00e9cima primeira edi\u00e7\u00e3o promove alguma causa solid\u00e1ria?<\/span><\/span><\/strong><\/p>\n<p style=\"text-align: center;\"><span style=\"color: #000000;\">Esta d\u00e9cima primeira edi\u00e7\u00e3o \u00e9 particularmente especial porque procura refor\u00e7ar algo que sempre esteve no centro do projeto: a liga\u00e7\u00e3o entre os portos, as cidades e as pessoas que partilham o Caminho atrav\u00e9s do mar. Ap\u00f3s a assinatura da Alian\u00e7a de Colabora\u00e7\u00e3o entre as cidades ao longo do percurso no ano passado, o objetivo \u00e9 agora fomentar o interc\u00e2mbio cultural e a colabora\u00e7\u00e3o entre os territ\u00f3rios que comp\u00f5em esta viagem n\u00e1utica.<\/span><\/p>\n<p style=\"text-align: center;\"><span style=\"color: #000000;\">Al\u00e9m disso, o projeto mant\u00e9m o seu foco solid\u00e1rio com a iniciativa &#8220;A Vela Contra a ELA&#8221;, que recolhe milhas n\u00e1uticas para sensibilizar a popula\u00e7\u00e3o para a luta contra a Esclerose Lateral Amiotr\u00f3fica e apoiar as organiza\u00e7\u00f5es que trabalham com os afetados e as suas fam\u00edlias. Cada milha navegada \u00e9 tamb\u00e9m um gesto de compromisso e solidariedade.<\/span><\/p>\n<p style=\"text-align: center;\"><span style=\"color: #000000;\">Tamb\u00e9m pode ajudar a recolher milhas contra a ELA \u2013 BIZUM: 03718<\/span><\/p>\n<h2 class=\"Standard\" style=\"text-align: center;\"><span style=\"font-family: Amaranth; font-weight: normal; font-size: x-large;\"><strong><span style=\"color: #0824a0;\"><span style=\"line-height: 107%;\">Que tipo de veleiros costumam participar nesta experi\u00eancia n\u00e1utica?<\/span><\/span><\/strong><\/span><\/h2>\n<p style=\"text-align: center;\"><span style=\"color: #000000;\">Os participantes s\u00e3o principalmente veleiros de cruzeiro, propriet\u00e1rios privados, escolas de vela e empresas de aluguer de iates. A frota \u00e9 tipicamente muito diversificada, variando desde barcos familiares a veleiros oce\u00e2nicos equipados para longas viagens. O que importa n\u00e3o \u00e9 tanto o tamanho do barco, mas sim partilhar o esp\u00edrito de aventura, camaradagem e peregrina\u00e7\u00e3o que caracteriza esta viagem.<\/span><\/p>\n<p style=\"text-align: center;\"><span style=\"color: #000000;\">A equipa da Northmarinas cuida de cada detalhe desta aventura e garante a seguran\u00e7a da viagem tanto no mar como em terra, mantendo uma coordena\u00e7\u00e3o constante com as autoridades e entidades respons\u00e1veis \u200b\u200bpela seguran\u00e7a mar\u00edtima.<\/span><\/p>\n<p>[\/et_pb_text][\/et_pb_column][\/et_pb_row][et_pb_row _builder_version=&#8221;4.27.5&#8243; _module_preset=&#8221;default&#8221; custom_padding=&#8221;12px|||||&#8221; global_colors_info=&#8221;{}&#8221;][et_pb_column type=&#8221;4_4&#8243; _builder_version=&#8221;4.27.5&#8243; _module_preset=&#8221;default&#8221; global_colors_info=&#8221;{}&#8221;][et_pb_image src=&#8221;https:\/\/navegantesoceanicos.com\/wp-content\/uploads\/2026\/03\/El-camino-en-vela-ELA.jpg&#8221; admin_label=&#8221;Imagen&#8221; _builder_version=&#8221;4.27.5&#8243; _module_preset=&#8221;default&#8221; global_colors_info=&#8221;{}&#8221;][\/et_pb_image][\/et_pb_column][\/et_pb_row][et_pb_row _builder_version=&#8221;4.27.5&#8243; _module_preset=&#8221;default&#8221; custom_padding=&#8221;22px||17px|||&#8221; global_colors_info=&#8221;{}&#8221;][et_pb_column type=&#8221;4_4&#8243; _builder_version=&#8221;4.27.5&#8243; _module_preset=&#8221;default&#8221; global_colors_info=&#8221;{}&#8221;][et_pb_text admin_label=&#8221;Texto 7&#8243; _builder_version=&#8221;4.27.5&#8243; _module_preset=&#8221;default&#8221; inline_fonts=&#8221;Amaranth&#8221; global_colors_info=&#8221;{}&#8221;]<\/p>\n<p class=\"Standard\" style=\"text-align: center;\"><strong style=\"font-size: x-large;\"><span style=\"color: #0911a0; font-family: Amaranth;\"><span style=\"line-height: 107%;\">Para quem est\u00e1 a pensar participar no Camino a Vela 2026, como pode faz\u00ea-lo??<\/span><\/span><\/strong><\/p>\n<p style=\"text-align: center;\"><span style=\"color: #000000;\">Os propriet\u00e1rios de embarca\u00e7\u00f5es podem registar os seus veleiros e participar na flotilha atrav\u00e9s do site www.elcaminoavela.com. Ainda h\u00e1 algumas vagas dispon\u00edveis, mas o per\u00edodo de inscri\u00e7\u00f5es com 40% de desconto termina a 31 de mar\u00e7o!<\/span><\/p>\n<p style=\"text-align: center;\"><span style=\"color: #000000;\">Incentivamos todos os entusiastas do mar a viver esta aventura \u00e0 vela em total seguran\u00e7a, onde poder\u00e3o desfrutar da navega\u00e7\u00e3o e da camaradagem sem se preocuparem com a organiza\u00e7\u00e3o e a burocracia \u00e0 chegada ao porto.<\/span><\/p>\n<p style=\"text-align: center;\"><span style=\"color: #000000;\">Tamb\u00e9m nos pode seguir no Instagram: <span style=\"color: #ff0000;\"><strong><a style=\"color: #ff0000;\" href=\"https:\/\/www.instagram.com\/elcaminoavela\/\">https:\/\/www.instagram.com\/elcaminoavela\/<\/a><\/strong><\/span><\/span><\/p>\n<p style=\"text-align: center;\"><span style=\"color: #000000;\">Para agu\u00e7ar o apetite, veja este v\u00eddeo:<\/span><\/p>\n<p>[\/et_pb_text][\/et_pb_column][\/et_pb_row][et_pb_row _builder_version=&#8221;4.27.5&#8243; _module_preset=&#8221;default&#8221; custom_padding=&#8221;||2px|||&#8221; global_colors_info=&#8221;{}&#8221;][et_pb_column type=&#8221;4_4&#8243; _builder_version=&#8221;4.27.5&#8243; _module_preset=&#8221;default&#8221; global_colors_info=&#8221;{}&#8221;][et_pb_video src=&#8221;https:\/\/www.youtube.com\/watch?v=p2WOSQ9Ff6I&#8221; admin_label=&#8221;V\u00eddeo&#8221; _builder_version=&#8221;4.27.5&#8243; _module_preset=&#8221;default&#8221; global_colors_info=&#8221;{}&#8221;][\/et_pb_video][et_pb_divider divider_weight=&#8221;3px&#8221; _builder_version=&#8221;4.27.5&#8243; _module_preset=&#8221;default&#8221; global_colors_info=&#8221;{}&#8221;][\/et_pb_divider][\/et_pb_column][\/et_pb_row][et_pb_row _builder_version=&#8221;4.27.5&#8243; _module_preset=&#8221;default&#8221; custom_padding=&#8221;11px|||||&#8221; global_colors_info=&#8221;{}&#8221;][et_pb_column type=&#8221;4_4&#8243; _builder_version=&#8221;4.27.5&#8243; _module_preset=&#8221;default&#8221; global_colors_info=&#8221;{}&#8221;][et_pb_text admin_label=&#8221;Texto 8&#8243; _builder_version=&#8221;4.27.5&#8243; _module_preset=&#8221;default&#8221; inline_fonts=&#8221;Amaranth&#8221; global_colors_info=&#8221;{}&#8221;]<\/p>\n<h2 class=\"Standard\" style=\"text-align: center;\" align=\"center\"><span style=\"font-size: x-large;\"><strong><span style=\"color: #0824a3; font-family: Amaranth;\"><span style=\"line-height: 107%;\">Ap\u00f3s onze viagens e centenas de millas percorridos, o que diria a algu\u00e9m que ainda n\u00e3o experimentou &#8220;El Camino a Vela&#8221;? Por que raz\u00e3o esta experi\u00eancia vale a pena??<\/span><\/span><\/strong><\/span><\/h2>\n<p style=\"text-align: center;\"><span style=\"color: #000000;\">&#8220;O Caminho \u00e0 Vela&#8221; \u00e9 muito mais do que uma viagem n\u00e1utica. \u00c9 uma forma diferente de viver o Caminho de Santiago, combinando a aventura de velejar com o esp\u00edrito de conex\u00e3o que sempre caracterizou os peregrinos. Durante v\u00e1rias semanas, partilh\u00e1mos o mar, os portos, as culturas e as experi\u00eancias com velejadores de todo o mundo, descobrindo a costa norte de Espanha numa perspetiva \u00fanica, sempre em boa companhia.<\/span><\/p>\n<p style=\"text-align: center;\"><span style=\"color: #000000;\">Quem participa n\u00e3o se limita a navegar; passa a fazer parte de uma comunidade que partilha valores como a camaradagem, o respeito pelo mar e a paix\u00e3o pela descoberta. Por isso, dizemos que cada edi\u00e7\u00e3o n\u00e3o acrescenta apenas milhas n\u00e1uticas, mas tamb\u00e9m hist\u00f3rias e amizades que perduram muito depois do fim da viagem. E \u00e9 essa, talvez, a verdadeira ess\u00eancia de &#8220;O Caminho \u00e0 Vela&#8221;.<\/span><\/p>\n<p>[\/et_pb_text][\/et_pb_column][\/et_pb_row][et_pb_row _builder_version=&#8221;4.27.5&#8243; _module_preset=&#8221;default&#8221; custom_padding=&#8221;14px||9px|||&#8221; global_colors_info=&#8221;{}&#8221;][et_pb_column type=&#8221;4_4&#8243; _builder_version=&#8221;4.27.5&#8243; _module_preset=&#8221;default&#8221; global_colors_info=&#8221;{}&#8221;][et_pb_image src=&#8221;https:\/\/navegantesoceanicos.com\/wp-content\/uploads\/2026\/03\/El-camino-en-vela-salida-Bilbao.jpg&#8221; admin_label=&#8221;Imagen&#8221; _builder_version=&#8221;4.27.5&#8243; _module_preset=&#8221;default&#8221; global_colors_info=&#8221;{}&#8221;][\/et_pb_image][\/et_pb_column][\/et_pb_row][et_pb_row _builder_version=&#8221;4.27.5&#8243; _module_preset=&#8221;default&#8221; global_colors_info=&#8221;{}&#8221; custom_padding=&#8221;||8px|||&#8221;][et_pb_column type=&#8221;4_4&#8243; _builder_version=&#8221;4.27.5&#8243; _module_preset=&#8221;default&#8221; global_colors_info=&#8221;{}&#8221;][et_pb_divider divider_weight=&#8221;3px&#8221; _builder_version=&#8221;4.27.5&#8243; _module_preset=&#8221;default&#8221; global_colors_info=&#8221;{}&#8221; custom_margin=&#8221;||19px|||&#8221;][\/et_pb_divider][et_pb_text _builder_version=&#8221;4.27.5&#8243; _module_preset=&#8221;default&#8221; global_colors_info=&#8221;{}&#8221;]<\/p>\n<p style=\"text-align: center;\"><span style=\"color: #000000;\">Da revista &#8220;Navegantes Oce\u00e1nicos&#8221;, agradecemos a Federico Fern\u00e1ndez-Trapa Font\u00e1n, representante da Northmarinas, a colabora\u00e7\u00e3o nesta entrevista e a partilha da Rota de Navega\u00e7\u00e3o de 2026 com os nossos leitores.<\/span><\/p>\n<p style=\"text-align: center;\"><span style=\"color: #000000;\">Bons ventos, boa sorte na travessia e bem-vindo a Santiago de Compostela.<\/span><\/p>\n<p>[\/et_pb_text][et_pb_divider divider_weight=&#8221;3px&#8221; _builder_version=&#8221;4.27.5&#8243; _module_preset=&#8221;default&#8221; global_colors_info=&#8221;{}&#8221;][\/et_pb_divider][\/et_pb_column][\/et_pb_row][et_pb_row column_structure=&#8221;1_2,1_2&#8243; _builder_version=&#8221;4.27.5&#8243; _module_preset=&#8221;default&#8221; custom_padding=&#8221;11px||10px|||&#8221; global_colors_info=&#8221;{}&#8221;][et_pb_column type=&#8221;1_2&#8243; _builder_version=&#8221;4.27.5&#8243; _module_preset=&#8221;default&#8221; global_colors_info=&#8221;{}&#8221;][et_pb_image src=&#8221;https:\/\/navegantesoceanicos.com\/wp-content\/uploads\/2026\/03\/Llegada-a-Santiago-Camino-a-vela.jpeg&#8221; _builder_version=&#8221;4.27.5&#8243; _module_preset=&#8221;default&#8221; global_colors_info=&#8221;{}&#8221;][\/et_pb_image][\/et_pb_column][et_pb_column type=&#8221;1_2&#8243; _builder_version=&#8221;4.27.5&#8243; _module_preset=&#8221;default&#8221; global_colors_info=&#8221;{}&#8221;][et_pb_image src=&#8221;https:\/\/navegantesoceanicos.com\/wp-content\/uploads\/2026\/03\/El-camino-en-vela-2025.jpg&#8221; _builder_version=&#8221;4.27.5&#8243; _module_preset=&#8221;default&#8221; global_colors_info=&#8221;{}&#8221;][\/et_pb_image][\/et_pb_column][\/et_pb_row][et_pb_row _builder_version=&#8221;4.27.5&#8243; _module_preset=&#8221;default&#8221; global_colors_info=&#8221;{}&#8221;][et_pb_column type=&#8221;4_4&#8243; _builder_version=&#8221;4.27.5&#8243; _module_preset=&#8221;default&#8221; global_colors_info=&#8221;{}&#8221;][et_pb_divider divider_weight=&#8221;3px&#8221; _builder_version=&#8221;4.27.5&#8243; _module_preset=&#8221;default&#8221; custom_margin=&#8221;||-2px|||&#8221; global_colors_info=&#8221;{}&#8221;][\/et_pb_divider][et_pb_image src=&#8221;https:\/\/navegantesoceanicos.com\/wp-content\/uploads\/2022\/09\/proteccion-web-con-ISSN.jpg&#8221; title_text=&#8221;protecci\u00f3n web con ISSN&#8221; _builder_version=&#8221;4.27.5&#8243; _module_preset=&#8221;default&#8221; global_colors_info=&#8221;{}&#8221;][\/et_pb_image][\/et_pb_column][\/et_pb_row][\/et_pb_section]<\/p>\n","protected":false},"excerpt":{"rendered":"<p>Em junho de 2026, ter\u00e1 lugar a d\u00e9cima primeira edi\u00e7\u00e3o de &#8220;El Camino a Vela&#8221; (O Caminho de Vela), na qual um grupo de 20 veleiros percorrer\u00e1, em diversas etapas, a costa norte de Espanha, de Hondarribia a Padr\u00f3n, partindo de Fran\u00e7a (La Rochelle) e navegando por toda a costa, antes de chegar a Santiago de Compostela a p\u00e9. Com a valiosa ajuda de Federico Fern\u00e1ndez-Trapa Font\u00e1n, vamos conhecer os pormenores desta edi\u00e7\u00e3o de &#8220;El Camino a Vela&#8221; e como est\u00e1 planeada acontecer.<\/p>\n","protected":false},"author":2,"featured_media":46545,"comment_status":"open","ping_status":"open","sticky":false,"template":"","format":"standard","meta":{"_et_pb_use_builder":"on","_et_pb_old_content":"","_et_gb_content_width":"","footnotes":"","_wp_rev_ctl_limit":"1"},"categories":[208],"tags":[],"class_list":["post-46577","post","type-post","status-publish","format-standard","has-post-thumbnail","hentry","category-entrevistas-com-os-navegantes","et-has-post-format-content","et_post_format-et-post-format-standard"],"yoast_head":"<!-- This site is optimized with the Yoast SEO plugin v27.5 - https:\/\/yoast.com\/product\/yoast-seo-wordpress\/ -->\n<title>El Camino a Vela 2026, entrevista a Federico Fern\u00e1ndez-Trapa Font\u00e1n - Navegantes Oce\u00e1nicos<\/title>\n<meta name=\"description\" content=\"Navegantes oce\u00e1nicos, web con contenidos para apasionados por la mar, tripulantes, regatistas, patrones o armadores.\" \/>\n<meta name=\"robots\" content=\"index, follow, max-snippet:-1, max-image-preview:large, max-video-preview:-1\" \/>\n<link rel=\"canonical\" href=\"https:\/\/navegantesoceanicos.com\/pt-pt\/el-camino-a-vela-2026-entrevista-a-federico-fernandez-trapa-fontan\/\" \/>\n<meta property=\"og:locale\" content=\"pt_PT\" \/>\n<meta property=\"og:type\" content=\"article\" \/>\n<meta property=\"og:title\" content=\"El Camino a Vela 2026, entrevista a Federico Fern\u00e1ndez-Trapa Font\u00e1n - Navegantes Oce\u00e1nicos\" \/>\n<meta property=\"og:description\" content=\"Navegantes oce\u00e1nicos, web con contenidos para apasionados por la mar, tripulantes, regatistas, patrones o armadores.\" \/>\n<meta property=\"og:url\" content=\"https:\/\/navegantesoceanicos.com\/pt-pt\/el-camino-a-vela-2026-entrevista-a-federico-fernandez-trapa-fontan\/\" \/>\n<meta property=\"og:site_name\" content=\"Navegantes Oce\u00e1nicos\" \/>\n<meta property=\"article:publisher\" content=\"https:\/\/www.facebook.com\/Navegantes-Oce%c3%a1nicos-112578593494698\" \/>\n<meta property=\"article:published_time\" content=\"2026-03-13T17:55:22+00:00\" \/>\n<meta property=\"article:modified_time\" content=\"2026-03-14T10:40:16+00:00\" \/>\n<meta property=\"og:image\" content=\"https:\/\/navegantesoceanicos.com\/wp-content\/uploads\/2026\/03\/Camino-a-Vela-2025.jpg\" \/>\n\t<meta property=\"og:image:width\" content=\"2560\" \/>\n\t<meta property=\"og:image:height\" content=\"1707\" \/>\n\t<meta property=\"og:image:type\" content=\"image\/jpeg\" \/>\n<meta name=\"author\" content=\"Juan Gonz\u00e1lez-Aller Lacalle\" \/>\n<meta name=\"twitter:label1\" content=\"Escrito por\" \/>\n\t<meta name=\"twitter:data1\" content=\"Juan Gonz\u00e1lez-Aller Lacalle\" \/>\n\t<meta name=\"twitter:label2\" content=\"Tempo estimado de leitura\" \/>\n\t<meta name=\"twitter:data2\" content=\"7 minutos\" \/>\n<script type=\"application\/ld+json\" class=\"yoast-schema-graph\">{\"@context\":\"https:\\\/\\\/schema.org\",\"@graph\":[{\"@type\":\"Article\",\"@id\":\"https:\\\/\\\/navegantesoceanicos.com\\\/pt-pt\\\/el-camino-a-vela-2026-entrevista-a-federico-fernandez-trapa-fontan\\\/#article\",\"isPartOf\":{\"@id\":\"https:\\\/\\\/navegantesoceanicos.com\\\/pt-pt\\\/el-camino-a-vela-2026-entrevista-a-federico-fernandez-trapa-fontan\\\/\"},\"author\":{\"name\":\"Juan Gonz\u00e1lez-Aller Lacalle\",\"@id\":\"https:\\\/\\\/navegantesoceanicos.com\\\/pt-pt\\\/#\\\/schema\\\/person\\\/4efe3afaef12467194c46aa710898a5c\"},\"headline\":\"El Camino a Vela 2026, entrevista a Federico Fern\u00e1ndez-Trapa Font\u00e1n\",\"datePublished\":\"2026-03-13T17:55:22+00:00\",\"dateModified\":\"2026-03-14T10:40:16+00:00\",\"mainEntityOfPage\":{\"@id\":\"https:\\\/\\\/navegantesoceanicos.com\\\/pt-pt\\\/el-camino-a-vela-2026-entrevista-a-federico-fernandez-trapa-fontan\\\/\"},\"wordCount\":2078,\"commentCount\":0,\"publisher\":{\"@id\":\"https:\\\/\\\/navegantesoceanicos.com\\\/pt-pt\\\/#organization\"},\"image\":{\"@id\":\"https:\\\/\\\/navegantesoceanicos.com\\\/pt-pt\\\/el-camino-a-vela-2026-entrevista-a-federico-fernandez-trapa-fontan\\\/#primaryimage\"},\"thumbnailUrl\":\"https:\\\/\\\/navegantesoceanicos.com\\\/wp-content\\\/uploads\\\/2026\\\/03\\\/Camino-a-Vela-2025.jpg\",\"articleSection\":[\"entrevistas com os navegantes\"],\"inLanguage\":\"pt-PT\",\"potentialAction\":[{\"@type\":\"CommentAction\",\"name\":\"Comment\",\"target\":[\"https:\\\/\\\/navegantesoceanicos.com\\\/pt-pt\\\/el-camino-a-vela-2026-entrevista-a-federico-fernandez-trapa-fontan\\\/#respond\"]}]},{\"@type\":\"WebPage\",\"@id\":\"https:\\\/\\\/navegantesoceanicos.com\\\/pt-pt\\\/el-camino-a-vela-2026-entrevista-a-federico-fernandez-trapa-fontan\\\/\",\"url\":\"https:\\\/\\\/navegantesoceanicos.com\\\/pt-pt\\\/el-camino-a-vela-2026-entrevista-a-federico-fernandez-trapa-fontan\\\/\",\"name\":\"El Camino a Vela 2026, entrevista a Federico Fern\u00e1ndez-Trapa Font\u00e1n - Navegantes Oce\u00e1nicos\",\"isPartOf\":{\"@id\":\"https:\\\/\\\/navegantesoceanicos.com\\\/pt-pt\\\/#website\"},\"primaryImageOfPage\":{\"@id\":\"https:\\\/\\\/navegantesoceanicos.com\\\/pt-pt\\\/el-camino-a-vela-2026-entrevista-a-federico-fernandez-trapa-fontan\\\/#primaryimage\"},\"image\":{\"@id\":\"https:\\\/\\\/navegantesoceanicos.com\\\/pt-pt\\\/el-camino-a-vela-2026-entrevista-a-federico-fernandez-trapa-fontan\\\/#primaryimage\"},\"thumbnailUrl\":\"https:\\\/\\\/navegantesoceanicos.com\\\/wp-content\\\/uploads\\\/2026\\\/03\\\/Camino-a-Vela-2025.jpg\",\"datePublished\":\"2026-03-13T17:55:22+00:00\",\"dateModified\":\"2026-03-14T10:40:16+00:00\",\"description\":\"Navegantes oce\u00e1nicos, web con contenidos para apasionados por la mar, tripulantes, regatistas, patrones o armadores.\",\"breadcrumb\":{\"@id\":\"https:\\\/\\\/navegantesoceanicos.com\\\/pt-pt\\\/el-camino-a-vela-2026-entrevista-a-federico-fernandez-trapa-fontan\\\/#breadcrumb\"},\"inLanguage\":\"pt-PT\",\"potentialAction\":[{\"@type\":\"ReadAction\",\"target\":[\"https:\\\/\\\/navegantesoceanicos.com\\\/pt-pt\\\/el-camino-a-vela-2026-entrevista-a-federico-fernandez-trapa-fontan\\\/\"]}]},{\"@type\":\"ImageObject\",\"inLanguage\":\"pt-PT\",\"@id\":\"https:\\\/\\\/navegantesoceanicos.com\\\/pt-pt\\\/el-camino-a-vela-2026-entrevista-a-federico-fernandez-trapa-fontan\\\/#primaryimage\",\"url\":\"https:\\\/\\\/navegantesoceanicos.com\\\/wp-content\\\/uploads\\\/2026\\\/03\\\/Camino-a-Vela-2025.jpg\",\"contentUrl\":\"https:\\\/\\\/navegantesoceanicos.com\\\/wp-content\\\/uploads\\\/2026\\\/03\\\/Camino-a-Vela-2025.jpg\",\"width\":2560,\"height\":1707},{\"@type\":\"BreadcrumbList\",\"@id\":\"https:\\\/\\\/navegantesoceanicos.com\\\/pt-pt\\\/el-camino-a-vela-2026-entrevista-a-federico-fernandez-trapa-fontan\\\/#breadcrumb\",\"itemListElement\":[{\"@type\":\"ListItem\",\"position\":1,\"name\":\"Portada\",\"item\":\"https:\\\/\\\/navegantesoceanicos.com\\\/pt-pt\\\/\"},{\"@type\":\"ListItem\",\"position\":2,\"name\":\"El Camino a Vela 2026, entrevista a Federico Fern\u00e1ndez-Trapa Font\u00e1n\"}]},{\"@type\":\"WebSite\",\"@id\":\"https:\\\/\\\/navegantesoceanicos.com\\\/pt-pt\\\/#website\",\"url\":\"https:\\\/\\\/navegantesoceanicos.com\\\/pt-pt\\\/\",\"name\":\"Navegantes Oce\u00e1nicos\",\"description\":\"Navegantes oce\u00e1nicos, te ayudamos a navegar, para navegantes, tripulantes, regatistas y armadores, escuela n\u00e1utica, libros on-line sobre t\u00e1cticas y equipamiento para la navegaci\u00f3n a vela, fondear, atracar, el manejo de las velas, electricidad a bordo, navegaci\u00f3n con mal tiempo, rutas oce\u00e1nicas y mucho m\u00e1s\",\"publisher\":{\"@id\":\"https:\\\/\\\/navegantesoceanicos.com\\\/pt-pt\\\/#organization\"},\"potentialAction\":[{\"@type\":\"SearchAction\",\"target\":{\"@type\":\"EntryPoint\",\"urlTemplate\":\"https:\\\/\\\/navegantesoceanicos.com\\\/pt-pt\\\/?s={search_term_string}\"},\"query-input\":{\"@type\":\"PropertyValueSpecification\",\"valueRequired\":true,\"valueName\":\"search_term_string\"}}],\"inLanguage\":\"pt-PT\"},{\"@type\":\"Organization\",\"@id\":\"https:\\\/\\\/navegantesoceanicos.com\\\/pt-pt\\\/#organization\",\"name\":\"Navegantes Oce\u00e1nicos\",\"url\":\"https:\\\/\\\/navegantesoceanicos.com\\\/pt-pt\\\/\",\"logo\":{\"@type\":\"ImageObject\",\"inLanguage\":\"pt-PT\",\"@id\":\"https:\\\/\\\/navegantesoceanicos.com\\\/pt-pt\\\/#\\\/schema\\\/logo\\\/image\\\/\",\"url\":\"https:\\\/\\\/navegantesoceanicos.com\\\/wp-content\\\/uploads\\\/2019\\\/12\\\/LOGO-NAVEGANTES-OCEANICOS.png\",\"contentUrl\":\"https:\\\/\\\/navegantesoceanicos.com\\\/wp-content\\\/uploads\\\/2019\\\/12\\\/LOGO-NAVEGANTES-OCEANICOS.png\",\"width\":1010,\"height\":814,\"caption\":\"Navegantes Oce\u00e1nicos\"},\"image\":{\"@id\":\"https:\\\/\\\/navegantesoceanicos.com\\\/pt-pt\\\/#\\\/schema\\\/logo\\\/image\\\/\"},\"sameAs\":[\"https:\\\/\\\/www.facebook.com\\\/Navegantes-Oce\u00e1nicos-112578593494698\",\"https:\\\/\\\/www.instagram.com\\\/navegantes_oceanicos\\\/?hl=es\",\"https:\\\/\\\/www.youtube.com\\\/channel\\\/UCXgDL_6xqE7rpdwNXRmzF_Q\\\/featured\"]},{\"@type\":\"Person\",\"@id\":\"https:\\\/\\\/navegantesoceanicos.com\\\/pt-pt\\\/#\\\/schema\\\/person\\\/4efe3afaef12467194c46aa710898a5c\",\"name\":\"Juan Gonz\u00e1lez-Aller Lacalle\",\"image\":{\"@type\":\"ImageObject\",\"inLanguage\":\"pt-PT\",\"@id\":\"https:\\\/\\\/secure.gravatar.com\\\/avatar\\\/8262155dfd99d33a131c0b6f7c6d5b289bcc5a78eb8915b59699287a091367be?s=96&d=mm&r=g\",\"url\":\"https:\\\/\\\/secure.gravatar.com\\\/avatar\\\/8262155dfd99d33a131c0b6f7c6d5b289bcc5a78eb8915b59699287a091367be?s=96&d=mm&r=g\",\"contentUrl\":\"https:\\\/\\\/secure.gravatar.com\\\/avatar\\\/8262155dfd99d33a131c0b6f7c6d5b289bcc5a78eb8915b59699287a091367be?s=96&d=mm&r=g\",\"caption\":\"Juan Gonz\u00e1lez-Aller Lacalle\"},\"sameAs\":[\"https:\\\/\\\/navegantesoceanicos.com\"],\"url\":\"https:\\\/\\\/navegantesoceanicos.com\\\/pt-pt\\\/author\\\/juan-director\\\/\"}]}<\/script>\n<!-- \/ Yoast SEO plugin. -->","yoast_head_json":{"title":"El Camino a Vela 2026, entrevista a Federico Fern\u00e1ndez-Trapa Font\u00e1n - Navegantes Oce\u00e1nicos","description":"Navegantes oce\u00e1nicos, web con contenidos para apasionados por la mar, tripulantes, regatistas, patrones o armadores.","robots":{"index":"index","follow":"follow","max-snippet":"max-snippet:-1","max-image-preview":"max-image-preview:large","max-video-preview":"max-video-preview:-1"},"canonical":"https:\/\/navegantesoceanicos.com\/pt-pt\/el-camino-a-vela-2026-entrevista-a-federico-fernandez-trapa-fontan\/","og_locale":"pt_PT","og_type":"article","og_title":"El Camino a Vela 2026, entrevista a Federico Fern\u00e1ndez-Trapa Font\u00e1n - Navegantes Oce\u00e1nicos","og_description":"Navegantes oce\u00e1nicos, web con contenidos para apasionados por la mar, tripulantes, regatistas, patrones o armadores.","og_url":"https:\/\/navegantesoceanicos.com\/pt-pt\/el-camino-a-vela-2026-entrevista-a-federico-fernandez-trapa-fontan\/","og_site_name":"Navegantes Oce\u00e1nicos","article_publisher":"https:\/\/www.facebook.com\/Navegantes-Oce%c3%a1nicos-112578593494698","article_published_time":"2026-03-13T17:55:22+00:00","article_modified_time":"2026-03-14T10:40:16+00:00","og_image":[{"width":2560,"height":1707,"url":"https:\/\/navegantesoceanicos.com\/wp-content\/uploads\/2026\/03\/Camino-a-Vela-2025.jpg","type":"image\/jpeg"}],"author":"Juan Gonz\u00e1lez-Aller Lacalle","twitter_misc":{"Escrito por":"Juan Gonz\u00e1lez-Aller Lacalle","Tempo estimado de leitura":"7 minutos"},"schema":{"@context":"https:\/\/schema.org","@graph":[{"@type":"Article","@id":"https:\/\/navegantesoceanicos.com\/pt-pt\/el-camino-a-vela-2026-entrevista-a-federico-fernandez-trapa-fontan\/#article","isPartOf":{"@id":"https:\/\/navegantesoceanicos.com\/pt-pt\/el-camino-a-vela-2026-entrevista-a-federico-fernandez-trapa-fontan\/"},"author":{"name":"Juan Gonz\u00e1lez-Aller Lacalle","@id":"https:\/\/navegantesoceanicos.com\/pt-pt\/#\/schema\/person\/4efe3afaef12467194c46aa710898a5c"},"headline":"El Camino a Vela 2026, entrevista a Federico Fern\u00e1ndez-Trapa Font\u00e1n","datePublished":"2026-03-13T17:55:22+00:00","dateModified":"2026-03-14T10:40:16+00:00","mainEntityOfPage":{"@id":"https:\/\/navegantesoceanicos.com\/pt-pt\/el-camino-a-vela-2026-entrevista-a-federico-fernandez-trapa-fontan\/"},"wordCount":2078,"commentCount":0,"publisher":{"@id":"https:\/\/navegantesoceanicos.com\/pt-pt\/#organization"},"image":{"@id":"https:\/\/navegantesoceanicos.com\/pt-pt\/el-camino-a-vela-2026-entrevista-a-federico-fernandez-trapa-fontan\/#primaryimage"},"thumbnailUrl":"https:\/\/navegantesoceanicos.com\/wp-content\/uploads\/2026\/03\/Camino-a-Vela-2025.jpg","articleSection":["entrevistas com os navegantes"],"inLanguage":"pt-PT","potentialAction":[{"@type":"CommentAction","name":"Comment","target":["https:\/\/navegantesoceanicos.com\/pt-pt\/el-camino-a-vela-2026-entrevista-a-federico-fernandez-trapa-fontan\/#respond"]}]},{"@type":"WebPage","@id":"https:\/\/navegantesoceanicos.com\/pt-pt\/el-camino-a-vela-2026-entrevista-a-federico-fernandez-trapa-fontan\/","url":"https:\/\/navegantesoceanicos.com\/pt-pt\/el-camino-a-vela-2026-entrevista-a-federico-fernandez-trapa-fontan\/","name":"El Camino a Vela 2026, entrevista a Federico Fern\u00e1ndez-Trapa Font\u00e1n - Navegantes Oce\u00e1nicos","isPartOf":{"@id":"https:\/\/navegantesoceanicos.com\/pt-pt\/#website"},"primaryImageOfPage":{"@id":"https:\/\/navegantesoceanicos.com\/pt-pt\/el-camino-a-vela-2026-entrevista-a-federico-fernandez-trapa-fontan\/#primaryimage"},"image":{"@id":"https:\/\/navegantesoceanicos.com\/pt-pt\/el-camino-a-vela-2026-entrevista-a-federico-fernandez-trapa-fontan\/#primaryimage"},"thumbnailUrl":"https:\/\/navegantesoceanicos.com\/wp-content\/uploads\/2026\/03\/Camino-a-Vela-2025.jpg","datePublished":"2026-03-13T17:55:22+00:00","dateModified":"2026-03-14T10:40:16+00:00","description":"Navegantes oce\u00e1nicos, web con contenidos para apasionados por la mar, tripulantes, regatistas, patrones o armadores.","breadcrumb":{"@id":"https:\/\/navegantesoceanicos.com\/pt-pt\/el-camino-a-vela-2026-entrevista-a-federico-fernandez-trapa-fontan\/#breadcrumb"},"inLanguage":"pt-PT","potentialAction":[{"@type":"ReadAction","target":["https:\/\/navegantesoceanicos.com\/pt-pt\/el-camino-a-vela-2026-entrevista-a-federico-fernandez-trapa-fontan\/"]}]},{"@type":"ImageObject","inLanguage":"pt-PT","@id":"https:\/\/navegantesoceanicos.com\/pt-pt\/el-camino-a-vela-2026-entrevista-a-federico-fernandez-trapa-fontan\/#primaryimage","url":"https:\/\/navegantesoceanicos.com\/wp-content\/uploads\/2026\/03\/Camino-a-Vela-2025.jpg","contentUrl":"https:\/\/navegantesoceanicos.com\/wp-content\/uploads\/2026\/03\/Camino-a-Vela-2025.jpg","width":2560,"height":1707},{"@type":"BreadcrumbList","@id":"https:\/\/navegantesoceanicos.com\/pt-pt\/el-camino-a-vela-2026-entrevista-a-federico-fernandez-trapa-fontan\/#breadcrumb","itemListElement":[{"@type":"ListItem","position":1,"name":"Portada","item":"https:\/\/navegantesoceanicos.com\/pt-pt\/"},{"@type":"ListItem","position":2,"name":"El Camino a Vela 2026, entrevista a Federico Fern\u00e1ndez-Trapa Font\u00e1n"}]},{"@type":"WebSite","@id":"https:\/\/navegantesoceanicos.com\/pt-pt\/#website","url":"https:\/\/navegantesoceanicos.com\/pt-pt\/","name":"Navegantes Oce\u00e1nicos","description":"Navegantes oce\u00e1nicos, te ayudamos a navegar, para navegantes, tripulantes, regatistas y armadores, escuela n\u00e1utica, libros on-line sobre t\u00e1cticas y equipamiento para la navegaci\u00f3n a vela, fondear, atracar, el manejo de las velas, electricidad a bordo, navegaci\u00f3n con mal tiempo, rutas oce\u00e1nicas y mucho m\u00e1s","publisher":{"@id":"https:\/\/navegantesoceanicos.com\/pt-pt\/#organization"},"potentialAction":[{"@type":"SearchAction","target":{"@type":"EntryPoint","urlTemplate":"https:\/\/navegantesoceanicos.com\/pt-pt\/?s={search_term_string}"},"query-input":{"@type":"PropertyValueSpecification","valueRequired":true,"valueName":"search_term_string"}}],"inLanguage":"pt-PT"},{"@type":"Organization","@id":"https:\/\/navegantesoceanicos.com\/pt-pt\/#organization","name":"Navegantes Oce\u00e1nicos","url":"https:\/\/navegantesoceanicos.com\/pt-pt\/","logo":{"@type":"ImageObject","inLanguage":"pt-PT","@id":"https:\/\/navegantesoceanicos.com\/pt-pt\/#\/schema\/logo\/image\/","url":"https:\/\/navegantesoceanicos.com\/wp-content\/uploads\/2019\/12\/LOGO-NAVEGANTES-OCEANICOS.png","contentUrl":"https:\/\/navegantesoceanicos.com\/wp-content\/uploads\/2019\/12\/LOGO-NAVEGANTES-OCEANICOS.png","width":1010,"height":814,"caption":"Navegantes Oce\u00e1nicos"},"image":{"@id":"https:\/\/navegantesoceanicos.com\/pt-pt\/#\/schema\/logo\/image\/"},"sameAs":["https:\/\/www.facebook.com\/Navegantes-Oce\u00e1nicos-112578593494698","https:\/\/www.instagram.com\/navegantes_oceanicos\/?hl=es","https:\/\/www.youtube.com\/channel\/UCXgDL_6xqE7rpdwNXRmzF_Q\/featured"]},{"@type":"Person","@id":"https:\/\/navegantesoceanicos.com\/pt-pt\/#\/schema\/person\/4efe3afaef12467194c46aa710898a5c","name":"Juan Gonz\u00e1lez-Aller Lacalle","image":{"@type":"ImageObject","inLanguage":"pt-PT","@id":"https:\/\/secure.gravatar.com\/avatar\/8262155dfd99d33a131c0b6f7c6d5b289bcc5a78eb8915b59699287a091367be?s=96&d=mm&r=g","url":"https:\/\/secure.gravatar.com\/avatar\/8262155dfd99d33a131c0b6f7c6d5b289bcc5a78eb8915b59699287a091367be?s=96&d=mm&r=g","contentUrl":"https:\/\/secure.gravatar.com\/avatar\/8262155dfd99d33a131c0b6f7c6d5b289bcc5a78eb8915b59699287a091367be?s=96&d=mm&r=g","caption":"Juan Gonz\u00e1lez-Aller Lacalle"},"sameAs":["https:\/\/navegantesoceanicos.com"],"url":"https:\/\/navegantesoceanicos.com\/pt-pt\/author\/juan-director\/"}]}},"rttpg_featured_image_url":{"full":["https:\/\/navegantesoceanicos.com\/wp-content\/uploads\/2026\/03\/Camino-a-Vela-2025.jpg",2560,1707,false],"landscape":["https:\/\/navegantesoceanicos.com\/wp-content\/uploads\/2026\/03\/Camino-a-Vela-2025.jpg",2560,1707,false],"portraits":["https:\/\/navegantesoceanicos.com\/wp-content\/uploads\/2026\/03\/Camino-a-Vela-2025.jpg",2560,1707,false],"thumbnail":["https:\/\/navegantesoceanicos.com\/wp-content\/uploads\/2026\/03\/Camino-a-Vela-2025-150x150.jpg",150,150,true],"medium":["https:\/\/navegantesoceanicos.com\/wp-content\/uploads\/2026\/03\/Camino-a-Vela-2025-300x200.jpg",300,200,true],"large":["https:\/\/navegantesoceanicos.com\/wp-content\/uploads\/2026\/03\/Camino-a-Vela-2025-1024x683.jpg",1024,683,true],"1536x1536":["https:\/\/navegantesoceanicos.com\/wp-content\/uploads\/2026\/03\/Camino-a-Vela-2025-1536x1024.jpg",1536,1024,true],"2048x2048":["https:\/\/navegantesoceanicos.com\/wp-content\/uploads\/2026\/03\/Camino-a-Vela-2025-2048x1366.jpg",2048,1366,true],"smart-post-landscape":["https:\/\/navegantesoceanicos.com\/wp-content\/uploads\/2026\/03\/Camino-a-Vela-2025.jpg",855,570,false],"smart-post-portrait":["https:\/\/navegantesoceanicos.com\/wp-content\/uploads\/2026\/03\/Camino-a-Vela-2025.jpg",600,400,false],"et-builder-post-main-image":["https:\/\/navegantesoceanicos.com\/wp-content\/uploads\/2026\/03\/Camino-a-Vela-2025-400x250.jpg",400,250,true],"et-builder-post-main-image-fullwidth":["https:\/\/navegantesoceanicos.com\/wp-content\/uploads\/2026\/03\/Camino-a-Vela-2025-1080x675.jpg",1080,675,true],"et-builder-portfolio-image":["https:\/\/navegantesoceanicos.com\/wp-content\/uploads\/2026\/03\/Camino-a-Vela-2025-400x284.jpg",400,284,true],"et-builder-portfolio-image-single":["https:\/\/navegantesoceanicos.com\/wp-content\/uploads\/2026\/03\/Camino-a-Vela-2025-1080x720.jpg",1080,720,true],"et-builder-gallery-image-portrait":["https:\/\/navegantesoceanicos.com\/wp-content\/uploads\/2026\/03\/Camino-a-Vela-2025-400x516.jpg",400,516,true],"extra-image-huge":["https:\/\/navegantesoceanicos.com\/wp-content\/uploads\/2026\/03\/Camino-a-Vela-2025-1280x768.jpg",1280,768,true],"extra-image-single-post":["https:\/\/navegantesoceanicos.com\/wp-content\/uploads\/2026\/03\/Camino-a-Vela-2025-1280x640.jpg",1280,640,true],"extra-image-medium":["https:\/\/navegantesoceanicos.com\/wp-content\/uploads\/2026\/03\/Camino-a-Vela-2025-627x376.jpg",627,376,true],"extra-image-small":["https:\/\/navegantesoceanicos.com\/wp-content\/uploads\/2026\/03\/Camino-a-Vela-2025-440x264.jpg",440,264,true],"extra-image-square-medium":["https:\/\/navegantesoceanicos.com\/wp-content\/uploads\/2026\/03\/Camino-a-Vela-2025-440x440.jpg",440,440,true],"extra-image-square-small":["https:\/\/navegantesoceanicos.com\/wp-content\/uploads\/2026\/03\/Camino-a-Vela-2025-150x150.jpg",150,150,true],"woocommerce_thumbnail":["https:\/\/navegantesoceanicos.com\/wp-content\/uploads\/2026\/03\/Camino-a-Vela-2025-300x200.jpg",300,200,true],"woocommerce_single":["https:\/\/navegantesoceanicos.com\/wp-content\/uploads\/2026\/03\/Camino-a-Vela-2025-600x400.jpg",600,400,true],"woocommerce_gallery_thumbnail":["https:\/\/navegantesoceanicos.com\/wp-content\/uploads\/2026\/03\/Camino-a-Vela-2025-100x100.jpg",100,100,true],"dgwt-wcas-product-suggestion":["https:\/\/navegantesoceanicos.com\/wp-content\/uploads\/2026\/03\/Camino-a-Vela-2025-64x43.jpg",64,43,true]},"rttpg_author":{"display_name":"Juan Gonz\u00e1lez-Aller Lacalle","author_link":"https:\/\/navegantesoceanicos.com\/pt-pt\/author\/juan-director\/"},"rttpg_comment":0,"rttpg_category":"<a href=\"https:\/\/navegantesoceanicos.com\/pt-pt\/category\/entrevistas-com-os-navegantes\/\" rel=\"category tag\">entrevistas com os navegantes<\/a>","rttpg_excerpt":"Em junho de 2026, ter\u00e1 lugar a d\u00e9cima primeira edi\u00e7\u00e3o de \"El Camino a Vela\" (O Caminho de Vela), na qual um grupo de 20 veleiros percorrer\u00e1, em diversas etapas, a costa norte de Espanha, de Hondarribia a Padr\u00f3n, partindo de Fran\u00e7a (La Rochelle) e navegando por toda a costa, antes de chegar a Santiago&hellip;","_links":{"self":[{"href":"https:\/\/navegantesoceanicos.com\/pt-pt\/wp-json\/wp\/v2\/posts\/46577","targetHints":{"allow":["GET"]}}],"collection":[{"href":"https:\/\/navegantesoceanicos.com\/pt-pt\/wp-json\/wp\/v2\/posts"}],"about":[{"href":"https:\/\/navegantesoceanicos.com\/pt-pt\/wp-json\/wp\/v2\/types\/post"}],"author":[{"embeddable":true,"href":"https:\/\/navegantesoceanicos.com\/pt-pt\/wp-json\/wp\/v2\/users\/2"}],"replies":[{"embeddable":true,"href":"https:\/\/navegantesoceanicos.com\/pt-pt\/wp-json\/wp\/v2\/comments?post=46577"}],"version-history":[{"count":1,"href":"https:\/\/navegantesoceanicos.com\/pt-pt\/wp-json\/wp\/v2\/posts\/46577\/revisions"}],"predecessor-version":[{"id":46600,"href":"https:\/\/navegantesoceanicos.com\/pt-pt\/wp-json\/wp\/v2\/posts\/46577\/revisions\/46600"}],"wp:featuredmedia":[{"embeddable":true,"href":"https:\/\/navegantesoceanicos.com\/pt-pt\/wp-json\/wp\/v2\/media\/46545"}],"wp:attachment":[{"href":"https:\/\/navegantesoceanicos.com\/pt-pt\/wp-json\/wp\/v2\/media?parent=46577"}],"wp:term":[{"taxonomy":"category","embeddable":true,"href":"https:\/\/navegantesoceanicos.com\/pt-pt\/wp-json\/wp\/v2\/categories?post=46577"},{"taxonomy":"post_tag","embeddable":true,"href":"https:\/\/navegantesoceanicos.com\/pt-pt\/wp-json\/wp\/v2\/tags?post=46577"}],"curies":[{"name":"wp","href":"https:\/\/api.w.org\/{rel}","templated":true}]}}