{"id":47075,"date":"2026-04-08T07:50:39","date_gmt":"2026-04-08T07:50:39","guid":{"rendered":"https:\/\/navegantesoceanicos.com\/rochi-costa-travesias-por-los-lugares-mas-remotos-del-artico-a-la-antartida\/"},"modified":"2026-04-09T09:49:27","modified_gmt":"2026-04-09T09:49:27","slug":"rochi-costa-viagens-pelos-lugares-mais-remotos-do-artico-a-antartida","status":"publish","type":"post","link":"https:\/\/navegantesoceanicos.com\/pt-pt\/rochi-costa-viagens-pelos-lugares-mais-remotos-do-artico-a-antartida\/","title":{"rendered":"Rochi Costa: viagens pelos lugares mais remotos, do \u00c1rtico \u00e0 Ant\u00e1rtida"},"content":{"rendered":"<p>[et_pb_section fb_built=&#8221;1&#8243; _builder_version=&#8221;4.27.5&#8243; _module_preset=&#8221;default&#8221; custom_margin=&#8221;-30px|||||&#8221; custom_padding=&#8221;0px|||||&#8221; global_colors_info=&#8221;{}&#8221;][et_pb_row _builder_version=&#8221;4.27.5&#8243; _module_preset=&#8221;default&#8221; custom_padding=&#8221;0px||5px|||&#8221; global_colors_info=&#8221;{}&#8221;][et_pb_column type=&#8221;4_4&#8243; _builder_version=&#8221;4.27.5&#8243; _module_preset=&#8221;default&#8221; global_colors_info=&#8221;{}&#8221;][et_pb_image src=&#8221;https:\/\/navegantesoceanicos.com\/wp-content\/uploads\/2026\/04\/Puente-de-mando-de-la-Goleta-elsi-de-guardia-2024-scaled.webp&#8221; alt=&#8221;Puente de mando de la Goleta elsi, de guardia 2024&#8243; title_text=&#8221;Puente de mando de la Goleta elsi, de guardia 2024&#8243; _builder_version=&#8221;4.27.5&#8243; _module_preset=&#8221;default&#8221; global_colors_info=&#8221;{}&#8221;][\/et_pb_image][et_pb_text _builder_version=&#8221;4.27.5&#8243; _module_preset=&#8221;default&#8221; custom_margin=&#8221;||22px|||&#8221; global_colors_info=&#8221;{}&#8221;]<\/p>\n<p style=\"text-align: center;\"><em>Rochi Costa na ponte de comando da escuna Elsi, em servi\u00e7o, 2024<\/em><\/p>\n<p>[\/et_pb_text][et_pb_divider divider_weight=&#8221;3px&#8221; _builder_version=&#8221;4.27.5&#8243; _module_preset=&#8221;default&#8221; custom_margin=&#8221;||1px|||&#8221; global_colors_info=&#8221;{}&#8221;][\/et_pb_divider][et_pb_text _builder_version=&#8221;4.27.5&#8243; _module_preset=&#8221;default&#8221; global_colors_info=&#8221;{}&#8221;]<\/p>\n<p style=\"text-align: center;\"><span style=\"color: #000000;\"><strong>Esta jovem capit\u00e3 navegou mais de 40.000 milhas n\u00e1uticas nos \u00faltimos tr\u00eas anos: primeiro como cozinheira, depois como segunda imediata, depois como primeira imediata, at\u00e9 finalmente comandar o navio da companhia. De regatas no Rio da Prata a icebergues no Polo Norte, ela embarcou numa viagem sem escalas pelos mares mais desafiantes \u2014 e gelados \u2014 do mundo.<\/strong><\/span><\/p>\n<p>[\/et_pb_text][et_pb_divider divider_weight=&#8221;3px&#8221; _builder_version=&#8221;4.27.5&#8243; _module_preset=&#8221;default&#8221; custom_margin=&#8221;||5px|||&#8221; global_colors_info=&#8221;{}&#8221;][\/et_pb_divider][\/et_pb_column][\/et_pb_row][et_pb_row _builder_version=&#8221;4.27.5&#8243; _module_preset=&#8221;default&#8221; custom_padding=&#8221;6px||7px|||&#8221; global_colors_info=&#8221;{}&#8221;][et_pb_column type=&#8221;4_4&#8243; _builder_version=&#8221;4.27.5&#8243; _module_preset=&#8221;default&#8221; global_colors_info=&#8221;{}&#8221;][et_pb_image src=&#8221;https:\/\/navegantesoceanicos.com\/wp-content\/uploads\/2026\/04\/Capitana-goleta-elsi-en-groenlandia-2025-scaled.webp&#8221; alt=&#8221;Capitana goleta elsi en groenlandia 2025&#8243; title_text=&#8221;Capitana goleta elsi en groenlandia 2025&#8243; _builder_version=&#8221;4.27.5&#8243; _module_preset=&#8221;default&#8221; global_colors_info=&#8221;{}&#8221;][\/et_pb_image][et_pb_text _builder_version=&#8221;4.27.5&#8243; _module_preset=&#8221;default&#8221; custom_margin=&#8221;-9px|||||&#8221; global_colors_info=&#8221;{}&#8221;]<\/p>\n<p style=\"text-align: center;\"><em>Rochi Costa, capit\u00e3o da escuna Elsi, Gronel\u00e2ndia, 2025<\/em><\/p>\n<p>[\/et_pb_text][\/et_pb_column][\/et_pb_row][et_pb_row _builder_version=&#8221;4.27.5&#8243; _module_preset=&#8221;default&#8221; custom_padding=&#8221;||1px|||&#8221; global_colors_info=&#8221;{}&#8221;][et_pb_column type=&#8221;4_4&#8243; _builder_version=&#8221;4.27.5&#8243; _module_preset=&#8221;default&#8221; global_colors_info=&#8221;{}&#8221;][et_pb_divider divider_weight=&#8221;3px&#8221; _builder_version=&#8221;4.27.5&#8243; _module_preset=&#8221;default&#8221; custom_margin=&#8221;||0px|||&#8221; custom_padding=&#8221;||0px|||&#8221; global_colors_info=&#8221;{}&#8221;][\/et_pb_divider][et_pb_text _builder_version=&#8221;4.27.5&#8243; _module_preset=&#8221;default&#8221; global_colors_info=&#8221;{}&#8221;]<\/p>\n<p style=\"text-align: center;\"><span style=\"color: #000000;\">Rochi Costa come\u00e7ou a velejar no Rio da Prata ainda crian\u00e7a, ao lado do pai, que teve um Pandora 31 durante muitos anos. Mais tarde, come\u00e7ou a velejar em pequenos barcos no Club Universitario de Buenos Aires (CUBA), na classe Optimist, dos oito aos quinze anos. Continuou na ILCA e, na adolesc\u00eancia, fez uma pausa de alguns anos &#8220;porque estava a perder todos os planos com os meus amigos&#8221; por causa das regatas, treinos, manuten\u00e7\u00e3o e campeonatos, uma vez que &#8220;velejar \u00e9 muito intenso para as crian\u00e7as&#8221;.<\/span><\/p>\n<p style=\"text-align: center;\"><span style=\"color: #000000;\">S\u00f3 depois de terminar o liceu \u00e9 que come\u00e7ou o curso de timoneira: &#8220;Sempre naveguei em monotipos. O meu pai n\u00e3o me ensinou muito sobre o barco dele porque somos oito irm\u00e3os, e os rapazes \u00e9 que tomavam conta do veleiro&#8221;, explica. \u201cNessa altura, nem sabia como montar um spinnaker ou uma genoa. Foi \u00f3timo porque comecei a conectar-me com muitas pessoas que praticavam vela quando iniciei o curso, que durou cerca de um ano.\u201d<\/span><\/p>\n<p style=\"text-align: center;\"><span style=\"color: #000000;\">Nunca imaginou, por\u00e9m, que aquelas primeiras viagens a levariam t\u00e3o longe. Depois de algumas tentativas em empregos tradicionais, dedicou-se \u00e0 navega\u00e7\u00e3o oce\u00e2nica: primeiro como cozinheira, depois como segunda imediata, depois como primeira imediata, at\u00e9 assumir o comando do navio da companhia. Nos \u00faltimos tr\u00eas anos, percorreu mais de 40.000 milhas n\u00e1uticas entre o \u00c1rtico e a Ant\u00e1rtida, cruzando os mares mais frios e desafiantes do mundo.<\/span><\/p>\n<p>[\/et_pb_text][et_pb_divider divider_weight=&#8221;3px&#8221; _builder_version=&#8221;4.27.5&#8243; _module_preset=&#8221;default&#8221; custom_margin=&#8221;||3px|||&#8221; global_colors_info=&#8221;{}&#8221;][\/et_pb_divider][\/et_pb_column][\/et_pb_row][et_pb_row _builder_version=&#8221;4.27.5&#8243; _module_preset=&#8221;default&#8221; custom_padding=&#8221;0px||2px|||&#8221; global_colors_info=&#8221;{}&#8221;][et_pb_column type=&#8221;4_4&#8243; _builder_version=&#8221;4.27.5&#8243; _module_preset=&#8221;default&#8221; global_colors_info=&#8221;{}&#8221;][et_pb_image src=&#8221;https:\/\/navegantesoceanicos.com\/wp-content\/uploads\/2026\/04\/Optimist-2007.webp&#8221; alt=&#8221;Optimist 2007&#8243; title_text=&#8221;Optimist 2007&#8243; _builder_version=&#8221;4.27.5&#8243; _module_preset=&#8221;default&#8221; global_colors_info=&#8221;{}&#8221;][\/et_pb_image][et_pb_text _builder_version=&#8221;4.27.5&#8243; _module_preset=&#8221;default&#8221; custom_margin=&#8221;-9px|||||&#8221; global_colors_info=&#8221;{}&#8221;]<\/p>\n<p style=\"text-align: center;\"><em>Rochi Costa, Optimist, 2007<\/em><\/p>\n<p>[\/et_pb_text][\/et_pb_column][\/et_pb_row][et_pb_row _builder_version=&#8221;4.27.5&#8243; _module_preset=&#8221;default&#8221; custom_padding=&#8221;||0px|||&#8221; global_colors_info=&#8221;{}&#8221;][et_pb_column type=&#8221;4_4&#8243; _builder_version=&#8221;4.27.5&#8243; _module_preset=&#8221;default&#8221; global_colors_info=&#8221;{}&#8221;][et_pb_divider divider_weight=&#8221;3px&#8221; _builder_version=&#8221;4.27.5&#8243; _module_preset=&#8221;default&#8221; custom_margin=&#8221;||6px|||&#8221; global_colors_info=&#8221;{}&#8221;][\/et_pb_divider][et_pb_text admin_label=&#8221;preguntas 1 y 2&#8243; _builder_version=&#8221;4.27.5&#8243; _module_preset=&#8221;default&#8221; global_colors_info=&#8221;{}&#8221;]<\/p>\n<h2 style=\"text-align: center;\"><span style=\"color: #060d9e;\"><strong><em>Rochi, Como come\u00e7ou a velejar?<\/em><\/strong><\/span><\/h2>\n<p><span style=\"color: #000000;\">A minha viagem na vela come\u00e7ou com o meu pai, que tinha um veleiro Pandora 31. Mas eu n\u00e3o sabia como montar um spinnaker ou uma genoa; os meus irm\u00e3os sempre fizeram isso. Quando terminei o liceu, fiz um curso de timoneiro e comecei a estabelecer contactos com outros velejadores que tinham barcos maiores. Comecei a competir. Participei nos grandes campeonatos com v\u00e1rios barcos do clube \u2014 dez ou quinze veleiros que competem juntos h\u00e1 anos, e h\u00e1 regatas para participar durante todo o ano. Durante o curso, conheci uma rapariga e torn\u00e1mo-nos muito amigas. No ano seguinte, come\u00e7\u00e1mos tamb\u00e9m a competir na classe J24. Continu\u00e1mos a melhorar e formamos uma equipa feminina, que teve muito sucesso.<\/span><\/p>\n<h2 style=\"text-align: center;\"><span style=\"color: #0824a0;\"><strong><em>O que aconteceu a seguir?<\/em><\/strong><\/span><\/h2>\n<p><span style=\"color: #000000;\">Comecei a estudar Gest\u00e3o de Empresas e, por volta dos 21 anos, fiz uma mudan\u00e7a radical. N\u00e3o me sentia em casa em Buenos Aires: trabalhava numa empresa de contabilidade, frequentava a Faculdade de Economia, tudo no centro da cidade, com hor\u00e1rios fixos. N\u00e3o gostava de trabalhar e estudar o dia todo, e de ter apenas duas semanas de f\u00e9rias por ano.<\/span><\/p>\n<p><span style=\"color: #000000;\">Mudei-me para a Austr\u00e1lia e depois para Fran\u00e7a. Comecei a viajar, a trabalhar e a juntar dinheiro. Nesta altura, sentia muita falta da rotina do fim de semana, de andar de bicicleta, ir ao clube e velejar. Depois, na Austr\u00e1lia, participei em algumas regatas que se realizavam \u00e0s sextas-feiras num clube depois do trabalho, mas a barreira lingu\u00edstica impediu-me de participar mais.<\/span><\/p>\n<p>[\/et_pb_text][et_pb_divider divider_weight=&#8221;3px&#8221; _builder_version=&#8221;4.27.5&#8243; _module_preset=&#8221;default&#8221; custom_margin=&#8221;||15px|||&#8221; global_colors_info=&#8221;{}&#8221;][\/et_pb_divider][\/et_pb_column][\/et_pb_row][et_pb_row _builder_version=&#8221;4.27.5&#8243; _module_preset=&#8221;default&#8221; custom_padding=&#8221;3px||8px|||&#8221; global_colors_info=&#8221;{}&#8221;][et_pb_column type=&#8221;4_4&#8243; _builder_version=&#8221;4.27.5&#8243; _module_preset=&#8221;default&#8221; global_colors_info=&#8221;{}&#8221;][et_pb_image src=&#8221;https:\/\/navegantesoceanicos.com\/wp-content\/uploads\/2026\/04\/Goleta-Tolkien-antartida-2026.webp&#8221; alt=&#8221;Goleta Tolkien antartida 2026&#8243; title_text=&#8221;Goleta Tolkien antartida 2026&#8243; _builder_version=&#8221;4.27.5&#8243; _module_preset=&#8221;default&#8221; global_colors_info=&#8221;{}&#8221;][\/et_pb_image][et_pb_text _builder_version=&#8221;4.27.5&#8243; _module_preset=&#8221;default&#8221; custom_margin=&#8221;-14px|||||&#8221; global_colors_info=&#8221;{}&#8221;]<\/p>\n<p style=\"text-align: center;\"><em>Escuna Tolkien, Ant\u00e1rtida, 2026<\/em><\/p>\n<p>[\/et_pb_text][\/et_pb_column][\/et_pb_row][et_pb_row _builder_version=&#8221;4.27.5&#8243; _module_preset=&#8221;default&#8221; custom_padding=&#8221;||1px|||&#8221; global_colors_info=&#8221;{}&#8221;][et_pb_column type=&#8221;4_4&#8243; _builder_version=&#8221;4.27.5&#8243; _module_preset=&#8221;default&#8221; global_colors_info=&#8221;{}&#8221;][et_pb_divider divider_weight=&#8221;3px&#8221; _builder_version=&#8221;4.27.5&#8243; _module_preset=&#8221;default&#8221; custom_margin=&#8221;||15px|||&#8221; global_colors_info=&#8221;{}&#8221;][\/et_pb_divider][et_pb_text admin_label=&#8221;preguntas 3 y 4&#8243; _builder_version=&#8221;4.27.5&#8243; _module_preset=&#8221;default&#8221; global_colors_info=&#8221;{}&#8221;]<\/p>\n<h2 style=\"text-align: center;\"><span style=\"color: #0a21a8;\"><strong><em>Estava a esquecer-se de algo?<\/em><\/strong><\/span><\/h2>\n<p><span style=\"color: #000000;\">Sim, nesse ano que passei em Fran\u00e7a, n\u00e3o naveguei nada: pensava, adoro viajar, mas tenho saudades do mar. Comecei a falar com o meu instrutor do curso de timoneiro no clube porque queria come\u00e7ar a trabalhar na ind\u00fastria n\u00e1utica na Cro\u00e1cia, Gr\u00e9cia e Espanha, onde tinha alguns amigos que tamb\u00e9m conciliavam viagens e vela. Regressei a Buenos Aires, fiz o curso de skipper e, depois disso, pude ir para a Europa para melhorar a minha forma\u00e7\u00e3o e seguir uma carreira n\u00e1utica. Nesse ano, apaixonei-me novamente pela vela; Percebi que fazia parte de mim e que n\u00e3o podia voltar a desistir. Nessa altura, os instrutores tamb\u00e9m me disseram que, como velejava desde crian\u00e7a, tinha uma intui\u00e7\u00e3o muito maior em rela\u00e7\u00e3o ao vento do que os outros: isso motivou-me bastante, porque era algo natural para mim (risos). Mas depois come\u00e7ou a pandemia e n\u00e3o pude viajar para a Europa para concluir os estudos.<\/span><\/p>\n<h2 style=\"text-align: center;\"><span style=\"color: #0819a0;\"><strong><em>Ent\u00e3o, como come\u00e7ou a velejar profissionalmente?<\/em><\/strong><\/span><\/h2>\n<p><span style=\"color: #000000;\">No final de 2020, encontrei um amigo no clube que me perguntou o que ia fazer da vida, pois tinha comprado um veleiro nas Cara\u00edbas e precisava de o preparar para algumas regatas e depois navegar at\u00e9 ao Mediterr\u00e2neo. Duas semanas depois, estava em Ant\u00edgua: era um barco de 18 metros, enorme, bonito e pronto para competir. Estivemos tr\u00eas meses, mas o campeonato foi cancelado por causa da COVID. Era muito dif\u00edcil permanecer no pa\u00eds, dada a situa\u00e7\u00e3o sanit\u00e1ria numa ilha t\u00e3o pequena. Regressei a Buenos Aires, participei numa regata no Uruguai e algo mudou: nesse momento, concentrei-me exclusivamente em encontrar trabalho em barcos. Comecei a fazer passeios tur\u00edsticos de barco no rio, mas tamb\u00e9m estava muito tentado a iniciar viagens oce\u00e2nicas mais longas.<\/span><\/p>\n<p>[\/et_pb_text][et_pb_divider divider_weight=&#8221;3px&#8221; _builder_version=&#8221;4.27.5&#8243; _module_preset=&#8221;default&#8221; custom_margin=&#8221;||15px|||&#8221; global_colors_info=&#8221;{}&#8221;][\/et_pb_divider][\/et_pb_column][\/et_pb_row][et_pb_row _builder_version=&#8221;4.27.5&#8243; _module_preset=&#8221;default&#8221; custom_padding=&#8221;8px||9px|||&#8221; global_colors_info=&#8221;{}&#8221;][et_pb_column type=&#8221;4_4&#8243; _builder_version=&#8221;4.27.5&#8243; _module_preset=&#8221;default&#8221; global_colors_info=&#8221;{}&#8221;][et_pb_image src=&#8221;https:\/\/navegantesoceanicos.com\/wp-content\/uploads\/2026\/04\/Tours-de-fotografia-en-groenlandia-2023.webp&#8221; alt=&#8221;Tours de fotografia en groenlandia 2023&#8243; title_text=&#8221;Tours de fotografia en groenlandia 2023&#8243; _builder_version=&#8221;4.27.5&#8243; _module_preset=&#8221;default&#8221; global_colors_info=&#8221;{}&#8221;][\/et_pb_image][et_pb_text _builder_version=&#8221;4.27.5&#8243; _module_preset=&#8221;default&#8221; custom_margin=&#8221;-12px|||||&#8221; global_colors_info=&#8221;{}&#8221;]<\/p>\n<p style=\"text-align: center;\"><em>Fotografia na Gronel\u00e2ndia, 2023<\/em><\/p>\n<p>[\/et_pb_text][\/et_pb_column][\/et_pb_row][et_pb_row _builder_version=&#8221;4.27.5&#8243; _module_preset=&#8221;default&#8221; custom_padding=&#8221;22px||2px|||&#8221; global_colors_info=&#8221;{}&#8221;][et_pb_column type=&#8221;4_4&#8243; _builder_version=&#8221;4.27.5&#8243; _module_preset=&#8221;default&#8221; global_colors_info=&#8221;{}&#8221;][et_pb_divider divider_weight=&#8221;3px&#8221; _builder_version=&#8221;4.27.5&#8243; _module_preset=&#8221;default&#8221; custom_margin=&#8221;||16px|||&#8221; global_colors_info=&#8221;{}&#8221;][\/et_pb_divider][et_pb_text admin_label=&#8221;preguntas 5&#8243; _builder_version=&#8221;4.27.5&#8243; _module_preset=&#8221;default&#8221; global_colors_info=&#8221;{}&#8221;]<\/p>\n<h2 style=\"text-align: center;\"><span style=\"color: #091f9e;\"><strong><em>At\u00e9 ent\u00e3o, tinha feito alguma viagem mais longa?<\/em><\/strong><\/span><\/h2>\n<p><span style=\"color: #000000;\">N\u00e3o, de todo. Toda a minha experi\u00eancia se resumia ao tro\u00e7o da viagem entre Buenos Aires e Punta del Este. Por acaso, escrevi a uma amiga que trabalhava para uma empresa russa que viajava regularmente para a Ant\u00e1rtida e para a Gronel\u00e2ndia. Ela disse-me que estavam \u00e0 procura de um cozinheiro para uma viagem. Pensei: &#8220;Que f\u00e1cil: bastam alguns telefonemas!&#8221; (risos). Disse-lhe que n\u00e3o, que queria navegar, mas ela insistiu que era uma forma de entrar para a tripula\u00e7\u00e3o. Em tr\u00eas dias, estava em Punta Arenas, no Chile, rumo ao Estreito de Magalh\u00e3es. A viagem era at\u00e9 ao Brasil, numa escuna de 37 metros.<\/span><\/p>\n<p>[\/et_pb_text][et_pb_divider divider_weight=&#8221;3px&#8221; _builder_version=&#8221;4.27.5&#8243; _module_preset=&#8221;default&#8221; custom_margin=&#8221;||6px|||&#8221; global_colors_info=&#8221;{}&#8221;][\/et_pb_divider][\/et_pb_column][\/et_pb_row][et_pb_row _builder_version=&#8221;4.27.5&#8243; _module_preset=&#8221;default&#8221; custom_padding=&#8221;4px||9px|||&#8221; global_colors_info=&#8221;{}&#8221;][et_pb_column type=&#8221;4_4&#8243; _builder_version=&#8221;4.27.5&#8243; _module_preset=&#8221;default&#8221; global_colors_info=&#8221;{}&#8221;][et_pb_image src=&#8221;https:\/\/navegantesoceanicos.com\/wp-content\/uploads\/2026\/04\/Isla-Bouvet-la-isla-mas-remota-del-mundo-2024-goleta-elsi-primer-oficial.webp&#8221; alt=&#8221;Isla Bouvet la isla mas remota del mundo 2024 \u2013 goleta elsi primer oficial&#8221; title_text=&#8221;Isla Bouvet la isla mas remota del mundo 2024 &#8211; goleta elsi primer oficial&#8221; _builder_version=&#8221;4.27.5&#8243; _module_preset=&#8221;default&#8221; global_colors_info=&#8221;{}&#8221;][\/et_pb_image][et_pb_text _builder_version=&#8221;4.27.5&#8243; _module_preset=&#8221;default&#8221; global_colors_info=&#8221;{}&#8221;]<\/p>\n<p style=\"text-align: center;\"><em>Ilha Bouvet, a ilha mais remota do mundo, 2024 &#8211; Escuna Elsi, Rochi, embarcada como primeiro oficial<\/em><\/p>\n<p>[\/et_pb_text][\/et_pb_column][\/et_pb_row][et_pb_row _builder_version=&#8221;4.27.5&#8243; _module_preset=&#8221;default&#8221; custom_padding=&#8221;18px||2px|||&#8221; global_colors_info=&#8221;{}&#8221;][et_pb_column type=&#8221;4_4&#8243; _builder_version=&#8221;4.27.5&#8243; _module_preset=&#8221;default&#8221; global_colors_info=&#8221;{}&#8221;][et_pb_divider divider_weight=&#8221;3px&#8221; _builder_version=&#8221;4.27.5&#8243; _module_preset=&#8221;default&#8221; custom_margin=&#8221;||7px|||&#8221; global_colors_info=&#8221;{}&#8221;][\/et_pb_divider][et_pb_text admin_label=&#8221;preguntas  6&#8243; _builder_version=&#8221;4.27.5&#8243; _module_preset=&#8221;default&#8221; global_colors_info=&#8221;{}&#8221;]<\/p>\n<h2 style=\"text-align: center;\"><span style=\"color: #0618a0;\"><strong><em>Mas tinha alguma ideia de como navegar numa escuna?<\/em><\/strong><\/span><\/h2>\n<p><span style=\"color: #000000;\">N\u00e3o, n\u00e3o fazia ideia. Quando vi, pensei que fosse a fragata Libertad (risos). O navio mais poderoso que j\u00e1 capitaneei foi um Pandora 34. Eram cinco russos, um argentino e eu, que fui a minha salva\u00e7\u00e3o porque ningu\u00e9m falava comigo; eu n\u00e3o percebia nada. O dono da empresa queria testar-me como cozinheiro numa viagem \u00e0 Gronel\u00e2ndia, mas, embora adorasse cozinhar, queria ser marinheiro. Finalmente, havia algu\u00e9m naquele navio que era respons\u00e1vel pela cozinha, e ela fazia um trabalho incr\u00edvel. Fiz um pouco de tudo para ser contratado, mas n\u00e3o tinha uma fun\u00e7\u00e3o espec\u00edfica. Todas as manh\u00e3s me levantava, ia at\u00e9 \u00e0 ponte de comando e perguntava ao comandante de onde vinha o vento, como estava a mar\u00e9 e qual o percurso planeado.<\/span><\/p>\n<p><span style=\"color: #000000;\">Esta viagem durou 15 dias, de Punta Arenas ao Brasil. Regressavam de uma temporada na Ant\u00e1rtida e estavam a deixar l\u00e1 o navio\u2026 Fiquei com a sensa\u00e7\u00e3o de que aquilo n\u00e3o era velejar: estava habituado a participar em regatas, sentado na berma, a ser atingido pelas ondas e completamente encharcado. Tudo ali era t\u00e3o grande que ficavas dentro de um barco, com aquecimento, a beber caf\u00e9, o cozinheiro a preparar-te sushi \u2014 para mim, n\u00e3o era propriamente essa a sensa\u00e7\u00e3o de velejar (risos). No entanto, a experi\u00eancia foi \u00f3tima e desliguei-me durante duas semanas, na altura em que o Starlink ainda n\u00e3o existia.<\/span><\/p>\n<p>[\/et_pb_text][et_pb_divider divider_weight=&#8221;3px&#8221; _builder_version=&#8221;4.27.5&#8243; _module_preset=&#8221;default&#8221; custom_margin=&#8221;||5px|||&#8221; global_colors_info=&#8221;{}&#8221;][\/et_pb_divider][\/et_pb_column][\/et_pb_row][et_pb_row _builder_version=&#8221;4.27.5&#8243; _module_preset=&#8221;default&#8221; custom_padding=&#8221;10px||0px|||&#8221; global_colors_info=&#8221;{}&#8221;][et_pb_column type=&#8221;4_4&#8243; _builder_version=&#8221;4.27.5&#8243; _module_preset=&#8221;default&#8221; global_colors_info=&#8221;{}&#8221;][dsm_image_carousel gallery_ids=&#8221;47012,47015,47018,47030&#8243; slide_to_show=&#8221;2&#8243; _builder_version=&#8221;4.27.5&#8243; _module_preset=&#8221;default&#8221; global_colors_info=&#8221;{}&#8221;][\/dsm_image_carousel][\/et_pb_column][\/et_pb_row][et_pb_row _builder_version=&#8221;4.27.5&#8243; _module_preset=&#8221;default&#8221; custom_padding=&#8221;||4px|||&#8221; global_colors_info=&#8221;{}&#8221;][et_pb_column type=&#8221;4_4&#8243; _builder_version=&#8221;4.27.5&#8243; _module_preset=&#8221;default&#8221; global_colors_info=&#8221;{}&#8221;][et_pb_divider divider_weight=&#8221;3px&#8221; _builder_version=&#8221;4.27.5&#8243; _module_preset=&#8221;default&#8221; custom_margin=&#8221;||6px|||&#8221; global_colors_info=&#8221;{}&#8221;][\/et_pb_divider][et_pb_text admin_label=&#8221;preguntas 7 y 8&#8243; _builder_version=&#8221;4.27.5&#8243; _module_preset=&#8221;default&#8221; global_colors_info=&#8221;{}&#8221;]<\/p>\n<h2 style=\"text-align: center;\"><span style=\"color: #07199e;\"><strong><em>O que aconteceu quando chegaram ao Brasil?<\/em><\/strong><\/span><\/h2>\n<p><span style=\"color: #000000;\">Assim que cheg\u00e1mos ao Brasil, o dono da empresa perguntou-me se queria ir para It\u00e1lia, dizendo que partiriam dali a tr\u00eas dias. Disse-lhe para me fazer uma proposta, que queria velejar, n\u00e3o ser apenas cozinheiro. Fomos para a Sic\u00edlia reparar um veleiro de a\u00e7o de 65 p\u00e9s que estava abandonado h\u00e1 quatro anos e precisava de ser reparado antes de navegar para a Gronel\u00e2ndia, onde trabalhar\u00edamos durante dois meses durante a temporada, transportando passageiros. A viagem de regresso seria para os A\u00e7ores.<\/span><\/p>\n<h2 style=\"text-align: center;\"><span style=\"color: #071d9b;\"><strong><em>Mas tinha algum conhecimento sobre restauro?<\/em><\/strong><\/span><\/h2>\n<p><span style=\"color: #000000;\">N\u00e3o, n\u00e3o fazia ideia. Nunca tinha sequer segurado um berbequim, uma rebarbadora ou uma lixadora na minha vida. Mas ali estava eu \u200b\u200bcom o martelo e a esp\u00e1tula, das oito da manh\u00e3 \u00e0s dez da noite. Adorava aprender carpintaria e pintura, compet\u00eancias absolutamente essenciais para a manuten\u00e7\u00e3o do navio. Acabava com a cara coberta de sujidade, dorm\u00edamos no barco imundo, eu tomava banho no estaleiro, mas estava feliz porque ia atravessar o oceano. \u00c9 uma empresa que organiza sobretudo viagens ao \u00c1rtico e \u00e0 Ant\u00e1rtida para fins tur\u00edsticos: s\u00e3o excurs\u00f5es fotogr\u00e1ficas, que provavelmente pode ver no seu site, uma vez que a escuna tem velas vermelhas e o contraste com os icebergues torna-a \u00e9pica.<\/span><\/p>\n<p>[\/et_pb_text][et_pb_divider divider_weight=&#8221;3px&#8221; _builder_version=&#8221;4.27.5&#8243; _module_preset=&#8221;default&#8221; custom_margin=&#8221;||16px|||&#8221; global_colors_info=&#8221;{}&#8221;][\/et_pb_divider][\/et_pb_column][\/et_pb_row][et_pb_row column_structure=&#8221;1_2,1_2&#8243; _builder_version=&#8221;4.27.5&#8243; _module_preset=&#8221;default&#8221; custom_padding=&#8221;0px||7px|||&#8221; global_colors_info=&#8221;{}&#8221;][et_pb_column type=&#8221;1_2&#8243; _builder_version=&#8221;4.27.5&#8243; _module_preset=&#8221;default&#8221; global_colors_info=&#8221;{}&#8221;][et_pb_image src=&#8221;https:\/\/navegantesoceanicos.com\/wp-content\/uploads\/2026\/04\/Refit-Elsi-en-Itajai-2023.webp&#8221; alt=&#8221;Refit Elsi en Itajai 2023&#8243; title_text=&#8221;Refit Elsi en Itajai 2023&#8243; _builder_version=&#8221;4.27.5&#8243; _module_preset=&#8221;default&#8221; global_colors_info=&#8221;{}&#8221;][\/et_pb_image][\/et_pb_column][et_pb_column type=&#8221;1_2&#8243; _builder_version=&#8221;4.27.5&#8243; _module_preset=&#8221;default&#8221; global_colors_info=&#8221;{}&#8221;][et_pb_image src=&#8221;https:\/\/navegantesoceanicos.com\/wp-content\/uploads\/2026\/04\/Reparaciones-en-Sicilia-2023.webp&#8221; alt=&#8221;Reparaciones en Sicilia 2023&#8243; title_text=&#8221;Reparaciones en Sicilia 2023&#8243; _builder_version=&#8221;4.27.5&#8243; _module_preset=&#8221;default&#8221; global_colors_info=&#8221;{}&#8221;][\/et_pb_image][\/et_pb_column][\/et_pb_row][et_pb_row _builder_version=&#8221;4.27.5&#8243; _module_preset=&#8221;default&#8221; custom_padding=&#8221;14px||0px|||&#8221; global_colors_info=&#8221;{}&#8221;][et_pb_column type=&#8221;4_4&#8243; _builder_version=&#8221;4.27.5&#8243; _module_preset=&#8221;default&#8221; global_colors_info=&#8221;{}&#8221;][et_pb_text _builder_version=&#8221;4.27.5&#8243; _module_preset=&#8221;default&#8221; global_colors_info=&#8221;{}&#8221;]<\/p>\n<p style=\"text-align: center;\"><em>Realizar repara\u00e7\u00f5es a bordo, 2023<\/em><\/p>\n<p>[\/et_pb_text][et_pb_divider divider_weight=&#8221;3px&#8221; _builder_version=&#8221;4.27.5&#8243; _module_preset=&#8221;default&#8221; custom_margin=&#8221;||6px|||&#8221; global_colors_info=&#8221;{}&#8221;][\/et_pb_divider][et_pb_text admin_label=&#8221;preguntas 9 y 10&#8243; _builder_version=&#8221;4.27.5&#8243; _module_preset=&#8221;default&#8221; global_colors_info=&#8221;{}&#8221;]<\/p>\n<h2 style=\"text-align: center;\"><span style=\"color: #061299;\"><strong><em>Depois disso, continuou a viajar regularmente para a Gronel\u00e2ndia. Como foram essas experi\u00eancias? O que mais te chamou a aten\u00e7\u00e3o nestas viagens?<\/em><\/strong><\/span><\/h2>\n<p><span style=\"color: #000000;\">Nessa primeira experi\u00eancia, cozinhava para a tripula\u00e7\u00e3o, mas tamb\u00e9m fazia a vigia noturna. Foi tudo muito intenso. Come\u00e7\u00e1mos com mau tempo, ventos contr\u00e1rios de 40 n\u00f3s, ondas de tr\u00eas ou quatro metros, sem \u00e1gua, as baterias descarregavam no dia seguinte e faltava-nos sempre algo para tomar banho ou cozinhar. A certa altura, havia t\u00e3o pouca eletricidade que o meu chefe nos disse para cozinhar umas salsichas ou aquecer um pouco de \u00e1gua, e s\u00f3. Mas estava feliz por estar a atravessar o Atl\u00e2ntico, talvez com um certo grau de imprud\u00eancia, porque n\u00e3o conhecia os perigos, mas encantada com a experi\u00eancia.<\/span><\/p>\n<p><span style=\"color: #000000;\">Durante este per\u00edodo, tamb\u00e9m aproveitei a oportunidade para escrever, o que adoro, porque ainda n\u00e3o havia internet por sat\u00e9lite, pelo que isso tamb\u00e9m permitia um certo grau de introspe\u00e7\u00e3o. Sempre fui a mais nova em todas as tripula\u00e7\u00f5es; s\u00f3 naveguei com outra mulher uma vez em todos estes anos, principalmente com os russos, porque acham que n\u00e3o somos fortes e n\u00e3o somos boas tripulantes. Digo sempre \u2014 e provei-lhes \u2014 que n\u00e3o se trata de for\u00e7a, mas de habilidade. Tem que usar a cabe\u00e7a. Al\u00e9m disso, tens torniquetes e alguns deles s\u00e3o el\u00e9tricos (risos).<\/span><\/p>\n<h2 style=\"text-align: center;\"><span style=\"color: #0815a8;\"><strong><em>Porqu\u00ea escunas?<\/em><\/strong><\/span><\/h2>\n<p><span style=\"color: #000000;\">As escunas s\u00e3o feitas de a\u00e7o, podem transportar mais de 20 passageiros, t\u00eam maior capacidade e um n\u00edvel de conforto diferente, e s\u00e3o geralmente mais altas e t\u00eam uma boca maior: no interior, \u00e9 como um hotel. As pessoas que querem ir \u00e0 Ant\u00e1rtida fazem-no porque querem ver o continente, e n\u00e3o apenas navegar, pelo que esta \u00e9 uma op\u00e7\u00e3o interm\u00e9dia entre um navio de cruzeiro e um veleiro (que pode ter espa\u00e7o para apenas 10 pessoas). Embora ainda esteja a navegar&#8230;<\/span><\/p>\n<p>[\/et_pb_text][et_pb_divider divider_weight=&#8221;3px&#8221; _builder_version=&#8221;4.27.5&#8243; _module_preset=&#8221;default&#8221; custom_margin=&#8221;||16px|||&#8221; global_colors_info=&#8221;{}&#8221;][\/et_pb_divider][\/et_pb_column][\/et_pb_row][et_pb_row _builder_version=&#8221;4.27.5&#8243; _module_preset=&#8221;default&#8221; custom_padding=&#8221;6px||14px|||&#8221; global_colors_info=&#8221;{}&#8221;][et_pb_column type=&#8221;4_4&#8243; _builder_version=&#8221;4.27.5&#8243; _module_preset=&#8221;default&#8221; global_colors_info=&#8221;{}&#8221;][et_pb_image src=&#8221;https:\/\/navegantesoceanicos.com\/wp-content\/uploads\/2026\/04\/Visitando-asentamientos-en-groenlandia-ninos-2024.webp&#8221; alt=&#8221;Visitando asentamientos en groenlandia ni\u00f1os 2024&#8243; title_text=&#8221;Visitando asentamientos en groenlandia ni\u00f1os 2024&#8243; _builder_version=&#8221;4.27.5&#8243; _module_preset=&#8221;default&#8221; global_colors_info=&#8221;{}&#8221;][\/et_pb_image][et_pb_text _builder_version=&#8221;4.27.5&#8243; _module_preset=&#8221;default&#8221; custom_margin=&#8221;-9px|||||&#8221; global_colors_info=&#8221;{}&#8221;]<\/p>\n<p style=\"text-align: center;\"><em>Visitar povoa\u00e7\u00f5es na Gronel\u00e2ndia com crian\u00e7as, 2024<\/em><\/p>\n<p>[\/et_pb_text][\/et_pb_column][\/et_pb_row][et_pb_row _builder_version=&#8221;4.27.5&#8243; _module_preset=&#8221;default&#8221; custom_padding=&#8221;||6px|||&#8221; global_colors_info=&#8221;{}&#8221;][et_pb_column type=&#8221;4_4&#8243; _builder_version=&#8221;4.27.5&#8243; _module_preset=&#8221;default&#8221; global_colors_info=&#8221;{}&#8221;][et_pb_divider divider_weight=&#8221;3px&#8221; _builder_version=&#8221;4.27.5&#8243; _module_preset=&#8221;default&#8221; custom_margin=&#8221;||16px|||&#8221; global_colors_info=&#8221;{}&#8221;][\/et_pb_divider][et_pb_text admin_label=&#8221;pregunta 11&#8243; _builder_version=&#8221;4.27.5&#8243; _module_preset=&#8221;default&#8221; global_colors_info=&#8221;{}&#8221;]<\/p>\n<h2 style=\"text-align: center;\"><span style=\"color: #061d9e;\"><strong><em>Imagino que navegar no degelo n\u00e3o deva ser f\u00e1cil. Quais foram as principais dificuldades que enfrentou na escuna, tendo em conta o n\u00famero de mastros ou velas que transporta em compara\u00e7\u00e3o com um veleiro tradicional?<\/em><\/strong><\/span><\/h2>\n<p><span style=\"color: #000000;\">Sim, uma das coisas que mais me impressionou nestas primeiras viagens foi a altura das montanhas, especialmente no sul da Gronel\u00e2ndia, e tamb\u00e9m os icebergues. Tenho uma foto pixelizada de quando vi o primeiro, \u00e0 dist\u00e2ncia. Estava a cerca de 240 quil\u00f3metros, e milh\u00f5es de outros apareceram depois, at\u00e9 mesmo uma parede inteira que se desprendeu e formou uma barreira. \u00c9 um problema porque nunca se sabe quando vai acabar; o gelo \u00e9 t\u00e3o espesso que n\u00e3o se consegue atravess\u00e1-lo, e \u00e9 preciso ir muito devagar, tentando encontrar um caminho. A rota nesse dia foi incr\u00edvel; \u00edamos e voltamos, tentando encontrar uma passagem. A dado momento, utiliz\u00e1mos um drone para ver quando ia acabar, e vimos alguns pescadores atr\u00e1s dele, pelo que tivemos de ir devagar, abrindo caminho com o barco.<\/span><\/p>\n<p><span style=\"color: #000000;\">Al\u00e9m disso, no ver\u00e3o, n\u00e3o h\u00e1 vento e geralmente muito sol, pelo que os pores do sol s\u00e3o de sonho. A primeira vez que vi aquela paisagem, pensei que tinha morrido, que estava no para\u00edso (risos). Quanto \u00e0s velas, i\u00e7\u00e1-las \u00e9 mais complexo porque pesam mais de 100 quilos e a retranca \u00e9 de madeira maci\u00e7a. Mas, se houver passageiros, i\u00e7amos as velas manualmente, sem guincho el\u00e9trico, porque s\u00e3o necess\u00e1rias pelo menos tr\u00eas pessoas para uma adri\u00e7a, e \u00e9 uma tarefa divertida. Dobrar ou enrolar estas velas pode levar horas e exige muita for\u00e7a: s\u00e3o feitas para durar anos e anos. \u00c9 como dobrar um tapete. As velas vermelhas s\u00e3o apenas para tirar fotografias; s\u00e3o muito leves, pelo que podemos i\u00e7\u00e1-las e arri\u00e1-las sem problemas. S\u00f3 i\u00e7ar a vela mestra demora uma hora e meia.<\/span><\/p>\n<p><span style=\"color: #000000;\">Nestes barcos, monitorizamos cuidadosamente a previs\u00e3o do tempo, porque n\u00e3o \u00e9 assim t\u00e3o f\u00e1cil i\u00e7ar e arriar as velas. Por exemplo, se estiver calmo, deixamos a vela mestra i\u00e7ada, recolhemos a retranca a meio e fixamo-la; quando o vento voltar, j\u00e1 estar\u00e1 pronta. Tamb\u00e9m nunca navegamos a favor do vento, porque \u00e9 muito perigoso: um enrosco na retranca pode ser fatal. \u00c9 necess\u00e1rio um suporte para garantir a sua total seguran\u00e7a.<\/span><\/p>\n<p>[\/et_pb_text][et_pb_divider divider_weight=&#8221;3px&#8221; _builder_version=&#8221;4.27.5&#8243; _module_preset=&#8221;default&#8221; custom_margin=&#8221;||9px|||&#8221; global_colors_info=&#8221;{}&#8221;][\/et_pb_divider][\/et_pb_column][\/et_pb_row][et_pb_row _builder_version=&#8221;4.27.5&#8243; _module_preset=&#8221;default&#8221; custom_margin=&#8221;|auto|-11px|auto||&#8221; custom_padding=&#8221;7px||10px|||&#8221; global_colors_info=&#8221;{}&#8221;][et_pb_column type=&#8221;4_4&#8243; _builder_version=&#8221;4.27.5&#8243; _module_preset=&#8221;default&#8221; global_colors_info=&#8221;{}&#8221;][et_pb_image src=&#8221;https:\/\/navegantesoceanicos.com\/wp-content\/uploads\/2026\/04\/Capitana-del-challenger-67-en-Groenlandia-icerbergs-y-nieve-2025.webp&#8221; alt=&#8221;Capitana del challenger 67 en Groenlandia icerbergs y nieve 2025&#8243; title_text=&#8221;Capitana del challenger 67 en Groenlandia icerbergs y nieve 2025&#8243; _builder_version=&#8221;4.27.5&#8243; _module_preset=&#8221;default&#8221; global_colors_info=&#8221;{}&#8221;][\/et_pb_image][et_pb_text _builder_version=&#8221;4.27.5&#8243; _module_preset=&#8221;default&#8221; global_colors_info=&#8221;{}&#8221;]<\/p>\n<p style=\"text-align: center;\"><em>Rochi Costa, Capitana del Challenger 67 en Groenlandia, con icerbergs y nieve, 2025<\/em><\/p>\n<p>[\/et_pb_text][\/et_pb_column][\/et_pb_row][et_pb_row _builder_version=&#8221;4.27.5&#8243; _module_preset=&#8221;default&#8221; custom_padding=&#8221;||0px|||&#8221; global_colors_info=&#8221;{}&#8221;][et_pb_column type=&#8221;4_4&#8243; _builder_version=&#8221;4.27.5&#8243; _module_preset=&#8221;default&#8221; global_colors_info=&#8221;{}&#8221;][et_pb_divider divider_weight=&#8221;3px&#8221; _builder_version=&#8221;4.27.5&#8243; _module_preset=&#8221;default&#8221; custom_margin=&#8221;||5px|||&#8221; global_colors_info=&#8221;{}&#8221;][\/et_pb_divider][et_pb_text admin_label=&#8221;pregunta 12&#8243; _builder_version=&#8221;4.27.5&#8243; _module_preset=&#8221;default&#8221; hover_enabled=&#8221;0&#8243; global_colors_info=&#8221;{}&#8221; sticky_enabled=&#8221;0&#8243;]<\/p>\n<h2 style=\"text-align: center;\"><span style=\"color: #06189e;\"><strong><em>Como ocorreram as promo\u00e7\u00f5es dentro da tripula\u00e7\u00e3o?<\/em><\/strong><\/span><\/h2>\n<p><span style=\"color: #000000;\">Depois dessa primeira viagem \u00e0 Gronel\u00e2ndia, a empresa ofereceu-me um emprego como cozinheira na Ant\u00e1rtida, porque adoro cozinhar e comer bem, e eles devem ter gostado de mim. Mas eu disse que queria ir como navegadora, como imediata. Insistia que n\u00e3o, como \u00e9 que eu podia, j\u00e1 que era mulher. Toda aquela coisa de ter de provar que realmente conseguimos. Ent\u00e3o, cada vez que acontecia alguma coisa e eu resolvia, dizia: &#8220;Viram? Aqui estou eu, imediata&#8221; (risos). Aos poucos, fui convencendo-o, e no m\u00eas seguinte, chamaram-me para terminar de preparar outro navio que estava no Brasil para manuten\u00e7\u00e3o, com uma equipa de carpinteiros, eletricistas e soldadores. Aprendi muito sobre cada profiss\u00e3o e dediquei-me ao m\u00e1ximo.\u00a0<\/span><\/p>\n<p><span style=\"color: #000000;\">Fui a Ushuaia, depois chamaram-me para ir \u00e0 Ant\u00e1rtida, mas parti o pulso. Pouco depois, chamaram-me para ir de Ushuaia \u00e0 Cidade do Cabo, em \u00c1frica, passando pelas ilhas remotas do Atl\u00e2ntico Sul. Foi uma viagem de 45 dias, agora como primeiro oficial, com uma tripula\u00e7\u00e3o de sete pessoas e cinco passageiros: todos homens e russos. Foi uma viagem super interessante porque o percurso \u00e9 bastante invulgar. Demor\u00e1mos 22 dias a chegar \u00e0 Ilha Bouvet, que pertence \u00e0 Noruega, \u00e9 desabitada \u2014 s\u00f3 tem pinguins, baleias e le\u00f5es-marinhos \u2014 e tem um vulc\u00e3o e glaciares.<\/span><\/p>\n<p>[\/et_pb_text][et_pb_divider divider_weight=&#8221;3px&#8221; _builder_version=&#8221;4.27.5&#8243; _module_preset=&#8221;default&#8221; custom_margin=&#8221;||16px|||&#8221; global_colors_info=&#8221;{}&#8221;][\/et_pb_divider][\/et_pb_column][\/et_pb_row][et_pb_row _builder_version=&#8221;4.27.5&#8243; _module_preset=&#8221;default&#8221; custom_padding=&#8221;||0px|||&#8221; global_colors_info=&#8221;{}&#8221;][et_pb_column type=&#8221;4_4&#8243; _builder_version=&#8221;4.27.5&#8243; _module_preset=&#8221;default&#8221; global_colors_info=&#8221;{}&#8221;][dsm_image_carousel gallery_ids=&#8221;47039,47042,47045,47057,47060&#8243; slide_to_show=&#8221;2&#8243; _builder_version=&#8221;4.27.5&#8243; _module_preset=&#8221;default&#8221; global_colors_info=&#8221;{}&#8221;][\/dsm_image_carousel][\/et_pb_column][\/et_pb_row][et_pb_row _builder_version=&#8221;4.27.5&#8243; _module_preset=&#8221;default&#8221; custom_padding=&#8221;||4px|||&#8221; global_colors_info=&#8221;{}&#8221;][et_pb_column type=&#8221;4_4&#8243; _builder_version=&#8221;4.27.5&#8243; _module_preset=&#8221;default&#8221; global_colors_info=&#8221;{}&#8221;][et_pb_divider divider_weight=&#8221;3px&#8221; _builder_version=&#8221;4.27.5&#8243; _module_preset=&#8221;default&#8221; custom_margin=&#8221;||0px|||&#8221; global_colors_info=&#8221;{}&#8221;][\/et_pb_divider][et_pb_text admin_label=&#8221;preguntas 13&#8243; _builder_version=&#8221;4.27.5&#8243; _module_preset=&#8221;default&#8221; hover_enabled=&#8221;0&#8243; global_colors_info=&#8221;{}&#8221; sticky_enabled=&#8221;0&#8243;]<\/p>\n<h2 style=\"text-align: center;\"><span style=\"color: #061c9b;\"><strong><em>E como se sentiu nesse papel?<\/em><\/strong><\/span><\/h2>\n<p><span style=\"color: #000000;\">Aquela primeira viagem foi realmente dif\u00edcil. Sentia que todos estavam a tentar tomar o meu lugar ou a questionar as minhas decis\u00f5es. Felizmente, quando algu\u00e9m me tentava sabotar, o capit\u00e3o dizia para me ouvirem. Tamb\u00e9m tive de descobrir como dar ordens, qual a melhor t\u00e9cnica, sendo mulher e liderando uma tripula\u00e7\u00e3o inteira de homens russos (risos). Foi muito dif\u00edcil para mim come\u00e7ar a liderar. <\/span><\/p>\n<p><span style=\"color: #000000;\">Depois disso, continuei a minha viagem para a Isl\u00e2ndia, Gronel\u00e2ndia Oriental e regressei ao Brasil e \u00e0 Ant\u00e1rtida. Nesse ano, passei nove meses inteiros no mar como primeiro oficial \u2014 intenso! No ano passado, fui para a Gronel\u00e2ndia como comandante de um Challenger 67, que atravessei a costa a partir dos A\u00e7ores, e depois fiquei ao comando de uma escuna de 37 metros. Fizemos cruzeiros na Gronel\u00e2ndia durante dois meses e, no regresso, atravess\u00e1mos para os A\u00e7ores.<\/span><\/p>\n<p>[\/et_pb_text][et_pb_divider divider_weight=&#8221;3px&#8221; _builder_version=&#8221;4.27.5&#8243; _module_preset=&#8221;default&#8221; custom_margin=&#8221;||10px|||&#8221; global_colors_info=&#8221;{}&#8221;][\/et_pb_divider][\/et_pb_column][\/et_pb_row][et_pb_row _builder_version=&#8221;4.27.5&#8243; _module_preset=&#8221;default&#8221; custom_padding=&#8221;5px||0px|||&#8221; global_colors_info=&#8221;{}&#8221;][et_pb_column type=&#8221;4_4&#8243; _builder_version=&#8221;4.27.5&#8243; _module_preset=&#8221;default&#8221; global_colors_info=&#8221;{}&#8221;][et_pb_image src=&#8221;https:\/\/navegantesoceanicos.com\/wp-content\/uploads\/2026\/04\/Elsi-en-groenlandia-glaciar-2024-scaled.webp&#8221; alt=&#8221;Elsi en groenlandia glaciar 2024&#8243; title_text=&#8221;Elsi en groenlandia glaciar 2024&#8243; _builder_version=&#8221;4.27.5&#8243; _module_preset=&#8221;default&#8221; global_colors_info=&#8221;{}&#8221;][\/et_pb_image][et_pb_text _builder_version=&#8221;4.27.5&#8243; _module_preset=&#8221;default&#8221; global_colors_info=&#8221;{}&#8221;]<\/p>\n<p style=\"text-align: center;\"><em>Elsi na Gronel\u00e2ndia, glaciar, 2024<\/em><\/p>\n<p>[\/et_pb_text][\/et_pb_column][\/et_pb_row][et_pb_row _builder_version=&#8221;4.27.5&#8243; _module_preset=&#8221;default&#8221; custom_padding=&#8221;||4px|||&#8221; global_colors_info=&#8221;{}&#8221;][et_pb_column type=&#8221;4_4&#8243; _builder_version=&#8221;4.27.5&#8243; _module_preset=&#8221;default&#8221; global_colors_info=&#8221;{}&#8221;][et_pb_divider divider_weight=&#8221;3px&#8221; _builder_version=&#8221;4.27.5&#8243; _module_preset=&#8221;default&#8221; custom_margin=&#8221;||16px|||&#8221; global_colors_info=&#8221;{}&#8221;][\/et_pb_divider][et_pb_text admin_label=&#8221;pregunta 14&#8243; _builder_version=&#8221;4.27.5&#8243; _module_preset=&#8221;default&#8221; global_colors_info=&#8221;{}&#8221;]<\/p>\n<h2 style=\"text-align: center;\"><span style=\"color: #000000;\"><strong><em>\u00a0<\/em><\/strong><span style=\"color: #091ba3;\"><strong><em>Rochi, para terminar, quais s\u00e3o os seus planos agora? Que outros destinos gostaria de explorar?<\/em><\/strong><\/span><\/span><\/h2>\n<p><span style=\"color: #000000;\">Agora percebo que gostaria de ter um pouco de vida na cidade e tamb\u00e9m algum tempo no mar: quando n\u00e3o estou a navegar, fico em casa, em Buenos Aires. A empresa tamb\u00e9m me ofereceu trabalho de log\u00edstica para os meses em que n\u00e3o estou em viagens, o que me d\u00e1 um pouco mais de seguran\u00e7a, porque, caso contr\u00e1rio, s\u00f3 recebia quando estava a navegar. O mais dif\u00edcil desta vida \u00e9 que, quando sai, todos os seus projetos ficam em suspenso: a sua fam\u00edlia, o seu companheiro, os seus amigos. A ideia de viajar \u00e9 muito entusiasmante, mas, passados \u200b\u200balguns anos, tamb\u00e9m quero um pouco de estabilidade num lugar fixo. Um pouco de equil\u00edbrio entre os dois.<\/span><\/p>\n<p><span style=\"color: #000000;\">Neste momento, por exemplo, estou a organizar toda a \u00e9poca de viagens \u00e0 Ant\u00e1rtida, onde temos bases em Ushuaia e Punta Arenas. Em maio, partirei como capit\u00e3o para uma viagem \u00e0 Gronel\u00e2ndia e ao Canad\u00e1, onde visitaremos uma comunidade ind\u00edgena, o que me deixa muito entusiasmado, porque ningu\u00e9m vai l\u00e1 e praticamente n\u00e3o h\u00e1 turismo.<\/span><\/p>\n<p><span style=\"color: #000000;\">Quanto a viagens, adoraria explorar todas as ilhas da Polin\u00e9sia no meio do Pac\u00edfico e tamb\u00e9m navegar pela Passagem do Noroeste at\u00e9 ao Alasca e Kamchatka. Ao mesmo tempo, quero liderar algumas expedi\u00e7\u00f5es por conta pr\u00f3pria, com passageiros que se queiram juntar a mim, e organiz\u00e1-las inteiramente sozinho. \u00c0 medida que for conquistando mais independ\u00eancia financeira, poderei planear qualquer projeto, mas, por enquanto, estou focado na Ant\u00e1rtida e no \u00c1rtico. O que adoro s\u00e3o os lugares pouco conhecidos, aqueles de que ningu\u00e9m fala ou que s\u00e3o apenas vagamente conhecidos porque n\u00e3o s\u00e3o destinos tur\u00edsticos. J\u00e1 dei o salto de cozinheiro para capit\u00e3o, por isso pergunto-me, qual o pr\u00f3ximo passo?<\/span><\/p>\n<p>[\/et_pb_text][et_pb_divider divider_weight=&#8221;3px&#8221; _builder_version=&#8221;4.27.5&#8243; _module_preset=&#8221;default&#8221; custom_margin=&#8221;||16px|||&#8221; global_colors_info=&#8221;{}&#8221;][\/et_pb_divider][\/et_pb_column][\/et_pb_row][et_pb_row _builder_version=&#8221;4.27.5&#8243; _module_preset=&#8221;default&#8221; custom_padding=&#8221;5px|||||&#8221; global_colors_info=&#8221;{}&#8221;][et_pb_column type=&#8221;4_4&#8243; _builder_version=&#8221;4.27.5&#8243; _module_preset=&#8221;default&#8221; global_colors_info=&#8221;{}&#8221;][et_pb_image src=&#8221;https:\/\/navegantesoceanicos.com\/wp-content\/uploads\/2026\/04\/Primera-vez-en-Antartida-primer-oficial-goleta-Amazone-2024-scaled.webp&#8221; alt=&#8221;Primera vez en Antartida, primer oficial goleta Amazone 2024&#8243; title_text=&#8221;Primera vez en Antartida, primer oficial goleta Amazone 2024&#8243; _builder_version=&#8221;4.27.5&#8243; _module_preset=&#8221;default&#8221; global_colors_info=&#8221;{}&#8221;][\/et_pb_image][et_pb_text _builder_version=&#8221;4.27.5&#8243; _module_preset=&#8221;default&#8221; global_colors_info=&#8221;{}&#8221;]<\/p>\n<p style=\"text-align: center;\"><em>Rochi Costa, na sua primeira vez na Ant\u00e1rtida, como primeiro oficial da escuna Amazone., 2024<\/em><\/p>\n<p>[\/et_pb_text][\/et_pb_column][\/et_pb_row][et_pb_row _builder_version=&#8221;4.27.5&#8243; _module_preset=&#8221;default&#8221; custom_padding=&#8221;13px|||||&#8221; global_colors_info=&#8221;{}&#8221;][et_pb_column type=&#8221;4_4&#8243; _builder_version=&#8221;4.27.5&#8243; _module_preset=&#8221;default&#8221; global_colors_info=&#8221;{}&#8221;][et_pb_divider divider_weight=&#8221;3px&#8221; _builder_version=&#8221;4.27.5&#8243; _module_preset=&#8221;default&#8221; custom_margin=&#8221;||7px|||&#8221; global_colors_info=&#8221;{}&#8221;][\/et_pb_divider][et_pb_text admin_label=&#8221;enlaces&#8221; _builder_version=&#8221;4.27.5&#8243; _module_preset=&#8221;default&#8221; global_colors_info=&#8221;{}&#8221;]<\/p>\n<p style=\"text-align: center;\"><span style=\"color: #081ea0;\"><strong>Links: <\/strong><\/span><\/p>\n<p style=\"text-align: center;\"><a href=\"https:\/\/www.instagram.com\/rochicos?igsh=bGxuNW5rdHl6aWgw&amp;utm_source=qr\"><strong><span style=\"color: #e02b20;\">https:\/\/www.instagram.com\/rochicos?igsh=bGxuNW5rdHl6aWgw&amp;utm_source=qr<\/span><\/strong><\/a><\/p>\n<p>[\/et_pb_text][et_pb_divider divider_weight=&#8221;3px&#8221; _builder_version=&#8221;4.27.5&#8243; _module_preset=&#8221;default&#8221; custom_margin=&#8221;||16px|||&#8221; global_colors_info=&#8221;{}&#8221;][\/et_pb_divider][et_pb_text _builder_version=&#8221;4.27.5&#8243; _module_preset=&#8221;default&#8221; global_colors_info=&#8221;{}&#8221;]<\/p>\n<p style=\"text-align: center;\"><span style=\"color: #000000;\">Da revista &#8220;Navegates Oce\u00e1nicos&#8221;, agradecemos a Rochi Costa a colabora\u00e7\u00e3o nesta fascinante entrevista e desejamos-lhe muita sorte no futuro.<\/span><\/p>\n<p style=\"text-align: center;\"><span style=\"color: #000000;\">Bons ventos e mares tranquilos!<\/span><\/p>\n<p>[\/et_pb_text][et_pb_image src=&#8221;https:\/\/navegantesoceanicos.com\/wp-content\/uploads\/2026\/03\/proteccion-web-con-ISSN.webp&#8221; alt=&#8221;protecci\u00f3n web con ISSN&#8221; title_text=&#8221;protecci\u00f3n web con ISSN&#8221; _builder_version=&#8221;4.27.5&#8243; _module_preset=&#8221;default&#8221; global_colors_info=&#8221;{}&#8221;][\/et_pb_image][\/et_pb_column][\/et_pb_row][\/et_pb_section]<\/p>\n","protected":false},"excerpt":{"rendered":"<p>Nos \u00faltimos tr\u00eas anos, Rochi Costa navegou mais de 40.000 milhas n\u00e1uticas: primeiro como cozinheira, depois como segunda imediata, depois como primeira imediata, at\u00e9 finalmente comandar o seu pr\u00f3prio barco. De regatas no Rio da Prata a icebergues no Polo Norte, ela embarcou numa viagem sem escalas pelos mares mais desafiantes \u2014 e gelados \u2014 do mundo. Ela conta-nos tudo sobre isso nesta fascinante entrevista.<\/p>\n","protected":false},"author":831,"featured_media":46983,"comment_status":"open","ping_status":"open","sticky":false,"template":"","format":"standard","meta":{"_et_pb_use_builder":"on","_et_pb_old_content":"","_et_gb_content_width":"","footnotes":"","_wp_rev_ctl_limit":""},"categories":[208],"tags":[],"class_list":["post-47075","post","type-post","status-publish","format-standard","has-post-thumbnail","hentry","category-entrevistas-com-os-navegantes","et-has-post-format-content","et_post_format-et-post-format-standard"],"yoast_head":"<!-- This site is optimized with the Yoast SEO plugin v27.5 - https:\/\/yoast.com\/product\/yoast-seo-wordpress\/ -->\n<title>Rochi Costa: viagens pelos lugares mais remotos, do \u00c1rtico \u00e0 Ant\u00e1rtida - Navegantes Oce\u00e1nicos<\/title>\n<meta name=\"description\" content=\"Navegantes oce\u00e1nicos, web con contenidos para apasionados por la mar, tripulantes, regatistas, patrones o armadores.\" \/>\n<meta name=\"robots\" content=\"index, follow, max-snippet:-1, max-image-preview:large, max-video-preview:-1\" \/>\n<link rel=\"canonical\" href=\"https:\/\/navegantesoceanicos.com\/pt-pt\/rochi-costa-viagens-pelos-lugares-mais-remotos-do-artico-a-antartida\/\" \/>\n<meta property=\"og:locale\" content=\"pt_PT\" \/>\n<meta property=\"og:type\" content=\"article\" \/>\n<meta property=\"og:title\" content=\"Rochi Costa: viagens pelos lugares mais remotos, do \u00c1rtico \u00e0 Ant\u00e1rtida - Navegantes Oce\u00e1nicos\" \/>\n<meta property=\"og:description\" content=\"Navegantes oce\u00e1nicos, web con contenidos para apasionados por la mar, tripulantes, regatistas, patrones o armadores.\" \/>\n<meta property=\"og:url\" content=\"https:\/\/navegantesoceanicos.com\/pt-pt\/rochi-costa-viagens-pelos-lugares-mais-remotos-do-artico-a-antartida\/\" \/>\n<meta property=\"og:site_name\" content=\"Navegantes Oce\u00e1nicos\" \/>\n<meta property=\"article:publisher\" content=\"https:\/\/www.facebook.com\/Navegantes-Oce%c3%a1nicos-112578593494698\" \/>\n<meta property=\"article:published_time\" content=\"2026-04-08T07:50:39+00:00\" \/>\n<meta property=\"article:modified_time\" content=\"2026-04-09T09:49:27+00:00\" \/>\n<meta property=\"og:image\" content=\"https:\/\/navegantesoceanicos.com\/wp-content\/uploads\/2026\/04\/Puente-de-mando-de-la-Goleta-elsi-de-guardia-2024-scaled.webp\" \/>\n\t<meta property=\"og:image:width\" content=\"2560\" \/>\n\t<meta property=\"og:image:height\" content=\"1920\" \/>\n\t<meta property=\"og:image:type\" content=\"image\/webp\" \/>\n<meta name=\"author\" content=\"Tamara Smerling\" \/>\n<meta name=\"twitter:label1\" content=\"Escrito por\" \/>\n\t<meta name=\"twitter:data1\" content=\"Tamara Smerling\" \/>\n\t<meta name=\"twitter:label2\" content=\"Tempo estimado de leitura\" \/>\n\t<meta name=\"twitter:data2\" content=\"18 minutos\" \/>\n<script type=\"application\/ld+json\" class=\"yoast-schema-graph\">{\"@context\":\"https:\\\/\\\/schema.org\",\"@graph\":[{\"@type\":\"Article\",\"@id\":\"https:\\\/\\\/navegantesoceanicos.com\\\/pt-pt\\\/rochi-costa-viagens-pelos-lugares-mais-remotos-do-artico-a-antartida\\\/#article\",\"isPartOf\":{\"@id\":\"https:\\\/\\\/navegantesoceanicos.com\\\/pt-pt\\\/rochi-costa-viagens-pelos-lugares-mais-remotos-do-artico-a-antartida\\\/\"},\"author\":{\"name\":\"Tamara Smerling\",\"@id\":\"https:\\\/\\\/navegantesoceanicos.com\\\/pt-pt\\\/#\\\/schema\\\/person\\\/37ba732a8f452d99dd0f97716e4ab614\"},\"headline\":\"Rochi Costa: viagens pelos lugares mais remotos, do \u00c1rtico \u00e0 Ant\u00e1rtida\",\"datePublished\":\"2026-04-08T07:50:39+00:00\",\"dateModified\":\"2026-04-09T09:49:27+00:00\",\"mainEntityOfPage\":{\"@id\":\"https:\\\/\\\/navegantesoceanicos.com\\\/pt-pt\\\/rochi-costa-viagens-pelos-lugares-mais-remotos-do-artico-a-antartida\\\/\"},\"wordCount\":5376,\"commentCount\":0,\"publisher\":{\"@id\":\"https:\\\/\\\/navegantesoceanicos.com\\\/pt-pt\\\/#organization\"},\"image\":{\"@id\":\"https:\\\/\\\/navegantesoceanicos.com\\\/pt-pt\\\/rochi-costa-viagens-pelos-lugares-mais-remotos-do-artico-a-antartida\\\/#primaryimage\"},\"thumbnailUrl\":\"https:\\\/\\\/navegantesoceanicos.com\\\/wp-content\\\/uploads\\\/2026\\\/04\\\/Puente-de-mando-de-la-Goleta-elsi-de-guardia-2024-scaled.webp\",\"articleSection\":[\"entrevistas com os navegantes\"],\"inLanguage\":\"pt-PT\",\"potentialAction\":[{\"@type\":\"CommentAction\",\"name\":\"Comment\",\"target\":[\"https:\\\/\\\/navegantesoceanicos.com\\\/pt-pt\\\/rochi-costa-viagens-pelos-lugares-mais-remotos-do-artico-a-antartida\\\/#respond\"]}]},{\"@type\":\"WebPage\",\"@id\":\"https:\\\/\\\/navegantesoceanicos.com\\\/pt-pt\\\/rochi-costa-viagens-pelos-lugares-mais-remotos-do-artico-a-antartida\\\/\",\"url\":\"https:\\\/\\\/navegantesoceanicos.com\\\/pt-pt\\\/rochi-costa-viagens-pelos-lugares-mais-remotos-do-artico-a-antartida\\\/\",\"name\":\"Rochi Costa: viagens pelos lugares mais remotos, do \u00c1rtico \u00e0 Ant\u00e1rtida - Navegantes Oce\u00e1nicos\",\"isPartOf\":{\"@id\":\"https:\\\/\\\/navegantesoceanicos.com\\\/pt-pt\\\/#website\"},\"primaryImageOfPage\":{\"@id\":\"https:\\\/\\\/navegantesoceanicos.com\\\/pt-pt\\\/rochi-costa-viagens-pelos-lugares-mais-remotos-do-artico-a-antartida\\\/#primaryimage\"},\"image\":{\"@id\":\"https:\\\/\\\/navegantesoceanicos.com\\\/pt-pt\\\/rochi-costa-viagens-pelos-lugares-mais-remotos-do-artico-a-antartida\\\/#primaryimage\"},\"thumbnailUrl\":\"https:\\\/\\\/navegantesoceanicos.com\\\/wp-content\\\/uploads\\\/2026\\\/04\\\/Puente-de-mando-de-la-Goleta-elsi-de-guardia-2024-scaled.webp\",\"datePublished\":\"2026-04-08T07:50:39+00:00\",\"dateModified\":\"2026-04-09T09:49:27+00:00\",\"description\":\"Navegantes oce\u00e1nicos, web con contenidos para apasionados por la mar, tripulantes, regatistas, patrones o armadores.\",\"breadcrumb\":{\"@id\":\"https:\\\/\\\/navegantesoceanicos.com\\\/pt-pt\\\/rochi-costa-viagens-pelos-lugares-mais-remotos-do-artico-a-antartida\\\/#breadcrumb\"},\"inLanguage\":\"pt-PT\",\"potentialAction\":[{\"@type\":\"ReadAction\",\"target\":[\"https:\\\/\\\/navegantesoceanicos.com\\\/pt-pt\\\/rochi-costa-viagens-pelos-lugares-mais-remotos-do-artico-a-antartida\\\/\"]}]},{\"@type\":\"ImageObject\",\"inLanguage\":\"pt-PT\",\"@id\":\"https:\\\/\\\/navegantesoceanicos.com\\\/pt-pt\\\/rochi-costa-viagens-pelos-lugares-mais-remotos-do-artico-a-antartida\\\/#primaryimage\",\"url\":\"https:\\\/\\\/navegantesoceanicos.com\\\/wp-content\\\/uploads\\\/2026\\\/04\\\/Puente-de-mando-de-la-Goleta-elsi-de-guardia-2024-scaled.webp\",\"contentUrl\":\"https:\\\/\\\/navegantesoceanicos.com\\\/wp-content\\\/uploads\\\/2026\\\/04\\\/Puente-de-mando-de-la-Goleta-elsi-de-guardia-2024-scaled.webp\",\"width\":2560,\"height\":1920},{\"@type\":\"BreadcrumbList\",\"@id\":\"https:\\\/\\\/navegantesoceanicos.com\\\/pt-pt\\\/rochi-costa-viagens-pelos-lugares-mais-remotos-do-artico-a-antartida\\\/#breadcrumb\",\"itemListElement\":[{\"@type\":\"ListItem\",\"position\":1,\"name\":\"Portada\",\"item\":\"https:\\\/\\\/navegantesoceanicos.com\\\/pt-pt\\\/\"},{\"@type\":\"ListItem\",\"position\":2,\"name\":\"Rochi Costa: viagens pelos lugares mais remotos, do \u00c1rtico \u00e0 Ant\u00e1rtida\"}]},{\"@type\":\"WebSite\",\"@id\":\"https:\\\/\\\/navegantesoceanicos.com\\\/pt-pt\\\/#website\",\"url\":\"https:\\\/\\\/navegantesoceanicos.com\\\/pt-pt\\\/\",\"name\":\"Navegantes Oce\u00e1nicos\",\"description\":\"Navegantes oce\u00e1nicos, te ayudamos a navegar, para navegantes, tripulantes, regatistas y armadores, escuela n\u00e1utica, libros on-line sobre t\u00e1cticas y equipamiento para la navegaci\u00f3n a vela, fondear, atracar, el manejo de las velas, electricidad a bordo, navegaci\u00f3n con mal tiempo, rutas oce\u00e1nicas y mucho m\u00e1s\",\"publisher\":{\"@id\":\"https:\\\/\\\/navegantesoceanicos.com\\\/pt-pt\\\/#organization\"},\"potentialAction\":[{\"@type\":\"SearchAction\",\"target\":{\"@type\":\"EntryPoint\",\"urlTemplate\":\"https:\\\/\\\/navegantesoceanicos.com\\\/pt-pt\\\/?s={search_term_string}\"},\"query-input\":{\"@type\":\"PropertyValueSpecification\",\"valueRequired\":true,\"valueName\":\"search_term_string\"}}],\"inLanguage\":\"pt-PT\"},{\"@type\":\"Organization\",\"@id\":\"https:\\\/\\\/navegantesoceanicos.com\\\/pt-pt\\\/#organization\",\"name\":\"Navegantes Oce\u00e1nicos\",\"url\":\"https:\\\/\\\/navegantesoceanicos.com\\\/pt-pt\\\/\",\"logo\":{\"@type\":\"ImageObject\",\"inLanguage\":\"pt-PT\",\"@id\":\"https:\\\/\\\/navegantesoceanicos.com\\\/pt-pt\\\/#\\\/schema\\\/logo\\\/image\\\/\",\"url\":\"https:\\\/\\\/navegantesoceanicos.com\\\/wp-content\\\/uploads\\\/2019\\\/12\\\/LOGO-NAVEGANTES-OCEANICOS.png\",\"contentUrl\":\"https:\\\/\\\/navegantesoceanicos.com\\\/wp-content\\\/uploads\\\/2019\\\/12\\\/LOGO-NAVEGANTES-OCEANICOS.png\",\"width\":1010,\"height\":814,\"caption\":\"Navegantes Oce\u00e1nicos\"},\"image\":{\"@id\":\"https:\\\/\\\/navegantesoceanicos.com\\\/pt-pt\\\/#\\\/schema\\\/logo\\\/image\\\/\"},\"sameAs\":[\"https:\\\/\\\/www.facebook.com\\\/Navegantes-Oce\u00e1nicos-112578593494698\",\"https:\\\/\\\/www.instagram.com\\\/navegantes_oceanicos\\\/?hl=es\",\"https:\\\/\\\/www.youtube.com\\\/channel\\\/UCXgDL_6xqE7rpdwNXRmzF_Q\\\/featured\"]},{\"@type\":\"Person\",\"@id\":\"https:\\\/\\\/navegantesoceanicos.com\\\/pt-pt\\\/#\\\/schema\\\/person\\\/37ba732a8f452d99dd0f97716e4ab614\",\"name\":\"Tamara Smerling\",\"image\":{\"@type\":\"ImageObject\",\"inLanguage\":\"pt-PT\",\"@id\":\"https:\\\/\\\/secure.gravatar.com\\\/avatar\\\/85347147d5847554923b12455c0c59277be52f9c3599a2e4af69d99571e94959?s=96&d=mm&r=g\",\"url\":\"https:\\\/\\\/secure.gravatar.com\\\/avatar\\\/85347147d5847554923b12455c0c59277be52f9c3599a2e4af69d99571e94959?s=96&d=mm&r=g\",\"contentUrl\":\"https:\\\/\\\/secure.gravatar.com\\\/avatar\\\/85347147d5847554923b12455c0c59277be52f9c3599a2e4af69d99571e94959?s=96&d=mm&r=g\",\"caption\":\"Tamara Smerling\"},\"url\":\"https:\\\/\\\/navegantesoceanicos.com\\\/pt-pt\\\/author\\\/tamaras\\\/\"}]}<\/script>\n<!-- \/ Yoast SEO plugin. -->","yoast_head_json":{"title":"Rochi Costa: viagens pelos lugares mais remotos, do \u00c1rtico \u00e0 Ant\u00e1rtida - Navegantes Oce\u00e1nicos","description":"Navegantes oce\u00e1nicos, web con contenidos para apasionados por la mar, tripulantes, regatistas, patrones o armadores.","robots":{"index":"index","follow":"follow","max-snippet":"max-snippet:-1","max-image-preview":"max-image-preview:large","max-video-preview":"max-video-preview:-1"},"canonical":"https:\/\/navegantesoceanicos.com\/pt-pt\/rochi-costa-viagens-pelos-lugares-mais-remotos-do-artico-a-antartida\/","og_locale":"pt_PT","og_type":"article","og_title":"Rochi Costa: viagens pelos lugares mais remotos, do \u00c1rtico \u00e0 Ant\u00e1rtida - Navegantes Oce\u00e1nicos","og_description":"Navegantes oce\u00e1nicos, web con contenidos para apasionados por la mar, tripulantes, regatistas, patrones o armadores.","og_url":"https:\/\/navegantesoceanicos.com\/pt-pt\/rochi-costa-viagens-pelos-lugares-mais-remotos-do-artico-a-antartida\/","og_site_name":"Navegantes Oce\u00e1nicos","article_publisher":"https:\/\/www.facebook.com\/Navegantes-Oce%c3%a1nicos-112578593494698","article_published_time":"2026-04-08T07:50:39+00:00","article_modified_time":"2026-04-09T09:49:27+00:00","og_image":[{"width":2560,"height":1920,"url":"https:\/\/navegantesoceanicos.com\/wp-content\/uploads\/2026\/04\/Puente-de-mando-de-la-Goleta-elsi-de-guardia-2024-scaled.webp","type":"image\/webp"}],"author":"Tamara Smerling","twitter_misc":{"Escrito por":"Tamara Smerling","Tempo estimado de leitura":"18 minutos"},"schema":{"@context":"https:\/\/schema.org","@graph":[{"@type":"Article","@id":"https:\/\/navegantesoceanicos.com\/pt-pt\/rochi-costa-viagens-pelos-lugares-mais-remotos-do-artico-a-antartida\/#article","isPartOf":{"@id":"https:\/\/navegantesoceanicos.com\/pt-pt\/rochi-costa-viagens-pelos-lugares-mais-remotos-do-artico-a-antartida\/"},"author":{"name":"Tamara Smerling","@id":"https:\/\/navegantesoceanicos.com\/pt-pt\/#\/schema\/person\/37ba732a8f452d99dd0f97716e4ab614"},"headline":"Rochi Costa: viagens pelos lugares mais remotos, do \u00c1rtico \u00e0 Ant\u00e1rtida","datePublished":"2026-04-08T07:50:39+00:00","dateModified":"2026-04-09T09:49:27+00:00","mainEntityOfPage":{"@id":"https:\/\/navegantesoceanicos.com\/pt-pt\/rochi-costa-viagens-pelos-lugares-mais-remotos-do-artico-a-antartida\/"},"wordCount":5376,"commentCount":0,"publisher":{"@id":"https:\/\/navegantesoceanicos.com\/pt-pt\/#organization"},"image":{"@id":"https:\/\/navegantesoceanicos.com\/pt-pt\/rochi-costa-viagens-pelos-lugares-mais-remotos-do-artico-a-antartida\/#primaryimage"},"thumbnailUrl":"https:\/\/navegantesoceanicos.com\/wp-content\/uploads\/2026\/04\/Puente-de-mando-de-la-Goleta-elsi-de-guardia-2024-scaled.webp","articleSection":["entrevistas com os navegantes"],"inLanguage":"pt-PT","potentialAction":[{"@type":"CommentAction","name":"Comment","target":["https:\/\/navegantesoceanicos.com\/pt-pt\/rochi-costa-viagens-pelos-lugares-mais-remotos-do-artico-a-antartida\/#respond"]}]},{"@type":"WebPage","@id":"https:\/\/navegantesoceanicos.com\/pt-pt\/rochi-costa-viagens-pelos-lugares-mais-remotos-do-artico-a-antartida\/","url":"https:\/\/navegantesoceanicos.com\/pt-pt\/rochi-costa-viagens-pelos-lugares-mais-remotos-do-artico-a-antartida\/","name":"Rochi Costa: viagens pelos lugares mais remotos, do \u00c1rtico \u00e0 Ant\u00e1rtida - Navegantes Oce\u00e1nicos","isPartOf":{"@id":"https:\/\/navegantesoceanicos.com\/pt-pt\/#website"},"primaryImageOfPage":{"@id":"https:\/\/navegantesoceanicos.com\/pt-pt\/rochi-costa-viagens-pelos-lugares-mais-remotos-do-artico-a-antartida\/#primaryimage"},"image":{"@id":"https:\/\/navegantesoceanicos.com\/pt-pt\/rochi-costa-viagens-pelos-lugares-mais-remotos-do-artico-a-antartida\/#primaryimage"},"thumbnailUrl":"https:\/\/navegantesoceanicos.com\/wp-content\/uploads\/2026\/04\/Puente-de-mando-de-la-Goleta-elsi-de-guardia-2024-scaled.webp","datePublished":"2026-04-08T07:50:39+00:00","dateModified":"2026-04-09T09:49:27+00:00","description":"Navegantes oce\u00e1nicos, web con contenidos para apasionados por la mar, tripulantes, regatistas, patrones o armadores.","breadcrumb":{"@id":"https:\/\/navegantesoceanicos.com\/pt-pt\/rochi-costa-viagens-pelos-lugares-mais-remotos-do-artico-a-antartida\/#breadcrumb"},"inLanguage":"pt-PT","potentialAction":[{"@type":"ReadAction","target":["https:\/\/navegantesoceanicos.com\/pt-pt\/rochi-costa-viagens-pelos-lugares-mais-remotos-do-artico-a-antartida\/"]}]},{"@type":"ImageObject","inLanguage":"pt-PT","@id":"https:\/\/navegantesoceanicos.com\/pt-pt\/rochi-costa-viagens-pelos-lugares-mais-remotos-do-artico-a-antartida\/#primaryimage","url":"https:\/\/navegantesoceanicos.com\/wp-content\/uploads\/2026\/04\/Puente-de-mando-de-la-Goleta-elsi-de-guardia-2024-scaled.webp","contentUrl":"https:\/\/navegantesoceanicos.com\/wp-content\/uploads\/2026\/04\/Puente-de-mando-de-la-Goleta-elsi-de-guardia-2024-scaled.webp","width":2560,"height":1920},{"@type":"BreadcrumbList","@id":"https:\/\/navegantesoceanicos.com\/pt-pt\/rochi-costa-viagens-pelos-lugares-mais-remotos-do-artico-a-antartida\/#breadcrumb","itemListElement":[{"@type":"ListItem","position":1,"name":"Portada","item":"https:\/\/navegantesoceanicos.com\/pt-pt\/"},{"@type":"ListItem","position":2,"name":"Rochi Costa: viagens pelos lugares mais remotos, do \u00c1rtico \u00e0 Ant\u00e1rtida"}]},{"@type":"WebSite","@id":"https:\/\/navegantesoceanicos.com\/pt-pt\/#website","url":"https:\/\/navegantesoceanicos.com\/pt-pt\/","name":"Navegantes Oce\u00e1nicos","description":"Navegantes oce\u00e1nicos, te ayudamos a navegar, para navegantes, tripulantes, regatistas y armadores, escuela n\u00e1utica, libros on-line sobre t\u00e1cticas y equipamiento para la navegaci\u00f3n a vela, fondear, atracar, el manejo de las velas, electricidad a bordo, navegaci\u00f3n con mal tiempo, rutas oce\u00e1nicas y mucho m\u00e1s","publisher":{"@id":"https:\/\/navegantesoceanicos.com\/pt-pt\/#organization"},"potentialAction":[{"@type":"SearchAction","target":{"@type":"EntryPoint","urlTemplate":"https:\/\/navegantesoceanicos.com\/pt-pt\/?s={search_term_string}"},"query-input":{"@type":"PropertyValueSpecification","valueRequired":true,"valueName":"search_term_string"}}],"inLanguage":"pt-PT"},{"@type":"Organization","@id":"https:\/\/navegantesoceanicos.com\/pt-pt\/#organization","name":"Navegantes Oce\u00e1nicos","url":"https:\/\/navegantesoceanicos.com\/pt-pt\/","logo":{"@type":"ImageObject","inLanguage":"pt-PT","@id":"https:\/\/navegantesoceanicos.com\/pt-pt\/#\/schema\/logo\/image\/","url":"https:\/\/navegantesoceanicos.com\/wp-content\/uploads\/2019\/12\/LOGO-NAVEGANTES-OCEANICOS.png","contentUrl":"https:\/\/navegantesoceanicos.com\/wp-content\/uploads\/2019\/12\/LOGO-NAVEGANTES-OCEANICOS.png","width":1010,"height":814,"caption":"Navegantes Oce\u00e1nicos"},"image":{"@id":"https:\/\/navegantesoceanicos.com\/pt-pt\/#\/schema\/logo\/image\/"},"sameAs":["https:\/\/www.facebook.com\/Navegantes-Oce\u00e1nicos-112578593494698","https:\/\/www.instagram.com\/navegantes_oceanicos\/?hl=es","https:\/\/www.youtube.com\/channel\/UCXgDL_6xqE7rpdwNXRmzF_Q\/featured"]},{"@type":"Person","@id":"https:\/\/navegantesoceanicos.com\/pt-pt\/#\/schema\/person\/37ba732a8f452d99dd0f97716e4ab614","name":"Tamara Smerling","image":{"@type":"ImageObject","inLanguage":"pt-PT","@id":"https:\/\/secure.gravatar.com\/avatar\/85347147d5847554923b12455c0c59277be52f9c3599a2e4af69d99571e94959?s=96&d=mm&r=g","url":"https:\/\/secure.gravatar.com\/avatar\/85347147d5847554923b12455c0c59277be52f9c3599a2e4af69d99571e94959?s=96&d=mm&r=g","contentUrl":"https:\/\/secure.gravatar.com\/avatar\/85347147d5847554923b12455c0c59277be52f9c3599a2e4af69d99571e94959?s=96&d=mm&r=g","caption":"Tamara Smerling"},"url":"https:\/\/navegantesoceanicos.com\/pt-pt\/author\/tamaras\/"}]}},"rttpg_featured_image_url":{"full":["https:\/\/navegantesoceanicos.com\/wp-content\/uploads\/2026\/04\/Puente-de-mando-de-la-Goleta-elsi-de-guardia-2024-scaled.webp",2560,1920,false],"landscape":["https:\/\/navegantesoceanicos.com\/wp-content\/uploads\/2026\/04\/Puente-de-mando-de-la-Goleta-elsi-de-guardia-2024-scaled.webp",2560,1920,false],"portraits":["https:\/\/navegantesoceanicos.com\/wp-content\/uploads\/2026\/04\/Puente-de-mando-de-la-Goleta-elsi-de-guardia-2024-scaled.webp",2560,1920,false],"thumbnail":["https:\/\/navegantesoceanicos.com\/wp-content\/uploads\/2026\/04\/Puente-de-mando-de-la-Goleta-elsi-de-guardia-2024-150x150.webp",150,150,true],"medium":["https:\/\/navegantesoceanicos.com\/wp-content\/uploads\/2026\/04\/Puente-de-mando-de-la-Goleta-elsi-de-guardia-2024-300x225.webp",300,225,true],"large":["https:\/\/navegantesoceanicos.com\/wp-content\/uploads\/2026\/04\/Puente-de-mando-de-la-Goleta-elsi-de-guardia-2024-1024x768.webp",1024,768,true],"1536x1536":["https:\/\/navegantesoceanicos.com\/wp-content\/uploads\/2026\/04\/Puente-de-mando-de-la-Goleta-elsi-de-guardia-2024-1536x1152.webp",1536,1152,true],"2048x2048":["https:\/\/navegantesoceanicos.com\/wp-content\/uploads\/2026\/04\/Puente-de-mando-de-la-Goleta-elsi-de-guardia-2024-2048x1536.webp",2048,1536,true],"smart-post-landscape":["https:\/\/navegantesoceanicos.com\/wp-content\/uploads\/2026\/04\/Puente-de-mando-de-la-Goleta-elsi-de-guardia-2024-scaled.webp",760,570,false],"smart-post-portrait":["https:\/\/navegantesoceanicos.com\/wp-content\/uploads\/2026\/04\/Puente-de-mando-de-la-Goleta-elsi-de-guardia-2024-scaled.webp",600,450,false],"et-builder-post-main-image":["https:\/\/navegantesoceanicos.com\/wp-content\/uploads\/2026\/04\/Puente-de-mando-de-la-Goleta-elsi-de-guardia-2024-400x250.webp",400,250,true],"et-builder-post-main-image-fullwidth":["https:\/\/navegantesoceanicos.com\/wp-content\/uploads\/2026\/04\/Puente-de-mando-de-la-Goleta-elsi-de-guardia-2024-1080x675.webp",1080,675,true],"et-builder-portfolio-image":["https:\/\/navegantesoceanicos.com\/wp-content\/uploads\/2026\/04\/Puente-de-mando-de-la-Goleta-elsi-de-guardia-2024-400x284.webp",400,284,true],"et-builder-portfolio-image-single":["https:\/\/navegantesoceanicos.com\/wp-content\/uploads\/2026\/04\/Puente-de-mando-de-la-Goleta-elsi-de-guardia-2024-1080x810.webp",1080,810,true],"et-builder-gallery-image-portrait":["https:\/\/navegantesoceanicos.com\/wp-content\/uploads\/2026\/04\/Puente-de-mando-de-la-Goleta-elsi-de-guardia-2024-400x516.webp",400,516,true],"extra-image-huge":["https:\/\/navegantesoceanicos.com\/wp-content\/uploads\/2026\/04\/Puente-de-mando-de-la-Goleta-elsi-de-guardia-2024-1280x768.webp",1280,768,true],"extra-image-single-post":["https:\/\/navegantesoceanicos.com\/wp-content\/uploads\/2026\/04\/Puente-de-mando-de-la-Goleta-elsi-de-guardia-2024-1280x640.webp",1280,640,true],"extra-image-medium":["https:\/\/navegantesoceanicos.com\/wp-content\/uploads\/2026\/04\/Puente-de-mando-de-la-Goleta-elsi-de-guardia-2024-627x376.webp",627,376,true],"extra-image-small":["https:\/\/navegantesoceanicos.com\/wp-content\/uploads\/2026\/04\/Puente-de-mando-de-la-Goleta-elsi-de-guardia-2024-440x264.webp",440,264,true],"extra-image-square-medium":["https:\/\/navegantesoceanicos.com\/wp-content\/uploads\/2026\/04\/Puente-de-mando-de-la-Goleta-elsi-de-guardia-2024-440x440.webp",440,440,true],"extra-image-square-small":["https:\/\/navegantesoceanicos.com\/wp-content\/uploads\/2026\/04\/Puente-de-mando-de-la-Goleta-elsi-de-guardia-2024-150x150.webp",150,150,true],"woocommerce_thumbnail":["https:\/\/navegantesoceanicos.com\/wp-content\/uploads\/2026\/04\/Puente-de-mando-de-la-Goleta-elsi-de-guardia-2024-300x225.webp",300,225,true],"woocommerce_single":["https:\/\/navegantesoceanicos.com\/wp-content\/uploads\/2026\/04\/Puente-de-mando-de-la-Goleta-elsi-de-guardia-2024-600x450.webp",600,450,true],"woocommerce_gallery_thumbnail":["https:\/\/navegantesoceanicos.com\/wp-content\/uploads\/2026\/04\/Puente-de-mando-de-la-Goleta-elsi-de-guardia-2024-100x100.webp",100,100,true],"dgwt-wcas-product-suggestion":["https:\/\/navegantesoceanicos.com\/wp-content\/uploads\/2026\/04\/Puente-de-mando-de-la-Goleta-elsi-de-guardia-2024-64x48.webp",64,48,true]},"rttpg_author":{"display_name":"Tamara Smerling","author_link":"https:\/\/navegantesoceanicos.com\/pt-pt\/author\/tamaras\/"},"rttpg_comment":0,"rttpg_category":"<a href=\"https:\/\/navegantesoceanicos.com\/pt-pt\/category\/entrevistas-com-os-navegantes\/\" rel=\"category tag\">entrevistas com os navegantes<\/a>","rttpg_excerpt":"Nos \u00faltimos tr\u00eas anos, Rochi Costa navegou mais de 40.000 milhas n\u00e1uticas: primeiro como cozinheira, depois como segunda imediata, depois como primeira imediata, at\u00e9 finalmente comandar o seu pr\u00f3prio barco. De regatas no Rio da Prata a icebergues no Polo Norte, ela embarcou numa viagem sem escalas pelos mares mais desafiantes \u2014 e gelados \u2014&hellip;","_links":{"self":[{"href":"https:\/\/navegantesoceanicos.com\/pt-pt\/wp-json\/wp\/v2\/posts\/47075","targetHints":{"allow":["GET"]}}],"collection":[{"href":"https:\/\/navegantesoceanicos.com\/pt-pt\/wp-json\/wp\/v2\/posts"}],"about":[{"href":"https:\/\/navegantesoceanicos.com\/pt-pt\/wp-json\/wp\/v2\/types\/post"}],"author":[{"embeddable":true,"href":"https:\/\/navegantesoceanicos.com\/pt-pt\/wp-json\/wp\/v2\/users\/831"}],"replies":[{"embeddable":true,"href":"https:\/\/navegantesoceanicos.com\/pt-pt\/wp-json\/wp\/v2\/comments?post=47075"}],"version-history":[{"count":2,"href":"https:\/\/navegantesoceanicos.com\/pt-pt\/wp-json\/wp\/v2\/posts\/47075\/revisions"}],"predecessor-version":[{"id":47113,"href":"https:\/\/navegantesoceanicos.com\/pt-pt\/wp-json\/wp\/v2\/posts\/47075\/revisions\/47113"}],"wp:featuredmedia":[{"embeddable":true,"href":"https:\/\/navegantesoceanicos.com\/pt-pt\/wp-json\/wp\/v2\/media\/46983"}],"wp:attachment":[{"href":"https:\/\/navegantesoceanicos.com\/pt-pt\/wp-json\/wp\/v2\/media?parent=47075"}],"wp:term":[{"taxonomy":"category","embeddable":true,"href":"https:\/\/navegantesoceanicos.com\/pt-pt\/wp-json\/wp\/v2\/categories?post=47075"},{"taxonomy":"post_tag","embeddable":true,"href":"https:\/\/navegantesoceanicos.com\/pt-pt\/wp-json\/wp\/v2\/tags?post=47075"}],"curies":[{"name":"wp","href":"https:\/\/api.w.org\/{rel}","templated":true}]}}