{"id":47369,"date":"2026-05-01T16:19:21","date_gmt":"2026-05-01T16:19:21","guid":{"rendered":"https:\/\/navegantesoceanicos.com\/?p=47369"},"modified":"2026-05-01T16:31:21","modified_gmt":"2026-05-01T16:31:21","slug":"o-kira-kira-a-familia-meder-a-bordo-do-seu-veleiro-no-sul-do-brasil","status":"publish","type":"post","link":"https:\/\/navegantesoceanicos.com\/pt-pt\/o-kira-kira-a-familia-meder-a-bordo-do-seu-veleiro-no-sul-do-brasil\/","title":{"rendered":"O Kira Kira: a fam\u00edlia Meder, a bordo do seu veleiro, no sul do Brasil."},"content":{"rendered":"<p>[et_pb_section fb_built=&#8221;1&#8243; _builder_version=&#8221;4.27.5&#8243; _module_preset=&#8221;default&#8221; custom_margin=&#8221;23px|||||&#8221; custom_padding=&#8221;4px||10px|||&#8221; global_colors_info=&#8221;{}&#8221;][et_pb_row _builder_version=&#8221;4.27.5&#8243; _module_preset=&#8221;default&#8221; custom_padding=&#8221;14px|||||&#8221; global_colors_info=&#8221;{}&#8221;][et_pb_column type=&#8221;4_4&#8243; _builder_version=&#8221;4.27.5&#8243; _module_preset=&#8221;default&#8221; global_colors_info=&#8221;{}&#8221;][et_pb_text _builder_version=&#8221;4.27.5&#8243; _module_preset=&#8221;default&#8221; global_colors_info=&#8221;{}&#8221;]<\/p>\n<p style=\"text-align: center;\"><span style=\"color: #000000;\">Tudo come\u00e7ou com a erup\u00e7\u00e3o do vulc\u00e3o Puyehue, localizado a cerca de 90 quil\u00f3metros a noroeste da cidade. A casa onde viviam com os seus dois filhos ficou coberta por uma camada de p\u00f3, o c\u00e9u escureceu, o ar tornou-se irrespir\u00e1vel, criar os beb\u00e9s tornou-se imposs\u00edvel e n\u00e3o podiam viajar, ir \u00e0 escola, trabalhar ou sequer fazer compras. A paisagem de Bariloche, na prov\u00edncia de R\u00edo Negro, no sul da Argentina, que at\u00e9 ent\u00e3o era azul, com picos nevados e riachos id\u00edlicos, transformou-se num pesadelo.<\/span><\/p>\n<p style=\"text-align: center;\"><span style=\"color: #000000;\">Pouco depois, um outro vulc\u00e3o, menos intenso, mas igualmente dram\u00e1tico, entrou tamb\u00e9m em erup\u00e7\u00e3o. A cena repetiu-se, agora com mais um beb\u00e9 na fam\u00edlia. Herman Meder n\u00e3o hesitou: a sua inf\u00e2ncia a bordo de um barco no Delta do Tigre, a sua paix\u00e3o pela vela \u2014 que o levou \u00e0 Marinha Mercante e, na verdade, at\u00e9 \u00e0 erup\u00e7\u00e3o, trabalhava no Lago Nahuel Huapi \u2014 e a ideia de continuar a sua viagem por rios e mares com os seus tr\u00eas filhos, selaram o neg\u00f3cio.<\/span><\/p>\n<p style=\"text-align: center;\"><span style=\"color: #000000;\">Convenceu Roc\u00edo, a sua mulher, e hoje, a paisagem \u00e9 inegavelmente diferente: uma ilha de \u00e1guas turquesas no Oceano Atl\u00e2ntico, com vento, correntes e mar\u00e9s. Os picos nevados deram lugar a uma exuberante floresta tropical com solo avermelhado. Os seus filhos g\u00e9meos, Valter e G\u00fcnter, de 15 anos, e Bruno, de 11, completam a fam\u00edlia de cinco pessoas. \u201cN\u00e3o sabia pilotar, nunca tinha estado num barco na minha vida e nem sabia se ia enjoar\u201d, diz Roc\u00edo, agora sorridente, do outro lado do ecr\u00e3, em Isla Grande, na Costa Verde brasileira.<\/span><\/p>\n<p>[\/et_pb_text][\/et_pb_column][\/et_pb_row][et_pb_row _builder_version=&#8221;4.27.5&#8243; _module_preset=&#8221;default&#8221; custom_padding=&#8221;11px||10px|||&#8221; global_colors_info=&#8221;{}&#8221;][et_pb_column type=&#8221;4_4&#8243; _builder_version=&#8221;4.27.5&#8243; _module_preset=&#8221;default&#8221; global_colors_info=&#8221;{}&#8221;][et_pb_image src=&#8221;https:\/\/navegantesoceanicos.com\/wp-content\/uploads\/2026\/05\/Familia-Meder-1.webp&#8221; _builder_version=&#8221;4.27.5&#8243; _module_preset=&#8221;default&#8221; global_colors_info=&#8221;{}&#8221;][\/et_pb_image][\/et_pb_column][\/et_pb_row][et_pb_row _builder_version=&#8221;4.27.5&#8243; _module_preset=&#8221;default&#8221; custom_padding=&#8221;14px|||||&#8221; global_colors_info=&#8221;{}&#8221;][et_pb_column type=&#8221;4_4&#8243; _builder_version=&#8221;4.27.5&#8243; _module_preset=&#8221;default&#8221; global_colors_info=&#8221;{}&#8221;][et_pb_text admin_label=&#8221;pregunta 1&#8243; _builder_version=&#8221;4.27.5&#8243; _module_preset=&#8221;default&#8221; global_colors_info=&#8221;{}&#8221;]<\/p>\n<h2 style=\"text-align: center;\"><span style=\"color: #09159e;\"><strong><em>Como come\u00e7ou esta aventura de viver e navegar em fam\u00edlia, todos juntos, com tr\u00eas adolescentes?<\/em><\/strong><\/span><\/h2>\n<p><span style=\"color: #000000;\">\u2014<strong><span style=\"color: #e02b20;\">(Roc\u00edo)<\/span><\/strong> Nascemos ambos em Buenos Aires, mas crescemos na zona norte da prov\u00edncia. Hermann navegava em San Isidro e eu vivia em Victoria. Eu nunca tinha estado num barco. N\u00e3o fazia ideia do mundo da vela; pensei: &#8220;Que giro, vou espreitar&#8221;, sei l\u00e1.<\/span><\/p>\n<p><span style=\"color: #000000;\">\u2014<strong><span style=\"color: #e02b20;\">(Herman) <\/span><\/strong>Comecei a velejar aos 10 ou 11 anos. Cresci em San Isidro, rodeado de velejadores ic\u00f3nicos como Enrique Celesia e outros que influenciaram muito o meu desenvolvimento. Depois, o meu pai, que tamb\u00e9m era um grande entusiasta da n\u00e1utica, viu que eu estava sempre no veleiro e decidiu incentivar a minha paix\u00e3o. Vendeu uma casa e comprou outro barco. Toda a fam\u00edlia se mudou para viver num barco no Delta do Paran\u00e1. Mais tarde, estudei na Escola de Mec\u00e2nica da Marinha porque queria ser engenheiro naval, e nunca mais sa\u00ed de um barco nem deixei de velejar depois disso.<\/span><\/p>\n<p><span style=\"color: #000000;\">Aos 21 anos, conheci a Roc\u00edo e contei-lhe logo como estavam a correr as coisas, porque adorava viver num barco. N\u00e3o conhecia outra forma de viver naquele momento, nem tinha interesse em ver outra (risos). Mud\u00e1mos para Bariloche. Eu trabalhava como engenheiro-chefe numa instala\u00e7\u00e3o no Lago Nahuel Huapi. Os filhos nasceram e sentimo-nos seguros sabendo que t\u00ednhamos um certo n\u00edvel de apoio em termos de sa\u00fade e servi\u00e7os sociais, e vivendo numa cidade como aquela, pelo menos inicialmente. Todos eles s\u00e3o de Bariloche. Constru\u00edmos uma casa, sempre com a ideia de a vender para podermos navegar juntos.<\/span><\/p>\n<p>[\/et_pb_text][\/et_pb_column][\/et_pb_row][et_pb_row _builder_version=&#8221;4.27.5&#8243; _module_preset=&#8221;default&#8221; custom_padding=&#8221;12px||14px|||&#8221; global_colors_info=&#8221;{}&#8221;][et_pb_column type=&#8221;4_4&#8243; _builder_version=&#8221;4.27.5&#8243; _module_preset=&#8221;default&#8221; global_colors_info=&#8221;{}&#8221;][et_pb_image src=&#8221;https:\/\/navegantesoceanicos.com\/wp-content\/uploads\/2026\/05\/Kira-kira-1-scaled.webp&#8221; _builder_version=&#8221;4.27.5&#8243; _module_preset=&#8221;default&#8221; global_colors_info=&#8221;{}&#8221;][\/et_pb_image][\/et_pb_column][\/et_pb_row][et_pb_row _builder_version=&#8221;4.27.5&#8243; _module_preset=&#8221;default&#8221; custom_padding=&#8221;14px|||||&#8221; global_colors_info=&#8221;{}&#8221;][et_pb_column type=&#8221;4_4&#8243; _builder_version=&#8221;4.27.5&#8243; _module_preset=&#8221;default&#8221; global_colors_info=&#8221;{}&#8221;][et_pb_text admin_label=&#8221;pregunta 2&#8243; _builder_version=&#8221;4.27.5&#8243; _module_preset=&#8221;default&#8221; global_colors_info=&#8221;{}&#8221;]<\/p>\n<h2 style=\"text-align: center;\"><span style=\"color: #080fa3;\"><strong><em>O que aconteceu a seguir?<\/em><\/strong><\/span><\/h2>\n<p><span style=\"color: #000000;\">\u2014<strong><span style=\"color: #e02b20;\">(Roc\u00edo)<\/span><\/strong> Os vulc\u00f5es entraram em erup\u00e7\u00e3o sobre n\u00f3s. A primeira foi muito forte e aconteceu quando os g\u00e9meos eram pequenos, com menos de seis meses de idade. N\u00e3o sab\u00edamos se conseguir\u00edamos respirar, porque era como se cacos de vidro entrassem pelas janelas, pelas portas, por todo o lado. Fic\u00e1mos trancados dentro de casa durante muito tempo; foi realmente horr\u00edvel. Depois, quando o Bruno nasceu, houve outra erup\u00e7\u00e3o vulc\u00e2nica.<\/span><\/p>\n<p><span style=\"color: #000000;\">\u2014<span style=\"color: #e02b20;\"><strong>(Herman)<\/strong><\/span> Foi um grande empurr\u00e3o para finalmente irmos embora, porque v\u00ednhamos adiando, \u00e0 espera do momento certo com as crian\u00e7as. Foi um sinal de que t\u00ednhamos de ir: ali\u00e1s, desde que sa\u00edmos, nenhum vulc\u00e3o entrou em erup\u00e7\u00e3o (risos). Entre erup\u00e7\u00f5es vulc\u00e2nicas, o valor da nossa casa oscilava, as oportunidades de emprego diminu\u00edam, at\u00e9 os aeroportos fechavam, pelo que s\u00f3 quando os vulc\u00f5es finalmente entraram em estado dormente \u00e9 que conseguimos vender tudo e comprar a Kira Kira. Isto foi h\u00e1 dez anos: n\u00e3o sa\u00edmos de l\u00e1 desde ent\u00e3o.<\/span><\/p>\n<p>[\/et_pb_text][\/et_pb_column][\/et_pb_row][et_pb_row _builder_version=&#8221;4.27.5&#8243; _module_preset=&#8221;default&#8221; custom_padding=&#8221;13px||15px|||&#8221; global_colors_info=&#8221;{}&#8221;][et_pb_column type=&#8221;4_4&#8243; _builder_version=&#8221;4.27.5&#8243; _module_preset=&#8221;default&#8221; global_colors_info=&#8221;{}&#8221;][et_pb_image src=&#8221;https:\/\/navegantesoceanicos.com\/wp-content\/uploads\/2026\/05\/Kira-kira-familia-Meder-2.webp&#8221; _builder_version=&#8221;4.27.5&#8243; _module_preset=&#8221;default&#8221; global_colors_info=&#8221;{}&#8221;][\/et_pb_image][\/et_pb_column][\/et_pb_row][et_pb_row _builder_version=&#8221;4.27.5&#8243; _module_preset=&#8221;default&#8221; custom_padding=&#8221;14px|||||&#8221; global_colors_info=&#8221;{}&#8221;][et_pb_column type=&#8221;4_4&#8243; _builder_version=&#8221;4.27.5&#8243; _module_preset=&#8221;default&#8221; global_colors_info=&#8221;{}&#8221;][et_pb_text admin_label=&#8221;pregunta 3&#8243; _builder_version=&#8221;4.27.5&#8243; _module_preset=&#8221;default&#8221; global_colors_info=&#8221;{}&#8221;]<\/p>\n<h2 style=\"text-align: center;\"><strong><span style=\"color: #0a0caa;\"><em>Parece que o Roc\u00edo gostou, ou pelo menos n\u00e3o enjoou nos passeios de barco. <\/em><\/span><\/strong><\/h2>\n<p><span style=\"color: #000000;\">\u2014<span style=\"color: #e02b20;\"><strong>(Roc\u00edo)<\/strong><\/span> Acho que gostei (risos). A primeira viagem foi de Ros\u00e1rio para Buenos Aires. Depois disso, fizemos algumas viagens a Colonia, no Uruguai, tipo duas ou tr\u00eas viagens de teste, para tentar perceber como era e como era navegar. O Bruno ainda usava fraldas. Passei a viagem toda na proa; baloi\u00e7ava bastante porque toda a gente era crian\u00e7a, e eu nunca enjoei. Agora que sou mais velho, vejo que tenho mais h\u00e1bitos, mas, naquela altura, era preciso mudar fraldas em movimento, com o barco a abanar o tempo todo. N\u00e3o sei como aguentava. Na \u00faltima travessia que fizemos para Col\u00f3nia, dissemos: &#8220;E se continu\u00e1ssemos para o pr\u00f3ximo porto?&#8221; Foi o seguinte, e o seguinte, e outro.<\/span><\/p>\n<p><span style=\"color: #000000;\">\u2014<span style=\"color: #e02b20;\"><strong>(Herman)<\/strong><\/span> Recorde-se que v\u00ednhamos das montanhas e a Roc\u00edo n\u00e3o tinha grande experi\u00eancia de navega\u00e7\u00e3o. Foi assim que conhecemos todos os portos do Uruguai, como Juan Lacaze, Montevideu e Piri\u00e1polis. Exceto Punta del Este, porque nos dizem sempre que \u00e9 muito caro. Depois, seguimos para o Rio Grande do Sul \u2014 o primeiro porto para quem chega ao Brasil vindo do sul \u2014 e, mais tarde, fomos para Ubatuba. N\u00e3o cont\u00e1mos \u00e0s nossas fam\u00edlias para que n\u00e3o se preocupassem: de l\u00e1, regress\u00e1mos porque t\u00ednhamos de regressar ao trabalho. Apanh\u00e1mos algumas tempestades; agora, prestamos muito mais aten\u00e7\u00e3o \u00e0 previs\u00e3o do tempo e aprendemos muito durante a viagem. Depois, regress\u00e1mos a Bariloche para trabalhar durante um ano, juntar o dinheiro e embarcar noutra viagem. Na segunda viagem, fomos at\u00e9 \u00e0 Ilha Grande e, na terceira, cheg\u00e1mos \u00e0 Ba\u00eda (no norte do Brasil).<\/span><\/p>\n<p>[\/et_pb_text][\/et_pb_column][\/et_pb_row][et_pb_row column_structure=&#8221;1_2,1_2&#8243; _builder_version=&#8221;4.27.5&#8243; _module_preset=&#8221;default&#8221; custom_padding=&#8221;12px||15px|||&#8221; global_colors_info=&#8221;{}&#8221;][et_pb_column type=&#8221;1_2&#8243; _builder_version=&#8221;4.27.5&#8243; _module_preset=&#8221;default&#8221; global_colors_info=&#8221;{}&#8221;][et_pb_image src=&#8221;https:\/\/navegantesoceanicos.com\/wp-content\/uploads\/2026\/05\/Kira-Kira-2.webp&#8221; _builder_version=&#8221;4.27.5&#8243; _module_preset=&#8221;default&#8221; global_colors_info=&#8221;{}&#8221;][\/et_pb_image][\/et_pb_column][et_pb_column type=&#8221;1_2&#8243; _builder_version=&#8221;4.27.5&#8243; _module_preset=&#8221;default&#8221; global_colors_info=&#8221;{}&#8221;][et_pb_image src=&#8221;https:\/\/navegantesoceanicos.com\/wp-content\/uploads\/2026\/05\/Kira-kira-3-scaled.webp&#8221; _builder_version=&#8221;4.27.5&#8243; _module_preset=&#8221;default&#8221; global_colors_info=&#8221;{}&#8221;][\/et_pb_image][\/et_pb_column][\/et_pb_row][et_pb_row _builder_version=&#8221;4.27.5&#8243; _module_preset=&#8221;default&#8221; custom_padding=&#8221;14px|||||&#8221; global_colors_info=&#8221;{}&#8221;][et_pb_column type=&#8221;4_4&#8243; _builder_version=&#8221;4.27.5&#8243; _module_preset=&#8221;default&#8221; global_colors_info=&#8221;{}&#8221;][et_pb_text admin_label=&#8221;pregunta 4&#8243; _builder_version=&#8221;4.27.5&#8243; _module_preset=&#8221;default&#8221; global_colors_info=&#8221;{}&#8221;]<\/p>\n<h2 style=\"text-align: center;\"><span style=\"color: #0a17ad;\"><strong><em>Como chegaram a este navio, o Kira Kira? Quais as suas principais caracter\u00edsticas? <\/em><\/strong><\/span><\/h2>\n<p><span style=\"color: #000000;\">\u2014<span style=\"color: #e02b20;\"><strong>(Herman)<\/strong><\/span> Procurava um Van de Stadt, um modelo cl\u00e1ssico que adorava. N\u00e3o tinha d\u00favidas; era o que eu queria. Havia muito poucos na Argentina, e estavam em mau estado, por isso, quando apareceu um \u00e0 venda em Ros\u00e1rio, n\u00e3o hesitei. Tinha sido constru\u00eddo por um instrutor do curso de comandante do Clube de Remo, que o utilizava para as viagens oce\u00e2nicas. Ali\u00e1s, batizou-o com o nome de uma ilha do Pac\u00edfico que sonhava alcan\u00e7ar um dia. \u00c9 um veleiro de a\u00e7o de 36 p\u00e9s que pesa 15 toneladas e tem um motor Yamaha de 39 cavalos (que \u00e9 pequeno para este barco, mas econ\u00f3mico e d\u00e1-me alguma autonomia).<\/span><\/p>\n<p><span style=\"color: #000000;\">Possui um cockpit central, com um comprimento reduzido, o que facilita a manuten\u00e7\u00e3o, mas um interior muito espa\u00e7oso onde todos ficamos confortavelmente acomodados. Est\u00e1 equipado como um sloop. \u00c9 um veleiro projetado em 1976, mas este foi constru\u00eddo em 2005; tem vinte anos. Penso que foi o \u00faltimo constru\u00eddo no estaleiro de Gigena. Este projeto tem dois tipos de quilha, uma com 2,20 metros de comprimento, e esta tem 1,60 metros de boca, o que a torna um veleiro muito est\u00e1vel. \u00c9 fant\u00e1stico.<\/span><\/p>\n<p><span style=\"color: #000000;\">\u2014<strong><span style=\"color: #e02b20;\">(Roc\u00edo)<\/span><\/strong> Possui uma cabine de proa com duas camas de casal e outra na popa, bem separadas. A cabine de popa tamb\u00e9m \u00e9 de casal; \u00e0s vezes um dos meninos dorme l\u00e1, outras vezes dormimos no exterior porque \u00e9 muito confort\u00e1vel.<\/span><\/p>\n<p>[\/et_pb_text][\/et_pb_column][\/et_pb_row][et_pb_row _builder_version=&#8221;4.27.5&#8243; _module_preset=&#8221;default&#8221; custom_padding=&#8221;14px||14px|||&#8221; global_colors_info=&#8221;{}&#8221;][et_pb_column type=&#8221;4_4&#8243; _builder_version=&#8221;4.27.5&#8243; _module_preset=&#8221;default&#8221; global_colors_info=&#8221;{}&#8221;][et_pb_video src=&#8221;https:\/\/navegantesoceanicos.com\/wp-content\/uploads\/2026\/05\/20250620_132750_001.mp4&#8243; _builder_version=&#8221;4.27.5&#8243; _module_preset=&#8221;default&#8221; global_colors_info=&#8221;{}&#8221;][\/et_pb_video][\/et_pb_column][\/et_pb_row][et_pb_row _builder_version=&#8221;4.27.5&#8243; _module_preset=&#8221;default&#8221; custom_padding=&#8221;14px|||||&#8221; global_colors_info=&#8221;{}&#8221;][et_pb_column type=&#8221;4_4&#8243; _builder_version=&#8221;4.27.5&#8243; _module_preset=&#8221;default&#8221; global_colors_info=&#8221;{}&#8221;][et_pb_text admin_label=&#8221;pregunta 5&#8243; _builder_version=&#8221;4.27.5&#8243; _module_preset=&#8221;default&#8221; global_colors_info=&#8221;{}&#8221;]<\/p>\n<h2 style=\"text-align: center;\"><strong><span style=\"color: #0a17a8;\"><em>As crian\u00e7as est\u00e3o na escola? Como se desenrasca com tr\u00eas adolescentes?<\/em><\/span><\/strong><\/h2>\n<p><span style=\"color: #000000;\">\u2014<span style=\"color: #e02b20;\"><strong>(Roc\u00edo)<\/strong><\/span> Sim, estudam na escola do Ex\u00e9rcito. Esta semana t\u00eam atividades de acompanhamento e precisam de entregar trabalhos de diferentes disciplinas. A ideia \u00e9 que, enquanto eles quiserem continuar a viajar, n\u00f3s vamos continuar com este estilo de vida. A tecnologia tamb\u00e9m nos ajuda muito com os amigos, porque permite que se conectem e criem la\u00e7os. Este ver\u00e3o, quando estivemos na Isla Grande, muitos amigos com filhos da mesma idade vieram visitar-nos, e divertimo-nos imenso\u2026<\/span><\/p>\n<p><span style=\"color: #000000;\">\u2014<strong><span style=\"color: #e02b20;\">(Herman)<\/span><\/strong> Sim, o que tamb\u00e9m acontece \u00e9 que est\u00e3o habituados a navegar e a viajar, por isso, quando ficamos num s\u00edtio s\u00f3 porque precisamos de fazer a manuten\u00e7\u00e3o do barco, ancorar num porto, ou porque precisam de ir \u00e0 escola presencialmente, nem querem ouvir falar disso: exigem deslocar-se. Al\u00e9m disso, em rela\u00e7\u00e3o \u00e0s redes sociais e ao nosso canal de viagens, perguntamos-lhes quem quer aparecer, quem gosta, quem n\u00e3o est\u00e1 t\u00e3o interessado, porque s\u00e3o mais velhos e queremos dar-lhes a oportunidade; estamos a aprender a ser pais ao longo do caminho.<\/span><\/p>\n<p>[\/et_pb_text][\/et_pb_column][\/et_pb_row][et_pb_row _builder_version=&#8221;4.27.5&#8243; _module_preset=&#8221;default&#8221; custom_padding=&#8221;14px|||||&#8221; global_colors_info=&#8221;{}&#8221;][et_pb_column type=&#8221;4_4&#8243; _builder_version=&#8221;4.27.5&#8243; _module_preset=&#8221;default&#8221; global_colors_info=&#8221;{}&#8221;][et_pb_image src=&#8221;https:\/\/navegantesoceanicos.com\/wp-content\/uploads\/2026\/05\/Familia-Meder-2.webp&#8221; _builder_version=&#8221;4.27.5&#8243; _module_preset=&#8221;default&#8221; global_colors_info=&#8221;{}&#8221;][\/et_pb_image][\/et_pb_column][\/et_pb_row][et_pb_row _builder_version=&#8221;4.27.5&#8243; _module_preset=&#8221;default&#8221; custom_padding=&#8221;14px||11px|||&#8221; global_colors_info=&#8221;{}&#8221;][et_pb_column type=&#8221;4_4&#8243; _builder_version=&#8221;4.27.5&#8243; _module_preset=&#8221;default&#8221; global_colors_info=&#8221;{}&#8221;][et_pb_text admin_label=&#8221;pregunta 6&#8243; _builder_version=&#8221;4.27.5&#8243; _module_preset=&#8221;default&#8221; global_colors_info=&#8221;{}&#8221;]<\/p>\n<h2 style=\"text-align: center;\"><span style=\"color: #0824a3;\"><strong><em>Como gerem as despesas, o trabalho e os cuidados infantis?<\/em><\/strong><\/span><\/h2>\n<p><span style=\"color: #000000;\">\u2014<span style=\"color: #e02b20;\"><strong>(Herman)<\/strong><\/span> Estamos em transi\u00e7\u00e3o. Cri\u00e1mos uma empresa chamada Skipper Online, que coordena as rotas com outros barcos e velejadores de recreio para prestar assist\u00eancia t\u00e9cnica remota. \u00c9 \u00f3timo, e estamos a conciliar com outros trabalhos. Sou oficial da marinha mercante, por isso costumo ir pescar camar\u00e3o, mas como o trabalho de apoio a outros veleiros est\u00e1 a correr bem, n\u00e3o fui este ano. Temos tamb\u00e9m um canal no YouTube que regista as nossas viagens. Tudo mudou muito com a chegada do Starlink, porque podemos falar com as nossas fam\u00edlias no dia a dia, trabalhar juntos e estar sempre ligados.<\/span><\/p>\n<p>[\/et_pb_text][\/et_pb_column][\/et_pb_row][et_pb_row _builder_version=&#8221;4.27.5&#8243; _module_preset=&#8221;default&#8221; custom_padding=&#8221;14px|||||&#8221; global_colors_info=&#8221;{}&#8221;][et_pb_column type=&#8221;4_4&#8243; _builder_version=&#8221;4.27.5&#8243; _module_preset=&#8221;default&#8221; global_colors_info=&#8221;{}&#8221;][et_pb_text admin_label=&#8221;pregunta 7&#8243; _builder_version=&#8221;4.27.5&#8243; _module_preset=&#8221;default&#8221; global_colors_info=&#8221;{}&#8221;]<\/p>\n<h2 style=\"text-align: center;\"><span style=\"color: #081aa3;\">\u2014<strong><em>\u00bfC\u00f3mo son las rutinas con tres adolescentes?<\/em><\/strong><\/span><\/h2>\n<p><span style=\"color: #000000;\">\u2014<strong><span style=\"color: #e02b20;\">(Herman)<\/span><\/strong> Tratamos de mantener las rutinas, pero los d\u00edas lindos nos impulsan a sacarlos afuera, estar al aire libre, ir a navegar, nadar, hacer alguna caminata. Tampoco todo el d\u00eda est\u00e1n conectados a Internet porque tenemos energ\u00eda por paneles solares o bater\u00eda y hay que ahorrarla. Lo limitamos al estudio o ver una pel\u00edcula.<\/span><\/p>\n<p><span style=\"color: #000000;\">\u2014<span style=\"color: #e02b20;\"><strong>(Roc\u00edo)<\/strong><\/span> De hecho, cuando el d\u00eda est\u00e1 lindo les digo que dejen las cosas de la escuela para m\u00e1s tarde o el d\u00eda siguiente para poder aprovecharlo. Despu\u00e9s eso lo recuperamos, pero prefiero que salgan a nadar o jugar a la pelota.<\/span><\/p>\n<p>[\/et_pb_text][\/et_pb_column][\/et_pb_row][et_pb_row column_structure=&#8221;1_3,1_3,1_3&#8243; _builder_version=&#8221;4.27.5&#8243; _module_preset=&#8221;default&#8221; global_colors_info=&#8221;{}&#8221;][et_pb_column type=&#8221;1_3&#8243; _builder_version=&#8221;4.27.5&#8243; _module_preset=&#8221;default&#8221; global_colors_info=&#8221;{}&#8221;][\/et_pb_column][et_pb_column type=&#8221;1_3&#8243; _builder_version=&#8221;4.27.5&#8243; _module_preset=&#8221;default&#8221; global_colors_info=&#8221;{}&#8221;][et_pb_video src=&#8221;https:\/\/navegantesoceanicos.com\/wp-content\/uploads\/2026\/05\/Kira-kira-4.mp4&#8243; _builder_version=&#8221;4.27.5&#8243; _module_preset=&#8221;default&#8221; global_colors_info=&#8221;{}&#8221;][\/et_pb_video][\/et_pb_column][et_pb_column type=&#8221;1_3&#8243; _builder_version=&#8221;4.27.5&#8243; _module_preset=&#8221;default&#8221; global_colors_info=&#8221;{}&#8221;][\/et_pb_column][\/et_pb_row][et_pb_row _builder_version=&#8221;4.27.5&#8243; _module_preset=&#8221;default&#8221; custom_padding=&#8221;14px|||||&#8221; global_colors_info=&#8221;{}&#8221;][et_pb_column type=&#8221;4_4&#8243; _builder_version=&#8221;4.27.5&#8243; _module_preset=&#8221;default&#8221; global_colors_info=&#8221;{}&#8221;][et_pb_text admin_label=&#8221;pregunta 8&#8243; _builder_version=&#8221;4.27.5&#8243; _module_preset=&#8221;default&#8221; global_colors_info=&#8221;{}&#8221;]<\/p>\n<h2 style=\"text-align: center;\"><span style=\"color: #0815a8;\"><strong><em>Quais s\u00e3o os seus planos agora?<\/em><\/strong><\/span><\/h2>\n<p><span style=\"color: #000000;\">\u2014<span style=\"color: #e02b20;\"><strong>(Herman)<\/strong><\/span> At\u00e9 h\u00e1 pouco tempo, est\u00e1vamos em Salvador, na Bahia (norte do Brasil), mas tivemos um problema de sa\u00fade e regress\u00e1mos a locais conhecidos para tratamento e exames complementares. Por isso, estamos agora em Ilha Grande, no estado do Rio de Janeiro, onde vamos passar todo o ver\u00e3o e planeamos ficar at\u00e9 ao final do ano. Precisamos de fazer uma manuten\u00e7\u00e3o completa ao barco, por isso, depois disso, o plano \u00e9 navegar at\u00e9 San Blas, no Panam\u00e1.<\/span><\/p>\n<p><span style=\"color: #000000;\">\u2014<span style=\"color: #e02b20;\"><strong>(Roc\u00edo)<\/strong><\/span> Mas n\u00f3s amamos tanto o Brasil que voltamos sempre para c\u00e1. \u00c9 t\u00e3o grande, tem tantos s\u00edtios para ficar, s\u00edtios para relaxar, s\u00edtios para trabalhar. O plano \u00e9 viajar pela Am\u00e9rica do Sul.<\/span><\/p>\n<p>[\/et_pb_text][\/et_pb_column][\/et_pb_row][et_pb_row _builder_version=&#8221;4.27.5&#8243; _module_preset=&#8221;default&#8221; custom_padding=&#8221;22px|||||&#8221; global_colors_info=&#8221;{}&#8221;][et_pb_column type=&#8221;4_4&#8243; _builder_version=&#8221;4.27.5&#8243; _module_preset=&#8221;default&#8221; global_colors_info=&#8221;{}&#8221;][et_pb_divider divider_weight=&#8221;3px&#8221; _builder_version=&#8221;4.27.5&#8243; _module_preset=&#8221;default&#8221; custom_margin=&#8221;||12px|||&#8221; global_colors_info=&#8221;{}&#8221;][\/et_pb_divider][et_pb_text admin_label=&#8221;Enlaces&#8221; _builder_version=&#8221;4.27.5&#8243; _module_preset=&#8221;default&#8221; global_colors_info=&#8221;{}&#8221;]<\/p>\n<h2 style=\"text-align: center;\"><span style=\"color: #ff0000;\"><strong>Enlaces: <\/strong><\/span><\/h2>\n<p style=\"text-align: center;\"><span style=\"color: #000080;\"><strong><a href=\"https:\/\/www.instagram.com\/familiameder?igsh=eTg1aXB4em90cTBo\" style=\"color: #000080;\">https:\/\/www.instagram.com\/familiameder?igsh=eTg1aXB4em90cTBo<\/a><\/strong><\/span><\/p>\n<p>[\/et_pb_text][et_pb_divider divider_weight=&#8221;3px&#8221; _builder_version=&#8221;4.27.5&#8243; _module_preset=&#8221;default&#8221; global_colors_info=&#8221;{}&#8221;][\/et_pb_divider][et_pb_text _builder_version=&#8221;4.27.5&#8243; _module_preset=&#8221;default&#8221; global_colors_info=&#8221;{}&#8221;]<\/p>\n<p style=\"text-align: center;\"><span style=\"color: #000000;\">N\u00f3s, na &#8220;Ocean Navigators&#8221;, agradecemos ao Roc\u00edo e ao Herman pela colabora\u00e7\u00e3o e por partilharem com os nossos leitores as suas experi\u00eancias de vida a bordo de um veleiro.<\/span><\/p>\n<p style=\"text-align: center;\"><span style=\"color: #000000;\">Desejamos-vos muita sorte e bons ventos no futuro!<\/span><\/p>\n<p>[\/et_pb_text][et_pb_image src=&#8221;https:\/\/navegantesoceanicos.com\/wp-content\/uploads\/2026\/03\/proteccion-web-con-ISSN.webp&#8221; alt=&#8221;protecci\u00f3n web con ISSN&#8221; title_text=&#8221;protecci\u00f3n web con ISSN&#8221; _builder_version=&#8221;4.27.5&#8243; _module_preset=&#8221;default&#8221; global_colors_info=&#8221;{}&#8221;][\/et_pb_image][\/et_pb_column][\/et_pb_row][\/et_pb_section]<\/p>\n","protected":false},"excerpt":{"rendered":"<p>Nesta fascinante entrevista, Roc\u00edo e Herman partilham os seus primeiros passos na vela e as suas experi\u00eancias de vida a bordo do robusto veleiro oce\u00e2nico &#8220;Kira Kira&#8221;, desenhado por Van De Stadt, juntamente com os seus tr\u00eas filhos adolescentes. Um verdadeiro desafio!<\/p>\n","protected":false},"author":831,"featured_media":47329,"comment_status":"open","ping_status":"open","sticky":false,"template":"","format":"standard","meta":{"_et_pb_use_builder":"on","_et_pb_old_content":"","_et_gb_content_width":"","footnotes":"","_wp_rev_ctl_limit":""},"categories":[208],"tags":[],"class_list":["post-47369","post","type-post","status-publish","format-standard","has-post-thumbnail","hentry","category-entrevistas-com-os-navegantes","et-has-post-format-content","et_post_format-et-post-format-standard"],"yoast_head":"<!-- This site is optimized with the Yoast SEO plugin v27.5 - https:\/\/yoast.com\/product\/yoast-seo-wordpress\/ -->\n<title>O Kira Kira: a fam\u00edlia Meder, a bordo do seu veleiro, no sul do Brasil. - Navegantes Oce\u00e1nicos<\/title>\n<meta name=\"description\" content=\"Navegantes oce\u00e1nicos, web con contenidos para apasionados por la mar, tripulantes, regatistas, patrones o armadores.\" \/>\n<meta name=\"robots\" content=\"index, follow, max-snippet:-1, max-image-preview:large, max-video-preview:-1\" \/>\n<link rel=\"canonical\" href=\"https:\/\/navegantesoceanicos.com\/pt-pt\/o-kira-kira-a-familia-meder-a-bordo-do-seu-veleiro-no-sul-do-brasil\/\" \/>\n<meta property=\"og:locale\" content=\"pt_PT\" \/>\n<meta property=\"og:type\" content=\"article\" \/>\n<meta property=\"og:title\" content=\"O Kira Kira: a fam\u00edlia Meder, a bordo do seu veleiro, no sul do Brasil. - Navegantes Oce\u00e1nicos\" \/>\n<meta property=\"og:description\" content=\"Navegantes oce\u00e1nicos, web con contenidos para apasionados por la mar, tripulantes, regatistas, patrones o armadores.\" \/>\n<meta property=\"og:url\" content=\"https:\/\/navegantesoceanicos.com\/pt-pt\/o-kira-kira-a-familia-meder-a-bordo-do-seu-veleiro-no-sul-do-brasil\/\" \/>\n<meta property=\"og:site_name\" content=\"Navegantes Oce\u00e1nicos\" \/>\n<meta property=\"article:publisher\" content=\"https:\/\/www.facebook.com\/Navegantes-Oce%c3%a1nicos-112578593494698\" \/>\n<meta property=\"article:published_time\" content=\"2026-05-01T16:19:21+00:00\" \/>\n<meta property=\"article:modified_time\" content=\"2026-05-01T16:31:21+00:00\" \/>\n<meta property=\"og:image\" content=\"https:\/\/navegantesoceanicos.com\/wp-content\/uploads\/2026\/05\/Kira-Kira-familia-Meder.webp\" \/>\n\t<meta property=\"og:image:width\" content=\"1600\" \/>\n\t<meta property=\"og:image:height\" content=\"1066\" \/>\n\t<meta property=\"og:image:type\" content=\"image\/webp\" \/>\n<meta name=\"author\" content=\"Tamara Smerling\" \/>\n<meta name=\"twitter:label1\" content=\"Escrito por\" \/>\n\t<meta name=\"twitter:data1\" content=\"Tamara Smerling\" \/>\n\t<meta name=\"twitter:label2\" content=\"Tempo estimado de leitura\" \/>\n\t<meta name=\"twitter:data2\" content=\"10 minutos\" \/>\n<script type=\"application\/ld+json\" class=\"yoast-schema-graph\">{\"@context\":\"https:\\\/\\\/schema.org\",\"@graph\":[{\"@type\":\"Article\",\"@id\":\"https:\\\/\\\/navegantesoceanicos.com\\\/pt-pt\\\/o-kira-kira-a-familia-meder-a-bordo-do-seu-veleiro-no-sul-do-brasil\\\/#article\",\"isPartOf\":{\"@id\":\"https:\\\/\\\/navegantesoceanicos.com\\\/pt-pt\\\/o-kira-kira-a-familia-meder-a-bordo-do-seu-veleiro-no-sul-do-brasil\\\/\"},\"author\":{\"name\":\"Tamara Smerling\",\"@id\":\"https:\\\/\\\/navegantesoceanicos.com\\\/pt-pt\\\/#\\\/schema\\\/person\\\/37ba732a8f452d99dd0f97716e4ab614\"},\"headline\":\"O Kira Kira: a fam\u00edlia Meder, a bordo do seu veleiro, no sul do Brasil.\",\"datePublished\":\"2026-05-01T16:19:21+00:00\",\"dateModified\":\"2026-05-01T16:31:21+00:00\",\"mainEntityOfPage\":{\"@id\":\"https:\\\/\\\/navegantesoceanicos.com\\\/pt-pt\\\/o-kira-kira-a-familia-meder-a-bordo-do-seu-veleiro-no-sul-do-brasil\\\/\"},\"wordCount\":2960,\"commentCount\":0,\"publisher\":{\"@id\":\"https:\\\/\\\/navegantesoceanicos.com\\\/pt-pt\\\/#organization\"},\"image\":{\"@id\":\"https:\\\/\\\/navegantesoceanicos.com\\\/pt-pt\\\/o-kira-kira-a-familia-meder-a-bordo-do-seu-veleiro-no-sul-do-brasil\\\/#primaryimage\"},\"thumbnailUrl\":\"https:\\\/\\\/navegantesoceanicos.com\\\/wp-content\\\/uploads\\\/2026\\\/05\\\/Kira-Kira-familia-Meder.webp\",\"articleSection\":[\"entrevistas com os navegantes\"],\"inLanguage\":\"pt-PT\",\"potentialAction\":[{\"@type\":\"CommentAction\",\"name\":\"Comment\",\"target\":[\"https:\\\/\\\/navegantesoceanicos.com\\\/pt-pt\\\/o-kira-kira-a-familia-meder-a-bordo-do-seu-veleiro-no-sul-do-brasil\\\/#respond\"]}]},{\"@type\":\"WebPage\",\"@id\":\"https:\\\/\\\/navegantesoceanicos.com\\\/pt-pt\\\/o-kira-kira-a-familia-meder-a-bordo-do-seu-veleiro-no-sul-do-brasil\\\/\",\"url\":\"https:\\\/\\\/navegantesoceanicos.com\\\/pt-pt\\\/o-kira-kira-a-familia-meder-a-bordo-do-seu-veleiro-no-sul-do-brasil\\\/\",\"name\":\"O Kira Kira: a fam\u00edlia Meder, a bordo do seu veleiro, no sul do Brasil. - Navegantes Oce\u00e1nicos\",\"isPartOf\":{\"@id\":\"https:\\\/\\\/navegantesoceanicos.com\\\/pt-pt\\\/#website\"},\"primaryImageOfPage\":{\"@id\":\"https:\\\/\\\/navegantesoceanicos.com\\\/pt-pt\\\/o-kira-kira-a-familia-meder-a-bordo-do-seu-veleiro-no-sul-do-brasil\\\/#primaryimage\"},\"image\":{\"@id\":\"https:\\\/\\\/navegantesoceanicos.com\\\/pt-pt\\\/o-kira-kira-a-familia-meder-a-bordo-do-seu-veleiro-no-sul-do-brasil\\\/#primaryimage\"},\"thumbnailUrl\":\"https:\\\/\\\/navegantesoceanicos.com\\\/wp-content\\\/uploads\\\/2026\\\/05\\\/Kira-Kira-familia-Meder.webp\",\"datePublished\":\"2026-05-01T16:19:21+00:00\",\"dateModified\":\"2026-05-01T16:31:21+00:00\",\"description\":\"Navegantes oce\u00e1nicos, web con contenidos para apasionados por la mar, tripulantes, regatistas, patrones o armadores.\",\"breadcrumb\":{\"@id\":\"https:\\\/\\\/navegantesoceanicos.com\\\/pt-pt\\\/o-kira-kira-a-familia-meder-a-bordo-do-seu-veleiro-no-sul-do-brasil\\\/#breadcrumb\"},\"inLanguage\":\"pt-PT\",\"potentialAction\":[{\"@type\":\"ReadAction\",\"target\":[\"https:\\\/\\\/navegantesoceanicos.com\\\/pt-pt\\\/o-kira-kira-a-familia-meder-a-bordo-do-seu-veleiro-no-sul-do-brasil\\\/\"]}]},{\"@type\":\"ImageObject\",\"inLanguage\":\"pt-PT\",\"@id\":\"https:\\\/\\\/navegantesoceanicos.com\\\/pt-pt\\\/o-kira-kira-a-familia-meder-a-bordo-do-seu-veleiro-no-sul-do-brasil\\\/#primaryimage\",\"url\":\"https:\\\/\\\/navegantesoceanicos.com\\\/wp-content\\\/uploads\\\/2026\\\/05\\\/Kira-Kira-familia-Meder.webp\",\"contentUrl\":\"https:\\\/\\\/navegantesoceanicos.com\\\/wp-content\\\/uploads\\\/2026\\\/05\\\/Kira-Kira-familia-Meder.webp\",\"width\":1600,\"height\":1066,\"caption\":\"Kira Kira\"},{\"@type\":\"BreadcrumbList\",\"@id\":\"https:\\\/\\\/navegantesoceanicos.com\\\/pt-pt\\\/o-kira-kira-a-familia-meder-a-bordo-do-seu-veleiro-no-sul-do-brasil\\\/#breadcrumb\",\"itemListElement\":[{\"@type\":\"ListItem\",\"position\":1,\"name\":\"Portada\",\"item\":\"https:\\\/\\\/navegantesoceanicos.com\\\/pt-pt\\\/\"},{\"@type\":\"ListItem\",\"position\":2,\"name\":\"O Kira Kira: a fam\u00edlia Meder, a bordo do seu veleiro, no sul do Brasil.\"}]},{\"@type\":\"WebSite\",\"@id\":\"https:\\\/\\\/navegantesoceanicos.com\\\/pt-pt\\\/#website\",\"url\":\"https:\\\/\\\/navegantesoceanicos.com\\\/pt-pt\\\/\",\"name\":\"Navegantes Oce\u00e1nicos\",\"description\":\"Navegantes oce\u00e1nicos, te ayudamos a navegar, para navegantes, tripulantes, regatistas y armadores, escuela n\u00e1utica, libros on-line sobre t\u00e1cticas y equipamiento para la navegaci\u00f3n a vela, fondear, atracar, el manejo de las velas, electricidad a bordo, navegaci\u00f3n con mal tiempo, rutas oce\u00e1nicas y mucho m\u00e1s\",\"publisher\":{\"@id\":\"https:\\\/\\\/navegantesoceanicos.com\\\/pt-pt\\\/#organization\"},\"potentialAction\":[{\"@type\":\"SearchAction\",\"target\":{\"@type\":\"EntryPoint\",\"urlTemplate\":\"https:\\\/\\\/navegantesoceanicos.com\\\/pt-pt\\\/?s={search_term_string}\"},\"query-input\":{\"@type\":\"PropertyValueSpecification\",\"valueRequired\":true,\"valueName\":\"search_term_string\"}}],\"inLanguage\":\"pt-PT\"},{\"@type\":\"Organization\",\"@id\":\"https:\\\/\\\/navegantesoceanicos.com\\\/pt-pt\\\/#organization\",\"name\":\"Navegantes Oce\u00e1nicos\",\"url\":\"https:\\\/\\\/navegantesoceanicos.com\\\/pt-pt\\\/\",\"logo\":{\"@type\":\"ImageObject\",\"inLanguage\":\"pt-PT\",\"@id\":\"https:\\\/\\\/navegantesoceanicos.com\\\/pt-pt\\\/#\\\/schema\\\/logo\\\/image\\\/\",\"url\":\"https:\\\/\\\/navegantesoceanicos.com\\\/wp-content\\\/uploads\\\/2019\\\/12\\\/LOGO-NAVEGANTES-OCEANICOS.png\",\"contentUrl\":\"https:\\\/\\\/navegantesoceanicos.com\\\/wp-content\\\/uploads\\\/2019\\\/12\\\/LOGO-NAVEGANTES-OCEANICOS.png\",\"width\":1010,\"height\":814,\"caption\":\"Navegantes Oce\u00e1nicos\"},\"image\":{\"@id\":\"https:\\\/\\\/navegantesoceanicos.com\\\/pt-pt\\\/#\\\/schema\\\/logo\\\/image\\\/\"},\"sameAs\":[\"https:\\\/\\\/www.facebook.com\\\/Navegantes-Oce\u00e1nicos-112578593494698\",\"https:\\\/\\\/www.instagram.com\\\/navegantes_oceanicos\\\/?hl=es\",\"https:\\\/\\\/www.youtube.com\\\/channel\\\/UCXgDL_6xqE7rpdwNXRmzF_Q\\\/featured\"]},{\"@type\":\"Person\",\"@id\":\"https:\\\/\\\/navegantesoceanicos.com\\\/pt-pt\\\/#\\\/schema\\\/person\\\/37ba732a8f452d99dd0f97716e4ab614\",\"name\":\"Tamara Smerling\",\"image\":{\"@type\":\"ImageObject\",\"inLanguage\":\"pt-PT\",\"@id\":\"https:\\\/\\\/secure.gravatar.com\\\/avatar\\\/85347147d5847554923b12455c0c59277be52f9c3599a2e4af69d99571e94959?s=96&d=mm&r=g\",\"url\":\"https:\\\/\\\/secure.gravatar.com\\\/avatar\\\/85347147d5847554923b12455c0c59277be52f9c3599a2e4af69d99571e94959?s=96&d=mm&r=g\",\"contentUrl\":\"https:\\\/\\\/secure.gravatar.com\\\/avatar\\\/85347147d5847554923b12455c0c59277be52f9c3599a2e4af69d99571e94959?s=96&d=mm&r=g\",\"caption\":\"Tamara Smerling\"},\"url\":\"https:\\\/\\\/navegantesoceanicos.com\\\/pt-pt\\\/author\\\/tamaras\\\/\"}]}<\/script>\n<!-- \/ Yoast SEO plugin. -->","yoast_head_json":{"title":"O Kira Kira: a fam\u00edlia Meder, a bordo do seu veleiro, no sul do Brasil. - Navegantes Oce\u00e1nicos","description":"Navegantes oce\u00e1nicos, web con contenidos para apasionados por la mar, tripulantes, regatistas, patrones o armadores.","robots":{"index":"index","follow":"follow","max-snippet":"max-snippet:-1","max-image-preview":"max-image-preview:large","max-video-preview":"max-video-preview:-1"},"canonical":"https:\/\/navegantesoceanicos.com\/pt-pt\/o-kira-kira-a-familia-meder-a-bordo-do-seu-veleiro-no-sul-do-brasil\/","og_locale":"pt_PT","og_type":"article","og_title":"O Kira Kira: a fam\u00edlia Meder, a bordo do seu veleiro, no sul do Brasil. - Navegantes Oce\u00e1nicos","og_description":"Navegantes oce\u00e1nicos, web con contenidos para apasionados por la mar, tripulantes, regatistas, patrones o armadores.","og_url":"https:\/\/navegantesoceanicos.com\/pt-pt\/o-kira-kira-a-familia-meder-a-bordo-do-seu-veleiro-no-sul-do-brasil\/","og_site_name":"Navegantes Oce\u00e1nicos","article_publisher":"https:\/\/www.facebook.com\/Navegantes-Oce%c3%a1nicos-112578593494698","article_published_time":"2026-05-01T16:19:21+00:00","article_modified_time":"2026-05-01T16:31:21+00:00","og_image":[{"width":1600,"height":1066,"url":"https:\/\/navegantesoceanicos.com\/wp-content\/uploads\/2026\/05\/Kira-Kira-familia-Meder.webp","type":"image\/webp"}],"author":"Tamara Smerling","twitter_misc":{"Escrito por":"Tamara Smerling","Tempo estimado de leitura":"10 minutos"},"schema":{"@context":"https:\/\/schema.org","@graph":[{"@type":"Article","@id":"https:\/\/navegantesoceanicos.com\/pt-pt\/o-kira-kira-a-familia-meder-a-bordo-do-seu-veleiro-no-sul-do-brasil\/#article","isPartOf":{"@id":"https:\/\/navegantesoceanicos.com\/pt-pt\/o-kira-kira-a-familia-meder-a-bordo-do-seu-veleiro-no-sul-do-brasil\/"},"author":{"name":"Tamara Smerling","@id":"https:\/\/navegantesoceanicos.com\/pt-pt\/#\/schema\/person\/37ba732a8f452d99dd0f97716e4ab614"},"headline":"O Kira Kira: a fam\u00edlia Meder, a bordo do seu veleiro, no sul do Brasil.","datePublished":"2026-05-01T16:19:21+00:00","dateModified":"2026-05-01T16:31:21+00:00","mainEntityOfPage":{"@id":"https:\/\/navegantesoceanicos.com\/pt-pt\/o-kira-kira-a-familia-meder-a-bordo-do-seu-veleiro-no-sul-do-brasil\/"},"wordCount":2960,"commentCount":0,"publisher":{"@id":"https:\/\/navegantesoceanicos.com\/pt-pt\/#organization"},"image":{"@id":"https:\/\/navegantesoceanicos.com\/pt-pt\/o-kira-kira-a-familia-meder-a-bordo-do-seu-veleiro-no-sul-do-brasil\/#primaryimage"},"thumbnailUrl":"https:\/\/navegantesoceanicos.com\/wp-content\/uploads\/2026\/05\/Kira-Kira-familia-Meder.webp","articleSection":["entrevistas com os navegantes"],"inLanguage":"pt-PT","potentialAction":[{"@type":"CommentAction","name":"Comment","target":["https:\/\/navegantesoceanicos.com\/pt-pt\/o-kira-kira-a-familia-meder-a-bordo-do-seu-veleiro-no-sul-do-brasil\/#respond"]}]},{"@type":"WebPage","@id":"https:\/\/navegantesoceanicos.com\/pt-pt\/o-kira-kira-a-familia-meder-a-bordo-do-seu-veleiro-no-sul-do-brasil\/","url":"https:\/\/navegantesoceanicos.com\/pt-pt\/o-kira-kira-a-familia-meder-a-bordo-do-seu-veleiro-no-sul-do-brasil\/","name":"O Kira Kira: a fam\u00edlia Meder, a bordo do seu veleiro, no sul do Brasil. - Navegantes Oce\u00e1nicos","isPartOf":{"@id":"https:\/\/navegantesoceanicos.com\/pt-pt\/#website"},"primaryImageOfPage":{"@id":"https:\/\/navegantesoceanicos.com\/pt-pt\/o-kira-kira-a-familia-meder-a-bordo-do-seu-veleiro-no-sul-do-brasil\/#primaryimage"},"image":{"@id":"https:\/\/navegantesoceanicos.com\/pt-pt\/o-kira-kira-a-familia-meder-a-bordo-do-seu-veleiro-no-sul-do-brasil\/#primaryimage"},"thumbnailUrl":"https:\/\/navegantesoceanicos.com\/wp-content\/uploads\/2026\/05\/Kira-Kira-familia-Meder.webp","datePublished":"2026-05-01T16:19:21+00:00","dateModified":"2026-05-01T16:31:21+00:00","description":"Navegantes oce\u00e1nicos, web con contenidos para apasionados por la mar, tripulantes, regatistas, patrones o armadores.","breadcrumb":{"@id":"https:\/\/navegantesoceanicos.com\/pt-pt\/o-kira-kira-a-familia-meder-a-bordo-do-seu-veleiro-no-sul-do-brasil\/#breadcrumb"},"inLanguage":"pt-PT","potentialAction":[{"@type":"ReadAction","target":["https:\/\/navegantesoceanicos.com\/pt-pt\/o-kira-kira-a-familia-meder-a-bordo-do-seu-veleiro-no-sul-do-brasil\/"]}]},{"@type":"ImageObject","inLanguage":"pt-PT","@id":"https:\/\/navegantesoceanicos.com\/pt-pt\/o-kira-kira-a-familia-meder-a-bordo-do-seu-veleiro-no-sul-do-brasil\/#primaryimage","url":"https:\/\/navegantesoceanicos.com\/wp-content\/uploads\/2026\/05\/Kira-Kira-familia-Meder.webp","contentUrl":"https:\/\/navegantesoceanicos.com\/wp-content\/uploads\/2026\/05\/Kira-Kira-familia-Meder.webp","width":1600,"height":1066,"caption":"Kira Kira"},{"@type":"BreadcrumbList","@id":"https:\/\/navegantesoceanicos.com\/pt-pt\/o-kira-kira-a-familia-meder-a-bordo-do-seu-veleiro-no-sul-do-brasil\/#breadcrumb","itemListElement":[{"@type":"ListItem","position":1,"name":"Portada","item":"https:\/\/navegantesoceanicos.com\/pt-pt\/"},{"@type":"ListItem","position":2,"name":"O Kira Kira: a fam\u00edlia Meder, a bordo do seu veleiro, no sul do Brasil."}]},{"@type":"WebSite","@id":"https:\/\/navegantesoceanicos.com\/pt-pt\/#website","url":"https:\/\/navegantesoceanicos.com\/pt-pt\/","name":"Navegantes Oce\u00e1nicos","description":"Navegantes oce\u00e1nicos, te ayudamos a navegar, para navegantes, tripulantes, regatistas y armadores, escuela n\u00e1utica, libros on-line sobre t\u00e1cticas y equipamiento para la navegaci\u00f3n a vela, fondear, atracar, el manejo de las velas, electricidad a bordo, navegaci\u00f3n con mal tiempo, rutas oce\u00e1nicas y mucho m\u00e1s","publisher":{"@id":"https:\/\/navegantesoceanicos.com\/pt-pt\/#organization"},"potentialAction":[{"@type":"SearchAction","target":{"@type":"EntryPoint","urlTemplate":"https:\/\/navegantesoceanicos.com\/pt-pt\/?s={search_term_string}"},"query-input":{"@type":"PropertyValueSpecification","valueRequired":true,"valueName":"search_term_string"}}],"inLanguage":"pt-PT"},{"@type":"Organization","@id":"https:\/\/navegantesoceanicos.com\/pt-pt\/#organization","name":"Navegantes Oce\u00e1nicos","url":"https:\/\/navegantesoceanicos.com\/pt-pt\/","logo":{"@type":"ImageObject","inLanguage":"pt-PT","@id":"https:\/\/navegantesoceanicos.com\/pt-pt\/#\/schema\/logo\/image\/","url":"https:\/\/navegantesoceanicos.com\/wp-content\/uploads\/2019\/12\/LOGO-NAVEGANTES-OCEANICOS.png","contentUrl":"https:\/\/navegantesoceanicos.com\/wp-content\/uploads\/2019\/12\/LOGO-NAVEGANTES-OCEANICOS.png","width":1010,"height":814,"caption":"Navegantes Oce\u00e1nicos"},"image":{"@id":"https:\/\/navegantesoceanicos.com\/pt-pt\/#\/schema\/logo\/image\/"},"sameAs":["https:\/\/www.facebook.com\/Navegantes-Oce\u00e1nicos-112578593494698","https:\/\/www.instagram.com\/navegantes_oceanicos\/?hl=es","https:\/\/www.youtube.com\/channel\/UCXgDL_6xqE7rpdwNXRmzF_Q\/featured"]},{"@type":"Person","@id":"https:\/\/navegantesoceanicos.com\/pt-pt\/#\/schema\/person\/37ba732a8f452d99dd0f97716e4ab614","name":"Tamara Smerling","image":{"@type":"ImageObject","inLanguage":"pt-PT","@id":"https:\/\/secure.gravatar.com\/avatar\/85347147d5847554923b12455c0c59277be52f9c3599a2e4af69d99571e94959?s=96&d=mm&r=g","url":"https:\/\/secure.gravatar.com\/avatar\/85347147d5847554923b12455c0c59277be52f9c3599a2e4af69d99571e94959?s=96&d=mm&r=g","contentUrl":"https:\/\/secure.gravatar.com\/avatar\/85347147d5847554923b12455c0c59277be52f9c3599a2e4af69d99571e94959?s=96&d=mm&r=g","caption":"Tamara Smerling"},"url":"https:\/\/navegantesoceanicos.com\/pt-pt\/author\/tamaras\/"}]}},"rttpg_featured_image_url":{"full":["https:\/\/navegantesoceanicos.com\/wp-content\/uploads\/2026\/05\/Kira-Kira-familia-Meder.webp",1600,1066,false],"landscape":["https:\/\/navegantesoceanicos.com\/wp-content\/uploads\/2026\/05\/Kira-Kira-familia-Meder.webp",1600,1066,false],"portraits":["https:\/\/navegantesoceanicos.com\/wp-content\/uploads\/2026\/05\/Kira-Kira-familia-Meder.webp",1600,1066,false],"thumbnail":["https:\/\/navegantesoceanicos.com\/wp-content\/uploads\/2026\/05\/Kira-Kira-familia-Meder-150x150.webp",150,150,true],"medium":["https:\/\/navegantesoceanicos.com\/wp-content\/uploads\/2026\/05\/Kira-Kira-familia-Meder-300x200.webp",300,200,true],"large":["https:\/\/navegantesoceanicos.com\/wp-content\/uploads\/2026\/05\/Kira-Kira-familia-Meder-1024x682.webp",1024,682,true],"1536x1536":["https:\/\/navegantesoceanicos.com\/wp-content\/uploads\/2026\/05\/Kira-Kira-familia-Meder-1536x1023.webp",1536,1023,true],"2048x2048":["https:\/\/navegantesoceanicos.com\/wp-content\/uploads\/2026\/05\/Kira-Kira-familia-Meder.webp",1600,1066,false],"smart-post-landscape":["https:\/\/navegantesoceanicos.com\/wp-content\/uploads\/2026\/05\/Kira-Kira-familia-Meder-870x570.webp",870,570,true],"smart-post-portrait":["https:\/\/navegantesoceanicos.com\/wp-content\/uploads\/2026\/05\/Kira-Kira-familia-Meder-600x900.webp",600,900,true],"et-builder-post-main-image":["https:\/\/navegantesoceanicos.com\/wp-content\/uploads\/2026\/05\/Kira-Kira-familia-Meder-400x250.webp",400,250,true],"et-builder-post-main-image-fullwidth":["https:\/\/navegantesoceanicos.com\/wp-content\/uploads\/2026\/05\/Kira-Kira-familia-Meder-1080x675.webp",1080,675,true],"et-builder-portfolio-image":["https:\/\/navegantesoceanicos.com\/wp-content\/uploads\/2026\/05\/Kira-Kira-familia-Meder-400x284.webp",400,284,true],"et-builder-portfolio-image-single":["https:\/\/navegantesoceanicos.com\/wp-content\/uploads\/2026\/05\/Kira-Kira-familia-Meder-1080x720.webp",1080,720,true],"et-builder-gallery-image-portrait":["https:\/\/navegantesoceanicos.com\/wp-content\/uploads\/2026\/05\/Kira-Kira-familia-Meder-400x516.webp",400,516,true],"extra-image-huge":["https:\/\/navegantesoceanicos.com\/wp-content\/uploads\/2026\/05\/Kira-Kira-familia-Meder-1280x768.webp",1280,768,true],"extra-image-single-post":["https:\/\/navegantesoceanicos.com\/wp-content\/uploads\/2026\/05\/Kira-Kira-familia-Meder-1280x640.webp",1280,640,true],"extra-image-medium":["https:\/\/navegantesoceanicos.com\/wp-content\/uploads\/2026\/05\/Kira-Kira-familia-Meder-627x376.webp",627,376,true],"extra-image-small":["https:\/\/navegantesoceanicos.com\/wp-content\/uploads\/2026\/05\/Kira-Kira-familia-Meder-440x264.webp",440,264,true],"extra-image-square-medium":["https:\/\/navegantesoceanicos.com\/wp-content\/uploads\/2026\/05\/Kira-Kira-familia-Meder-440x440.webp",440,440,true],"extra-image-square-small":["https:\/\/navegantesoceanicos.com\/wp-content\/uploads\/2026\/05\/Kira-Kira-familia-Meder-150x150.webp",150,150,true],"woocommerce_thumbnail":["https:\/\/navegantesoceanicos.com\/wp-content\/uploads\/2026\/05\/Kira-Kira-familia-Meder-300x200.webp",300,200,true],"woocommerce_single":["https:\/\/navegantesoceanicos.com\/wp-content\/uploads\/2026\/05\/Kira-Kira-familia-Meder-600x400.webp",600,400,true],"woocommerce_gallery_thumbnail":["https:\/\/navegantesoceanicos.com\/wp-content\/uploads\/2026\/05\/Kira-Kira-familia-Meder-100x100.webp",100,100,true],"dgwt-wcas-product-suggestion":["https:\/\/navegantesoceanicos.com\/wp-content\/uploads\/2026\/05\/Kira-Kira-familia-Meder-64x43.webp",64,43,true]},"rttpg_author":{"display_name":"Tamara Smerling","author_link":"https:\/\/navegantesoceanicos.com\/pt-pt\/author\/tamaras\/"},"rttpg_comment":0,"rttpg_category":"<a href=\"https:\/\/navegantesoceanicos.com\/pt-pt\/category\/entrevistas-com-os-navegantes\/\" rel=\"category tag\">entrevistas com os navegantes<\/a>","rttpg_excerpt":"Nesta fascinante entrevista, Roc\u00edo e Herman partilham os seus primeiros passos na vela e as suas experi\u00eancias de vida a bordo do robusto veleiro oce\u00e2nico \"Kira Kira\", desenhado por Van De Stadt, juntamente com os seus tr\u00eas filhos adolescentes. Um verdadeiro desafio!","_links":{"self":[{"href":"https:\/\/navegantesoceanicos.com\/pt-pt\/wp-json\/wp\/v2\/posts\/47369","targetHints":{"allow":["GET"]}}],"collection":[{"href":"https:\/\/navegantesoceanicos.com\/pt-pt\/wp-json\/wp\/v2\/posts"}],"about":[{"href":"https:\/\/navegantesoceanicos.com\/pt-pt\/wp-json\/wp\/v2\/types\/post"}],"author":[{"embeddable":true,"href":"https:\/\/navegantesoceanicos.com\/pt-pt\/wp-json\/wp\/v2\/users\/831"}],"replies":[{"embeddable":true,"href":"https:\/\/navegantesoceanicos.com\/pt-pt\/wp-json\/wp\/v2\/comments?post=47369"}],"version-history":[{"count":3,"href":"https:\/\/navegantesoceanicos.com\/pt-pt\/wp-json\/wp\/v2\/posts\/47369\/revisions"}],"predecessor-version":[{"id":47397,"href":"https:\/\/navegantesoceanicos.com\/pt-pt\/wp-json\/wp\/v2\/posts\/47369\/revisions\/47397"}],"wp:featuredmedia":[{"embeddable":true,"href":"https:\/\/navegantesoceanicos.com\/pt-pt\/wp-json\/wp\/v2\/media\/47329"}],"wp:attachment":[{"href":"https:\/\/navegantesoceanicos.com\/pt-pt\/wp-json\/wp\/v2\/media?parent=47369"}],"wp:term":[{"taxonomy":"category","embeddable":true,"href":"https:\/\/navegantesoceanicos.com\/pt-pt\/wp-json\/wp\/v2\/categories?post=47369"},{"taxonomy":"post_tag","embeddable":true,"href":"https:\/\/navegantesoceanicos.com\/pt-pt\/wp-json\/wp\/v2\/tags?post=47369"}],"curies":[{"name":"wp","href":"https:\/\/api.w.org\/{rel}","templated":true}]}}